{"id":100783,"date":"2018-07-20T14:59:07","date_gmt":"2018-07-20T14:59:07","guid":{"rendered":"http:\/\/candas365.es\/noticias\/?p=100783"},"modified":"2018-07-20T14:59:07","modified_gmt":"2018-07-20T14:59:07","slug":"alemania-apuesta-por-ser-lider-mundial-en-inteligencia-artificial","status":"publish","type":"post","link":"https:\/\/candas365.es\/noticias\/alemania-apuesta-por-ser-lider-mundial-en-inteligencia-artificial\/","title":{"rendered":"Alemania apuesta por ser l\u00edder mundial en inteligencia artificial"},"content":{"rendered":"<p><img fetchpriority=\"high\" decoding=\"async\" class=\"alignleft size-medium wp-image-86307\" src=\"https:\/\/candas365.es\/noticias\/wp-content\/uploads\/2017\/12\/apple-1853306_1280-news2-360x240.jpg\" alt=\"\" width=\"360\" height=\"240\" srcset=\"https:\/\/candas365.es\/noticias\/wp-content\/uploads\/2017\/12\/apple-1853306_1280-news2-360x240.jpg 360w, https:\/\/candas365.es\/noticias\/wp-content\/uploads\/2017\/12\/apple-1853306_1280-news2-768x512.jpg 768w, https:\/\/candas365.es\/noticias\/wp-content\/uploads\/2017\/12\/apple-1853306_1280-news2-655x436.jpg 655w, https:\/\/candas365.es\/noticias\/wp-content\/uploads\/2017\/12\/apple-1853306_1280-news2-696x464.jpg 696w, https:\/\/candas365.es\/noticias\/wp-content\/uploads\/2017\/12\/apple-1853306_1280-news2-1068x712.jpg 1068w, https:\/\/candas365.es\/noticias\/wp-content\/uploads\/2017\/12\/apple-1853306_1280-news2-630x420.jpg 630w, https:\/\/candas365.es\/noticias\/wp-content\/uploads\/2017\/12\/apple-1853306_1280-news2-84x55.jpg 84w, https:\/\/candas365.es\/noticias\/wp-content\/uploads\/2017\/12\/apple-1853306_1280-news2.jpg 1280w\" sizes=\"(max-width: 360px) 100vw, 360px\" \/>Berl\u00edn, 19 jul (dpa) &#8211; El Gobierno alem\u00e1n quiere ganar terreno de forma decisiva en el campo de la inteligencia artificial y convertir a Alemania en un l\u00edder mundial en esta tecnolog\u00eda de futuro. Para ello, el Consejo de Ministros estableci\u00f3 el mi\u00e9rcoles los pilares de una estrategia que se desarrollar\u00e1 en los pr\u00f3ximos meses.<\/p>\n<p>El proyecto prev\u00e9, entre otros, fortalecer e interconectar de manera m\u00e1s eficiente la investigaci\u00f3n en Alemania y Europa, acelerar la transferencia de resultados y promover las nuevas empresas, as\u00ed como acometer los cambios estructurales necesarios en las empresas y en el mercado laboral.<\/p>\n<p>La Uni\u00f3n Cristianodem\u00f3crata (CDU), la Uni\u00f3n Cristianosocial (CSU) y el Partido Socialdem\u00f3crata (SPD) ya hab\u00edan acordado en su acuerdo de Gobierno convertir a Alemania en un l\u00edder mundial en materia de investigaci\u00f3n sobre inteligencia artificial. Seg\u00fan los expertos, Estados Unidos y China est\u00e1n a la cabeza en esta tecnolog\u00eda.<\/p>\n<p>Los puntos clave del Gobierno se\u00f1alan que la inteligencia artificial se est\u00e1 convirtiendo cada vez m\u00e1s en uno de los impulsores m\u00e1s importantes de la competitividad econ\u00f3mica de Alemania. Al mismo tiempo, supone un gran desaf\u00edo dise\u00f1ar la inteligencia artificial de manera que preste un buen servicio a los ciudadanos.<\/p>\n<p>Algunos ejemplos de inteligencia artificial son los coches de conducci\u00f3n aut\u00f3noma, los asistentes de voz, o las m\u00e1quinas con capacidad de aprendizaje, pero tambi\u00e9n las ofertas de compra en tiendas online, el c\u00e1lculo de los riesgos de incumplimiento de cr\u00e9ditos o el an\u00e1lisis de im\u00e1genes de rayos X.<\/p>\n<p>Las oportunidades y los riesgos de la inteligencia artificial tambi\u00e9n ser\u00e1n abordados por una comisi\u00f3n del Parlamento. All\u00ed, entre otras cosas, se discutir\u00e1 qu\u00e9 sucede cuando las m\u00e1quinas toman cada vez m\u00e1s decisiones y qu\u00e9 ocurre con los datos que almacenan.<\/p>\n","protected":false},"excerpt":{"rendered":"<p>Berl\u00edn, 19 jul (dpa) &#8211; El Gobierno alem\u00e1n quiere ganar terreno de forma decisiva en el campo de la inteligencia artificial y convertir a Alemania en un l\u00edder mundial en esta tecnolog\u00eda de futuro. Para ello, el Consejo de Ministros estableci\u00f3 el mi\u00e9rcoles los pilares de una estrategia que se desarrollar\u00e1 en los pr\u00f3ximos meses.<\/p>\n","protected":false},"author":1,"featured_media":86307,"comment_status":"closed","ping_status":"closed","sticky":false,"template":"","format":"standard","meta":{"footnotes":""},"categories":[142],"tags":[],"class_list":{"0":"post-100783","1":"post","2":"type-post","3":"status-publish","4":"format-standard","5":"has-post-thumbnail","7":"category-revista"},"aioseo_notices":[],"aioseo_head":"\n\t\t<!-- All in One SEO Pro 4.9.6.2 - aioseo.com -->\n\t<meta name=\"description\" content=\"Berl\u00edn, 19 jul (dpa) - El Gobierno alem\u00e1n quiere ganar terreno de forma decisiva en el campo de la inteligencia artificial y convertir a Alemania en un l\u00edder mundial en esta tecnolog\u00eda de futuro. Para ello, el Consejo de Ministros estableci\u00f3 el mi\u00e9rcoles los pilares de una estrategia que se desarrollar\u00e1 en los pr\u00f3ximos meses.\" \/>\n\t<meta name=\"robots\" content=\"max-image-preview:large\" \/>\n\t<meta name=\"author\" content=\"Cand\u00e1s 365\"\/>\n\t<meta name=\"google-site-verification\" content=\"UA-32230408-1\" \/>\n\t<meta name=\"msvalidate.01\" content=\"354F3CDFB2DA171B47FBE9ABF1F88D5\" \/>\n\t<meta name=\"keywords\" content=\"revista\" \/>\n\t<link rel=\"canonical\" href=\"https:\/\/candas365.es\/noticias\/alemania-apuesta-por-ser-lider-mundial-en-inteligencia-artificial\/\" \/>\n\t<meta name=\"generator\" content=\"All in One SEO Pro (AIOSEO) 4.9.6.2\" \/>\n\t\t<meta property=\"og:locale\" content=\"es_ES\" \/>\n\t\t<meta property=\"og:site_name\" content=\"Cand\u00e1s 365\" \/>\n\t\t<meta property=\"og:type\" content=\"article\" \/>\n\t\t<meta property=\"og:title\" content=\"Alemania apuesta por ser l\u00edder mundial en inteligencia artificial | Cand\u00e1s 365\" \/>\n\t\t<meta property=\"og:description\" content=\"Berl\u00edn, 19 jul (dpa) - El Gobierno alem\u00e1n quiere ganar terreno de forma decisiva en el campo de la inteligencia artificial y convertir a Alemania en un l\u00edder mundial en esta tecnolog\u00eda de futuro. Para ello, el Consejo de Ministros estableci\u00f3 el mi\u00e9rcoles los pilares de una estrategia que se desarrollar\u00e1 en los pr\u00f3ximos meses.\" \/>\n\t\t<meta property=\"og:url\" content=\"https:\/\/candas365.es\/noticias\/alemania-apuesta-por-ser-lider-mundial-en-inteligencia-artificial\/\" \/>\n\t\t<meta property=\"og:image\" content=\"https:\/\/candas365.es\/noticias\/wp-content\/uploads\/2017\/12\/apple-1853306_1280-news2.jpg\" \/>\n\t\t<meta property=\"og:image:secure_url\" content=\"https:\/\/candas365.es\/noticias\/wp-content\/uploads\/2017\/12\/apple-1853306_1280-news2.jpg\" \/>\n\t\t<meta property=\"og:image:width\" content=\"1280\" \/>\n\t\t<meta property=\"og:image:height\" content=\"853\" \/>\n\t\t<meta property=\"article:published_time\" content=\"2018-07-20T14:59:07+00:00\" \/>\n\t\t<meta property=\"article:modified_time\" content=\"2018-07-20T14:59:07+00:00\" \/>\n\t\t<meta property=\"article:publisher\" content=\"https:\/\/www.facebook.com\/Nachofdezber\" \/>\n\t\t<meta property=\"article:author\" content=\"https:\/\/www.facebook.com\/carrenoactualidad\" \/>\n\t\t<meta name=\"twitter:card\" content=\"summary_large_image\" \/>\n\t\t<meta name=\"twitter:site\" content=\"@NabercoDigital\" \/>\n\t\t<meta name=\"twitter:title\" content=\"Alemania apuesta por ser l\u00edder mundial en inteligencia artificial | Cand\u00e1s 365\" \/>\n\t\t<meta name=\"twitter:description\" content=\"Berl\u00edn, 19 jul (dpa) - El Gobierno alem\u00e1n quiere ganar terreno de forma decisiva en el campo de la inteligencia artificial y convertir a Alemania en un l\u00edder mundial en esta tecnolog\u00eda de futuro. Para ello, el Consejo de Ministros estableci\u00f3 el mi\u00e9rcoles los pilares de una estrategia que se desarrollar\u00e1 en los pr\u00f3ximos meses.\" \/>\n\t\t<meta name=\"twitter:creator\" content=\"@nbasturias\" \/>\n\t\t<meta name=\"twitter:image\" content=\"https:\/\/candas365.es\/noticias\/wp-content\/uploads\/2017\/12\/apple-1853306_1280-news2.jpg\" \/>\n\t\t<meta name=\"twitter:label1\" content=\"Escrito por\" \/>\n\t\t<meta name=\"twitter:data1\" content=\"Cand\u00e1s 365\" \/>\n\t\t<meta name=\"twitter:label2\" content=\"Tiempo de lectura estimado\" \/>\n\t\t<meta name=\"twitter:data2\" content=\"2 minutos\" \/>\n\t\t<script type=\"application\/ld+json\" class=\"aioseo-schema\">\n\t\t\t{\"@context\":\"https:\\\/\\\/schema.org\",\"@graph\":[{\"@type\":\"BreadcrumbList\",\"@id\":\"https:\\\/\\\/candas365.es\\\/noticias\\\/alemania-apuesta-por-ser-lider-mundial-en-inteligencia-artificial\\\/#breadcrumblist\",\"itemListElement\":[{\"@type\":\"ListItem\",\"@id\":\"https:\\\/\\\/candas365.es\\\/noticias#listItem\",\"position\":1,\"name\":\"Home\",\"item\":\"https:\\\/\\\/candas365.es\\\/noticias\",\"nextItem\":{\"@type\":\"ListItem\",\"@id\":\"https:\\\/\\\/candas365.es\\\/noticias\\\/category\\\/revista\\\/#listItem\",\"name\":\"Revista\"}},{\"@type\":\"ListItem\",\"@id\":\"https:\\\/\\\/candas365.es\\\/noticias\\\/category\\\/revista\\\/#listItem\",\"position\":2,\"name\":\"Revista\",\"item\":\"https:\\\/\\\/candas365.es\\\/noticias\\\/category\\\/revista\\\/\",\"nextItem\":{\"@type\":\"ListItem\",\"@id\":\"https:\\\/\\\/candas365.es\\\/noticias\\\/alemania-apuesta-por-ser-lider-mundial-en-inteligencia-artificial\\\/#listItem\",\"name\":\"Alemania apuesta por ser l\\u00edder mundial en inteligencia artificial\"},\"previousItem\":{\"@type\":\"ListItem\",\"@id\":\"https:\\\/\\\/candas365.es\\\/noticias#listItem\",\"name\":\"Home\"}},{\"@type\":\"ListItem\",\"@id\":\"https:\\\/\\\/candas365.es\\\/noticias\\\/alemania-apuesta-por-ser-lider-mundial-en-inteligencia-artificial\\\/#listItem\",\"position\":3,\"name\":\"Alemania apuesta por ser l\\u00edder mundial en inteligencia artificial\",\"previousItem\":{\"@type\":\"ListItem\",\"@id\":\"https:\\\/\\\/candas365.es\\\/noticias\\\/category\\\/revista\\\/#listItem\",\"name\":\"Revista\"}}]},{\"@type\":\"NewsArticle\",\"@id\":\"https:\\\/\\\/candas365.es\\\/noticias\\\/alemania-apuesta-por-ser-lider-mundial-en-inteligencia-artificial\\\/#newsarticle\",\"name\":\"Alemania apuesta por ser l\\u00edder mundial en inteligencia artificial | Cand\\u00e1s 365\",\"headline\":\"Alemania apuesta por ser l\\u00edder mundial en inteligencia artificial\",\"author\":{\"@id\":\"https:\\\/\\\/candas365.es\\\/noticias\\\/author\\\/admin\\\/#author\"},\"publisher\":{\"@id\":\"https:\\\/\\\/candas365.es\\\/noticias\\\/#organization\"},\"image\":{\"@type\":\"ImageObject\",\"url\":\"https:\\\/\\\/candas365.es\\\/noticias\\\/wp-content\\\/uploads\\\/2017\\\/12\\\/apple-1853306_1280-news2.jpg\",\"width\":1280,\"height\":853},\"datePublished\":\"2018-07-20T14:59:07+02:00\",\"dateModified\":\"2018-07-20T14:59:07+02:00\",\"inLanguage\":\"es-ES\",\"mainEntityOfPage\":{\"@id\":\"https:\\\/\\\/candas365.es\\\/noticias\\\/alemania-apuesta-por-ser-lider-mundial-en-inteligencia-artificial\\\/#webpage\"},\"isPartOf\":{\"@id\":\"https:\\\/\\\/candas365.es\\\/noticias\\\/alemania-apuesta-por-ser-lider-mundial-en-inteligencia-artificial\\\/#webpage\"},\"articleSection\":\"Revista\",\"dateline\":\"Publicado el julio 20, 2018.\"},{\"@type\":\"Organization\",\"@id\":\"https:\\\/\\\/candas365.es\\\/noticias\\\/#organization\",\"name\":\"Cand\\u00e1s 365\",\"description\":\"Cand\\u00e1s 365 es un diario digital independiente, fundado en 2012, con base en Asturias. Informamos con rigor sobre actualidad, sociedad, cultura y ocio, con una mirada local y global.\",\"url\":\"https:\\\/\\\/candas365.es\\\/noticias\\\/\",\"email\":\"info@candas365.es\",\"telephone\":\"+34652131393\",\"foundingDate\":\"2012-06-10\",\"logo\":{\"@type\":\"ImageObject\",\"url\":\"https:\\\/\\\/candas365.es\\\/noticias\\\/wp-content\\\/uploads\\\/2024\\\/09\\\/Candas-365-Redes.jpg\",\"@id\":\"https:\\\/\\\/candas365.es\\\/noticias\\\/alemania-apuesta-por-ser-lider-mundial-en-inteligencia-artificial\\\/#organizationLogo\",\"width\":1152,\"height\":864,\"caption\":\"Cand\\u00e1s 365 Redes\"},\"image\":{\"@id\":\"https:\\\/\\\/candas365.es\\\/noticias\\\/alemania-apuesta-por-ser-lider-mundial-en-inteligencia-artificial\\\/#organizationLogo\"},\"sameAs\":[\"https:\\\/\\\/www.facebook.com\\\/Nachofdezber\",\"https:\\\/\\\/x.com\\\/NabercoDigital\",\"https:\\\/\\\/www.instagram.com\\\/nachofdezber\\\/\",\"https:\\\/\\\/www.youtube.com\\\/channel\\\/UCZP-2wLEB9Rv6erhFmqVnvg\"],\"address\":{\"@id\":\"https:\\\/\\\/candas365.es\\\/noticias\\\/#postaladdress\",\"@type\":\"PostalAddress\",\"streetAddress\":\"san antonio 4, san antonio 4\",\"postalCode\":\"33430\",\"addressLocality\":\"Cand\\u00e1s\",\"addressRegion\":\"Asturias\",\"addressCountry\":\"ES\"}},{\"@type\":\"Person\",\"@id\":\"https:\\\/\\\/candas365.es\\\/noticias\\\/author\\\/admin\\\/#author\",\"url\":\"https:\\\/\\\/candas365.es\\\/noticias\\\/author\\\/admin\\\/\",\"name\":\"Cand\\u00e1s 365\",\"image\":{\"@type\":\"ImageObject\",\"@id\":\"https:\\\/\\\/candas365.es\\\/noticias\\\/alemania-apuesta-por-ser-lider-mundial-en-inteligencia-artificial\\\/#authorImage\",\"url\":\"https:\\\/\\\/secure.gravatar.com\\\/avatar\\\/496a8e03d0c493ede1718b7934145dbdf8d89be1036b0eec9544e1094c9de390?s=96&d=mm&r=g\",\"width\":96,\"height\":96,\"caption\":\"Cand\\u00e1s 365\"},\"sameAs\":[\"https:\\\/\\\/www.facebook.com\\\/carrenoactualidad\",\"https:\\\/\\\/twitter.com\\\/nbasturias\",\"https:\\\/\\\/www.instagram.com\\\/nachofdezber\\\/\",\"https:\\\/\\\/www.youtube.com\\\/channel\\\/UCZP-2wLEB9Rv6erhFmqVnvg\"]},{\"@type\":\"WebPage\",\"@id\":\"https:\\\/\\\/candas365.es\\\/noticias\\\/alemania-apuesta-por-ser-lider-mundial-en-inteligencia-artificial\\\/#webpage\",\"url\":\"https:\\\/\\\/candas365.es\\\/noticias\\\/alemania-apuesta-por-ser-lider-mundial-en-inteligencia-artificial\\\/\",\"name\":\"Alemania apuesta por ser l\\u00edder mundial en inteligencia artificial | Cand\\u00e1s 365\",\"description\":\"Berl\\u00edn, 19 jul (dpa) - El Gobierno alem\\u00e1n quiere ganar terreno de forma decisiva en el campo de la inteligencia artificial y convertir a Alemania en un l\\u00edder mundial en esta tecnolog\\u00eda de futuro. Para ello, el Consejo de Ministros estableci\\u00f3 el mi\\u00e9rcoles los pilares de una estrategia que se desarrollar\\u00e1 en los pr\\u00f3ximos meses.\",\"inLanguage\":\"es-ES\",\"isPartOf\":{\"@id\":\"https:\\\/\\\/candas365.es\\\/noticias\\\/#website\"},\"breadcrumb\":{\"@id\":\"https:\\\/\\\/candas365.es\\\/noticias\\\/alemania-apuesta-por-ser-lider-mundial-en-inteligencia-artificial\\\/#breadcrumblist\"},\"author\":{\"@id\":\"https:\\\/\\\/candas365.es\\\/noticias\\\/author\\\/admin\\\/#author\"},\"creator\":{\"@id\":\"https:\\\/\\\/candas365.es\\\/noticias\\\/author\\\/admin\\\/#author\"},\"image\":{\"@type\":\"ImageObject\",\"url\":\"https:\\\/\\\/candas365.es\\\/noticias\\\/wp-content\\\/uploads\\\/2017\\\/12\\\/apple-1853306_1280-news2.jpg\",\"@id\":\"https:\\\/\\\/candas365.es\\\/noticias\\\/alemania-apuesta-por-ser-lider-mundial-en-inteligencia-artificial\\\/#mainImage\",\"width\":1280,\"height\":853},\"primaryImageOfPage\":{\"@id\":\"https:\\\/\\\/candas365.es\\\/noticias\\\/alemania-apuesta-por-ser-lider-mundial-en-inteligencia-artificial\\\/#mainImage\"},\"datePublished\":\"2018-07-20T14:59:07+02:00\",\"dateModified\":\"2018-07-20T14:59:07+02:00\"},{\"@type\":\"WebSite\",\"@id\":\"https:\\\/\\\/candas365.es\\\/noticias\\\/#website\",\"url\":\"https:\\\/\\\/candas365.es\\\/noticias\\\/\",\"name\":\"Cand\\u00e1s 365\",\"alternateName\":\"Cand\\u00e1s 365 Noticias\",\"description\":\"Actualidad desde Carre\\u00f1o para el mundo\",\"inLanguage\":\"es-ES\",\"publisher\":{\"@id\":\"https:\\\/\\\/candas365.es\\\/noticias\\\/#organization\"}}]}\n\t\t<\/script>\n\t\t<!-- All in One SEO Pro -->\r\n\t\t<title>Alemania apuesta por ser l\u00edder mundial en inteligencia artificial | Cand\u00e1s 365<\/title>\n\n","aioseo_head_json":{"title":"Alemania apuesta por ser l\u00edder mundial en inteligencia artificial | Cand\u00e1s 365","description":"Berl\u00edn, 19 jul (dpa) - El Gobierno alem\u00e1n quiere ganar terreno de forma decisiva en el campo de la inteligencia artificial y convertir a Alemania en un l\u00edder mundial en esta tecnolog\u00eda de futuro. Para ello, el Consejo de Ministros estableci\u00f3 el mi\u00e9rcoles los pilares de una estrategia que se desarrollar\u00e1 en los pr\u00f3ximos meses.","canonical_url":"https:\/\/candas365.es\/noticias\/alemania-apuesta-por-ser-lider-mundial-en-inteligencia-artificial\/","robots":"max-image-preview:large","keywords":"revista","webmasterTools":{"google-site-verification":"UA-32230408-1","msvalidate.01":"354F3CDFB2DA171B47FBE9ABF1F88D5","miscellaneous":""},"schema":{"@context":"https:\/\/schema.org","@graph":[{"@type":"BreadcrumbList","@id":"https:\/\/candas365.es\/noticias\/alemania-apuesta-por-ser-lider-mundial-en-inteligencia-artificial\/#breadcrumblist","itemListElement":[{"@type":"ListItem","@id":"https:\/\/candas365.es\/noticias#listItem","position":1,"name":"Home","item":"https:\/\/candas365.es\/noticias","nextItem":{"@type":"ListItem","@id":"https:\/\/candas365.es\/noticias\/category\/revista\/#listItem","name":"Revista"}},{"@type":"ListItem","@id":"https:\/\/candas365.es\/noticias\/category\/revista\/#listItem","position":2,"name":"Revista","item":"https:\/\/candas365.es\/noticias\/category\/revista\/","nextItem":{"@type":"ListItem","@id":"https:\/\/candas365.es\/noticias\/alemania-apuesta-por-ser-lider-mundial-en-inteligencia-artificial\/#listItem","name":"Alemania apuesta por ser l\u00edder mundial en inteligencia artificial"},"previousItem":{"@type":"ListItem","@id":"https:\/\/candas365.es\/noticias#listItem","name":"Home"}},{"@type":"ListItem","@id":"https:\/\/candas365.es\/noticias\/alemania-apuesta-por-ser-lider-mundial-en-inteligencia-artificial\/#listItem","position":3,"name":"Alemania apuesta por ser l\u00edder mundial en inteligencia artificial","previousItem":{"@type":"ListItem","@id":"https:\/\/candas365.es\/noticias\/category\/revista\/#listItem","name":"Revista"}}]},{"@type":"NewsArticle","@id":"https:\/\/candas365.es\/noticias\/alemania-apuesta-por-ser-lider-mundial-en-inteligencia-artificial\/#newsarticle","name":"Alemania apuesta por ser l\u00edder mundial en inteligencia artificial | Cand\u00e1s 365","headline":"Alemania apuesta por ser l\u00edder mundial en inteligencia artificial","author":{"@id":"https:\/\/candas365.es\/noticias\/author\/admin\/#author"},"publisher":{"@id":"https:\/\/candas365.es\/noticias\/#organization"},"image":{"@type":"ImageObject","url":"https:\/\/candas365.es\/noticias\/wp-content\/uploads\/2017\/12\/apple-1853306_1280-news2.jpg","width":1280,"height":853},"datePublished":"2018-07-20T14:59:07+02:00","dateModified":"2018-07-20T14:59:07+02:00","inLanguage":"es-ES","mainEntityOfPage":{"@id":"https:\/\/candas365.es\/noticias\/alemania-apuesta-por-ser-lider-mundial-en-inteligencia-artificial\/#webpage"},"isPartOf":{"@id":"https:\/\/candas365.es\/noticias\/alemania-apuesta-por-ser-lider-mundial-en-inteligencia-artificial\/#webpage"},"articleSection":"Revista","dateline":"Publicado el julio 20, 2018."},{"@type":"Organization","@id":"https:\/\/candas365.es\/noticias\/#organization","name":"Cand\u00e1s 365","description":"Cand\u00e1s 365 es un diario digital independiente, fundado en 2012, con base en Asturias. Informamos con rigor sobre actualidad, sociedad, cultura y ocio, con una mirada local y global.","url":"https:\/\/candas365.es\/noticias\/","email":"info@candas365.es","telephone":"+34652131393","foundingDate":"2012-06-10","logo":{"@type":"ImageObject","url":"https:\/\/candas365.es\/noticias\/wp-content\/uploads\/2024\/09\/Candas-365-Redes.jpg","@id":"https:\/\/candas365.es\/noticias\/alemania-apuesta-por-ser-lider-mundial-en-inteligencia-artificial\/#organizationLogo","width":1152,"height":864,"caption":"Cand\u00e1s 365 Redes"},"image":{"@id":"https:\/\/candas365.es\/noticias\/alemania-apuesta-por-ser-lider-mundial-en-inteligencia-artificial\/#organizationLogo"},"sameAs":["https:\/\/www.facebook.com\/Nachofdezber","https:\/\/x.com\/NabercoDigital","https:\/\/www.instagram.com\/nachofdezber\/","https:\/\/www.youtube.com\/channel\/UCZP-2wLEB9Rv6erhFmqVnvg"],"address":{"@id":"https:\/\/candas365.es\/noticias\/#postaladdress","@type":"PostalAddress","streetAddress":"san antonio 4, san antonio 4","postalCode":"33430","addressLocality":"Cand\u00e1s","addressRegion":"Asturias","addressCountry":"ES"}},{"@type":"Person","@id":"https:\/\/candas365.es\/noticias\/author\/admin\/#author","url":"https:\/\/candas365.es\/noticias\/author\/admin\/","name":"Cand\u00e1s 365","image":{"@type":"ImageObject","@id":"https:\/\/candas365.es\/noticias\/alemania-apuesta-por-ser-lider-mundial-en-inteligencia-artificial\/#authorImage","url":"https:\/\/secure.gravatar.com\/avatar\/496a8e03d0c493ede1718b7934145dbdf8d89be1036b0eec9544e1094c9de390?s=96&d=mm&r=g","width":96,"height":96,"caption":"Cand\u00e1s 365"},"sameAs":["https:\/\/www.facebook.com\/carrenoactualidad","https:\/\/twitter.com\/nbasturias","https:\/\/www.instagram.com\/nachofdezber\/","https:\/\/www.youtube.com\/channel\/UCZP-2wLEB9Rv6erhFmqVnvg"]},{"@type":"WebPage","@id":"https:\/\/candas365.es\/noticias\/alemania-apuesta-por-ser-lider-mundial-en-inteligencia-artificial\/#webpage","url":"https:\/\/candas365.es\/noticias\/alemania-apuesta-por-ser-lider-mundial-en-inteligencia-artificial\/","name":"Alemania apuesta por ser l\u00edder mundial en inteligencia artificial | Cand\u00e1s 365","description":"Berl\u00edn, 19 jul (dpa) - El Gobierno alem\u00e1n quiere ganar terreno de forma decisiva en el campo de la inteligencia artificial y convertir a Alemania en un l\u00edder mundial en esta tecnolog\u00eda de futuro. Para ello, el Consejo de Ministros estableci\u00f3 el mi\u00e9rcoles los pilares de una estrategia que se desarrollar\u00e1 en los pr\u00f3ximos meses.","inLanguage":"es-ES","isPartOf":{"@id":"https:\/\/candas365.es\/noticias\/#website"},"breadcrumb":{"@id":"https:\/\/candas365.es\/noticias\/alemania-apuesta-por-ser-lider-mundial-en-inteligencia-artificial\/#breadcrumblist"},"author":{"@id":"https:\/\/candas365.es\/noticias\/author\/admin\/#author"},"creator":{"@id":"https:\/\/candas365.es\/noticias\/author\/admin\/#author"},"image":{"@type":"ImageObject","url":"https:\/\/candas365.es\/noticias\/wp-content\/uploads\/2017\/12\/apple-1853306_1280-news2.jpg","@id":"https:\/\/candas365.es\/noticias\/alemania-apuesta-por-ser-lider-mundial-en-inteligencia-artificial\/#mainImage","width":1280,"height":853},"primaryImageOfPage":{"@id":"https:\/\/candas365.es\/noticias\/alemania-apuesta-por-ser-lider-mundial-en-inteligencia-artificial\/#mainImage"},"datePublished":"2018-07-20T14:59:07+02:00","dateModified":"2018-07-20T14:59:07+02:00"},{"@type":"WebSite","@id":"https:\/\/candas365.es\/noticias\/#website","url":"https:\/\/candas365.es\/noticias\/","name":"Cand\u00e1s 365","alternateName":"Cand\u00e1s 365 Noticias","description":"Actualidad desde Carre\u00f1o para el mundo","inLanguage":"es-ES","publisher":{"@id":"https:\/\/candas365.es\/noticias\/#organization"}}]},"og:locale":"es_ES","og:site_name":"Cand\u00e1s 365","og:type":"article","og:title":"Alemania apuesta por ser l\u00edder mundial en inteligencia artificial | Cand\u00e1s 365","og:description":"Berl\u00edn, 19 jul (dpa) - El Gobierno alem\u00e1n quiere ganar terreno de forma decisiva en el campo de la inteligencia artificial y convertir a Alemania en un l\u00edder mundial en esta tecnolog\u00eda de futuro. Para ello, el Consejo de Ministros estableci\u00f3 el mi\u00e9rcoles los pilares de una estrategia que se desarrollar\u00e1 en los pr\u00f3ximos meses.","og:url":"https:\/\/candas365.es\/noticias\/alemania-apuesta-por-ser-lider-mundial-en-inteligencia-artificial\/","og:image":"https:\/\/candas365.es\/noticias\/wp-content\/uploads\/2017\/12\/apple-1853306_1280-news2.jpg","og:image:secure_url":"https:\/\/candas365.es\/noticias\/wp-content\/uploads\/2017\/12\/apple-1853306_1280-news2.jpg","og:image:width":1280,"og:image:height":853,"article:published_time":"2018-07-20T14:59:07+00:00","article:modified_time":"2018-07-20T14:59:07+00:00","article:publisher":"https:\/\/www.facebook.com\/Nachofdezber","article:author":"https:\/\/www.facebook.com\/carrenoactualidad","twitter:card":"summary_large_image","twitter:site":"@NabercoDigital","twitter:title":"Alemania apuesta por ser l\u00edder mundial en inteligencia artificial | Cand\u00e1s 365","twitter:description":"Berl\u00edn, 19 jul (dpa) - El Gobierno alem\u00e1n quiere ganar terreno de forma decisiva en el campo de la inteligencia artificial y convertir a Alemania en un l\u00edder mundial en esta tecnolog\u00eda de futuro. Para ello, el Consejo de Ministros estableci\u00f3 el mi\u00e9rcoles los pilares de una estrategia que se desarrollar\u00e1 en los pr\u00f3ximos meses.","twitter:creator":"@nbasturias","twitter:image":"https:\/\/candas365.es\/noticias\/wp-content\/uploads\/2017\/12\/apple-1853306_1280-news2.jpg","twitter:label1":"Escrito por","twitter:data1":"Cand\u00e1s 365","twitter:label2":"Tiempo de lectura estimado","twitter:data2":"2 minutos"},"aioseo_meta_data":{"post_id":"100783","title":null,"description":null,"keywords":null,"keyphrases":null,"primary_term":null,"canonical_url":null,"og_title":null,"og_description":null,"og_object_type":"default","og_image_type":"default","og_image_url":null,"og_image_width":null,"og_image_height":null,"og_image_custom_url":null,"og_image_custom_fields":null,"og_video":null,"og_custom_url":null,"og_article_section":null,"og_article_tags":null,"twitter_use_og":false,"twitter_card":"default","twitter_image_type":"default","twitter_image_url":null,"twitter_image_custom_url":null,"twitter_image_custom_fields":null,"twitter_title":null,"twitter_description":null,"schema":{"blockGraphs":[],"customGraphs":[],"default":{"data":{"Article":[],"Course":[],"Dataset":[],"FAQPage":[],"Movie":[],"Person":[],"Product":[],"ProductReview":[],"Car":[],"Recipe":[],"Service":[],"SoftwareApplication":[],"WebPage":[]},"graphName":"","isEnabled":true},"graphs":[],"defaultGraph":"","defaultPostTypeGraph":""},"schema_type":null,"schema_type_options":null,"pillar_content":false,"robots_default":true,"robots_noindex":false,"robots_noarchive":false,"robots_nosnippet":false,"robots_nofollow":false,"robots_noimageindex":false,"robots_noodp":false,"robots_notranslate":false,"robots_max_snippet":null,"robots_max_videopreview":null,"robots_max_imagepreview":"large","priority":null,"frequency":null,"location":null,"local_seo":null,"seo_analyzer_scan_date":"2025-08-27 09:45:12","breadcrumb_settings":null,"limit_modified_date":false,"reviewed_by":null,"open_ai":null,"ai":null,"created":"2020-12-21 11:48:28","updated":"2025-08-27 09:45:12"},"aioseo_breadcrumb":"<div class=\"aioseo-breadcrumbs\"><span class=\"aioseo-breadcrumb\">\n\t<a href=\"https:\/\/candas365.es\/noticias\" title=\"Home\">Home<\/a>\n<\/span><span class=\"aioseo-breadcrumb-separator\">&ndash;<\/span><span class=\"aioseo-breadcrumb\">\n\t<a href=\"https:\/\/candas365.es\/noticias\/category\/revista\/\" title=\"Revista\">Revista<\/a>\n<\/span><span class=\"aioseo-breadcrumb-separator\">&ndash;<\/span><span class=\"aioseo-breadcrumb\">\n\tAlemania apuesta por ser l\u00edder mundial en inteligencia artificial\n<\/span><\/div>","aioseo_breadcrumb_json":[{"label":"Home","link":"https:\/\/candas365.es\/noticias"},{"label":"Revista","link":"https:\/\/candas365.es\/noticias\/category\/revista\/"},{"label":"Alemania apuesta por ser l\u00edder mundial en inteligencia artificial","link":"https:\/\/candas365.es\/noticias\/alemania-apuesta-por-ser-lider-mundial-en-inteligencia-artificial\/"}],"_links":{"self":[{"href":"https:\/\/candas365.es\/noticias\/wp-json\/wp\/v2\/posts\/100783","targetHints":{"allow":["GET"]}}],"collection":[{"href":"https:\/\/candas365.es\/noticias\/wp-json\/wp\/v2\/posts"}],"about":[{"href":"https:\/\/candas365.es\/noticias\/wp-json\/wp\/v2\/types\/post"}],"author":[{"embeddable":true,"href":"https:\/\/candas365.es\/noticias\/wp-json\/wp\/v2\/users\/1"}],"replies":[{"embeddable":true,"href":"https:\/\/candas365.es\/noticias\/wp-json\/wp\/v2\/comments?post=100783"}],"version-history":[{"count":0,"href":"https:\/\/candas365.es\/noticias\/wp-json\/wp\/v2\/posts\/100783\/revisions"}],"wp:featuredmedia":[{"embeddable":true,"href":"https:\/\/candas365.es\/noticias\/wp-json\/wp\/v2\/media\/86307"}],"wp:attachment":[{"href":"https:\/\/candas365.es\/noticias\/wp-json\/wp\/v2\/media?parent=100783"}],"wp:term":[{"taxonomy":"category","embeddable":true,"href":"https:\/\/candas365.es\/noticias\/wp-json\/wp\/v2\/categories?post=100783"},{"taxonomy":"post_tag","embeddable":true,"href":"https:\/\/candas365.es\/noticias\/wp-json\/wp\/v2\/tags?post=100783"}],"curies":[{"name":"wp","href":"https:\/\/api.w.org\/{rel}","templated":true}]}}