{"id":100781,"date":"2018-07-20T14:56:41","date_gmt":"2018-07-20T14:56:41","guid":{"rendered":"http:\/\/candas365.es\/noticias\/?p=100781"},"modified":"2018-07-20T14:56:41","modified_gmt":"2018-07-20T14:56:41","slug":"espana-rechaza-la-entrega-de-puigdemont-y-retira-la-euroorden","status":"publish","type":"post","link":"https:\/\/candas365.es\/noticias\/espana-rechaza-la-entrega-de-puigdemont-y-retira-la-euroorden\/","title":{"rendered":"Espa\u00f1a rechaza la entrega de Puigdemont y retira la euroorden"},"content":{"rendered":"<p><img fetchpriority=\"high\" decoding=\"async\" class=\"alignleft size-medium wp-image-83818\" src=\"https:\/\/candas365.es\/noticias\/wp-content\/uploads\/2017\/11\/juzgado-360x270.jpg\" alt=\"\" width=\"360\" height=\"270\" srcset=\"https:\/\/candas365.es\/noticias\/wp-content\/uploads\/2017\/11\/juzgado.jpg 360w, https:\/\/candas365.es\/noticias\/wp-content\/uploads\/2017\/11\/juzgado-80x60.jpg 80w, https:\/\/candas365.es\/noticias\/wp-content\/uploads\/2017\/11\/juzgado-265x198.jpg 265w, https:\/\/candas365.es\/noticias\/wp-content\/uploads\/2017\/11\/juzgado-90x67.jpg 90w\" sizes=\"(max-width: 360px) 100vw, 360px\" \/>Madrid, 19 jul (dpa) &#8211; El Tribunal Supremo de Espa\u00f1a rechaz\u00f3 hoy la entrega del ex presidente del Gobierno catal\u00e1n Carles Puigdemont en las condiciones acordadas por la Justicia alemana, es decir, para ser juzgado solo por un delito de malversaci\u00f3n de caudales p\u00fablicos y no de rebeli\u00f3n, seg\u00fan el auto emitido hoy.<\/p>\n<p>Pablo Llarena, el juez que investig\u00f3 el refer\u00e9ndum independentista ilegal celebrado en octubre en Catalu\u00f1a, retir\u00f3 as\u00ed la euroorden de detenci\u00f3n que en su momento curs\u00f3 contra Puigdemont y que supuso su arresto en el norte de Alemania a final de marzo.<\/p>\n<p>El magistrado destaca en su auto \u00abla falta de compromiso\u00bb del Tribunal Regional Superior de Schleswig-Holstein \u00abcon unos hechos que pudieran haber quebrantado el orden constitucional espa\u00f1ol\u00bb.<\/p>\n<p>\u00abAl actuar de ese modo, el tribunal de ejecuci\u00f3n alem\u00e1n ha adelantado un enjuiciamiento que no es coherente con la cristalizaci\u00f3n progresiva de la imputaci\u00f3n, y lo hace desde un posicionamiento desacertado\u00bb, expres\u00f3 el juez espa\u00f1ol en su auto.<\/p>\n<p>Llarena considera que el tribunal alem\u00e1n deber\u00eda haberse limitado a comprobar si los hechos descritos por la Justicia espa\u00f1ola est\u00e1n contemplados en la legislaci\u00f3n penal de Alemania y si justificar\u00edan por ello que, de haber ocurrido los hechos en ese pa\u00eds, se impulsara una investigaci\u00f3n penal semejante a la abierta en Espa\u00f1a.<\/p>\n<p>En el auto, el magistrado del Supremo tambi\u00e9n se\u00f1ala que las circunstancias \u00abno s\u00f3lo cortocircuitan la operatividad\u00bb de un instrumento como la euroorden de detenci\u00f3n, sino que deteriora \u00abindebidamente la indiciaria apreciaci\u00f3n de responsabilidad que recoge la investigaci\u00f3n y un auto firme de procesamiento\u00bb.<\/p>\n<p>Adem\u00e1s de retirar la euroorden de detenci\u00f3n contra Puigdemont, Llarena deja sin efecto tambi\u00e9n las cursadas contra otros cinco pol\u00edticos independentistas investigados por la Justicia que salieron en su momento de Espa\u00f1a para evitar ser detenidos (Antonio Comin, Luis Puig, Meritxell Serret, Clara Ponsat\u00ed y Marta Rovira).<\/p>\n<p>Puigdemont, destituido en octubre por Madrid a ra\u00edz de la escalada de su proceso independentista, fue detenido el 25 de marzo en un \u00e1rea de servicio del norte de Alemania en virtud de la orden de arresto europea emitida dos d\u00edas antes por el Tribunal Supremo espa\u00f1ol.<\/p>\n<p>Tras pasar 12 d\u00edas en prisi\u00f3n, la Justicia alemana resolvi\u00f3 dejar al pol\u00edtico soberanista en libertad bajo fianza a la espera de que se tomase una decisi\u00f3n sobre su posible entrega a Espa\u00f1a.<\/p>\n<p>El 12 de julio, el tribunal de Schleswig-Holstein aprob\u00f3 la entrega del ex jefe del Gobierno catal\u00e1n a Espa\u00f1a por un delito de malversaci\u00f3n de fondos p\u00fablicos, pero rechaz\u00f3 extraditarlo por rebeli\u00f3n, cargo m\u00e1s grave y penado con hasta 30 a\u00f1os de c\u00e1rcel.<\/p>\n","protected":false},"excerpt":{"rendered":"<p>Madrid, 19 jul (dpa) &#8211; El Tribunal Supremo de Espa\u00f1a rechaz\u00f3 hoy la entrega del ex presidente del Gobierno catal\u00e1n Carles Puigdemont en las condiciones acordadas por la Justicia alemana, es decir, para ser juzgado solo por un delito de malversaci\u00f3n de caudales p\u00fablicos y no de rebeli\u00f3n, seg\u00fan el auto emitido hoy. Pablo Llarena,<\/p>\n","protected":false},"author":1,"featured_media":83818,"comment_status":"closed","ping_status":"closed","sticky":false,"template":"","format":"standard","meta":{"footnotes":""},"categories":[343],"tags":[],"class_list":{"0":"post-100781","1":"post","2":"type-post","3":"status-publish","4":"format-standard","5":"has-post-thumbnail","7":"category-actualidad"},"aioseo_notices":[],"aioseo_head":"\n\t\t<!-- All in One SEO Pro 4.9.6.2 - aioseo.com -->\n\t<meta name=\"description\" content=\"Madrid, 19 jul (dpa) - El Tribunal Supremo de Espa\u00f1a rechaz\u00f3 hoy la entrega del ex presidente del Gobierno catal\u00e1n Carles Puigdemont en las condiciones acordadas por la Justicia alemana, es decir, para ser juzgado solo por un delito de malversaci\u00f3n de caudales p\u00fablicos y no de rebeli\u00f3n, seg\u00fan el auto emitido hoy. Pablo Llarena,\" \/>\n\t<meta name=\"robots\" content=\"max-image-preview:large\" \/>\n\t<meta name=\"author\" content=\"Cand\u00e1s 365\"\/>\n\t<meta name=\"google-site-verification\" content=\"UA-32230408-1\" \/>\n\t<meta name=\"msvalidate.01\" content=\"354F3CDFB2DA171B47FBE9ABF1F88D5\" \/>\n\t<meta name=\"keywords\" content=\"actualidad\" \/>\n\t<link rel=\"canonical\" href=\"https:\/\/candas365.es\/noticias\/espana-rechaza-la-entrega-de-puigdemont-y-retira-la-euroorden\/\" \/>\n\t<meta name=\"generator\" content=\"All in One SEO Pro (AIOSEO) 4.9.6.2\" \/>\n\t\t<meta property=\"og:locale\" content=\"es_ES\" \/>\n\t\t<meta property=\"og:site_name\" content=\"Cand\u00e1s 365\" \/>\n\t\t<meta property=\"og:type\" content=\"article\" \/>\n\t\t<meta property=\"og:title\" content=\"Espa\u00f1a rechaza la entrega de Puigdemont y retira la euroorden | Cand\u00e1s 365\" \/>\n\t\t<meta property=\"og:description\" content=\"Madrid, 19 jul (dpa) - El Tribunal Supremo de Espa\u00f1a rechaz\u00f3 hoy la entrega del ex presidente del Gobierno catal\u00e1n Carles Puigdemont en las condiciones acordadas por la Justicia alemana, es decir, para ser juzgado solo por un delito de malversaci\u00f3n de caudales p\u00fablicos y no de rebeli\u00f3n, seg\u00fan el auto emitido hoy. Pablo Llarena,\" \/>\n\t\t<meta property=\"og:url\" content=\"https:\/\/candas365.es\/noticias\/espana-rechaza-la-entrega-de-puigdemont-y-retira-la-euroorden\/\" \/>\n\t\t<meta property=\"og:image\" content=\"https:\/\/candas365.es\/noticias\/wp-content\/uploads\/2017\/11\/juzgado.jpg\" \/>\n\t\t<meta property=\"og:image:secure_url\" content=\"https:\/\/candas365.es\/noticias\/wp-content\/uploads\/2017\/11\/juzgado.jpg\" \/>\n\t\t<meta property=\"og:image:width\" content=\"360\" \/>\n\t\t<meta property=\"og:image:height\" content=\"270\" \/>\n\t\t<meta property=\"article:published_time\" content=\"2018-07-20T14:56:41+00:00\" \/>\n\t\t<meta property=\"article:modified_time\" content=\"2018-07-20T14:56:41+00:00\" \/>\n\t\t<meta property=\"article:publisher\" content=\"https:\/\/www.facebook.com\/Nachofdezber\" \/>\n\t\t<meta property=\"article:author\" content=\"https:\/\/www.facebook.com\/carrenoactualidad\" \/>\n\t\t<meta name=\"twitter:card\" content=\"summary_large_image\" \/>\n\t\t<meta name=\"twitter:site\" content=\"@NabercoDigital\" \/>\n\t\t<meta name=\"twitter:title\" content=\"Espa\u00f1a rechaza la entrega de Puigdemont y retira la euroorden | Cand\u00e1s 365\" \/>\n\t\t<meta name=\"twitter:description\" content=\"Madrid, 19 jul (dpa) - El Tribunal Supremo de Espa\u00f1a rechaz\u00f3 hoy la entrega del ex presidente del Gobierno catal\u00e1n Carles Puigdemont en las condiciones acordadas por la Justicia alemana, es decir, para ser juzgado solo por un delito de malversaci\u00f3n de caudales p\u00fablicos y no de rebeli\u00f3n, seg\u00fan el auto emitido hoy. Pablo Llarena,\" \/>\n\t\t<meta name=\"twitter:creator\" content=\"@nbasturias\" \/>\n\t\t<meta name=\"twitter:image\" content=\"https:\/\/candas365.es\/noticias\/wp-content\/uploads\/2017\/11\/juzgado.jpg\" \/>\n\t\t<meta name=\"twitter:label1\" content=\"Escrito por\" \/>\n\t\t<meta name=\"twitter:data1\" content=\"Cand\u00e1s 365\" \/>\n\t\t<meta name=\"twitter:label2\" content=\"Tiempo de lectura estimado\" \/>\n\t\t<meta name=\"twitter:data2\" content=\"2 minutos\" \/>\n\t\t<script type=\"application\/ld+json\" class=\"aioseo-schema\">\n\t\t\t{\"@context\":\"https:\\\/\\\/schema.org\",\"@graph\":[{\"@type\":\"BreadcrumbList\",\"@id\":\"https:\\\/\\\/candas365.es\\\/noticias\\\/espana-rechaza-la-entrega-de-puigdemont-y-retira-la-euroorden\\\/#breadcrumblist\",\"itemListElement\":[{\"@type\":\"ListItem\",\"@id\":\"https:\\\/\\\/candas365.es\\\/noticias#listItem\",\"position\":1,\"name\":\"Home\",\"item\":\"https:\\\/\\\/candas365.es\\\/noticias\",\"nextItem\":{\"@type\":\"ListItem\",\"@id\":\"https:\\\/\\\/candas365.es\\\/noticias\\\/category\\\/actualidad\\\/#listItem\",\"name\":\"Actualidad\"}},{\"@type\":\"ListItem\",\"@id\":\"https:\\\/\\\/candas365.es\\\/noticias\\\/category\\\/actualidad\\\/#listItem\",\"position\":2,\"name\":\"Actualidad\",\"item\":\"https:\\\/\\\/candas365.es\\\/noticias\\\/category\\\/actualidad\\\/\",\"nextItem\":{\"@type\":\"ListItem\",\"@id\":\"https:\\\/\\\/candas365.es\\\/noticias\\\/espana-rechaza-la-entrega-de-puigdemont-y-retira-la-euroorden\\\/#listItem\",\"name\":\"Espa\\u00f1a rechaza la entrega de Puigdemont y retira la euroorden\"},\"previousItem\":{\"@type\":\"ListItem\",\"@id\":\"https:\\\/\\\/candas365.es\\\/noticias#listItem\",\"name\":\"Home\"}},{\"@type\":\"ListItem\",\"@id\":\"https:\\\/\\\/candas365.es\\\/noticias\\\/espana-rechaza-la-entrega-de-puigdemont-y-retira-la-euroorden\\\/#listItem\",\"position\":3,\"name\":\"Espa\\u00f1a rechaza la entrega de Puigdemont y retira la euroorden\",\"previousItem\":{\"@type\":\"ListItem\",\"@id\":\"https:\\\/\\\/candas365.es\\\/noticias\\\/category\\\/actualidad\\\/#listItem\",\"name\":\"Actualidad\"}}]},{\"@type\":\"NewsArticle\",\"@id\":\"https:\\\/\\\/candas365.es\\\/noticias\\\/espana-rechaza-la-entrega-de-puigdemont-y-retira-la-euroorden\\\/#newsarticle\",\"name\":\"Espa\\u00f1a rechaza la entrega de Puigdemont y retira la euroorden | Cand\\u00e1s 365\",\"headline\":\"Espa\\u00f1a rechaza la entrega de Puigdemont y retira la euroorden\",\"author\":{\"@id\":\"https:\\\/\\\/candas365.es\\\/noticias\\\/author\\\/admin\\\/#author\"},\"publisher\":{\"@id\":\"https:\\\/\\\/candas365.es\\\/noticias\\\/#organization\"},\"image\":{\"@type\":\"ImageObject\",\"url\":\"https:\\\/\\\/candas365.es\\\/noticias\\\/wp-content\\\/uploads\\\/2017\\\/11\\\/juzgado.jpg\",\"width\":360,\"height\":270},\"datePublished\":\"2018-07-20T14:56:41+02:00\",\"dateModified\":\"2018-07-20T14:56:41+02:00\",\"inLanguage\":\"es-ES\",\"mainEntityOfPage\":{\"@id\":\"https:\\\/\\\/candas365.es\\\/noticias\\\/espana-rechaza-la-entrega-de-puigdemont-y-retira-la-euroorden\\\/#webpage\"},\"isPartOf\":{\"@id\":\"https:\\\/\\\/candas365.es\\\/noticias\\\/espana-rechaza-la-entrega-de-puigdemont-y-retira-la-euroorden\\\/#webpage\"},\"articleSection\":\"Actualidad\",\"dateline\":\"Publicado el julio 20, 2018.\"},{\"@type\":\"Organization\",\"@id\":\"https:\\\/\\\/candas365.es\\\/noticias\\\/#organization\",\"name\":\"Cand\\u00e1s 365\",\"description\":\"Cand\\u00e1s 365 es un diario digital independiente, fundado en 2012, con base en Asturias. Informamos con rigor sobre actualidad, sociedad, cultura y ocio, con una mirada local y global.\",\"url\":\"https:\\\/\\\/candas365.es\\\/noticias\\\/\",\"email\":\"info@candas365.es\",\"telephone\":\"+34652131393\",\"foundingDate\":\"2012-06-10\",\"logo\":{\"@type\":\"ImageObject\",\"url\":\"https:\\\/\\\/candas365.es\\\/noticias\\\/wp-content\\\/uploads\\\/2024\\\/09\\\/Candas-365-Redes.jpg\",\"@id\":\"https:\\\/\\\/candas365.es\\\/noticias\\\/espana-rechaza-la-entrega-de-puigdemont-y-retira-la-euroorden\\\/#organizationLogo\",\"width\":1152,\"height\":864,\"caption\":\"Cand\\u00e1s 365 Redes\"},\"image\":{\"@id\":\"https:\\\/\\\/candas365.es\\\/noticias\\\/espana-rechaza-la-entrega-de-puigdemont-y-retira-la-euroorden\\\/#organizationLogo\"},\"sameAs\":[\"https:\\\/\\\/www.facebook.com\\\/Nachofdezber\",\"https:\\\/\\\/x.com\\\/NabercoDigital\",\"https:\\\/\\\/www.instagram.com\\\/nachofdezber\\\/\",\"https:\\\/\\\/www.youtube.com\\\/channel\\\/UCZP-2wLEB9Rv6erhFmqVnvg\"],\"address\":{\"@id\":\"https:\\\/\\\/candas365.es\\\/noticias\\\/#postaladdress\",\"@type\":\"PostalAddress\",\"streetAddress\":\"san antonio 4, san antonio 4\",\"postalCode\":\"33430\",\"addressLocality\":\"Cand\\u00e1s\",\"addressRegion\":\"Asturias\",\"addressCountry\":\"ES\"}},{\"@type\":\"Person\",\"@id\":\"https:\\\/\\\/candas365.es\\\/noticias\\\/author\\\/admin\\\/#author\",\"url\":\"https:\\\/\\\/candas365.es\\\/noticias\\\/author\\\/admin\\\/\",\"name\":\"Cand\\u00e1s 365\",\"image\":{\"@type\":\"ImageObject\",\"@id\":\"https:\\\/\\\/candas365.es\\\/noticias\\\/espana-rechaza-la-entrega-de-puigdemont-y-retira-la-euroorden\\\/#authorImage\",\"url\":\"https:\\\/\\\/secure.gravatar.com\\\/avatar\\\/496a8e03d0c493ede1718b7934145dbdf8d89be1036b0eec9544e1094c9de390?s=96&d=mm&r=g\",\"width\":96,\"height\":96,\"caption\":\"Cand\\u00e1s 365\"},\"sameAs\":[\"https:\\\/\\\/www.facebook.com\\\/carrenoactualidad\",\"https:\\\/\\\/twitter.com\\\/nbasturias\",\"https:\\\/\\\/www.instagram.com\\\/nachofdezber\\\/\",\"https:\\\/\\\/www.youtube.com\\\/channel\\\/UCZP-2wLEB9Rv6erhFmqVnvg\"]},{\"@type\":\"WebPage\",\"@id\":\"https:\\\/\\\/candas365.es\\\/noticias\\\/espana-rechaza-la-entrega-de-puigdemont-y-retira-la-euroorden\\\/#webpage\",\"url\":\"https:\\\/\\\/candas365.es\\\/noticias\\\/espana-rechaza-la-entrega-de-puigdemont-y-retira-la-euroorden\\\/\",\"name\":\"Espa\\u00f1a rechaza la entrega de Puigdemont y retira la euroorden | Cand\\u00e1s 365\",\"description\":\"Madrid, 19 jul (dpa) - El Tribunal Supremo de Espa\\u00f1a rechaz\\u00f3 hoy la entrega del ex presidente del Gobierno catal\\u00e1n Carles Puigdemont en las condiciones acordadas por la Justicia alemana, es decir, para ser juzgado solo por un delito de malversaci\\u00f3n de caudales p\\u00fablicos y no de rebeli\\u00f3n, seg\\u00fan el auto emitido hoy. Pablo Llarena,\",\"inLanguage\":\"es-ES\",\"isPartOf\":{\"@id\":\"https:\\\/\\\/candas365.es\\\/noticias\\\/#website\"},\"breadcrumb\":{\"@id\":\"https:\\\/\\\/candas365.es\\\/noticias\\\/espana-rechaza-la-entrega-de-puigdemont-y-retira-la-euroorden\\\/#breadcrumblist\"},\"author\":{\"@id\":\"https:\\\/\\\/candas365.es\\\/noticias\\\/author\\\/admin\\\/#author\"},\"creator\":{\"@id\":\"https:\\\/\\\/candas365.es\\\/noticias\\\/author\\\/admin\\\/#author\"},\"image\":{\"@type\":\"ImageObject\",\"url\":\"https:\\\/\\\/candas365.es\\\/noticias\\\/wp-content\\\/uploads\\\/2017\\\/11\\\/juzgado.jpg\",\"@id\":\"https:\\\/\\\/candas365.es\\\/noticias\\\/espana-rechaza-la-entrega-de-puigdemont-y-retira-la-euroorden\\\/#mainImage\",\"width\":360,\"height\":270},\"primaryImageOfPage\":{\"@id\":\"https:\\\/\\\/candas365.es\\\/noticias\\\/espana-rechaza-la-entrega-de-puigdemont-y-retira-la-euroorden\\\/#mainImage\"},\"datePublished\":\"2018-07-20T14:56:41+02:00\",\"dateModified\":\"2018-07-20T14:56:41+02:00\"},{\"@type\":\"WebSite\",\"@id\":\"https:\\\/\\\/candas365.es\\\/noticias\\\/#website\",\"url\":\"https:\\\/\\\/candas365.es\\\/noticias\\\/\",\"name\":\"Cand\\u00e1s 365\",\"alternateName\":\"Cand\\u00e1s 365 Noticias\",\"description\":\"Actualidad desde Carre\\u00f1o para el mundo\",\"inLanguage\":\"es-ES\",\"publisher\":{\"@id\":\"https:\\\/\\\/candas365.es\\\/noticias\\\/#organization\"}}]}\n\t\t<\/script>\n\t\t<!-- All in One SEO Pro -->\r\n\t\t<title>Espa\u00f1a rechaza la entrega de Puigdemont y retira la euroorden | Cand\u00e1s 365<\/title>\n\n","aioseo_head_json":{"title":"Espa\u00f1a rechaza la entrega de Puigdemont y retira la euroorden | Cand\u00e1s 365","description":"Madrid, 19 jul (dpa) - El Tribunal Supremo de Espa\u00f1a rechaz\u00f3 hoy la entrega del ex presidente del Gobierno catal\u00e1n Carles Puigdemont en las condiciones acordadas por la Justicia alemana, es decir, para ser juzgado solo por un delito de malversaci\u00f3n de caudales p\u00fablicos y no de rebeli\u00f3n, seg\u00fan el auto emitido hoy. Pablo Llarena,","canonical_url":"https:\/\/candas365.es\/noticias\/espana-rechaza-la-entrega-de-puigdemont-y-retira-la-euroorden\/","robots":"max-image-preview:large","keywords":"actualidad","webmasterTools":{"google-site-verification":"UA-32230408-1","msvalidate.01":"354F3CDFB2DA171B47FBE9ABF1F88D5","miscellaneous":""},"schema":{"@context":"https:\/\/schema.org","@graph":[{"@type":"BreadcrumbList","@id":"https:\/\/candas365.es\/noticias\/espana-rechaza-la-entrega-de-puigdemont-y-retira-la-euroorden\/#breadcrumblist","itemListElement":[{"@type":"ListItem","@id":"https:\/\/candas365.es\/noticias#listItem","position":1,"name":"Home","item":"https:\/\/candas365.es\/noticias","nextItem":{"@type":"ListItem","@id":"https:\/\/candas365.es\/noticias\/category\/actualidad\/#listItem","name":"Actualidad"}},{"@type":"ListItem","@id":"https:\/\/candas365.es\/noticias\/category\/actualidad\/#listItem","position":2,"name":"Actualidad","item":"https:\/\/candas365.es\/noticias\/category\/actualidad\/","nextItem":{"@type":"ListItem","@id":"https:\/\/candas365.es\/noticias\/espana-rechaza-la-entrega-de-puigdemont-y-retira-la-euroorden\/#listItem","name":"Espa\u00f1a rechaza la entrega de Puigdemont y retira la euroorden"},"previousItem":{"@type":"ListItem","@id":"https:\/\/candas365.es\/noticias#listItem","name":"Home"}},{"@type":"ListItem","@id":"https:\/\/candas365.es\/noticias\/espana-rechaza-la-entrega-de-puigdemont-y-retira-la-euroorden\/#listItem","position":3,"name":"Espa\u00f1a rechaza la entrega de Puigdemont y retira la euroorden","previousItem":{"@type":"ListItem","@id":"https:\/\/candas365.es\/noticias\/category\/actualidad\/#listItem","name":"Actualidad"}}]},{"@type":"NewsArticle","@id":"https:\/\/candas365.es\/noticias\/espana-rechaza-la-entrega-de-puigdemont-y-retira-la-euroorden\/#newsarticle","name":"Espa\u00f1a rechaza la entrega de Puigdemont y retira la euroorden | Cand\u00e1s 365","headline":"Espa\u00f1a rechaza la entrega de Puigdemont y retira la euroorden","author":{"@id":"https:\/\/candas365.es\/noticias\/author\/admin\/#author"},"publisher":{"@id":"https:\/\/candas365.es\/noticias\/#organization"},"image":{"@type":"ImageObject","url":"https:\/\/candas365.es\/noticias\/wp-content\/uploads\/2017\/11\/juzgado.jpg","width":360,"height":270},"datePublished":"2018-07-20T14:56:41+02:00","dateModified":"2018-07-20T14:56:41+02:00","inLanguage":"es-ES","mainEntityOfPage":{"@id":"https:\/\/candas365.es\/noticias\/espana-rechaza-la-entrega-de-puigdemont-y-retira-la-euroorden\/#webpage"},"isPartOf":{"@id":"https:\/\/candas365.es\/noticias\/espana-rechaza-la-entrega-de-puigdemont-y-retira-la-euroorden\/#webpage"},"articleSection":"Actualidad","dateline":"Publicado el julio 20, 2018."},{"@type":"Organization","@id":"https:\/\/candas365.es\/noticias\/#organization","name":"Cand\u00e1s 365","description":"Cand\u00e1s 365 es un diario digital independiente, fundado en 2012, con base en Asturias. Informamos con rigor sobre actualidad, sociedad, cultura y ocio, con una mirada local y global.","url":"https:\/\/candas365.es\/noticias\/","email":"info@candas365.es","telephone":"+34652131393","foundingDate":"2012-06-10","logo":{"@type":"ImageObject","url":"https:\/\/candas365.es\/noticias\/wp-content\/uploads\/2024\/09\/Candas-365-Redes.jpg","@id":"https:\/\/candas365.es\/noticias\/espana-rechaza-la-entrega-de-puigdemont-y-retira-la-euroorden\/#organizationLogo","width":1152,"height":864,"caption":"Cand\u00e1s 365 Redes"},"image":{"@id":"https:\/\/candas365.es\/noticias\/espana-rechaza-la-entrega-de-puigdemont-y-retira-la-euroorden\/#organizationLogo"},"sameAs":["https:\/\/www.facebook.com\/Nachofdezber","https:\/\/x.com\/NabercoDigital","https:\/\/www.instagram.com\/nachofdezber\/","https:\/\/www.youtube.com\/channel\/UCZP-2wLEB9Rv6erhFmqVnvg"],"address":{"@id":"https:\/\/candas365.es\/noticias\/#postaladdress","@type":"PostalAddress","streetAddress":"san antonio 4, san antonio 4","postalCode":"33430","addressLocality":"Cand\u00e1s","addressRegion":"Asturias","addressCountry":"ES"}},{"@type":"Person","@id":"https:\/\/candas365.es\/noticias\/author\/admin\/#author","url":"https:\/\/candas365.es\/noticias\/author\/admin\/","name":"Cand\u00e1s 365","image":{"@type":"ImageObject","@id":"https:\/\/candas365.es\/noticias\/espana-rechaza-la-entrega-de-puigdemont-y-retira-la-euroorden\/#authorImage","url":"https:\/\/secure.gravatar.com\/avatar\/496a8e03d0c493ede1718b7934145dbdf8d89be1036b0eec9544e1094c9de390?s=96&d=mm&r=g","width":96,"height":96,"caption":"Cand\u00e1s 365"},"sameAs":["https:\/\/www.facebook.com\/carrenoactualidad","https:\/\/twitter.com\/nbasturias","https:\/\/www.instagram.com\/nachofdezber\/","https:\/\/www.youtube.com\/channel\/UCZP-2wLEB9Rv6erhFmqVnvg"]},{"@type":"WebPage","@id":"https:\/\/candas365.es\/noticias\/espana-rechaza-la-entrega-de-puigdemont-y-retira-la-euroorden\/#webpage","url":"https:\/\/candas365.es\/noticias\/espana-rechaza-la-entrega-de-puigdemont-y-retira-la-euroorden\/","name":"Espa\u00f1a rechaza la entrega de Puigdemont y retira la euroorden | Cand\u00e1s 365","description":"Madrid, 19 jul (dpa) - El Tribunal Supremo de Espa\u00f1a rechaz\u00f3 hoy la entrega del ex presidente del Gobierno catal\u00e1n Carles Puigdemont en las condiciones acordadas por la Justicia alemana, es decir, para ser juzgado solo por un delito de malversaci\u00f3n de caudales p\u00fablicos y no de rebeli\u00f3n, seg\u00fan el auto emitido hoy. Pablo Llarena,","inLanguage":"es-ES","isPartOf":{"@id":"https:\/\/candas365.es\/noticias\/#website"},"breadcrumb":{"@id":"https:\/\/candas365.es\/noticias\/espana-rechaza-la-entrega-de-puigdemont-y-retira-la-euroorden\/#breadcrumblist"},"author":{"@id":"https:\/\/candas365.es\/noticias\/author\/admin\/#author"},"creator":{"@id":"https:\/\/candas365.es\/noticias\/author\/admin\/#author"},"image":{"@type":"ImageObject","url":"https:\/\/candas365.es\/noticias\/wp-content\/uploads\/2017\/11\/juzgado.jpg","@id":"https:\/\/candas365.es\/noticias\/espana-rechaza-la-entrega-de-puigdemont-y-retira-la-euroorden\/#mainImage","width":360,"height":270},"primaryImageOfPage":{"@id":"https:\/\/candas365.es\/noticias\/espana-rechaza-la-entrega-de-puigdemont-y-retira-la-euroorden\/#mainImage"},"datePublished":"2018-07-20T14:56:41+02:00","dateModified":"2018-07-20T14:56:41+02:00"},{"@type":"WebSite","@id":"https:\/\/candas365.es\/noticias\/#website","url":"https:\/\/candas365.es\/noticias\/","name":"Cand\u00e1s 365","alternateName":"Cand\u00e1s 365 Noticias","description":"Actualidad desde Carre\u00f1o para el mundo","inLanguage":"es-ES","publisher":{"@id":"https:\/\/candas365.es\/noticias\/#organization"}}]},"og:locale":"es_ES","og:site_name":"Cand\u00e1s 365","og:type":"article","og:title":"Espa\u00f1a rechaza la entrega de Puigdemont y retira la euroorden | Cand\u00e1s 365","og:description":"Madrid, 19 jul (dpa) - El Tribunal Supremo de Espa\u00f1a rechaz\u00f3 hoy la entrega del ex presidente del Gobierno catal\u00e1n Carles Puigdemont en las condiciones acordadas por la Justicia alemana, es decir, para ser juzgado solo por un delito de malversaci\u00f3n de caudales p\u00fablicos y no de rebeli\u00f3n, seg\u00fan el auto emitido hoy. Pablo Llarena,","og:url":"https:\/\/candas365.es\/noticias\/espana-rechaza-la-entrega-de-puigdemont-y-retira-la-euroorden\/","og:image":"https:\/\/candas365.es\/noticias\/wp-content\/uploads\/2017\/11\/juzgado.jpg","og:image:secure_url":"https:\/\/candas365.es\/noticias\/wp-content\/uploads\/2017\/11\/juzgado.jpg","og:image:width":360,"og:image:height":270,"article:published_time":"2018-07-20T14:56:41+00:00","article:modified_time":"2018-07-20T14:56:41+00:00","article:publisher":"https:\/\/www.facebook.com\/Nachofdezber","article:author":"https:\/\/www.facebook.com\/carrenoactualidad","twitter:card":"summary_large_image","twitter:site":"@NabercoDigital","twitter:title":"Espa\u00f1a rechaza la entrega de Puigdemont y retira la euroorden | Cand\u00e1s 365","twitter:description":"Madrid, 19 jul (dpa) - El Tribunal Supremo de Espa\u00f1a rechaz\u00f3 hoy la entrega del ex presidente del Gobierno catal\u00e1n Carles Puigdemont en las condiciones acordadas por la Justicia alemana, es decir, para ser juzgado solo por un delito de malversaci\u00f3n de caudales p\u00fablicos y no de rebeli\u00f3n, seg\u00fan el auto emitido hoy. Pablo Llarena,","twitter:creator":"@nbasturias","twitter:image":"https:\/\/candas365.es\/noticias\/wp-content\/uploads\/2017\/11\/juzgado.jpg","twitter:label1":"Escrito por","twitter:data1":"Cand\u00e1s 365","twitter:label2":"Tiempo de lectura estimado","twitter:data2":"2 minutos"},"aioseo_meta_data":{"post_id":"100781","title":null,"description":null,"keywords":null,"keyphrases":null,"primary_term":null,"canonical_url":null,"og_title":null,"og_description":null,"og_object_type":"default","og_image_type":"default","og_image_url":null,"og_image_width":null,"og_image_height":null,"og_image_custom_url":null,"og_image_custom_fields":null,"og_video":null,"og_custom_url":null,"og_article_section":null,"og_article_tags":null,"twitter_use_og":false,"twitter_card":"default","twitter_image_type":"default","twitter_image_url":null,"twitter_image_custom_url":null,"twitter_image_custom_fields":null,"twitter_title":null,"twitter_description":null,"schema":{"blockGraphs":[],"customGraphs":[],"default":{"data":{"Article":[],"Course":[],"Dataset":[],"FAQPage":[],"Movie":[],"Person":[],"Product":[],"ProductReview":[],"Car":[],"Recipe":[],"Service":[],"SoftwareApplication":[],"WebPage":[]},"graphName":"","isEnabled":true},"graphs":[],"defaultGraph":"","defaultPostTypeGraph":""},"schema_type":null,"schema_type_options":null,"pillar_content":false,"robots_default":true,"robots_noindex":false,"robots_noarchive":false,"robots_nosnippet":false,"robots_nofollow":false,"robots_noimageindex":false,"robots_noodp":false,"robots_notranslate":false,"robots_max_snippet":null,"robots_max_videopreview":null,"robots_max_imagepreview":"large","priority":null,"frequency":null,"location":null,"local_seo":null,"seo_analyzer_scan_date":"2025-08-27 09:45:11","breadcrumb_settings":null,"limit_modified_date":false,"reviewed_by":null,"open_ai":null,"ai":null,"created":"2020-12-21 11:48:28","updated":"2025-08-27 09:45:11"},"aioseo_breadcrumb":"<div class=\"aioseo-breadcrumbs\"><span class=\"aioseo-breadcrumb\">\n\t<a href=\"https:\/\/candas365.es\/noticias\" title=\"Home\">Home<\/a>\n<\/span><span class=\"aioseo-breadcrumb-separator\">&ndash;<\/span><span class=\"aioseo-breadcrumb\">\n\t<a href=\"https:\/\/candas365.es\/noticias\/category\/actualidad\/\" title=\"Actualidad\">Actualidad<\/a>\n<\/span><span class=\"aioseo-breadcrumb-separator\">&ndash;<\/span><span class=\"aioseo-breadcrumb\">\n\tEspa\u00f1a rechaza la entrega de Puigdemont y retira la euroorden\n<\/span><\/div>","aioseo_breadcrumb_json":[{"label":"Home","link":"https:\/\/candas365.es\/noticias"},{"label":"Actualidad","link":"https:\/\/candas365.es\/noticias\/category\/actualidad\/"},{"label":"Espa\u00f1a rechaza la entrega de Puigdemont y retira la euroorden","link":"https:\/\/candas365.es\/noticias\/espana-rechaza-la-entrega-de-puigdemont-y-retira-la-euroorden\/"}],"_links":{"self":[{"href":"https:\/\/candas365.es\/noticias\/wp-json\/wp\/v2\/posts\/100781","targetHints":{"allow":["GET"]}}],"collection":[{"href":"https:\/\/candas365.es\/noticias\/wp-json\/wp\/v2\/posts"}],"about":[{"href":"https:\/\/candas365.es\/noticias\/wp-json\/wp\/v2\/types\/post"}],"author":[{"embeddable":true,"href":"https:\/\/candas365.es\/noticias\/wp-json\/wp\/v2\/users\/1"}],"replies":[{"embeddable":true,"href":"https:\/\/candas365.es\/noticias\/wp-json\/wp\/v2\/comments?post=100781"}],"version-history":[{"count":0,"href":"https:\/\/candas365.es\/noticias\/wp-json\/wp\/v2\/posts\/100781\/revisions"}],"wp:featuredmedia":[{"embeddable":true,"href":"https:\/\/candas365.es\/noticias\/wp-json\/wp\/v2\/media\/83818"}],"wp:attachment":[{"href":"https:\/\/candas365.es\/noticias\/wp-json\/wp\/v2\/media?parent=100781"}],"wp:term":[{"taxonomy":"category","embeddable":true,"href":"https:\/\/candas365.es\/noticias\/wp-json\/wp\/v2\/categories?post=100781"},{"taxonomy":"post_tag","embeddable":true,"href":"https:\/\/candas365.es\/noticias\/wp-json\/wp\/v2\/tags?post=100781"}],"curies":[{"name":"wp","href":"https:\/\/api.w.org\/{rel}","templated":true}]}}