{"id":100775,"date":"2018-07-20T14:39:37","date_gmt":"2018-07-20T14:39:37","guid":{"rendered":"http:\/\/candas365.es\/noticias\/?p=100775"},"modified":"2018-07-20T14:39:37","modified_gmt":"2018-07-20T14:39:37","slug":"turquia-prepara-una-ley-antiterrorista","status":"publish","type":"post","link":"https:\/\/candas365.es\/noticias\/turquia-prepara-una-ley-antiterrorista\/","title":{"rendered":"Turqu\u00eda prepara una ley antiterrorista"},"content":{"rendered":"<p><img fetchpriority=\"high\" decoding=\"async\" class=\"alignleft size-medium wp-image-35343\" src=\"https:\/\/candas365.es\/noticias\/wp-content\/uploads\/2016\/11\/erdogan-360x198.jpg\" alt=\"\" width=\"360\" height=\"198\" srcset=\"https:\/\/candas365.es\/noticias\/wp-content\/uploads\/2016\/11\/erdogan-360x198.jpg 360w, https:\/\/candas365.es\/noticias\/wp-content\/uploads\/2016\/11\/erdogan-650x357.jpg 650w, https:\/\/candas365.es\/noticias\/wp-content\/uploads\/2016\/11\/erdogan-150x82.jpg 150w, https:\/\/candas365.es\/noticias\/wp-content\/uploads\/2016\/11\/erdogan-450x247.jpg 450w, https:\/\/candas365.es\/noticias\/wp-content\/uploads\/2016\/11\/erdogan.jpg 655w\" sizes=\"(max-width: 360px) 100vw, 360px\" \/>Estambul, 19 jul (dpa) &#8211; El ministro de Justicia turco, Abdulhamit Gul, asegur\u00f3 hoy que el nuevo proyecto de ley sobre el terrorismo defender\u00e1 el Estado de derecho y no har\u00e1 peligrar la libertad, despu\u00e9s de que Alemania alertara contra la prolongaci\u00f3n del estado de excepci\u00f3n a trav\u00e9s de una \u00abpuerta trasera\u00bb.<\/p>\n<p>Una comisi\u00f3n parlamentaria debati\u00f3 hoy una propuesta de ley atiterrorista presentada por el partido gobernante, horas despu\u00e9s de que el presidenye Recep Tayyip Erdogan pusiera fin al estado de excepci\u00f3n decretado hace dos a\u00f1os tras el fallido golpe de Estado en julio de 2016.<\/p>\n<p>Gul cont\u00f3 a la comisi\u00f3n que la \u00abintroducci\u00f3n del estado de excepci\u00f3n no fue una decisi\u00f3n arbitraria, sino imperativa\u00bb, inform\u00f3 la agencia de noticias estatal Anadolu. \u00abFue una soluci\u00f3n deliberada limpiar las c\u00e9lulas cancer\u00edgenes que han rodeado al Estado\u00bb, a\u00f1adi\u00f3 en referencia al cl\u00e9rigo isl\u00e1mico Fethullah Gulen al que Ankara responsabiliza de la intentona golpista.<\/p>\n<p>\u00abDe otra manera no ser\u00eda posible limpiar nuestro cuerpo de una organizaci\u00f3n esp\u00eda y un grupo terrorista que han penetrado en las terminaciones nerviosas del Estado desde hace 40 a\u00f1os\u00bb, declar\u00f3 el titular de Justicia.<\/p>\n<p>M\u00e1s de 70.000 personas fueron arrestadas desde 2016, entre ellas periodistas, defensores de los derechos humanos y pol\u00edticos opositores, seg\u00fan datos oficiales. Tambi\u00e9n se realiz\u00f3 una fuerte depuraci\u00f3n del servicio civil y el Ej\u00e9rcito, que afect\u00f3 a unas 110.000 personas, y m\u00e1s de 1.500 fueron condenadas a cadena perpetua.<\/p>\n<p>Gul dijo que la propuesta de ley antiterrorista, ideada por el Partido de la Justicia y el Desarrollo (AKP) de Erdogan, incluye la reincorporaci\u00f3n de personas expulsadas de instituciones p\u00fablicas.<\/p>\n<p>El fin del estado de excepci\u00f3n fue una \u00abse\u00f1al importante\u00bb, declar\u00f3 el ministro de Exteriores alem\u00e1n, Heiko Maas, aunque aleg\u00f3 que \u00abno puede haber una prolongaci\u00f3n del estado de excepci\u00f3n a trav\u00e9s de una puerta trasera\u00bb haciendo referencia al nuevo proyecto de ley. \u00abLa nueva Constituci\u00f3n otorga al Gobierno turco poderes considerables\u00bb, dijo Maas a dpa. \u00abAhora es crucial que hagan uso de estos poderes de manera responsable\u00bb, a\u00f1adi\u00f3.<\/p>\n<p>La propuesta de ley, que ser\u00e1 debatida en el Parlamento la pr\u00f3xima semana, conserva aspectos del estado de excepci\u00f3n y tendr\u00e1 una validez de tres a\u00f1os. Adem\u00e1s recoge c\u00f3mo pueden ser destituidos miembros del Ej\u00e9rcito y empleados de los ministerios. Adem\u00e1s, los gobernadores de las 81 provincias del pa\u00eds mantienen algunos poderes de emergencia, incluyendo la restricci\u00f3n de la libertad de reuni\u00f3n.<\/p>\n<p>La Uni\u00f3n Europea (UE) celebr\u00f3 la decisi\u00f3n de Turqu\u00eda de poner fin al estado de excepci\u00f3n pero alert\u00f3 al mismo tiempo de que la propuesta de ley mantiene \u00abnumerosos elementos restrictivos\u00bb y \u00abdisminuye cualquier efecto positivo de su conclusi\u00f3n\u00bb.<\/p>\n<p>\u00abEst\u00e1n llegando mensajes positivos desde la Comisi\u00f3n Europea\u00bb, dijo el portavoz de Ministerio de Exteriores, Hami Aksoy. \u00abSeguiremos luchando contra el terrorismo de manera determinada\u00bb, anunci\u00f3 a los periodistas y a\u00f1adi\u00f3 que la amenaza del movimiento Gulen \u00abtodav\u00eda no ha finalizado por completo\u00bb.<\/p>\n","protected":false},"excerpt":{"rendered":"<p>Estambul, 19 jul (dpa) &#8211; El ministro de Justicia turco, Abdulhamit Gul, asegur\u00f3 hoy que el nuevo proyecto de ley sobre el terrorismo defender\u00e1 el Estado de derecho y no har\u00e1 peligrar la libertad, despu\u00e9s de que Alemania alertara contra la prolongaci\u00f3n del estado de excepci\u00f3n a trav\u00e9s de una \u00abpuerta trasera\u00bb. Una comisi\u00f3n parlamentaria<\/p>\n","protected":false},"author":1,"featured_media":35343,"comment_status":"closed","ping_status":"closed","sticky":false,"template":"","format":"standard","meta":{"footnotes":""},"categories":[343],"tags":[],"class_list":{"0":"post-100775","1":"post","2":"type-post","3":"status-publish","4":"format-standard","5":"has-post-thumbnail","7":"category-actualidad"},"aioseo_notices":[],"aioseo_head":"\n\t\t<!-- All in One SEO Pro 4.9.6.2 - aioseo.com -->\n\t<meta name=\"description\" content=\"Estambul, 19 jul (dpa) - El ministro de Justicia turco, Abdulhamit Gul, asegur\u00f3 hoy que el nuevo proyecto de ley sobre el terrorismo defender\u00e1 el Estado de derecho y no har\u00e1 peligrar la libertad, despu\u00e9s de que Alemania alertara contra la prolongaci\u00f3n del estado de excepci\u00f3n a trav\u00e9s de una &quot;puerta trasera&quot;. Una comisi\u00f3n parlamentaria\" \/>\n\t<meta name=\"robots\" content=\"max-image-preview:large\" \/>\n\t<meta name=\"author\" content=\"Cand\u00e1s 365\"\/>\n\t<meta name=\"google-site-verification\" content=\"UA-32230408-1\" \/>\n\t<meta name=\"msvalidate.01\" content=\"354F3CDFB2DA171B47FBE9ABF1F88D5\" \/>\n\t<meta name=\"keywords\" content=\"actualidad\" \/>\n\t<link rel=\"canonical\" href=\"https:\/\/candas365.es\/noticias\/turquia-prepara-una-ley-antiterrorista\/\" \/>\n\t<meta name=\"generator\" content=\"All in One SEO Pro (AIOSEO) 4.9.6.2\" \/>\n\t\t<meta property=\"og:locale\" content=\"es_ES\" \/>\n\t\t<meta property=\"og:site_name\" content=\"Cand\u00e1s 365\" \/>\n\t\t<meta property=\"og:type\" content=\"article\" \/>\n\t\t<meta property=\"og:title\" content=\"Turqu\u00eda prepara una ley antiterrorista | Cand\u00e1s 365\" \/>\n\t\t<meta property=\"og:description\" content=\"Estambul, 19 jul (dpa) - El ministro de Justicia turco, Abdulhamit Gul, asegur\u00f3 hoy que el nuevo proyecto de ley sobre el terrorismo defender\u00e1 el Estado de derecho y no har\u00e1 peligrar la libertad, despu\u00e9s de que Alemania alertara contra la prolongaci\u00f3n del estado de excepci\u00f3n a trav\u00e9s de una &quot;puerta trasera&quot;. Una comisi\u00f3n parlamentaria\" \/>\n\t\t<meta property=\"og:url\" content=\"https:\/\/candas365.es\/noticias\/turquia-prepara-una-ley-antiterrorista\/\" \/>\n\t\t<meta property=\"og:image\" content=\"https:\/\/candas365.es\/noticias\/wp-content\/uploads\/2016\/11\/erdogan.jpg\" \/>\n\t\t<meta property=\"og:image:secure_url\" content=\"https:\/\/candas365.es\/noticias\/wp-content\/uploads\/2016\/11\/erdogan.jpg\" \/>\n\t\t<meta property=\"og:image:width\" content=\"655\" \/>\n\t\t<meta property=\"og:image:height\" content=\"360\" \/>\n\t\t<meta property=\"article:published_time\" content=\"2018-07-20T14:39:37+00:00\" \/>\n\t\t<meta property=\"article:modified_time\" content=\"2018-07-20T14:39:37+00:00\" \/>\n\t\t<meta property=\"article:publisher\" content=\"https:\/\/www.facebook.com\/Nachofdezber\" \/>\n\t\t<meta property=\"article:author\" content=\"https:\/\/www.facebook.com\/carrenoactualidad\" \/>\n\t\t<meta name=\"twitter:card\" content=\"summary_large_image\" \/>\n\t\t<meta name=\"twitter:site\" content=\"@NabercoDigital\" \/>\n\t\t<meta name=\"twitter:title\" content=\"Turqu\u00eda prepara una ley antiterrorista | Cand\u00e1s 365\" \/>\n\t\t<meta name=\"twitter:description\" content=\"Estambul, 19 jul (dpa) - El ministro de Justicia turco, Abdulhamit Gul, asegur\u00f3 hoy que el nuevo proyecto de ley sobre el terrorismo defender\u00e1 el Estado de derecho y no har\u00e1 peligrar la libertad, despu\u00e9s de que Alemania alertara contra la prolongaci\u00f3n del estado de excepci\u00f3n a trav\u00e9s de una &quot;puerta trasera&quot;. Una comisi\u00f3n parlamentaria\" \/>\n\t\t<meta name=\"twitter:creator\" content=\"@nbasturias\" \/>\n\t\t<meta name=\"twitter:image\" content=\"https:\/\/candas365.es\/noticias\/wp-content\/uploads\/2016\/11\/erdogan.jpg\" \/>\n\t\t<meta name=\"twitter:label1\" content=\"Escrito por\" \/>\n\t\t<meta name=\"twitter:data1\" content=\"Cand\u00e1s 365\" \/>\n\t\t<meta name=\"twitter:label2\" content=\"Tiempo de lectura estimado\" \/>\n\t\t<meta name=\"twitter:data2\" content=\"3 minutos\" \/>\n\t\t<script type=\"application\/ld+json\" class=\"aioseo-schema\">\n\t\t\t{\"@context\":\"https:\\\/\\\/schema.org\",\"@graph\":[{\"@type\":\"BreadcrumbList\",\"@id\":\"https:\\\/\\\/candas365.es\\\/noticias\\\/turquia-prepara-una-ley-antiterrorista\\\/#breadcrumblist\",\"itemListElement\":[{\"@type\":\"ListItem\",\"@id\":\"https:\\\/\\\/candas365.es\\\/noticias#listItem\",\"position\":1,\"name\":\"Home\",\"item\":\"https:\\\/\\\/candas365.es\\\/noticias\",\"nextItem\":{\"@type\":\"ListItem\",\"@id\":\"https:\\\/\\\/candas365.es\\\/noticias\\\/category\\\/actualidad\\\/#listItem\",\"name\":\"Actualidad\"}},{\"@type\":\"ListItem\",\"@id\":\"https:\\\/\\\/candas365.es\\\/noticias\\\/category\\\/actualidad\\\/#listItem\",\"position\":2,\"name\":\"Actualidad\",\"item\":\"https:\\\/\\\/candas365.es\\\/noticias\\\/category\\\/actualidad\\\/\",\"nextItem\":{\"@type\":\"ListItem\",\"@id\":\"https:\\\/\\\/candas365.es\\\/noticias\\\/turquia-prepara-una-ley-antiterrorista\\\/#listItem\",\"name\":\"Turqu\\u00eda prepara una ley antiterrorista\"},\"previousItem\":{\"@type\":\"ListItem\",\"@id\":\"https:\\\/\\\/candas365.es\\\/noticias#listItem\",\"name\":\"Home\"}},{\"@type\":\"ListItem\",\"@id\":\"https:\\\/\\\/candas365.es\\\/noticias\\\/turquia-prepara-una-ley-antiterrorista\\\/#listItem\",\"position\":3,\"name\":\"Turqu\\u00eda prepara una ley antiterrorista\",\"previousItem\":{\"@type\":\"ListItem\",\"@id\":\"https:\\\/\\\/candas365.es\\\/noticias\\\/category\\\/actualidad\\\/#listItem\",\"name\":\"Actualidad\"}}]},{\"@type\":\"NewsArticle\",\"@id\":\"https:\\\/\\\/candas365.es\\\/noticias\\\/turquia-prepara-una-ley-antiterrorista\\\/#newsarticle\",\"name\":\"Turqu\\u00eda prepara una ley antiterrorista | Cand\\u00e1s 365\",\"headline\":\"Turqu\\u00eda prepara una ley antiterrorista\",\"author\":{\"@id\":\"https:\\\/\\\/candas365.es\\\/noticias\\\/author\\\/admin\\\/#author\"},\"publisher\":{\"@id\":\"https:\\\/\\\/candas365.es\\\/noticias\\\/#organization\"},\"image\":{\"@type\":\"ImageObject\",\"url\":\"https:\\\/\\\/candas365.es\\\/noticias\\\/wp-content\\\/uploads\\\/2016\\\/11\\\/erdogan.jpg\",\"width\":655,\"height\":360},\"datePublished\":\"2018-07-20T14:39:37+02:00\",\"dateModified\":\"2018-07-20T14:39:37+02:00\",\"inLanguage\":\"es-ES\",\"mainEntityOfPage\":{\"@id\":\"https:\\\/\\\/candas365.es\\\/noticias\\\/turquia-prepara-una-ley-antiterrorista\\\/#webpage\"},\"isPartOf\":{\"@id\":\"https:\\\/\\\/candas365.es\\\/noticias\\\/turquia-prepara-una-ley-antiterrorista\\\/#webpage\"},\"articleSection\":\"Actualidad\",\"dateline\":\"Publicado el julio 20, 2018.\"},{\"@type\":\"Organization\",\"@id\":\"https:\\\/\\\/candas365.es\\\/noticias\\\/#organization\",\"name\":\"Cand\\u00e1s 365\",\"description\":\"Cand\\u00e1s 365 es un diario digital independiente, fundado en 2012, con base en Asturias. Informamos con rigor sobre actualidad, sociedad, cultura y ocio, con una mirada local y global.\",\"url\":\"https:\\\/\\\/candas365.es\\\/noticias\\\/\",\"email\":\"info@candas365.es\",\"telephone\":\"+34652131393\",\"foundingDate\":\"2012-06-10\",\"logo\":{\"@type\":\"ImageObject\",\"url\":\"https:\\\/\\\/candas365.es\\\/noticias\\\/wp-content\\\/uploads\\\/2024\\\/09\\\/Candas-365-Redes.jpg\",\"@id\":\"https:\\\/\\\/candas365.es\\\/noticias\\\/turquia-prepara-una-ley-antiterrorista\\\/#organizationLogo\",\"width\":1152,\"height\":864,\"caption\":\"Cand\\u00e1s 365 Redes\"},\"image\":{\"@id\":\"https:\\\/\\\/candas365.es\\\/noticias\\\/turquia-prepara-una-ley-antiterrorista\\\/#organizationLogo\"},\"sameAs\":[\"https:\\\/\\\/www.facebook.com\\\/Nachofdezber\",\"https:\\\/\\\/x.com\\\/NabercoDigital\",\"https:\\\/\\\/www.instagram.com\\\/nachofdezber\\\/\",\"https:\\\/\\\/www.youtube.com\\\/channel\\\/UCZP-2wLEB9Rv6erhFmqVnvg\"],\"address\":{\"@id\":\"https:\\\/\\\/candas365.es\\\/noticias\\\/#postaladdress\",\"@type\":\"PostalAddress\",\"streetAddress\":\"san antonio 4, san antonio 4\",\"postalCode\":\"33430\",\"addressLocality\":\"Cand\\u00e1s\",\"addressRegion\":\"Asturias\",\"addressCountry\":\"ES\"}},{\"@type\":\"Person\",\"@id\":\"https:\\\/\\\/candas365.es\\\/noticias\\\/author\\\/admin\\\/#author\",\"url\":\"https:\\\/\\\/candas365.es\\\/noticias\\\/author\\\/admin\\\/\",\"name\":\"Cand\\u00e1s 365\",\"image\":{\"@type\":\"ImageObject\",\"@id\":\"https:\\\/\\\/candas365.es\\\/noticias\\\/turquia-prepara-una-ley-antiterrorista\\\/#authorImage\",\"url\":\"https:\\\/\\\/secure.gravatar.com\\\/avatar\\\/496a8e03d0c493ede1718b7934145dbdf8d89be1036b0eec9544e1094c9de390?s=96&d=mm&r=g\",\"width\":96,\"height\":96,\"caption\":\"Cand\\u00e1s 365\"},\"sameAs\":[\"https:\\\/\\\/www.facebook.com\\\/carrenoactualidad\",\"https:\\\/\\\/twitter.com\\\/nbasturias\",\"https:\\\/\\\/www.instagram.com\\\/nachofdezber\\\/\",\"https:\\\/\\\/www.youtube.com\\\/channel\\\/UCZP-2wLEB9Rv6erhFmqVnvg\"]},{\"@type\":\"WebPage\",\"@id\":\"https:\\\/\\\/candas365.es\\\/noticias\\\/turquia-prepara-una-ley-antiterrorista\\\/#webpage\",\"url\":\"https:\\\/\\\/candas365.es\\\/noticias\\\/turquia-prepara-una-ley-antiterrorista\\\/\",\"name\":\"Turqu\\u00eda prepara una ley antiterrorista | Cand\\u00e1s 365\",\"description\":\"Estambul, 19 jul (dpa) - El ministro de Justicia turco, Abdulhamit Gul, asegur\\u00f3 hoy que el nuevo proyecto de ley sobre el terrorismo defender\\u00e1 el Estado de derecho y no har\\u00e1 peligrar la libertad, despu\\u00e9s de que Alemania alertara contra la prolongaci\\u00f3n del estado de excepci\\u00f3n a trav\\u00e9s de una \\\"puerta trasera\\\". Una comisi\\u00f3n parlamentaria\",\"inLanguage\":\"es-ES\",\"isPartOf\":{\"@id\":\"https:\\\/\\\/candas365.es\\\/noticias\\\/#website\"},\"breadcrumb\":{\"@id\":\"https:\\\/\\\/candas365.es\\\/noticias\\\/turquia-prepara-una-ley-antiterrorista\\\/#breadcrumblist\"},\"author\":{\"@id\":\"https:\\\/\\\/candas365.es\\\/noticias\\\/author\\\/admin\\\/#author\"},\"creator\":{\"@id\":\"https:\\\/\\\/candas365.es\\\/noticias\\\/author\\\/admin\\\/#author\"},\"image\":{\"@type\":\"ImageObject\",\"url\":\"https:\\\/\\\/candas365.es\\\/noticias\\\/wp-content\\\/uploads\\\/2016\\\/11\\\/erdogan.jpg\",\"@id\":\"https:\\\/\\\/candas365.es\\\/noticias\\\/turquia-prepara-una-ley-antiterrorista\\\/#mainImage\",\"width\":655,\"height\":360},\"primaryImageOfPage\":{\"@id\":\"https:\\\/\\\/candas365.es\\\/noticias\\\/turquia-prepara-una-ley-antiterrorista\\\/#mainImage\"},\"datePublished\":\"2018-07-20T14:39:37+02:00\",\"dateModified\":\"2018-07-20T14:39:37+02:00\"},{\"@type\":\"WebSite\",\"@id\":\"https:\\\/\\\/candas365.es\\\/noticias\\\/#website\",\"url\":\"https:\\\/\\\/candas365.es\\\/noticias\\\/\",\"name\":\"Cand\\u00e1s 365\",\"alternateName\":\"Cand\\u00e1s 365 Noticias\",\"description\":\"Actualidad desde Carre\\u00f1o para el mundo\",\"inLanguage\":\"es-ES\",\"publisher\":{\"@id\":\"https:\\\/\\\/candas365.es\\\/noticias\\\/#organization\"}}]}\n\t\t<\/script>\n\t\t<!-- All in One SEO Pro -->\r\n\t\t<title>Turqu\u00eda prepara una ley antiterrorista | Cand\u00e1s 365<\/title>\n\n","aioseo_head_json":{"title":"Turqu\u00eda prepara una ley antiterrorista | Cand\u00e1s 365","description":"Estambul, 19 jul (dpa) - El ministro de Justicia turco, Abdulhamit Gul, asegur\u00f3 hoy que el nuevo proyecto de ley sobre el terrorismo defender\u00e1 el Estado de derecho y no har\u00e1 peligrar la libertad, despu\u00e9s de que Alemania alertara contra la prolongaci\u00f3n del estado de excepci\u00f3n a trav\u00e9s de una \"puerta trasera\". Una comisi\u00f3n parlamentaria","canonical_url":"https:\/\/candas365.es\/noticias\/turquia-prepara-una-ley-antiterrorista\/","robots":"max-image-preview:large","keywords":"actualidad","webmasterTools":{"google-site-verification":"UA-32230408-1","msvalidate.01":"354F3CDFB2DA171B47FBE9ABF1F88D5","miscellaneous":""},"schema":{"@context":"https:\/\/schema.org","@graph":[{"@type":"BreadcrumbList","@id":"https:\/\/candas365.es\/noticias\/turquia-prepara-una-ley-antiterrorista\/#breadcrumblist","itemListElement":[{"@type":"ListItem","@id":"https:\/\/candas365.es\/noticias#listItem","position":1,"name":"Home","item":"https:\/\/candas365.es\/noticias","nextItem":{"@type":"ListItem","@id":"https:\/\/candas365.es\/noticias\/category\/actualidad\/#listItem","name":"Actualidad"}},{"@type":"ListItem","@id":"https:\/\/candas365.es\/noticias\/category\/actualidad\/#listItem","position":2,"name":"Actualidad","item":"https:\/\/candas365.es\/noticias\/category\/actualidad\/","nextItem":{"@type":"ListItem","@id":"https:\/\/candas365.es\/noticias\/turquia-prepara-una-ley-antiterrorista\/#listItem","name":"Turqu\u00eda prepara una ley antiterrorista"},"previousItem":{"@type":"ListItem","@id":"https:\/\/candas365.es\/noticias#listItem","name":"Home"}},{"@type":"ListItem","@id":"https:\/\/candas365.es\/noticias\/turquia-prepara-una-ley-antiterrorista\/#listItem","position":3,"name":"Turqu\u00eda prepara una ley antiterrorista","previousItem":{"@type":"ListItem","@id":"https:\/\/candas365.es\/noticias\/category\/actualidad\/#listItem","name":"Actualidad"}}]},{"@type":"NewsArticle","@id":"https:\/\/candas365.es\/noticias\/turquia-prepara-una-ley-antiterrorista\/#newsarticle","name":"Turqu\u00eda prepara una ley antiterrorista | Cand\u00e1s 365","headline":"Turqu\u00eda prepara una ley antiterrorista","author":{"@id":"https:\/\/candas365.es\/noticias\/author\/admin\/#author"},"publisher":{"@id":"https:\/\/candas365.es\/noticias\/#organization"},"image":{"@type":"ImageObject","url":"https:\/\/candas365.es\/noticias\/wp-content\/uploads\/2016\/11\/erdogan.jpg","width":655,"height":360},"datePublished":"2018-07-20T14:39:37+02:00","dateModified":"2018-07-20T14:39:37+02:00","inLanguage":"es-ES","mainEntityOfPage":{"@id":"https:\/\/candas365.es\/noticias\/turquia-prepara-una-ley-antiterrorista\/#webpage"},"isPartOf":{"@id":"https:\/\/candas365.es\/noticias\/turquia-prepara-una-ley-antiterrorista\/#webpage"},"articleSection":"Actualidad","dateline":"Publicado el julio 20, 2018."},{"@type":"Organization","@id":"https:\/\/candas365.es\/noticias\/#organization","name":"Cand\u00e1s 365","description":"Cand\u00e1s 365 es un diario digital independiente, fundado en 2012, con base en Asturias. Informamos con rigor sobre actualidad, sociedad, cultura y ocio, con una mirada local y global.","url":"https:\/\/candas365.es\/noticias\/","email":"info@candas365.es","telephone":"+34652131393","foundingDate":"2012-06-10","logo":{"@type":"ImageObject","url":"https:\/\/candas365.es\/noticias\/wp-content\/uploads\/2024\/09\/Candas-365-Redes.jpg","@id":"https:\/\/candas365.es\/noticias\/turquia-prepara-una-ley-antiterrorista\/#organizationLogo","width":1152,"height":864,"caption":"Cand\u00e1s 365 Redes"},"image":{"@id":"https:\/\/candas365.es\/noticias\/turquia-prepara-una-ley-antiterrorista\/#organizationLogo"},"sameAs":["https:\/\/www.facebook.com\/Nachofdezber","https:\/\/x.com\/NabercoDigital","https:\/\/www.instagram.com\/nachofdezber\/","https:\/\/www.youtube.com\/channel\/UCZP-2wLEB9Rv6erhFmqVnvg"],"address":{"@id":"https:\/\/candas365.es\/noticias\/#postaladdress","@type":"PostalAddress","streetAddress":"san antonio 4, san antonio 4","postalCode":"33430","addressLocality":"Cand\u00e1s","addressRegion":"Asturias","addressCountry":"ES"}},{"@type":"Person","@id":"https:\/\/candas365.es\/noticias\/author\/admin\/#author","url":"https:\/\/candas365.es\/noticias\/author\/admin\/","name":"Cand\u00e1s 365","image":{"@type":"ImageObject","@id":"https:\/\/candas365.es\/noticias\/turquia-prepara-una-ley-antiterrorista\/#authorImage","url":"https:\/\/secure.gravatar.com\/avatar\/496a8e03d0c493ede1718b7934145dbdf8d89be1036b0eec9544e1094c9de390?s=96&d=mm&r=g","width":96,"height":96,"caption":"Cand\u00e1s 365"},"sameAs":["https:\/\/www.facebook.com\/carrenoactualidad","https:\/\/twitter.com\/nbasturias","https:\/\/www.instagram.com\/nachofdezber\/","https:\/\/www.youtube.com\/channel\/UCZP-2wLEB9Rv6erhFmqVnvg"]},{"@type":"WebPage","@id":"https:\/\/candas365.es\/noticias\/turquia-prepara-una-ley-antiterrorista\/#webpage","url":"https:\/\/candas365.es\/noticias\/turquia-prepara-una-ley-antiterrorista\/","name":"Turqu\u00eda prepara una ley antiterrorista | Cand\u00e1s 365","description":"Estambul, 19 jul (dpa) - El ministro de Justicia turco, Abdulhamit Gul, asegur\u00f3 hoy que el nuevo proyecto de ley sobre el terrorismo defender\u00e1 el Estado de derecho y no har\u00e1 peligrar la libertad, despu\u00e9s de que Alemania alertara contra la prolongaci\u00f3n del estado de excepci\u00f3n a trav\u00e9s de una \"puerta trasera\". Una comisi\u00f3n parlamentaria","inLanguage":"es-ES","isPartOf":{"@id":"https:\/\/candas365.es\/noticias\/#website"},"breadcrumb":{"@id":"https:\/\/candas365.es\/noticias\/turquia-prepara-una-ley-antiterrorista\/#breadcrumblist"},"author":{"@id":"https:\/\/candas365.es\/noticias\/author\/admin\/#author"},"creator":{"@id":"https:\/\/candas365.es\/noticias\/author\/admin\/#author"},"image":{"@type":"ImageObject","url":"https:\/\/candas365.es\/noticias\/wp-content\/uploads\/2016\/11\/erdogan.jpg","@id":"https:\/\/candas365.es\/noticias\/turquia-prepara-una-ley-antiterrorista\/#mainImage","width":655,"height":360},"primaryImageOfPage":{"@id":"https:\/\/candas365.es\/noticias\/turquia-prepara-una-ley-antiterrorista\/#mainImage"},"datePublished":"2018-07-20T14:39:37+02:00","dateModified":"2018-07-20T14:39:37+02:00"},{"@type":"WebSite","@id":"https:\/\/candas365.es\/noticias\/#website","url":"https:\/\/candas365.es\/noticias\/","name":"Cand\u00e1s 365","alternateName":"Cand\u00e1s 365 Noticias","description":"Actualidad desde Carre\u00f1o para el mundo","inLanguage":"es-ES","publisher":{"@id":"https:\/\/candas365.es\/noticias\/#organization"}}]},"og:locale":"es_ES","og:site_name":"Cand\u00e1s 365","og:type":"article","og:title":"Turqu\u00eda prepara una ley antiterrorista | Cand\u00e1s 365","og:description":"Estambul, 19 jul (dpa) - El ministro de Justicia turco, Abdulhamit Gul, asegur\u00f3 hoy que el nuevo proyecto de ley sobre el terrorismo defender\u00e1 el Estado de derecho y no har\u00e1 peligrar la libertad, despu\u00e9s de que Alemania alertara contra la prolongaci\u00f3n del estado de excepci\u00f3n a trav\u00e9s de una &quot;puerta trasera&quot;. Una comisi\u00f3n parlamentaria","og:url":"https:\/\/candas365.es\/noticias\/turquia-prepara-una-ley-antiterrorista\/","og:image":"https:\/\/candas365.es\/noticias\/wp-content\/uploads\/2016\/11\/erdogan.jpg","og:image:secure_url":"https:\/\/candas365.es\/noticias\/wp-content\/uploads\/2016\/11\/erdogan.jpg","og:image:width":655,"og:image:height":360,"article:published_time":"2018-07-20T14:39:37+00:00","article:modified_time":"2018-07-20T14:39:37+00:00","article:publisher":"https:\/\/www.facebook.com\/Nachofdezber","article:author":"https:\/\/www.facebook.com\/carrenoactualidad","twitter:card":"summary_large_image","twitter:site":"@NabercoDigital","twitter:title":"Turqu\u00eda prepara una ley antiterrorista | Cand\u00e1s 365","twitter:description":"Estambul, 19 jul (dpa) - El ministro de Justicia turco, Abdulhamit Gul, asegur\u00f3 hoy que el nuevo proyecto de ley sobre el terrorismo defender\u00e1 el Estado de derecho y no har\u00e1 peligrar la libertad, despu\u00e9s de que Alemania alertara contra la prolongaci\u00f3n del estado de excepci\u00f3n a trav\u00e9s de una &quot;puerta trasera&quot;. Una comisi\u00f3n parlamentaria","twitter:creator":"@nbasturias","twitter:image":"https:\/\/candas365.es\/noticias\/wp-content\/uploads\/2016\/11\/erdogan.jpg","twitter:label1":"Escrito por","twitter:data1":"Cand\u00e1s 365","twitter:label2":"Tiempo de lectura estimado","twitter:data2":"3 minutos"},"aioseo_meta_data":{"post_id":"100775","title":null,"description":null,"keywords":null,"keyphrases":null,"primary_term":null,"canonical_url":null,"og_title":null,"og_description":null,"og_object_type":"default","og_image_type":"default","og_image_url":null,"og_image_width":null,"og_image_height":null,"og_image_custom_url":null,"og_image_custom_fields":null,"og_video":null,"og_custom_url":null,"og_article_section":null,"og_article_tags":null,"twitter_use_og":false,"twitter_card":"default","twitter_image_type":"default","twitter_image_url":null,"twitter_image_custom_url":null,"twitter_image_custom_fields":null,"twitter_title":null,"twitter_description":null,"schema":{"blockGraphs":[],"customGraphs":[],"default":{"data":{"Article":[],"Course":[],"Dataset":[],"FAQPage":[],"Movie":[],"Person":[],"Product":[],"ProductReview":[],"Car":[],"Recipe":[],"Service":[],"SoftwareApplication":[],"WebPage":[]},"graphName":"","isEnabled":true},"graphs":[],"defaultGraph":"","defaultPostTypeGraph":""},"schema_type":null,"schema_type_options":null,"pillar_content":false,"robots_default":true,"robots_noindex":false,"robots_noarchive":false,"robots_nosnippet":false,"robots_nofollow":false,"robots_noimageindex":false,"robots_noodp":false,"robots_notranslate":false,"robots_max_snippet":null,"robots_max_videopreview":null,"robots_max_imagepreview":"large","priority":null,"frequency":null,"location":null,"local_seo":null,"seo_analyzer_scan_date":"2025-08-27 09:43:17","breadcrumb_settings":null,"limit_modified_date":false,"reviewed_by":null,"open_ai":null,"ai":null,"created":"2020-12-21 11:12:36","updated":"2025-08-27 09:43:17"},"aioseo_breadcrumb":"<div class=\"aioseo-breadcrumbs\"><span class=\"aioseo-breadcrumb\">\n\t<a href=\"https:\/\/candas365.es\/noticias\" title=\"Home\">Home<\/a>\n<\/span><span class=\"aioseo-breadcrumb-separator\">&ndash;<\/span><span class=\"aioseo-breadcrumb\">\n\t<a href=\"https:\/\/candas365.es\/noticias\/category\/actualidad\/\" title=\"Actualidad\">Actualidad<\/a>\n<\/span><span class=\"aioseo-breadcrumb-separator\">&ndash;<\/span><span class=\"aioseo-breadcrumb\">\n\tTurqu\u00eda prepara una ley antiterrorista\n<\/span><\/div>","aioseo_breadcrumb_json":[{"label":"Home","link":"https:\/\/candas365.es\/noticias"},{"label":"Actualidad","link":"https:\/\/candas365.es\/noticias\/category\/actualidad\/"},{"label":"Turqu\u00eda prepara una ley antiterrorista","link":"https:\/\/candas365.es\/noticias\/turquia-prepara-una-ley-antiterrorista\/"}],"_links":{"self":[{"href":"https:\/\/candas365.es\/noticias\/wp-json\/wp\/v2\/posts\/100775","targetHints":{"allow":["GET"]}}],"collection":[{"href":"https:\/\/candas365.es\/noticias\/wp-json\/wp\/v2\/posts"}],"about":[{"href":"https:\/\/candas365.es\/noticias\/wp-json\/wp\/v2\/types\/post"}],"author":[{"embeddable":true,"href":"https:\/\/candas365.es\/noticias\/wp-json\/wp\/v2\/users\/1"}],"replies":[{"embeddable":true,"href":"https:\/\/candas365.es\/noticias\/wp-json\/wp\/v2\/comments?post=100775"}],"version-history":[{"count":0,"href":"https:\/\/candas365.es\/noticias\/wp-json\/wp\/v2\/posts\/100775\/revisions"}],"wp:featuredmedia":[{"embeddable":true,"href":"https:\/\/candas365.es\/noticias\/wp-json\/wp\/v2\/media\/35343"}],"wp:attachment":[{"href":"https:\/\/candas365.es\/noticias\/wp-json\/wp\/v2\/media?parent=100775"}],"wp:term":[{"taxonomy":"category","embeddable":true,"href":"https:\/\/candas365.es\/noticias\/wp-json\/wp\/v2\/categories?post=100775"},{"taxonomy":"post_tag","embeddable":true,"href":"https:\/\/candas365.es\/noticias\/wp-json\/wp\/v2\/tags?post=100775"}],"curies":[{"name":"wp","href":"https:\/\/api.w.org\/{rel}","templated":true}]}}