{"id":100773,"date":"2018-07-20T14:37:39","date_gmt":"2018-07-20T14:37:39","guid":{"rendered":"http:\/\/candas365.es\/noticias\/?p=100773"},"modified":"2018-07-20T14:37:39","modified_gmt":"2018-07-20T14:37:39","slug":"la-fiscalia-alemana-pide-que-se-levante-la-orden-de-detencion-a-puigdemont","status":"publish","type":"post","link":"https:\/\/candas365.es\/noticias\/la-fiscalia-alemana-pide-que-se-levante-la-orden-de-detencion-a-puigdemont\/","title":{"rendered":"La Fiscal\u00eda alemana pide que se levante la orden de detenci\u00f3n a Puigdemont"},"content":{"rendered":"<p><img fetchpriority=\"high\" decoding=\"async\" class=\"alignleft size-medium wp-image-92393\" src=\"https:\/\/candas365.es\/noticias\/wp-content\/uploads\/2018\/03\/Puigdemont-360x202.jpg\" alt=\"\" width=\"360\" height=\"202\" srcset=\"https:\/\/candas365.es\/noticias\/wp-content\/uploads\/2018\/03\/Puigdemont-360x202.jpg 360w, https:\/\/candas365.es\/noticias\/wp-content\/uploads\/2018\/03\/Puigdemont.jpg 499w\" sizes=\"(max-width: 360px) 100vw, 360px\" \/>Schleswig (Alemania), 21 (dpa) &#8211; La Fiscal\u00eda General del estado alem\u00e1n de Schleswig-Holstein comunic\u00f3 hoy que solicit\u00f3 al Tribunal Superior Regional de esta regi\u00f3n que levante la orden de prisi\u00f3n preventiva para la entrega del l\u00edder independentista catal\u00e1n Carles Puigdemont.<\/p>\n<p>En un comunicado emitido hoy en la ciudad de Schleswig, la Fiscal\u00eda confirm\u00f3 oficialmente que el Tribunal Supremo de Espa\u00f1a retir\u00f3 la orden europea de detenci\u00f3n emitida contra Puigdemont. En virtud de dicha orden Puigdemont fue arrestado el 25 de marzo en Alemania, aunque fue puesto en libertad bajo fianza el 6 de abril.<\/p>\n<p>\u00abDe esta forma ya no existe fundamento legal para continuar con el procedimiento de entrega\u00bb, se\u00f1al\u00f3 la Fiscal\u00eda. \u00abUna vez que sea revocada la orden de prisi\u00f3n preventiva terminar\u00e1 el procedimiento de extradici\u00f3n\u00bb, agrega el comunicado.<\/p>\n<p>El Tribunal Supremo de Espa\u00f1a rechaz\u00f3 el jueves la entrega de Puigdemont en las condiciones acordadas por la Justicia de Alemania, pa\u00eds donde fue detenido en marzo, y retir\u00f3 la orden europea de arresto contra \u00e9l.<\/p>\n<p>El juez espa\u00f1ol Pablo Llarena no acept\u00f3 que sea entregado a Espa\u00f1a solo por malversaci\u00f3n de caudales p\u00fablicos en relaci\u00f3n con el refer\u00e9ndum soberanista que impuls\u00f3 en octubre en Catalu\u00f1a y no por un delito de rebeli\u00f3n, como reclamaba.<\/p>\n<p>Una entrega solo por malversaci\u00f3n supondr\u00eda que Espa\u00f1a no podr\u00eda juzgarlo por rebeli\u00f3n, delito m\u00e1s grave y penado con hasta 30 a\u00f1os de c\u00e1rcel.<\/p>\n","protected":false},"excerpt":{"rendered":"<p>Schleswig (Alemania), 21 (dpa) &#8211; La Fiscal\u00eda General del estado alem\u00e1n de Schleswig-Holstein comunic\u00f3 hoy que solicit\u00f3 al Tribunal Superior Regional de esta regi\u00f3n que levante la orden de prisi\u00f3n preventiva para la entrega del l\u00edder independentista catal\u00e1n Carles Puigdemont. En un comunicado emitido hoy en la ciudad de Schleswig, la Fiscal\u00eda confirm\u00f3 oficialmente que<\/p>\n","protected":false},"author":1,"featured_media":92393,"comment_status":"closed","ping_status":"closed","sticky":false,"template":"","format":"standard","meta":{"footnotes":""},"categories":[343],"tags":[],"class_list":{"0":"post-100773","1":"post","2":"type-post","3":"status-publish","4":"format-standard","5":"has-post-thumbnail","7":"category-actualidad"},"aioseo_notices":[],"aioseo_head":"\n\t\t<!-- All in One SEO Pro 4.9.6.2 - aioseo.com -->\n\t<meta name=\"description\" content=\"Schleswig (Alemania), 21 (dpa) - La Fiscal\u00eda General del estado alem\u00e1n de Schleswig-Holstein comunic\u00f3 hoy que solicit\u00f3 al Tribunal Superior Regional de esta regi\u00f3n que levante la orden de prisi\u00f3n preventiva para la entrega del l\u00edder independentista catal\u00e1n Carles Puigdemont. En un comunicado emitido hoy en la ciudad de Schleswig, la Fiscal\u00eda confirm\u00f3 oficialmente que\" \/>\n\t<meta name=\"robots\" content=\"max-image-preview:large\" \/>\n\t<meta name=\"author\" content=\"Cand\u00e1s 365\"\/>\n\t<meta name=\"google-site-verification\" content=\"UA-32230408-1\" \/>\n\t<meta name=\"msvalidate.01\" content=\"354F3CDFB2DA171B47FBE9ABF1F88D5\" \/>\n\t<meta name=\"keywords\" content=\"actualidad\" \/>\n\t<link rel=\"canonical\" href=\"https:\/\/candas365.es\/noticias\/la-fiscalia-alemana-pide-que-se-levante-la-orden-de-detencion-a-puigdemont\/\" \/>\n\t<meta name=\"generator\" content=\"All in One SEO Pro (AIOSEO) 4.9.6.2\" \/>\n\t\t<meta property=\"og:locale\" content=\"es_ES\" \/>\n\t\t<meta property=\"og:site_name\" content=\"Cand\u00e1s 365\" \/>\n\t\t<meta property=\"og:type\" content=\"article\" \/>\n\t\t<meta property=\"og:title\" content=\"La Fiscal\u00eda alemana pide que se levante la orden de detenci\u00f3n a Puigdemont | Cand\u00e1s 365\" \/>\n\t\t<meta property=\"og:description\" content=\"Schleswig (Alemania), 21 (dpa) - La Fiscal\u00eda General del estado alem\u00e1n de Schleswig-Holstein comunic\u00f3 hoy que solicit\u00f3 al Tribunal Superior Regional de esta regi\u00f3n que levante la orden de prisi\u00f3n preventiva para la entrega del l\u00edder independentista catal\u00e1n Carles Puigdemont. En un comunicado emitido hoy en la ciudad de Schleswig, la Fiscal\u00eda confirm\u00f3 oficialmente que\" \/>\n\t\t<meta property=\"og:url\" content=\"https:\/\/candas365.es\/noticias\/la-fiscalia-alemana-pide-que-se-levante-la-orden-de-detencion-a-puigdemont\/\" \/>\n\t\t<meta property=\"og:image\" content=\"https:\/\/candas365.es\/noticias\/wp-content\/uploads\/2018\/03\/Puigdemont.jpg\" \/>\n\t\t<meta property=\"og:image:secure_url\" content=\"https:\/\/candas365.es\/noticias\/wp-content\/uploads\/2018\/03\/Puigdemont.jpg\" \/>\n\t\t<meta property=\"og:image:width\" content=\"499\" \/>\n\t\t<meta property=\"og:image:height\" content=\"280\" \/>\n\t\t<meta property=\"article:published_time\" content=\"2018-07-20T14:37:39+00:00\" \/>\n\t\t<meta property=\"article:modified_time\" content=\"2018-07-20T14:37:39+00:00\" \/>\n\t\t<meta property=\"article:publisher\" content=\"https:\/\/www.facebook.com\/Nachofdezber\" \/>\n\t\t<meta property=\"article:author\" content=\"https:\/\/www.facebook.com\/carrenoactualidad\" \/>\n\t\t<meta name=\"twitter:card\" content=\"summary_large_image\" \/>\n\t\t<meta name=\"twitter:site\" content=\"@NabercoDigital\" \/>\n\t\t<meta name=\"twitter:title\" content=\"La Fiscal\u00eda alemana pide que se levante la orden de detenci\u00f3n a Puigdemont | Cand\u00e1s 365\" \/>\n\t\t<meta name=\"twitter:description\" content=\"Schleswig (Alemania), 21 (dpa) - La Fiscal\u00eda General del estado alem\u00e1n de Schleswig-Holstein comunic\u00f3 hoy que solicit\u00f3 al Tribunal Superior Regional de esta regi\u00f3n que levante la orden de prisi\u00f3n preventiva para la entrega del l\u00edder independentista catal\u00e1n Carles Puigdemont. En un comunicado emitido hoy en la ciudad de Schleswig, la Fiscal\u00eda confirm\u00f3 oficialmente que\" \/>\n\t\t<meta name=\"twitter:creator\" content=\"@nbasturias\" \/>\n\t\t<meta name=\"twitter:image\" content=\"https:\/\/candas365.es\/noticias\/wp-content\/uploads\/2018\/03\/Puigdemont.jpg\" \/>\n\t\t<meta name=\"twitter:label1\" content=\"Escrito por\" \/>\n\t\t<meta name=\"twitter:data1\" content=\"Cand\u00e1s 365\" \/>\n\t\t<meta name=\"twitter:label2\" content=\"Tiempo de lectura estimado\" \/>\n\t\t<meta name=\"twitter:data2\" content=\"1 minuto\" \/>\n\t\t<script type=\"application\/ld+json\" class=\"aioseo-schema\">\n\t\t\t{\"@context\":\"https:\\\/\\\/schema.org\",\"@graph\":[{\"@type\":\"BreadcrumbList\",\"@id\":\"https:\\\/\\\/candas365.es\\\/noticias\\\/la-fiscalia-alemana-pide-que-se-levante-la-orden-de-detencion-a-puigdemont\\\/#breadcrumblist\",\"itemListElement\":[{\"@type\":\"ListItem\",\"@id\":\"https:\\\/\\\/candas365.es\\\/noticias#listItem\",\"position\":1,\"name\":\"Home\",\"item\":\"https:\\\/\\\/candas365.es\\\/noticias\",\"nextItem\":{\"@type\":\"ListItem\",\"@id\":\"https:\\\/\\\/candas365.es\\\/noticias\\\/category\\\/actualidad\\\/#listItem\",\"name\":\"Actualidad\"}},{\"@type\":\"ListItem\",\"@id\":\"https:\\\/\\\/candas365.es\\\/noticias\\\/category\\\/actualidad\\\/#listItem\",\"position\":2,\"name\":\"Actualidad\",\"item\":\"https:\\\/\\\/candas365.es\\\/noticias\\\/category\\\/actualidad\\\/\",\"nextItem\":{\"@type\":\"ListItem\",\"@id\":\"https:\\\/\\\/candas365.es\\\/noticias\\\/la-fiscalia-alemana-pide-que-se-levante-la-orden-de-detencion-a-puigdemont\\\/#listItem\",\"name\":\"La Fiscal\\u00eda alemana pide que se levante la orden de detenci\\u00f3n a Puigdemont\"},\"previousItem\":{\"@type\":\"ListItem\",\"@id\":\"https:\\\/\\\/candas365.es\\\/noticias#listItem\",\"name\":\"Home\"}},{\"@type\":\"ListItem\",\"@id\":\"https:\\\/\\\/candas365.es\\\/noticias\\\/la-fiscalia-alemana-pide-que-se-levante-la-orden-de-detencion-a-puigdemont\\\/#listItem\",\"position\":3,\"name\":\"La Fiscal\\u00eda alemana pide que se levante la orden de detenci\\u00f3n a Puigdemont\",\"previousItem\":{\"@type\":\"ListItem\",\"@id\":\"https:\\\/\\\/candas365.es\\\/noticias\\\/category\\\/actualidad\\\/#listItem\",\"name\":\"Actualidad\"}}]},{\"@type\":\"NewsArticle\",\"@id\":\"https:\\\/\\\/candas365.es\\\/noticias\\\/la-fiscalia-alemana-pide-que-se-levante-la-orden-de-detencion-a-puigdemont\\\/#newsarticle\",\"name\":\"La Fiscal\\u00eda alemana pide que se levante la orden de detenci\\u00f3n a Puigdemont | Cand\\u00e1s 365\",\"headline\":\"La Fiscal\\u00eda alemana pide que se levante la orden de detenci\\u00f3n a Puigdemont\",\"author\":{\"@id\":\"https:\\\/\\\/candas365.es\\\/noticias\\\/author\\\/admin\\\/#author\"},\"publisher\":{\"@id\":\"https:\\\/\\\/candas365.es\\\/noticias\\\/#organization\"},\"image\":{\"@type\":\"ImageObject\",\"url\":\"https:\\\/\\\/candas365.es\\\/noticias\\\/wp-content\\\/uploads\\\/2018\\\/03\\\/Puigdemont.jpg\",\"width\":499,\"height\":280},\"datePublished\":\"2018-07-20T14:37:39+02:00\",\"dateModified\":\"2018-07-20T14:37:39+02:00\",\"inLanguage\":\"es-ES\",\"mainEntityOfPage\":{\"@id\":\"https:\\\/\\\/candas365.es\\\/noticias\\\/la-fiscalia-alemana-pide-que-se-levante-la-orden-de-detencion-a-puigdemont\\\/#webpage\"},\"isPartOf\":{\"@id\":\"https:\\\/\\\/candas365.es\\\/noticias\\\/la-fiscalia-alemana-pide-que-se-levante-la-orden-de-detencion-a-puigdemont\\\/#webpage\"},\"articleSection\":\"Actualidad\",\"dateline\":\"Publicado el julio 20, 2018.\"},{\"@type\":\"Organization\",\"@id\":\"https:\\\/\\\/candas365.es\\\/noticias\\\/#organization\",\"name\":\"Cand\\u00e1s 365\",\"description\":\"Cand\\u00e1s 365 es un diario digital independiente, fundado en 2012, con base en Asturias. Informamos con rigor sobre actualidad, sociedad, cultura y ocio, con una mirada local y global.\",\"url\":\"https:\\\/\\\/candas365.es\\\/noticias\\\/\",\"email\":\"info@candas365.es\",\"telephone\":\"+34652131393\",\"foundingDate\":\"2012-06-10\",\"logo\":{\"@type\":\"ImageObject\",\"url\":\"https:\\\/\\\/candas365.es\\\/noticias\\\/wp-content\\\/uploads\\\/2024\\\/09\\\/Candas-365-Redes.jpg\",\"@id\":\"https:\\\/\\\/candas365.es\\\/noticias\\\/la-fiscalia-alemana-pide-que-se-levante-la-orden-de-detencion-a-puigdemont\\\/#organizationLogo\",\"width\":1152,\"height\":864,\"caption\":\"Cand\\u00e1s 365 Redes\"},\"image\":{\"@id\":\"https:\\\/\\\/candas365.es\\\/noticias\\\/la-fiscalia-alemana-pide-que-se-levante-la-orden-de-detencion-a-puigdemont\\\/#organizationLogo\"},\"sameAs\":[\"https:\\\/\\\/www.facebook.com\\\/Nachofdezber\",\"https:\\\/\\\/x.com\\\/NabercoDigital\",\"https:\\\/\\\/www.instagram.com\\\/nachofdezber\\\/\",\"https:\\\/\\\/www.youtube.com\\\/channel\\\/UCZP-2wLEB9Rv6erhFmqVnvg\"],\"address\":{\"@id\":\"https:\\\/\\\/candas365.es\\\/noticias\\\/#postaladdress\",\"@type\":\"PostalAddress\",\"streetAddress\":\"san antonio 4, san antonio 4\",\"postalCode\":\"33430\",\"addressLocality\":\"Cand\\u00e1s\",\"addressRegion\":\"Asturias\",\"addressCountry\":\"ES\"}},{\"@type\":\"Person\",\"@id\":\"https:\\\/\\\/candas365.es\\\/noticias\\\/author\\\/admin\\\/#author\",\"url\":\"https:\\\/\\\/candas365.es\\\/noticias\\\/author\\\/admin\\\/\",\"name\":\"Cand\\u00e1s 365\",\"image\":{\"@type\":\"ImageObject\",\"@id\":\"https:\\\/\\\/candas365.es\\\/noticias\\\/la-fiscalia-alemana-pide-que-se-levante-la-orden-de-detencion-a-puigdemont\\\/#authorImage\",\"url\":\"https:\\\/\\\/secure.gravatar.com\\\/avatar\\\/496a8e03d0c493ede1718b7934145dbdf8d89be1036b0eec9544e1094c9de390?s=96&d=mm&r=g\",\"width\":96,\"height\":96,\"caption\":\"Cand\\u00e1s 365\"},\"sameAs\":[\"https:\\\/\\\/www.facebook.com\\\/carrenoactualidad\",\"https:\\\/\\\/twitter.com\\\/nbasturias\",\"https:\\\/\\\/www.instagram.com\\\/nachofdezber\\\/\",\"https:\\\/\\\/www.youtube.com\\\/channel\\\/UCZP-2wLEB9Rv6erhFmqVnvg\"]},{\"@type\":\"WebPage\",\"@id\":\"https:\\\/\\\/candas365.es\\\/noticias\\\/la-fiscalia-alemana-pide-que-se-levante-la-orden-de-detencion-a-puigdemont\\\/#webpage\",\"url\":\"https:\\\/\\\/candas365.es\\\/noticias\\\/la-fiscalia-alemana-pide-que-se-levante-la-orden-de-detencion-a-puigdemont\\\/\",\"name\":\"La Fiscal\\u00eda alemana pide que se levante la orden de detenci\\u00f3n a Puigdemont | Cand\\u00e1s 365\",\"description\":\"Schleswig (Alemania), 21 (dpa) - La Fiscal\\u00eda General del estado alem\\u00e1n de Schleswig-Holstein comunic\\u00f3 hoy que solicit\\u00f3 al Tribunal Superior Regional de esta regi\\u00f3n que levante la orden de prisi\\u00f3n preventiva para la entrega del l\\u00edder independentista catal\\u00e1n Carles Puigdemont. En un comunicado emitido hoy en la ciudad de Schleswig, la Fiscal\\u00eda confirm\\u00f3 oficialmente que\",\"inLanguage\":\"es-ES\",\"isPartOf\":{\"@id\":\"https:\\\/\\\/candas365.es\\\/noticias\\\/#website\"},\"breadcrumb\":{\"@id\":\"https:\\\/\\\/candas365.es\\\/noticias\\\/la-fiscalia-alemana-pide-que-se-levante-la-orden-de-detencion-a-puigdemont\\\/#breadcrumblist\"},\"author\":{\"@id\":\"https:\\\/\\\/candas365.es\\\/noticias\\\/author\\\/admin\\\/#author\"},\"creator\":{\"@id\":\"https:\\\/\\\/candas365.es\\\/noticias\\\/author\\\/admin\\\/#author\"},\"image\":{\"@type\":\"ImageObject\",\"url\":\"https:\\\/\\\/candas365.es\\\/noticias\\\/wp-content\\\/uploads\\\/2018\\\/03\\\/Puigdemont.jpg\",\"@id\":\"https:\\\/\\\/candas365.es\\\/noticias\\\/la-fiscalia-alemana-pide-que-se-levante-la-orden-de-detencion-a-puigdemont\\\/#mainImage\",\"width\":499,\"height\":280},\"primaryImageOfPage\":{\"@id\":\"https:\\\/\\\/candas365.es\\\/noticias\\\/la-fiscalia-alemana-pide-que-se-levante-la-orden-de-detencion-a-puigdemont\\\/#mainImage\"},\"datePublished\":\"2018-07-20T14:37:39+02:00\",\"dateModified\":\"2018-07-20T14:37:39+02:00\"},{\"@type\":\"WebSite\",\"@id\":\"https:\\\/\\\/candas365.es\\\/noticias\\\/#website\",\"url\":\"https:\\\/\\\/candas365.es\\\/noticias\\\/\",\"name\":\"Cand\\u00e1s 365\",\"alternateName\":\"Cand\\u00e1s 365 Noticias\",\"description\":\"Actualidad desde Carre\\u00f1o para el mundo\",\"inLanguage\":\"es-ES\",\"publisher\":{\"@id\":\"https:\\\/\\\/candas365.es\\\/noticias\\\/#organization\"}}]}\n\t\t<\/script>\n\t\t<!-- All in One SEO Pro -->\r\n\t\t<title>La Fiscal\u00eda alemana pide que se levante la orden de detenci\u00f3n a Puigdemont | Cand\u00e1s 365<\/title>\n\n","aioseo_head_json":{"title":"La Fiscal\u00eda alemana pide que se levante la orden de detenci\u00f3n a Puigdemont | Cand\u00e1s 365","description":"Schleswig (Alemania), 21 (dpa) - La Fiscal\u00eda General del estado alem\u00e1n de Schleswig-Holstein comunic\u00f3 hoy que solicit\u00f3 al Tribunal Superior Regional de esta regi\u00f3n que levante la orden de prisi\u00f3n preventiva para la entrega del l\u00edder independentista catal\u00e1n Carles Puigdemont. En un comunicado emitido hoy en la ciudad de Schleswig, la Fiscal\u00eda confirm\u00f3 oficialmente que","canonical_url":"https:\/\/candas365.es\/noticias\/la-fiscalia-alemana-pide-que-se-levante-la-orden-de-detencion-a-puigdemont\/","robots":"max-image-preview:large","keywords":"actualidad","webmasterTools":{"google-site-verification":"UA-32230408-1","msvalidate.01":"354F3CDFB2DA171B47FBE9ABF1F88D5","miscellaneous":""},"schema":{"@context":"https:\/\/schema.org","@graph":[{"@type":"BreadcrumbList","@id":"https:\/\/candas365.es\/noticias\/la-fiscalia-alemana-pide-que-se-levante-la-orden-de-detencion-a-puigdemont\/#breadcrumblist","itemListElement":[{"@type":"ListItem","@id":"https:\/\/candas365.es\/noticias#listItem","position":1,"name":"Home","item":"https:\/\/candas365.es\/noticias","nextItem":{"@type":"ListItem","@id":"https:\/\/candas365.es\/noticias\/category\/actualidad\/#listItem","name":"Actualidad"}},{"@type":"ListItem","@id":"https:\/\/candas365.es\/noticias\/category\/actualidad\/#listItem","position":2,"name":"Actualidad","item":"https:\/\/candas365.es\/noticias\/category\/actualidad\/","nextItem":{"@type":"ListItem","@id":"https:\/\/candas365.es\/noticias\/la-fiscalia-alemana-pide-que-se-levante-la-orden-de-detencion-a-puigdemont\/#listItem","name":"La Fiscal\u00eda alemana pide que se levante la orden de detenci\u00f3n a Puigdemont"},"previousItem":{"@type":"ListItem","@id":"https:\/\/candas365.es\/noticias#listItem","name":"Home"}},{"@type":"ListItem","@id":"https:\/\/candas365.es\/noticias\/la-fiscalia-alemana-pide-que-se-levante-la-orden-de-detencion-a-puigdemont\/#listItem","position":3,"name":"La Fiscal\u00eda alemana pide que se levante la orden de detenci\u00f3n a Puigdemont","previousItem":{"@type":"ListItem","@id":"https:\/\/candas365.es\/noticias\/category\/actualidad\/#listItem","name":"Actualidad"}}]},{"@type":"NewsArticle","@id":"https:\/\/candas365.es\/noticias\/la-fiscalia-alemana-pide-que-se-levante-la-orden-de-detencion-a-puigdemont\/#newsarticle","name":"La Fiscal\u00eda alemana pide que se levante la orden de detenci\u00f3n a Puigdemont | Cand\u00e1s 365","headline":"La Fiscal\u00eda alemana pide que se levante la orden de detenci\u00f3n a Puigdemont","author":{"@id":"https:\/\/candas365.es\/noticias\/author\/admin\/#author"},"publisher":{"@id":"https:\/\/candas365.es\/noticias\/#organization"},"image":{"@type":"ImageObject","url":"https:\/\/candas365.es\/noticias\/wp-content\/uploads\/2018\/03\/Puigdemont.jpg","width":499,"height":280},"datePublished":"2018-07-20T14:37:39+02:00","dateModified":"2018-07-20T14:37:39+02:00","inLanguage":"es-ES","mainEntityOfPage":{"@id":"https:\/\/candas365.es\/noticias\/la-fiscalia-alemana-pide-que-se-levante-la-orden-de-detencion-a-puigdemont\/#webpage"},"isPartOf":{"@id":"https:\/\/candas365.es\/noticias\/la-fiscalia-alemana-pide-que-se-levante-la-orden-de-detencion-a-puigdemont\/#webpage"},"articleSection":"Actualidad","dateline":"Publicado el julio 20, 2018."},{"@type":"Organization","@id":"https:\/\/candas365.es\/noticias\/#organization","name":"Cand\u00e1s 365","description":"Cand\u00e1s 365 es un diario digital independiente, fundado en 2012, con base en Asturias. Informamos con rigor sobre actualidad, sociedad, cultura y ocio, con una mirada local y global.","url":"https:\/\/candas365.es\/noticias\/","email":"info@candas365.es","telephone":"+34652131393","foundingDate":"2012-06-10","logo":{"@type":"ImageObject","url":"https:\/\/candas365.es\/noticias\/wp-content\/uploads\/2024\/09\/Candas-365-Redes.jpg","@id":"https:\/\/candas365.es\/noticias\/la-fiscalia-alemana-pide-que-se-levante-la-orden-de-detencion-a-puigdemont\/#organizationLogo","width":1152,"height":864,"caption":"Cand\u00e1s 365 Redes"},"image":{"@id":"https:\/\/candas365.es\/noticias\/la-fiscalia-alemana-pide-que-se-levante-la-orden-de-detencion-a-puigdemont\/#organizationLogo"},"sameAs":["https:\/\/www.facebook.com\/Nachofdezber","https:\/\/x.com\/NabercoDigital","https:\/\/www.instagram.com\/nachofdezber\/","https:\/\/www.youtube.com\/channel\/UCZP-2wLEB9Rv6erhFmqVnvg"],"address":{"@id":"https:\/\/candas365.es\/noticias\/#postaladdress","@type":"PostalAddress","streetAddress":"san antonio 4, san antonio 4","postalCode":"33430","addressLocality":"Cand\u00e1s","addressRegion":"Asturias","addressCountry":"ES"}},{"@type":"Person","@id":"https:\/\/candas365.es\/noticias\/author\/admin\/#author","url":"https:\/\/candas365.es\/noticias\/author\/admin\/","name":"Cand\u00e1s 365","image":{"@type":"ImageObject","@id":"https:\/\/candas365.es\/noticias\/la-fiscalia-alemana-pide-que-se-levante-la-orden-de-detencion-a-puigdemont\/#authorImage","url":"https:\/\/secure.gravatar.com\/avatar\/496a8e03d0c493ede1718b7934145dbdf8d89be1036b0eec9544e1094c9de390?s=96&d=mm&r=g","width":96,"height":96,"caption":"Cand\u00e1s 365"},"sameAs":["https:\/\/www.facebook.com\/carrenoactualidad","https:\/\/twitter.com\/nbasturias","https:\/\/www.instagram.com\/nachofdezber\/","https:\/\/www.youtube.com\/channel\/UCZP-2wLEB9Rv6erhFmqVnvg"]},{"@type":"WebPage","@id":"https:\/\/candas365.es\/noticias\/la-fiscalia-alemana-pide-que-se-levante-la-orden-de-detencion-a-puigdemont\/#webpage","url":"https:\/\/candas365.es\/noticias\/la-fiscalia-alemana-pide-que-se-levante-la-orden-de-detencion-a-puigdemont\/","name":"La Fiscal\u00eda alemana pide que se levante la orden de detenci\u00f3n a Puigdemont | Cand\u00e1s 365","description":"Schleswig (Alemania), 21 (dpa) - La Fiscal\u00eda General del estado alem\u00e1n de Schleswig-Holstein comunic\u00f3 hoy que solicit\u00f3 al Tribunal Superior Regional de esta regi\u00f3n que levante la orden de prisi\u00f3n preventiva para la entrega del l\u00edder independentista catal\u00e1n Carles Puigdemont. En un comunicado emitido hoy en la ciudad de Schleswig, la Fiscal\u00eda confirm\u00f3 oficialmente que","inLanguage":"es-ES","isPartOf":{"@id":"https:\/\/candas365.es\/noticias\/#website"},"breadcrumb":{"@id":"https:\/\/candas365.es\/noticias\/la-fiscalia-alemana-pide-que-se-levante-la-orden-de-detencion-a-puigdemont\/#breadcrumblist"},"author":{"@id":"https:\/\/candas365.es\/noticias\/author\/admin\/#author"},"creator":{"@id":"https:\/\/candas365.es\/noticias\/author\/admin\/#author"},"image":{"@type":"ImageObject","url":"https:\/\/candas365.es\/noticias\/wp-content\/uploads\/2018\/03\/Puigdemont.jpg","@id":"https:\/\/candas365.es\/noticias\/la-fiscalia-alemana-pide-que-se-levante-la-orden-de-detencion-a-puigdemont\/#mainImage","width":499,"height":280},"primaryImageOfPage":{"@id":"https:\/\/candas365.es\/noticias\/la-fiscalia-alemana-pide-que-se-levante-la-orden-de-detencion-a-puigdemont\/#mainImage"},"datePublished":"2018-07-20T14:37:39+02:00","dateModified":"2018-07-20T14:37:39+02:00"},{"@type":"WebSite","@id":"https:\/\/candas365.es\/noticias\/#website","url":"https:\/\/candas365.es\/noticias\/","name":"Cand\u00e1s 365","alternateName":"Cand\u00e1s 365 Noticias","description":"Actualidad desde Carre\u00f1o para el mundo","inLanguage":"es-ES","publisher":{"@id":"https:\/\/candas365.es\/noticias\/#organization"}}]},"og:locale":"es_ES","og:site_name":"Cand\u00e1s 365","og:type":"article","og:title":"La Fiscal\u00eda alemana pide que se levante la orden de detenci\u00f3n a Puigdemont | Cand\u00e1s 365","og:description":"Schleswig (Alemania), 21 (dpa) - La Fiscal\u00eda General del estado alem\u00e1n de Schleswig-Holstein comunic\u00f3 hoy que solicit\u00f3 al Tribunal Superior Regional de esta regi\u00f3n que levante la orden de prisi\u00f3n preventiva para la entrega del l\u00edder independentista catal\u00e1n Carles Puigdemont. En un comunicado emitido hoy en la ciudad de Schleswig, la Fiscal\u00eda confirm\u00f3 oficialmente que","og:url":"https:\/\/candas365.es\/noticias\/la-fiscalia-alemana-pide-que-se-levante-la-orden-de-detencion-a-puigdemont\/","og:image":"https:\/\/candas365.es\/noticias\/wp-content\/uploads\/2018\/03\/Puigdemont.jpg","og:image:secure_url":"https:\/\/candas365.es\/noticias\/wp-content\/uploads\/2018\/03\/Puigdemont.jpg","og:image:width":499,"og:image:height":280,"article:published_time":"2018-07-20T14:37:39+00:00","article:modified_time":"2018-07-20T14:37:39+00:00","article:publisher":"https:\/\/www.facebook.com\/Nachofdezber","article:author":"https:\/\/www.facebook.com\/carrenoactualidad","twitter:card":"summary_large_image","twitter:site":"@NabercoDigital","twitter:title":"La Fiscal\u00eda alemana pide que se levante la orden de detenci\u00f3n a Puigdemont | Cand\u00e1s 365","twitter:description":"Schleswig (Alemania), 21 (dpa) - La Fiscal\u00eda General del estado alem\u00e1n de Schleswig-Holstein comunic\u00f3 hoy que solicit\u00f3 al Tribunal Superior Regional de esta regi\u00f3n que levante la orden de prisi\u00f3n preventiva para la entrega del l\u00edder independentista catal\u00e1n Carles Puigdemont. En un comunicado emitido hoy en la ciudad de Schleswig, la Fiscal\u00eda confirm\u00f3 oficialmente que","twitter:creator":"@nbasturias","twitter:image":"https:\/\/candas365.es\/noticias\/wp-content\/uploads\/2018\/03\/Puigdemont.jpg","twitter:label1":"Escrito por","twitter:data1":"Cand\u00e1s 365","twitter:label2":"Tiempo de lectura estimado","twitter:data2":"1 minuto"},"aioseo_meta_data":{"post_id":"100773","title":null,"description":null,"keywords":null,"keyphrases":null,"primary_term":null,"canonical_url":null,"og_title":null,"og_description":null,"og_object_type":"default","og_image_type":"default","og_image_url":null,"og_image_width":null,"og_image_height":null,"og_image_custom_url":null,"og_image_custom_fields":null,"og_video":null,"og_custom_url":null,"og_article_section":null,"og_article_tags":null,"twitter_use_og":false,"twitter_card":"default","twitter_image_type":"default","twitter_image_url":null,"twitter_image_custom_url":null,"twitter_image_custom_fields":null,"twitter_title":null,"twitter_description":null,"schema":{"blockGraphs":[],"customGraphs":[],"default":{"data":{"Article":[],"Course":[],"Dataset":[],"FAQPage":[],"Movie":[],"Person":[],"Product":[],"ProductReview":[],"Car":[],"Recipe":[],"Service":[],"SoftwareApplication":[],"WebPage":[]},"graphName":"","isEnabled":true},"graphs":[],"defaultGraph":"","defaultPostTypeGraph":""},"schema_type":null,"schema_type_options":null,"pillar_content":false,"robots_default":true,"robots_noindex":false,"robots_noarchive":false,"robots_nosnippet":false,"robots_nofollow":false,"robots_noimageindex":false,"robots_noodp":false,"robots_notranslate":false,"robots_max_snippet":null,"robots_max_videopreview":null,"robots_max_imagepreview":"large","priority":null,"frequency":null,"location":null,"local_seo":null,"seo_analyzer_scan_date":"2025-08-27 09:43:16","breadcrumb_settings":null,"limit_modified_date":false,"reviewed_by":null,"open_ai":null,"ai":null,"created":"2020-12-21 11:48:28","updated":"2025-08-27 09:43:16"},"aioseo_breadcrumb":"<div class=\"aioseo-breadcrumbs\"><span class=\"aioseo-breadcrumb\">\n\t<a href=\"https:\/\/candas365.es\/noticias\" title=\"Home\">Home<\/a>\n<\/span><span class=\"aioseo-breadcrumb-separator\">&ndash;<\/span><span class=\"aioseo-breadcrumb\">\n\t<a href=\"https:\/\/candas365.es\/noticias\/category\/actualidad\/\" title=\"Actualidad\">Actualidad<\/a>\n<\/span><span class=\"aioseo-breadcrumb-separator\">&ndash;<\/span><span class=\"aioseo-breadcrumb\">\n\tLa Fiscal\u00eda alemana pide que se levante la orden de detenci\u00f3n a Puigdemont\n<\/span><\/div>","aioseo_breadcrumb_json":[{"label":"Home","link":"https:\/\/candas365.es\/noticias"},{"label":"Actualidad","link":"https:\/\/candas365.es\/noticias\/category\/actualidad\/"},{"label":"La Fiscal\u00eda alemana pide que se levante la orden de detenci\u00f3n a Puigdemont","link":"https:\/\/candas365.es\/noticias\/la-fiscalia-alemana-pide-que-se-levante-la-orden-de-detencion-a-puigdemont\/"}],"_links":{"self":[{"href":"https:\/\/candas365.es\/noticias\/wp-json\/wp\/v2\/posts\/100773","targetHints":{"allow":["GET"]}}],"collection":[{"href":"https:\/\/candas365.es\/noticias\/wp-json\/wp\/v2\/posts"}],"about":[{"href":"https:\/\/candas365.es\/noticias\/wp-json\/wp\/v2\/types\/post"}],"author":[{"embeddable":true,"href":"https:\/\/candas365.es\/noticias\/wp-json\/wp\/v2\/users\/1"}],"replies":[{"embeddable":true,"href":"https:\/\/candas365.es\/noticias\/wp-json\/wp\/v2\/comments?post=100773"}],"version-history":[{"count":0,"href":"https:\/\/candas365.es\/noticias\/wp-json\/wp\/v2\/posts\/100773\/revisions"}],"wp:featuredmedia":[{"embeddable":true,"href":"https:\/\/candas365.es\/noticias\/wp-json\/wp\/v2\/media\/92393"}],"wp:attachment":[{"href":"https:\/\/candas365.es\/noticias\/wp-json\/wp\/v2\/media?parent=100773"}],"wp:term":[{"taxonomy":"category","embeddable":true,"href":"https:\/\/candas365.es\/noticias\/wp-json\/wp\/v2\/categories?post=100773"},{"taxonomy":"post_tag","embeddable":true,"href":"https:\/\/candas365.es\/noticias\/wp-json\/wp\/v2\/tags?post=100773"}],"curies":[{"name":"wp","href":"https:\/\/api.w.org\/{rel}","templated":true}]}}