{"id":100767,"date":"2018-07-19T23:44:24","date_gmt":"2018-07-19T23:44:24","guid":{"rendered":"http:\/\/candas365.es\/noticias\/?p=100767"},"modified":"2018-07-19T23:44:24","modified_gmt":"2018-07-19T23:44:24","slug":"campana-veraniega-de-desbroces-en-oviedo","status":"publish","type":"post","link":"https:\/\/candas365.es\/noticias\/campana-veraniega-de-desbroces-en-oviedo\/","title":{"rendered":"Campa\u00f1a veraniega de desbroces en Oviedo"},"content":{"rendered":"<p><img fetchpriority=\"high\" decoding=\"async\" class=\"alignleft size-medium wp-image-100768\" src=\"https:\/\/candas365.es\/noticias\/wp-content\/uploads\/2018\/07\/Desbrozandook-360x204.jpg\" alt=\"\" width=\"360\" height=\"204\" srcset=\"https:\/\/candas365.es\/noticias\/wp-content\/uploads\/2018\/07\/Desbrozandook-360x204.jpg 360w, https:\/\/candas365.es\/noticias\/wp-content\/uploads\/2018\/07\/Desbrozandook-768x435.jpg 768w, https:\/\/candas365.es\/noticias\/wp-content\/uploads\/2018\/07\/Desbrozandook-655x371.jpg 655w, https:\/\/candas365.es\/noticias\/wp-content\/uploads\/2018\/07\/Desbrozandook-696x394.jpg 696w, https:\/\/candas365.es\/noticias\/wp-content\/uploads\/2018\/07\/Desbrozandook-742x420.jpg 742w, https:\/\/candas365.es\/noticias\/wp-content\/uploads\/2018\/07\/Desbrozandook.jpg 800w\" sizes=\"(max-width: 360px) 100vw, 360px\" \/>La concejal\u00eda de Infraestructuras y Servicios B\u00e1sicos que dirige Ana Rivas contin\u00faa esta semana (hasta el 20 de julio) con la campa\u00f1a veraniega de desbroces con actuaciones en diversos puntos del municipio.<\/p>\n<p>Las brigadas de operarios trabajar\u00e1n esta semana en el entorno de Naves, La Caba\u00f1a, Llano el R\u00edo y Avi\u00f1o. Otro equipo continuar\u00e1 la limpieza en entornos de Latores. Una tercera brigada en el Naranco, y en la zona de las fiestas de Santiago Ap\u00f3stol en el entorno de Santa Mar\u00eda del Naranco; finalmente, se desarrollar\u00e1n labores de desbroce tambi\u00e9n en Perlin, Pintoria y la Qu\u00edmica el Nal\u00f3n.<\/p>\n<p>Cada semana los diferentes equipos se ir\u00e1n desplazando por diferentes puntos del municipio con el objetivo de limpiar los m\u00e1rgenes de los caminos p\u00fablicos y las cunetas.<\/p>\n","protected":false},"excerpt":{"rendered":"<p>La concejal\u00eda de Infraestructuras y Servicios B\u00e1sicos que dirige Ana Rivas contin\u00faa esta semana (hasta el 20 de julio) con la campa\u00f1a veraniega de desbroces con actuaciones en diversos puntos del municipio. Las brigadas de operarios trabajar\u00e1n esta semana en el entorno de Naves, La Caba\u00f1a, Llano el R\u00edo y Avi\u00f1o. Otro equipo continuar\u00e1 la<\/p>\n","protected":false},"author":1,"featured_media":100768,"comment_status":"closed","ping_status":"closed","sticky":false,"template":"","format":"standard","meta":{"footnotes":""},"categories":[7],"tags":[],"class_list":{"0":"post-100767","1":"post","2":"type-post","3":"status-publish","4":"format-standard","5":"has-post-thumbnail","7":"category-asturias"},"aioseo_notices":[],"aioseo_head":"\n\t\t<!-- All in One SEO Pro 4.9.6.2 - aioseo.com -->\n\t<meta name=\"description\" content=\"La concejal\u00eda de Infraestructuras y Servicios B\u00e1sicos que dirige Ana Rivas contin\u00faa esta semana (hasta el 20 de julio) con la campa\u00f1a veraniega de desbroces con actuaciones en diversos puntos del municipio. Las brigadas de operarios trabajar\u00e1n esta semana en el entorno de Naves, La Caba\u00f1a, Llano el R\u00edo y Avi\u00f1o. Otro equipo continuar\u00e1 la\" \/>\n\t<meta name=\"robots\" content=\"max-image-preview:large\" \/>\n\t<meta name=\"author\" content=\"Cand\u00e1s 365\"\/>\n\t<meta name=\"google-site-verification\" content=\"UA-32230408-1\" \/>\n\t<meta name=\"msvalidate.01\" content=\"354F3CDFB2DA171B47FBE9ABF1F88D5\" \/>\n\t<meta name=\"keywords\" content=\"asturias\" \/>\n\t<link rel=\"canonical\" href=\"https:\/\/candas365.es\/noticias\/campana-veraniega-de-desbroces-en-oviedo\/\" \/>\n\t<meta name=\"generator\" content=\"All in One SEO Pro (AIOSEO) 4.9.6.2\" \/>\n\t\t<meta property=\"og:locale\" content=\"es_ES\" \/>\n\t\t<meta property=\"og:site_name\" content=\"Cand\u00e1s 365\" \/>\n\t\t<meta property=\"og:type\" content=\"article\" \/>\n\t\t<meta property=\"og:title\" content=\"Campa\u00f1a veraniega de desbroces en Oviedo | Cand\u00e1s 365\" \/>\n\t\t<meta property=\"og:description\" content=\"La concejal\u00eda de Infraestructuras y Servicios B\u00e1sicos que dirige Ana Rivas contin\u00faa esta semana (hasta el 20 de julio) con la campa\u00f1a veraniega de desbroces con actuaciones en diversos puntos del municipio. Las brigadas de operarios trabajar\u00e1n esta semana en el entorno de Naves, La Caba\u00f1a, Llano el R\u00edo y Avi\u00f1o. Otro equipo continuar\u00e1 la\" \/>\n\t\t<meta property=\"og:url\" content=\"https:\/\/candas365.es\/noticias\/campana-veraniega-de-desbroces-en-oviedo\/\" \/>\n\t\t<meta property=\"og:image\" content=\"https:\/\/candas365.es\/noticias\/wp-content\/uploads\/2018\/07\/Desbrozandook.jpg\" \/>\n\t\t<meta property=\"og:image:secure_url\" content=\"https:\/\/candas365.es\/noticias\/wp-content\/uploads\/2018\/07\/Desbrozandook.jpg\" \/>\n\t\t<meta property=\"og:image:width\" content=\"800\" \/>\n\t\t<meta property=\"og:image:height\" content=\"453\" \/>\n\t\t<meta property=\"article:published_time\" content=\"2018-07-19T23:44:24+00:00\" \/>\n\t\t<meta property=\"article:modified_time\" content=\"2018-07-19T23:44:24+00:00\" \/>\n\t\t<meta property=\"article:publisher\" content=\"https:\/\/www.facebook.com\/Nachofdezber\" \/>\n\t\t<meta property=\"article:author\" content=\"https:\/\/www.facebook.com\/carrenoactualidad\" \/>\n\t\t<meta name=\"twitter:card\" content=\"summary_large_image\" \/>\n\t\t<meta name=\"twitter:site\" content=\"@NabercoDigital\" \/>\n\t\t<meta name=\"twitter:title\" content=\"Campa\u00f1a veraniega de desbroces en Oviedo | Cand\u00e1s 365\" \/>\n\t\t<meta name=\"twitter:description\" content=\"La concejal\u00eda de Infraestructuras y Servicios B\u00e1sicos que dirige Ana Rivas contin\u00faa esta semana (hasta el 20 de julio) con la campa\u00f1a veraniega de desbroces con actuaciones en diversos puntos del municipio. Las brigadas de operarios trabajar\u00e1n esta semana en el entorno de Naves, La Caba\u00f1a, Llano el R\u00edo y Avi\u00f1o. Otro equipo continuar\u00e1 la\" \/>\n\t\t<meta name=\"twitter:creator\" content=\"@nbasturias\" \/>\n\t\t<meta name=\"twitter:image\" content=\"https:\/\/candas365.es\/noticias\/wp-content\/uploads\/2018\/07\/Desbrozandook.jpg\" \/>\n\t\t<meta name=\"twitter:label1\" content=\"Escrito por\" \/>\n\t\t<meta name=\"twitter:data1\" content=\"Cand\u00e1s 365\" \/>\n\t\t<meta name=\"twitter:label2\" content=\"Tiempo de lectura estimado\" \/>\n\t\t<meta name=\"twitter:data2\" content=\"1 minuto\" \/>\n\t\t<script type=\"application\/ld+json\" class=\"aioseo-schema\">\n\t\t\t{\"@context\":\"https:\\\/\\\/schema.org\",\"@graph\":[{\"@type\":\"BreadcrumbList\",\"@id\":\"https:\\\/\\\/candas365.es\\\/noticias\\\/campana-veraniega-de-desbroces-en-oviedo\\\/#breadcrumblist\",\"itemListElement\":[{\"@type\":\"ListItem\",\"@id\":\"https:\\\/\\\/candas365.es\\\/noticias#listItem\",\"position\":1,\"name\":\"Home\",\"item\":\"https:\\\/\\\/candas365.es\\\/noticias\",\"nextItem\":{\"@type\":\"ListItem\",\"@id\":\"https:\\\/\\\/candas365.es\\\/noticias\\\/category\\\/asturias\\\/#listItem\",\"name\":\"Asturias\"}},{\"@type\":\"ListItem\",\"@id\":\"https:\\\/\\\/candas365.es\\\/noticias\\\/category\\\/asturias\\\/#listItem\",\"position\":2,\"name\":\"Asturias\",\"item\":\"https:\\\/\\\/candas365.es\\\/noticias\\\/category\\\/asturias\\\/\",\"nextItem\":{\"@type\":\"ListItem\",\"@id\":\"https:\\\/\\\/candas365.es\\\/noticias\\\/campana-veraniega-de-desbroces-en-oviedo\\\/#listItem\",\"name\":\"Campa\\u00f1a veraniega de desbroces en Oviedo\"},\"previousItem\":{\"@type\":\"ListItem\",\"@id\":\"https:\\\/\\\/candas365.es\\\/noticias#listItem\",\"name\":\"Home\"}},{\"@type\":\"ListItem\",\"@id\":\"https:\\\/\\\/candas365.es\\\/noticias\\\/campana-veraniega-de-desbroces-en-oviedo\\\/#listItem\",\"position\":3,\"name\":\"Campa\\u00f1a veraniega de desbroces en Oviedo\",\"previousItem\":{\"@type\":\"ListItem\",\"@id\":\"https:\\\/\\\/candas365.es\\\/noticias\\\/category\\\/asturias\\\/#listItem\",\"name\":\"Asturias\"}}]},{\"@type\":\"NewsArticle\",\"@id\":\"https:\\\/\\\/candas365.es\\\/noticias\\\/campana-veraniega-de-desbroces-en-oviedo\\\/#newsarticle\",\"name\":\"Campa\\u00f1a veraniega de desbroces en Oviedo | Cand\\u00e1s 365\",\"headline\":\"Campa\\u00f1a veraniega de desbroces en Oviedo\",\"author\":{\"@id\":\"https:\\\/\\\/candas365.es\\\/noticias\\\/author\\\/admin\\\/#author\"},\"publisher\":{\"@id\":\"https:\\\/\\\/candas365.es\\\/noticias\\\/#organization\"},\"image\":{\"@type\":\"ImageObject\",\"url\":\"https:\\\/\\\/candas365.es\\\/noticias\\\/wp-content\\\/uploads\\\/2018\\\/07\\\/Desbrozandook.jpg\",\"width\":800,\"height\":453},\"datePublished\":\"2018-07-19T23:44:24+02:00\",\"dateModified\":\"2018-07-19T23:44:24+02:00\",\"inLanguage\":\"es-ES\",\"mainEntityOfPage\":{\"@id\":\"https:\\\/\\\/candas365.es\\\/noticias\\\/campana-veraniega-de-desbroces-en-oviedo\\\/#webpage\"},\"isPartOf\":{\"@id\":\"https:\\\/\\\/candas365.es\\\/noticias\\\/campana-veraniega-de-desbroces-en-oviedo\\\/#webpage\"},\"articleSection\":\"Asturias\",\"dateline\":\"Publicado el julio 19, 2018.\"},{\"@type\":\"Organization\",\"@id\":\"https:\\\/\\\/candas365.es\\\/noticias\\\/#organization\",\"name\":\"Cand\\u00e1s 365\",\"description\":\"Cand\\u00e1s 365 es un diario digital independiente, fundado en 2012, con base en Asturias. Informamos con rigor sobre actualidad, sociedad, cultura y ocio, con una mirada local y global.\",\"url\":\"https:\\\/\\\/candas365.es\\\/noticias\\\/\",\"email\":\"info@candas365.es\",\"telephone\":\"+34652131393\",\"foundingDate\":\"2012-06-10\",\"logo\":{\"@type\":\"ImageObject\",\"url\":\"https:\\\/\\\/candas365.es\\\/noticias\\\/wp-content\\\/uploads\\\/2024\\\/09\\\/Candas-365-Redes.jpg\",\"@id\":\"https:\\\/\\\/candas365.es\\\/noticias\\\/campana-veraniega-de-desbroces-en-oviedo\\\/#organizationLogo\",\"width\":1152,\"height\":864,\"caption\":\"Cand\\u00e1s 365 Redes\"},\"image\":{\"@id\":\"https:\\\/\\\/candas365.es\\\/noticias\\\/campana-veraniega-de-desbroces-en-oviedo\\\/#organizationLogo\"},\"sameAs\":[\"https:\\\/\\\/www.facebook.com\\\/Nachofdezber\",\"https:\\\/\\\/x.com\\\/NabercoDigital\",\"https:\\\/\\\/www.instagram.com\\\/nachofdezber\\\/\",\"https:\\\/\\\/www.youtube.com\\\/channel\\\/UCZP-2wLEB9Rv6erhFmqVnvg\"],\"address\":{\"@id\":\"https:\\\/\\\/candas365.es\\\/noticias\\\/#postaladdress\",\"@type\":\"PostalAddress\",\"streetAddress\":\"san antonio 4, san antonio 4\",\"postalCode\":\"33430\",\"addressLocality\":\"Cand\\u00e1s\",\"addressRegion\":\"Asturias\",\"addressCountry\":\"ES\"}},{\"@type\":\"Person\",\"@id\":\"https:\\\/\\\/candas365.es\\\/noticias\\\/author\\\/admin\\\/#author\",\"url\":\"https:\\\/\\\/candas365.es\\\/noticias\\\/author\\\/admin\\\/\",\"name\":\"Cand\\u00e1s 365\",\"image\":{\"@type\":\"ImageObject\",\"@id\":\"https:\\\/\\\/candas365.es\\\/noticias\\\/campana-veraniega-de-desbroces-en-oviedo\\\/#authorImage\",\"url\":\"https:\\\/\\\/secure.gravatar.com\\\/avatar\\\/496a8e03d0c493ede1718b7934145dbdf8d89be1036b0eec9544e1094c9de390?s=96&d=mm&r=g\",\"width\":96,\"height\":96,\"caption\":\"Cand\\u00e1s 365\"},\"sameAs\":[\"https:\\\/\\\/www.facebook.com\\\/carrenoactualidad\",\"https:\\\/\\\/twitter.com\\\/nbasturias\",\"https:\\\/\\\/www.instagram.com\\\/nachofdezber\\\/\",\"https:\\\/\\\/www.youtube.com\\\/channel\\\/UCZP-2wLEB9Rv6erhFmqVnvg\"]},{\"@type\":\"WebPage\",\"@id\":\"https:\\\/\\\/candas365.es\\\/noticias\\\/campana-veraniega-de-desbroces-en-oviedo\\\/#webpage\",\"url\":\"https:\\\/\\\/candas365.es\\\/noticias\\\/campana-veraniega-de-desbroces-en-oviedo\\\/\",\"name\":\"Campa\\u00f1a veraniega de desbroces en Oviedo | Cand\\u00e1s 365\",\"description\":\"La concejal\\u00eda de Infraestructuras y Servicios B\\u00e1sicos que dirige Ana Rivas contin\\u00faa esta semana (hasta el 20 de julio) con la campa\\u00f1a veraniega de desbroces con actuaciones en diversos puntos del municipio. Las brigadas de operarios trabajar\\u00e1n esta semana en el entorno de Naves, La Caba\\u00f1a, Llano el R\\u00edo y Avi\\u00f1o. Otro equipo continuar\\u00e1 la\",\"inLanguage\":\"es-ES\",\"isPartOf\":{\"@id\":\"https:\\\/\\\/candas365.es\\\/noticias\\\/#website\"},\"breadcrumb\":{\"@id\":\"https:\\\/\\\/candas365.es\\\/noticias\\\/campana-veraniega-de-desbroces-en-oviedo\\\/#breadcrumblist\"},\"author\":{\"@id\":\"https:\\\/\\\/candas365.es\\\/noticias\\\/author\\\/admin\\\/#author\"},\"creator\":{\"@id\":\"https:\\\/\\\/candas365.es\\\/noticias\\\/author\\\/admin\\\/#author\"},\"image\":{\"@type\":\"ImageObject\",\"url\":\"https:\\\/\\\/candas365.es\\\/noticias\\\/wp-content\\\/uploads\\\/2018\\\/07\\\/Desbrozandook.jpg\",\"@id\":\"https:\\\/\\\/candas365.es\\\/noticias\\\/campana-veraniega-de-desbroces-en-oviedo\\\/#mainImage\",\"width\":800,\"height\":453},\"primaryImageOfPage\":{\"@id\":\"https:\\\/\\\/candas365.es\\\/noticias\\\/campana-veraniega-de-desbroces-en-oviedo\\\/#mainImage\"},\"datePublished\":\"2018-07-19T23:44:24+02:00\",\"dateModified\":\"2018-07-19T23:44:24+02:00\"},{\"@type\":\"WebSite\",\"@id\":\"https:\\\/\\\/candas365.es\\\/noticias\\\/#website\",\"url\":\"https:\\\/\\\/candas365.es\\\/noticias\\\/\",\"name\":\"Cand\\u00e1s 365\",\"alternateName\":\"Cand\\u00e1s 365 Noticias\",\"description\":\"Actualidad desde Carre\\u00f1o para el mundo\",\"inLanguage\":\"es-ES\",\"publisher\":{\"@id\":\"https:\\\/\\\/candas365.es\\\/noticias\\\/#organization\"}}]}\n\t\t<\/script>\n\t\t<!-- All in One SEO Pro -->\r\n\t\t<title>Campa\u00f1a veraniega de desbroces en Oviedo | Cand\u00e1s 365<\/title>\n\n","aioseo_head_json":{"title":"Campa\u00f1a veraniega de desbroces en Oviedo | Cand\u00e1s 365","description":"La concejal\u00eda de Infraestructuras y Servicios B\u00e1sicos que dirige Ana Rivas contin\u00faa esta semana (hasta el 20 de julio) con la campa\u00f1a veraniega de desbroces con actuaciones en diversos puntos del municipio. Las brigadas de operarios trabajar\u00e1n esta semana en el entorno de Naves, La Caba\u00f1a, Llano el R\u00edo y Avi\u00f1o. Otro equipo continuar\u00e1 la","canonical_url":"https:\/\/candas365.es\/noticias\/campana-veraniega-de-desbroces-en-oviedo\/","robots":"max-image-preview:large","keywords":"asturias","webmasterTools":{"google-site-verification":"UA-32230408-1","msvalidate.01":"354F3CDFB2DA171B47FBE9ABF1F88D5","miscellaneous":""},"schema":{"@context":"https:\/\/schema.org","@graph":[{"@type":"BreadcrumbList","@id":"https:\/\/candas365.es\/noticias\/campana-veraniega-de-desbroces-en-oviedo\/#breadcrumblist","itemListElement":[{"@type":"ListItem","@id":"https:\/\/candas365.es\/noticias#listItem","position":1,"name":"Home","item":"https:\/\/candas365.es\/noticias","nextItem":{"@type":"ListItem","@id":"https:\/\/candas365.es\/noticias\/category\/asturias\/#listItem","name":"Asturias"}},{"@type":"ListItem","@id":"https:\/\/candas365.es\/noticias\/category\/asturias\/#listItem","position":2,"name":"Asturias","item":"https:\/\/candas365.es\/noticias\/category\/asturias\/","nextItem":{"@type":"ListItem","@id":"https:\/\/candas365.es\/noticias\/campana-veraniega-de-desbroces-en-oviedo\/#listItem","name":"Campa\u00f1a veraniega de desbroces en Oviedo"},"previousItem":{"@type":"ListItem","@id":"https:\/\/candas365.es\/noticias#listItem","name":"Home"}},{"@type":"ListItem","@id":"https:\/\/candas365.es\/noticias\/campana-veraniega-de-desbroces-en-oviedo\/#listItem","position":3,"name":"Campa\u00f1a veraniega de desbroces en Oviedo","previousItem":{"@type":"ListItem","@id":"https:\/\/candas365.es\/noticias\/category\/asturias\/#listItem","name":"Asturias"}}]},{"@type":"NewsArticle","@id":"https:\/\/candas365.es\/noticias\/campana-veraniega-de-desbroces-en-oviedo\/#newsarticle","name":"Campa\u00f1a veraniega de desbroces en Oviedo | Cand\u00e1s 365","headline":"Campa\u00f1a veraniega de desbroces en Oviedo","author":{"@id":"https:\/\/candas365.es\/noticias\/author\/admin\/#author"},"publisher":{"@id":"https:\/\/candas365.es\/noticias\/#organization"},"image":{"@type":"ImageObject","url":"https:\/\/candas365.es\/noticias\/wp-content\/uploads\/2018\/07\/Desbrozandook.jpg","width":800,"height":453},"datePublished":"2018-07-19T23:44:24+02:00","dateModified":"2018-07-19T23:44:24+02:00","inLanguage":"es-ES","mainEntityOfPage":{"@id":"https:\/\/candas365.es\/noticias\/campana-veraniega-de-desbroces-en-oviedo\/#webpage"},"isPartOf":{"@id":"https:\/\/candas365.es\/noticias\/campana-veraniega-de-desbroces-en-oviedo\/#webpage"},"articleSection":"Asturias","dateline":"Publicado el julio 19, 2018."},{"@type":"Organization","@id":"https:\/\/candas365.es\/noticias\/#organization","name":"Cand\u00e1s 365","description":"Cand\u00e1s 365 es un diario digital independiente, fundado en 2012, con base en Asturias. Informamos con rigor sobre actualidad, sociedad, cultura y ocio, con una mirada local y global.","url":"https:\/\/candas365.es\/noticias\/","email":"info@candas365.es","telephone":"+34652131393","foundingDate":"2012-06-10","logo":{"@type":"ImageObject","url":"https:\/\/candas365.es\/noticias\/wp-content\/uploads\/2024\/09\/Candas-365-Redes.jpg","@id":"https:\/\/candas365.es\/noticias\/campana-veraniega-de-desbroces-en-oviedo\/#organizationLogo","width":1152,"height":864,"caption":"Cand\u00e1s 365 Redes"},"image":{"@id":"https:\/\/candas365.es\/noticias\/campana-veraniega-de-desbroces-en-oviedo\/#organizationLogo"},"sameAs":["https:\/\/www.facebook.com\/Nachofdezber","https:\/\/x.com\/NabercoDigital","https:\/\/www.instagram.com\/nachofdezber\/","https:\/\/www.youtube.com\/channel\/UCZP-2wLEB9Rv6erhFmqVnvg"],"address":{"@id":"https:\/\/candas365.es\/noticias\/#postaladdress","@type":"PostalAddress","streetAddress":"san antonio 4, san antonio 4","postalCode":"33430","addressLocality":"Cand\u00e1s","addressRegion":"Asturias","addressCountry":"ES"}},{"@type":"Person","@id":"https:\/\/candas365.es\/noticias\/author\/admin\/#author","url":"https:\/\/candas365.es\/noticias\/author\/admin\/","name":"Cand\u00e1s 365","image":{"@type":"ImageObject","@id":"https:\/\/candas365.es\/noticias\/campana-veraniega-de-desbroces-en-oviedo\/#authorImage","url":"https:\/\/secure.gravatar.com\/avatar\/496a8e03d0c493ede1718b7934145dbdf8d89be1036b0eec9544e1094c9de390?s=96&d=mm&r=g","width":96,"height":96,"caption":"Cand\u00e1s 365"},"sameAs":["https:\/\/www.facebook.com\/carrenoactualidad","https:\/\/twitter.com\/nbasturias","https:\/\/www.instagram.com\/nachofdezber\/","https:\/\/www.youtube.com\/channel\/UCZP-2wLEB9Rv6erhFmqVnvg"]},{"@type":"WebPage","@id":"https:\/\/candas365.es\/noticias\/campana-veraniega-de-desbroces-en-oviedo\/#webpage","url":"https:\/\/candas365.es\/noticias\/campana-veraniega-de-desbroces-en-oviedo\/","name":"Campa\u00f1a veraniega de desbroces en Oviedo | Cand\u00e1s 365","description":"La concejal\u00eda de Infraestructuras y Servicios B\u00e1sicos que dirige Ana Rivas contin\u00faa esta semana (hasta el 20 de julio) con la campa\u00f1a veraniega de desbroces con actuaciones en diversos puntos del municipio. Las brigadas de operarios trabajar\u00e1n esta semana en el entorno de Naves, La Caba\u00f1a, Llano el R\u00edo y Avi\u00f1o. Otro equipo continuar\u00e1 la","inLanguage":"es-ES","isPartOf":{"@id":"https:\/\/candas365.es\/noticias\/#website"},"breadcrumb":{"@id":"https:\/\/candas365.es\/noticias\/campana-veraniega-de-desbroces-en-oviedo\/#breadcrumblist"},"author":{"@id":"https:\/\/candas365.es\/noticias\/author\/admin\/#author"},"creator":{"@id":"https:\/\/candas365.es\/noticias\/author\/admin\/#author"},"image":{"@type":"ImageObject","url":"https:\/\/candas365.es\/noticias\/wp-content\/uploads\/2018\/07\/Desbrozandook.jpg","@id":"https:\/\/candas365.es\/noticias\/campana-veraniega-de-desbroces-en-oviedo\/#mainImage","width":800,"height":453},"primaryImageOfPage":{"@id":"https:\/\/candas365.es\/noticias\/campana-veraniega-de-desbroces-en-oviedo\/#mainImage"},"datePublished":"2018-07-19T23:44:24+02:00","dateModified":"2018-07-19T23:44:24+02:00"},{"@type":"WebSite","@id":"https:\/\/candas365.es\/noticias\/#website","url":"https:\/\/candas365.es\/noticias\/","name":"Cand\u00e1s 365","alternateName":"Cand\u00e1s 365 Noticias","description":"Actualidad desde Carre\u00f1o para el mundo","inLanguage":"es-ES","publisher":{"@id":"https:\/\/candas365.es\/noticias\/#organization"}}]},"og:locale":"es_ES","og:site_name":"Cand\u00e1s 365","og:type":"article","og:title":"Campa\u00f1a veraniega de desbroces en Oviedo | Cand\u00e1s 365","og:description":"La concejal\u00eda de Infraestructuras y Servicios B\u00e1sicos que dirige Ana Rivas contin\u00faa esta semana (hasta el 20 de julio) con la campa\u00f1a veraniega de desbroces con actuaciones en diversos puntos del municipio. Las brigadas de operarios trabajar\u00e1n esta semana en el entorno de Naves, La Caba\u00f1a, Llano el R\u00edo y Avi\u00f1o. Otro equipo continuar\u00e1 la","og:url":"https:\/\/candas365.es\/noticias\/campana-veraniega-de-desbroces-en-oviedo\/","og:image":"https:\/\/candas365.es\/noticias\/wp-content\/uploads\/2018\/07\/Desbrozandook.jpg","og:image:secure_url":"https:\/\/candas365.es\/noticias\/wp-content\/uploads\/2018\/07\/Desbrozandook.jpg","og:image:width":800,"og:image:height":453,"article:published_time":"2018-07-19T23:44:24+00:00","article:modified_time":"2018-07-19T23:44:24+00:00","article:publisher":"https:\/\/www.facebook.com\/Nachofdezber","article:author":"https:\/\/www.facebook.com\/carrenoactualidad","twitter:card":"summary_large_image","twitter:site":"@NabercoDigital","twitter:title":"Campa\u00f1a veraniega de desbroces en Oviedo | Cand\u00e1s 365","twitter:description":"La concejal\u00eda de Infraestructuras y Servicios B\u00e1sicos que dirige Ana Rivas contin\u00faa esta semana (hasta el 20 de julio) con la campa\u00f1a veraniega de desbroces con actuaciones en diversos puntos del municipio. Las brigadas de operarios trabajar\u00e1n esta semana en el entorno de Naves, La Caba\u00f1a, Llano el R\u00edo y Avi\u00f1o. Otro equipo continuar\u00e1 la","twitter:creator":"@nbasturias","twitter:image":"https:\/\/candas365.es\/noticias\/wp-content\/uploads\/2018\/07\/Desbrozandook.jpg","twitter:label1":"Escrito por","twitter:data1":"Cand\u00e1s 365","twitter:label2":"Tiempo de lectura estimado","twitter:data2":"1 minuto"},"aioseo_meta_data":{"post_id":"100767","title":null,"description":null,"keywords":null,"keyphrases":null,"primary_term":null,"canonical_url":null,"og_title":null,"og_description":null,"og_object_type":"default","og_image_type":"default","og_image_url":null,"og_image_width":null,"og_image_height":null,"og_image_custom_url":null,"og_image_custom_fields":null,"og_video":null,"og_custom_url":null,"og_article_section":null,"og_article_tags":null,"twitter_use_og":false,"twitter_card":"default","twitter_image_type":"default","twitter_image_url":null,"twitter_image_custom_url":null,"twitter_image_custom_fields":null,"twitter_title":null,"twitter_description":null,"schema":{"blockGraphs":[],"customGraphs":[],"default":{"data":{"Article":[],"Course":[],"Dataset":[],"FAQPage":[],"Movie":[],"Person":[],"Product":[],"ProductReview":[],"Car":[],"Recipe":[],"Service":[],"SoftwareApplication":[],"WebPage":[]},"graphName":"","isEnabled":true},"graphs":[]},"schema_type":null,"schema_type_options":null,"pillar_content":false,"robots_default":true,"robots_noindex":false,"robots_noarchive":false,"robots_nosnippet":false,"robots_nofollow":false,"robots_noimageindex":false,"robots_noodp":false,"robots_notranslate":false,"robots_max_snippet":null,"robots_max_videopreview":null,"robots_max_imagepreview":"large","priority":null,"frequency":null,"location":null,"local_seo":null,"seo_analyzer_scan_date":"2025-08-27 09:43:12","breadcrumb_settings":null,"limit_modified_date":false,"reviewed_by":null,"open_ai":null,"ai":null,"created":"2020-12-21 11:48:28","updated":"2025-08-27 09:43:12"},"aioseo_breadcrumb":"<div class=\"aioseo-breadcrumbs\"><span class=\"aioseo-breadcrumb\">\n\t<a href=\"https:\/\/candas365.es\/noticias\" title=\"Home\">Home<\/a>\n<\/span><span class=\"aioseo-breadcrumb-separator\">&ndash;<\/span><span class=\"aioseo-breadcrumb\">\n\t<a href=\"https:\/\/candas365.es\/noticias\/category\/asturias\/\" title=\"Asturias\">Asturias<\/a>\n<\/span><span class=\"aioseo-breadcrumb-separator\">&ndash;<\/span><span class=\"aioseo-breadcrumb\">\n\tCampa\u00f1a veraniega de desbroces en Oviedo\n<\/span><\/div>","aioseo_breadcrumb_json":[{"label":"Home","link":"https:\/\/candas365.es\/noticias"},{"label":"Asturias","link":"https:\/\/candas365.es\/noticias\/category\/asturias\/"},{"label":"Campa\u00f1a veraniega de desbroces en Oviedo","link":"https:\/\/candas365.es\/noticias\/campana-veraniega-de-desbroces-en-oviedo\/"}],"_links":{"self":[{"href":"https:\/\/candas365.es\/noticias\/wp-json\/wp\/v2\/posts\/100767","targetHints":{"allow":["GET"]}}],"collection":[{"href":"https:\/\/candas365.es\/noticias\/wp-json\/wp\/v2\/posts"}],"about":[{"href":"https:\/\/candas365.es\/noticias\/wp-json\/wp\/v2\/types\/post"}],"author":[{"embeddable":true,"href":"https:\/\/candas365.es\/noticias\/wp-json\/wp\/v2\/users\/1"}],"replies":[{"embeddable":true,"href":"https:\/\/candas365.es\/noticias\/wp-json\/wp\/v2\/comments?post=100767"}],"version-history":[{"count":0,"href":"https:\/\/candas365.es\/noticias\/wp-json\/wp\/v2\/posts\/100767\/revisions"}],"wp:featuredmedia":[{"embeddable":true,"href":"https:\/\/candas365.es\/noticias\/wp-json\/wp\/v2\/media\/100768"}],"wp:attachment":[{"href":"https:\/\/candas365.es\/noticias\/wp-json\/wp\/v2\/media?parent=100767"}],"wp:term":[{"taxonomy":"category","embeddable":true,"href":"https:\/\/candas365.es\/noticias\/wp-json\/wp\/v2\/categories?post=100767"},{"taxonomy":"post_tag","embeddable":true,"href":"https:\/\/candas365.es\/noticias\/wp-json\/wp\/v2\/tags?post=100767"}],"curies":[{"name":"wp","href":"https:\/\/api.w.org\/{rel}","templated":true}]}}