{"id":100713,"date":"2018-07-19T00:15:18","date_gmt":"2018-07-19T00:15:18","guid":{"rendered":"http:\/\/candas365.es\/noticias\/?p=100713"},"modified":"2018-07-19T00:15:18","modified_gmt":"2018-07-19T00:15:18","slug":"reunion-para-formalizar-la-entrega-de-la-casa-del-urogallo-de-tarna","status":"publish","type":"post","link":"https:\/\/candas365.es\/noticias\/reunion-para-formalizar-la-entrega-de-la-casa-del-urogallo-de-tarna\/","title":{"rendered":"Reuni\u00f3n para formalizar la entrega de la Casa del Urogallo de Tarna"},"content":{"rendered":"<p><img fetchpriority=\"high\" decoding=\"async\" class=\"alignleft size-medium wp-image-100714\" src=\"https:\/\/candas365.es\/noticias\/wp-content\/uploads\/2018\/07\/entrega-casa-urogallo-tarna-2-360x204.jpg\" alt=\"\" width=\"360\" height=\"204\" srcset=\"https:\/\/candas365.es\/noticias\/wp-content\/uploads\/2018\/07\/entrega-casa-urogallo-tarna-2-360x204.jpg 360w, https:\/\/candas365.es\/noticias\/wp-content\/uploads\/2018\/07\/entrega-casa-urogallo-tarna-2-768x436.jpg 768w, https:\/\/candas365.es\/noticias\/wp-content\/uploads\/2018\/07\/entrega-casa-urogallo-tarna-2-655x372.jpg 655w, https:\/\/candas365.es\/noticias\/wp-content\/uploads\/2018\/07\/entrega-casa-urogallo-tarna-2-696x395.jpg 696w, https:\/\/candas365.es\/noticias\/wp-content\/uploads\/2018\/07\/entrega-casa-urogallo-tarna-2-1068x607.jpg 1068w, https:\/\/candas365.es\/noticias\/wp-content\/uploads\/2018\/07\/entrega-casa-urogallo-tarna-2-739x420.jpg 739w, https:\/\/candas365.es\/noticias\/wp-content\/uploads\/2018\/07\/entrega-casa-urogallo-tarna-2.jpg 1280w\" sizes=\"(max-width: 360px) 100vw, 360px\" \/>El consejero de Infraestructuras, Ordenaci\u00f3n del Territorio y Medio Ambiente, Fernando Lastra, inform\u00f3 este mi\u00e9rcoles en rueda de prensa los detalles sobre la reuni\u00f3n que mantuvo con el alcalde de Caso, Miguel Fern\u00e1ndez, para formalizar la entrega de la Casa del Urogallo de Tarna.<\/p>\n<p>Lastra indic\u00f3 que el Ayuntamiento de Caso hab\u00eda logrado recuperar la titularidad plena del edificio y que de ahora en adelante ser\u00edan ellos, junto con los vecinos de Tarna, quienes decidir\u00edan el futuro de la Casa del Urogallo.<\/p>\n<p>\u201cNosotros hicimos el acto de entrega al Ayuntamiento de Caso y ellos se encargaron de recuperar la titularidad plena del edificio. Ese era nuestro compromiso y lo cumplimos. Ese era el acuerdo al que hab\u00edamos llegado una vez que el ayuntamiento cumpli\u00f3 la formalidad de tomar el acuerdo plenario correspondiente para recibir el edificio en el acto de hoy formalizamos. Igualmente, la obra fue ejecutada por la administraci\u00f3n del Principado y a partir de ahora ser\u00e1 el Ayuntamiento junto con los vecinos de Tarna quienes decidan cu\u00e1l es el uso m\u00e1s adecuado y a qu\u00e9 destinar\u00e1n el edificio\u201d, se\u00f1al\u00f3 el consejero de Infraestructuras, Ordenaci\u00f3n del Territorio y Medio Ambiente.<\/p>\n<p>En la rueda de prensa tambi\u00e9n estuvieron presentes el vice-consejero de Medio Ambiente, Benigno Fern\u00e1ndez Fano y la alcaldesa del barrio de Tarna, Gloria Mart\u00ednez.<\/p>\n","protected":false},"excerpt":{"rendered":"<p>El consejero de Infraestructuras, Ordenaci\u00f3n del Territorio y Medio Ambiente, Fernando Lastra, inform\u00f3 este mi\u00e9rcoles en rueda de prensa los detalles sobre la reuni\u00f3n que mantuvo con el alcalde de Caso, Miguel Fern\u00e1ndez, para formalizar la entrega de la Casa del Urogallo de Tarna. Lastra indic\u00f3 que el Ayuntamiento de Caso hab\u00eda logrado recuperar la<\/p>\n","protected":false},"author":1,"featured_media":100714,"comment_status":"closed","ping_status":"closed","sticky":false,"template":"","format":"standard","meta":{"footnotes":""},"categories":[7],"tags":[],"class_list":{"0":"post-100713","1":"post","2":"type-post","3":"status-publish","4":"format-standard","5":"has-post-thumbnail","7":"category-asturias"},"aioseo_notices":[],"aioseo_head":"\n\t\t<!-- All in One SEO Pro 4.9.6.2 - aioseo.com -->\n\t<meta name=\"description\" content=\"El consejero de Infraestructuras, Ordenaci\u00f3n del Territorio y Medio Ambiente, Fernando Lastra, inform\u00f3 este mi\u00e9rcoles en rueda de prensa los detalles sobre la reuni\u00f3n que mantuvo con el alcalde de Caso, Miguel Fern\u00e1ndez, para formalizar la entrega de la Casa del Urogallo de Tarna. Lastra indic\u00f3 que el Ayuntamiento de Caso hab\u00eda logrado recuperar la\" \/>\n\t<meta name=\"robots\" content=\"max-image-preview:large\" \/>\n\t<meta name=\"author\" content=\"Cand\u00e1s 365\"\/>\n\t<meta name=\"google-site-verification\" content=\"UA-32230408-1\" \/>\n\t<meta name=\"msvalidate.01\" content=\"354F3CDFB2DA171B47FBE9ABF1F88D5\" \/>\n\t<meta name=\"keywords\" content=\"asturias\" \/>\n\t<link rel=\"canonical\" href=\"https:\/\/candas365.es\/noticias\/reunion-para-formalizar-la-entrega-de-la-casa-del-urogallo-de-tarna\/\" \/>\n\t<meta name=\"generator\" content=\"All in One SEO Pro (AIOSEO) 4.9.6.2\" \/>\n\t\t<meta property=\"og:locale\" content=\"es_ES\" \/>\n\t\t<meta property=\"og:site_name\" content=\"Cand\u00e1s 365\" \/>\n\t\t<meta property=\"og:type\" content=\"article\" \/>\n\t\t<meta property=\"og:title\" content=\"Reuni\u00f3n para formalizar la entrega de la Casa del Urogallo de Tarna | Cand\u00e1s 365\" \/>\n\t\t<meta property=\"og:description\" content=\"El consejero de Infraestructuras, Ordenaci\u00f3n del Territorio y Medio Ambiente, Fernando Lastra, inform\u00f3 este mi\u00e9rcoles en rueda de prensa los detalles sobre la reuni\u00f3n que mantuvo con el alcalde de Caso, Miguel Fern\u00e1ndez, para formalizar la entrega de la Casa del Urogallo de Tarna. Lastra indic\u00f3 que el Ayuntamiento de Caso hab\u00eda logrado recuperar la\" \/>\n\t\t<meta property=\"og:url\" content=\"https:\/\/candas365.es\/noticias\/reunion-para-formalizar-la-entrega-de-la-casa-del-urogallo-de-tarna\/\" \/>\n\t\t<meta property=\"og:image\" content=\"https:\/\/candas365.es\/noticias\/wp-content\/uploads\/2018\/07\/entrega-casa-urogallo-tarna-2.jpg\" \/>\n\t\t<meta property=\"og:image:secure_url\" content=\"https:\/\/candas365.es\/noticias\/wp-content\/uploads\/2018\/07\/entrega-casa-urogallo-tarna-2.jpg\" \/>\n\t\t<meta property=\"og:image:width\" content=\"1280\" \/>\n\t\t<meta property=\"og:image:height\" content=\"727\" \/>\n\t\t<meta property=\"article:published_time\" content=\"2018-07-19T00:15:18+00:00\" \/>\n\t\t<meta property=\"article:modified_time\" content=\"2018-07-19T00:15:18+00:00\" \/>\n\t\t<meta property=\"article:publisher\" content=\"https:\/\/www.facebook.com\/Nachofdezber\" \/>\n\t\t<meta property=\"article:author\" content=\"https:\/\/www.facebook.com\/carrenoactualidad\" \/>\n\t\t<meta name=\"twitter:card\" content=\"summary_large_image\" \/>\n\t\t<meta name=\"twitter:site\" content=\"@NabercoDigital\" \/>\n\t\t<meta name=\"twitter:title\" content=\"Reuni\u00f3n para formalizar la entrega de la Casa del Urogallo de Tarna | Cand\u00e1s 365\" \/>\n\t\t<meta name=\"twitter:description\" content=\"El consejero de Infraestructuras, Ordenaci\u00f3n del Territorio y Medio Ambiente, Fernando Lastra, inform\u00f3 este mi\u00e9rcoles en rueda de prensa los detalles sobre la reuni\u00f3n que mantuvo con el alcalde de Caso, Miguel Fern\u00e1ndez, para formalizar la entrega de la Casa del Urogallo de Tarna. Lastra indic\u00f3 que el Ayuntamiento de Caso hab\u00eda logrado recuperar la\" \/>\n\t\t<meta name=\"twitter:creator\" content=\"@nbasturias\" \/>\n\t\t<meta name=\"twitter:image\" content=\"https:\/\/candas365.es\/noticias\/wp-content\/uploads\/2018\/07\/entrega-casa-urogallo-tarna-2.jpg\" \/>\n\t\t<meta name=\"twitter:label1\" content=\"Escrito por\" \/>\n\t\t<meta name=\"twitter:data1\" content=\"Cand\u00e1s 365\" \/>\n\t\t<meta name=\"twitter:label2\" content=\"Tiempo de lectura estimado\" \/>\n\t\t<meta name=\"twitter:data2\" content=\"1 minuto\" \/>\n\t\t<script type=\"application\/ld+json\" class=\"aioseo-schema\">\n\t\t\t{\"@context\":\"https:\\\/\\\/schema.org\",\"@graph\":[{\"@type\":\"BreadcrumbList\",\"@id\":\"https:\\\/\\\/candas365.es\\\/noticias\\\/reunion-para-formalizar-la-entrega-de-la-casa-del-urogallo-de-tarna\\\/#breadcrumblist\",\"itemListElement\":[{\"@type\":\"ListItem\",\"@id\":\"https:\\\/\\\/candas365.es\\\/noticias#listItem\",\"position\":1,\"name\":\"Home\",\"item\":\"https:\\\/\\\/candas365.es\\\/noticias\",\"nextItem\":{\"@type\":\"ListItem\",\"@id\":\"https:\\\/\\\/candas365.es\\\/noticias\\\/category\\\/asturias\\\/#listItem\",\"name\":\"Asturias\"}},{\"@type\":\"ListItem\",\"@id\":\"https:\\\/\\\/candas365.es\\\/noticias\\\/category\\\/asturias\\\/#listItem\",\"position\":2,\"name\":\"Asturias\",\"item\":\"https:\\\/\\\/candas365.es\\\/noticias\\\/category\\\/asturias\\\/\",\"nextItem\":{\"@type\":\"ListItem\",\"@id\":\"https:\\\/\\\/candas365.es\\\/noticias\\\/reunion-para-formalizar-la-entrega-de-la-casa-del-urogallo-de-tarna\\\/#listItem\",\"name\":\"Reuni\\u00f3n para formalizar la entrega de la Casa del Urogallo de Tarna\"},\"previousItem\":{\"@type\":\"ListItem\",\"@id\":\"https:\\\/\\\/candas365.es\\\/noticias#listItem\",\"name\":\"Home\"}},{\"@type\":\"ListItem\",\"@id\":\"https:\\\/\\\/candas365.es\\\/noticias\\\/reunion-para-formalizar-la-entrega-de-la-casa-del-urogallo-de-tarna\\\/#listItem\",\"position\":3,\"name\":\"Reuni\\u00f3n para formalizar la entrega de la Casa del Urogallo de Tarna\",\"previousItem\":{\"@type\":\"ListItem\",\"@id\":\"https:\\\/\\\/candas365.es\\\/noticias\\\/category\\\/asturias\\\/#listItem\",\"name\":\"Asturias\"}}]},{\"@type\":\"NewsArticle\",\"@id\":\"https:\\\/\\\/candas365.es\\\/noticias\\\/reunion-para-formalizar-la-entrega-de-la-casa-del-urogallo-de-tarna\\\/#newsarticle\",\"name\":\"Reuni\\u00f3n para formalizar la entrega de la Casa del Urogallo de Tarna | Cand\\u00e1s 365\",\"headline\":\"Reuni\\u00f3n para formalizar la entrega de la Casa del Urogallo de Tarna\",\"author\":{\"@id\":\"https:\\\/\\\/candas365.es\\\/noticias\\\/author\\\/admin\\\/#author\"},\"publisher\":{\"@id\":\"https:\\\/\\\/candas365.es\\\/noticias\\\/#organization\"},\"image\":{\"@type\":\"ImageObject\",\"url\":\"https:\\\/\\\/candas365.es\\\/noticias\\\/wp-content\\\/uploads\\\/2018\\\/07\\\/entrega-casa-urogallo-tarna-2.jpg\",\"width\":1280,\"height\":727},\"datePublished\":\"2018-07-19T00:15:18+02:00\",\"dateModified\":\"2018-07-19T00:15:18+02:00\",\"inLanguage\":\"es-ES\",\"mainEntityOfPage\":{\"@id\":\"https:\\\/\\\/candas365.es\\\/noticias\\\/reunion-para-formalizar-la-entrega-de-la-casa-del-urogallo-de-tarna\\\/#webpage\"},\"isPartOf\":{\"@id\":\"https:\\\/\\\/candas365.es\\\/noticias\\\/reunion-para-formalizar-la-entrega-de-la-casa-del-urogallo-de-tarna\\\/#webpage\"},\"articleSection\":\"Asturias\",\"dateline\":\"Publicado el julio 19, 2018.\"},{\"@type\":\"Organization\",\"@id\":\"https:\\\/\\\/candas365.es\\\/noticias\\\/#organization\",\"name\":\"Cand\\u00e1s 365\",\"description\":\"Cand\\u00e1s 365 es un diario digital independiente, fundado en 2012, con base en Asturias. Informamos con rigor sobre actualidad, sociedad, cultura y ocio, con una mirada local y global.\",\"url\":\"https:\\\/\\\/candas365.es\\\/noticias\\\/\",\"email\":\"info@candas365.es\",\"telephone\":\"+34652131393\",\"foundingDate\":\"2012-06-10\",\"logo\":{\"@type\":\"ImageObject\",\"url\":\"https:\\\/\\\/candas365.es\\\/noticias\\\/wp-content\\\/uploads\\\/2024\\\/09\\\/Candas-365-Redes.jpg\",\"@id\":\"https:\\\/\\\/candas365.es\\\/noticias\\\/reunion-para-formalizar-la-entrega-de-la-casa-del-urogallo-de-tarna\\\/#organizationLogo\",\"width\":1152,\"height\":864,\"caption\":\"Cand\\u00e1s 365 Redes\"},\"image\":{\"@id\":\"https:\\\/\\\/candas365.es\\\/noticias\\\/reunion-para-formalizar-la-entrega-de-la-casa-del-urogallo-de-tarna\\\/#organizationLogo\"},\"sameAs\":[\"https:\\\/\\\/www.facebook.com\\\/Nachofdezber\",\"https:\\\/\\\/x.com\\\/NabercoDigital\",\"https:\\\/\\\/www.instagram.com\\\/nachofdezber\\\/\",\"https:\\\/\\\/www.youtube.com\\\/channel\\\/UCZP-2wLEB9Rv6erhFmqVnvg\"],\"address\":{\"@id\":\"https:\\\/\\\/candas365.es\\\/noticias\\\/#postaladdress\",\"@type\":\"PostalAddress\",\"streetAddress\":\"san antonio 4, san antonio 4\",\"postalCode\":\"33430\",\"addressLocality\":\"Cand\\u00e1s\",\"addressRegion\":\"Asturias\",\"addressCountry\":\"ES\"}},{\"@type\":\"Person\",\"@id\":\"https:\\\/\\\/candas365.es\\\/noticias\\\/author\\\/admin\\\/#author\",\"url\":\"https:\\\/\\\/candas365.es\\\/noticias\\\/author\\\/admin\\\/\",\"name\":\"Cand\\u00e1s 365\",\"image\":{\"@type\":\"ImageObject\",\"@id\":\"https:\\\/\\\/candas365.es\\\/noticias\\\/reunion-para-formalizar-la-entrega-de-la-casa-del-urogallo-de-tarna\\\/#authorImage\",\"url\":\"https:\\\/\\\/secure.gravatar.com\\\/avatar\\\/496a8e03d0c493ede1718b7934145dbdf8d89be1036b0eec9544e1094c9de390?s=96&d=mm&r=g\",\"width\":96,\"height\":96,\"caption\":\"Cand\\u00e1s 365\"},\"sameAs\":[\"https:\\\/\\\/www.facebook.com\\\/carrenoactualidad\",\"https:\\\/\\\/twitter.com\\\/nbasturias\",\"https:\\\/\\\/www.instagram.com\\\/nachofdezber\\\/\",\"https:\\\/\\\/www.youtube.com\\\/channel\\\/UCZP-2wLEB9Rv6erhFmqVnvg\"]},{\"@type\":\"WebPage\",\"@id\":\"https:\\\/\\\/candas365.es\\\/noticias\\\/reunion-para-formalizar-la-entrega-de-la-casa-del-urogallo-de-tarna\\\/#webpage\",\"url\":\"https:\\\/\\\/candas365.es\\\/noticias\\\/reunion-para-formalizar-la-entrega-de-la-casa-del-urogallo-de-tarna\\\/\",\"name\":\"Reuni\\u00f3n para formalizar la entrega de la Casa del Urogallo de Tarna | Cand\\u00e1s 365\",\"description\":\"El consejero de Infraestructuras, Ordenaci\\u00f3n del Territorio y Medio Ambiente, Fernando Lastra, inform\\u00f3 este mi\\u00e9rcoles en rueda de prensa los detalles sobre la reuni\\u00f3n que mantuvo con el alcalde de Caso, Miguel Fern\\u00e1ndez, para formalizar la entrega de la Casa del Urogallo de Tarna. Lastra indic\\u00f3 que el Ayuntamiento de Caso hab\\u00eda logrado recuperar la\",\"inLanguage\":\"es-ES\",\"isPartOf\":{\"@id\":\"https:\\\/\\\/candas365.es\\\/noticias\\\/#website\"},\"breadcrumb\":{\"@id\":\"https:\\\/\\\/candas365.es\\\/noticias\\\/reunion-para-formalizar-la-entrega-de-la-casa-del-urogallo-de-tarna\\\/#breadcrumblist\"},\"author\":{\"@id\":\"https:\\\/\\\/candas365.es\\\/noticias\\\/author\\\/admin\\\/#author\"},\"creator\":{\"@id\":\"https:\\\/\\\/candas365.es\\\/noticias\\\/author\\\/admin\\\/#author\"},\"image\":{\"@type\":\"ImageObject\",\"url\":\"https:\\\/\\\/candas365.es\\\/noticias\\\/wp-content\\\/uploads\\\/2018\\\/07\\\/entrega-casa-urogallo-tarna-2.jpg\",\"@id\":\"https:\\\/\\\/candas365.es\\\/noticias\\\/reunion-para-formalizar-la-entrega-de-la-casa-del-urogallo-de-tarna\\\/#mainImage\",\"width\":1280,\"height\":727},\"primaryImageOfPage\":{\"@id\":\"https:\\\/\\\/candas365.es\\\/noticias\\\/reunion-para-formalizar-la-entrega-de-la-casa-del-urogallo-de-tarna\\\/#mainImage\"},\"datePublished\":\"2018-07-19T00:15:18+02:00\",\"dateModified\":\"2018-07-19T00:15:18+02:00\"},{\"@type\":\"WebSite\",\"@id\":\"https:\\\/\\\/candas365.es\\\/noticias\\\/#website\",\"url\":\"https:\\\/\\\/candas365.es\\\/noticias\\\/\",\"name\":\"Cand\\u00e1s 365\",\"alternateName\":\"Cand\\u00e1s 365 Noticias\",\"description\":\"Actualidad desde Carre\\u00f1o para el mundo\",\"inLanguage\":\"es-ES\",\"publisher\":{\"@id\":\"https:\\\/\\\/candas365.es\\\/noticias\\\/#organization\"}}]}\n\t\t<\/script>\n\t\t<!-- All in One SEO Pro -->\r\n\t\t<title>Reuni\u00f3n para formalizar la entrega de la Casa del Urogallo de Tarna | Cand\u00e1s 365<\/title>\n\n","aioseo_head_json":{"title":"Reuni\u00f3n para formalizar la entrega de la Casa del Urogallo de Tarna | Cand\u00e1s 365","description":"El consejero de Infraestructuras, Ordenaci\u00f3n del Territorio y Medio Ambiente, Fernando Lastra, inform\u00f3 este mi\u00e9rcoles en rueda de prensa los detalles sobre la reuni\u00f3n que mantuvo con el alcalde de Caso, Miguel Fern\u00e1ndez, para formalizar la entrega de la Casa del Urogallo de Tarna. Lastra indic\u00f3 que el Ayuntamiento de Caso hab\u00eda logrado recuperar la","canonical_url":"https:\/\/candas365.es\/noticias\/reunion-para-formalizar-la-entrega-de-la-casa-del-urogallo-de-tarna\/","robots":"max-image-preview:large","keywords":"asturias","webmasterTools":{"google-site-verification":"UA-32230408-1","msvalidate.01":"354F3CDFB2DA171B47FBE9ABF1F88D5","miscellaneous":""},"schema":{"@context":"https:\/\/schema.org","@graph":[{"@type":"BreadcrumbList","@id":"https:\/\/candas365.es\/noticias\/reunion-para-formalizar-la-entrega-de-la-casa-del-urogallo-de-tarna\/#breadcrumblist","itemListElement":[{"@type":"ListItem","@id":"https:\/\/candas365.es\/noticias#listItem","position":1,"name":"Home","item":"https:\/\/candas365.es\/noticias","nextItem":{"@type":"ListItem","@id":"https:\/\/candas365.es\/noticias\/category\/asturias\/#listItem","name":"Asturias"}},{"@type":"ListItem","@id":"https:\/\/candas365.es\/noticias\/category\/asturias\/#listItem","position":2,"name":"Asturias","item":"https:\/\/candas365.es\/noticias\/category\/asturias\/","nextItem":{"@type":"ListItem","@id":"https:\/\/candas365.es\/noticias\/reunion-para-formalizar-la-entrega-de-la-casa-del-urogallo-de-tarna\/#listItem","name":"Reuni\u00f3n para formalizar la entrega de la Casa del Urogallo de Tarna"},"previousItem":{"@type":"ListItem","@id":"https:\/\/candas365.es\/noticias#listItem","name":"Home"}},{"@type":"ListItem","@id":"https:\/\/candas365.es\/noticias\/reunion-para-formalizar-la-entrega-de-la-casa-del-urogallo-de-tarna\/#listItem","position":3,"name":"Reuni\u00f3n para formalizar la entrega de la Casa del Urogallo de Tarna","previousItem":{"@type":"ListItem","@id":"https:\/\/candas365.es\/noticias\/category\/asturias\/#listItem","name":"Asturias"}}]},{"@type":"NewsArticle","@id":"https:\/\/candas365.es\/noticias\/reunion-para-formalizar-la-entrega-de-la-casa-del-urogallo-de-tarna\/#newsarticle","name":"Reuni\u00f3n para formalizar la entrega de la Casa del Urogallo de Tarna | Cand\u00e1s 365","headline":"Reuni\u00f3n para formalizar la entrega de la Casa del Urogallo de Tarna","author":{"@id":"https:\/\/candas365.es\/noticias\/author\/admin\/#author"},"publisher":{"@id":"https:\/\/candas365.es\/noticias\/#organization"},"image":{"@type":"ImageObject","url":"https:\/\/candas365.es\/noticias\/wp-content\/uploads\/2018\/07\/entrega-casa-urogallo-tarna-2.jpg","width":1280,"height":727},"datePublished":"2018-07-19T00:15:18+02:00","dateModified":"2018-07-19T00:15:18+02:00","inLanguage":"es-ES","mainEntityOfPage":{"@id":"https:\/\/candas365.es\/noticias\/reunion-para-formalizar-la-entrega-de-la-casa-del-urogallo-de-tarna\/#webpage"},"isPartOf":{"@id":"https:\/\/candas365.es\/noticias\/reunion-para-formalizar-la-entrega-de-la-casa-del-urogallo-de-tarna\/#webpage"},"articleSection":"Asturias","dateline":"Publicado el julio 19, 2018."},{"@type":"Organization","@id":"https:\/\/candas365.es\/noticias\/#organization","name":"Cand\u00e1s 365","description":"Cand\u00e1s 365 es un diario digital independiente, fundado en 2012, con base en Asturias. Informamos con rigor sobre actualidad, sociedad, cultura y ocio, con una mirada local y global.","url":"https:\/\/candas365.es\/noticias\/","email":"info@candas365.es","telephone":"+34652131393","foundingDate":"2012-06-10","logo":{"@type":"ImageObject","url":"https:\/\/candas365.es\/noticias\/wp-content\/uploads\/2024\/09\/Candas-365-Redes.jpg","@id":"https:\/\/candas365.es\/noticias\/reunion-para-formalizar-la-entrega-de-la-casa-del-urogallo-de-tarna\/#organizationLogo","width":1152,"height":864,"caption":"Cand\u00e1s 365 Redes"},"image":{"@id":"https:\/\/candas365.es\/noticias\/reunion-para-formalizar-la-entrega-de-la-casa-del-urogallo-de-tarna\/#organizationLogo"},"sameAs":["https:\/\/www.facebook.com\/Nachofdezber","https:\/\/x.com\/NabercoDigital","https:\/\/www.instagram.com\/nachofdezber\/","https:\/\/www.youtube.com\/channel\/UCZP-2wLEB9Rv6erhFmqVnvg"],"address":{"@id":"https:\/\/candas365.es\/noticias\/#postaladdress","@type":"PostalAddress","streetAddress":"san antonio 4, san antonio 4","postalCode":"33430","addressLocality":"Cand\u00e1s","addressRegion":"Asturias","addressCountry":"ES"}},{"@type":"Person","@id":"https:\/\/candas365.es\/noticias\/author\/admin\/#author","url":"https:\/\/candas365.es\/noticias\/author\/admin\/","name":"Cand\u00e1s 365","image":{"@type":"ImageObject","@id":"https:\/\/candas365.es\/noticias\/reunion-para-formalizar-la-entrega-de-la-casa-del-urogallo-de-tarna\/#authorImage","url":"https:\/\/secure.gravatar.com\/avatar\/496a8e03d0c493ede1718b7934145dbdf8d89be1036b0eec9544e1094c9de390?s=96&d=mm&r=g","width":96,"height":96,"caption":"Cand\u00e1s 365"},"sameAs":["https:\/\/www.facebook.com\/carrenoactualidad","https:\/\/twitter.com\/nbasturias","https:\/\/www.instagram.com\/nachofdezber\/","https:\/\/www.youtube.com\/channel\/UCZP-2wLEB9Rv6erhFmqVnvg"]},{"@type":"WebPage","@id":"https:\/\/candas365.es\/noticias\/reunion-para-formalizar-la-entrega-de-la-casa-del-urogallo-de-tarna\/#webpage","url":"https:\/\/candas365.es\/noticias\/reunion-para-formalizar-la-entrega-de-la-casa-del-urogallo-de-tarna\/","name":"Reuni\u00f3n para formalizar la entrega de la Casa del Urogallo de Tarna | Cand\u00e1s 365","description":"El consejero de Infraestructuras, Ordenaci\u00f3n del Territorio y Medio Ambiente, Fernando Lastra, inform\u00f3 este mi\u00e9rcoles en rueda de prensa los detalles sobre la reuni\u00f3n que mantuvo con el alcalde de Caso, Miguel Fern\u00e1ndez, para formalizar la entrega de la Casa del Urogallo de Tarna. Lastra indic\u00f3 que el Ayuntamiento de Caso hab\u00eda logrado recuperar la","inLanguage":"es-ES","isPartOf":{"@id":"https:\/\/candas365.es\/noticias\/#website"},"breadcrumb":{"@id":"https:\/\/candas365.es\/noticias\/reunion-para-formalizar-la-entrega-de-la-casa-del-urogallo-de-tarna\/#breadcrumblist"},"author":{"@id":"https:\/\/candas365.es\/noticias\/author\/admin\/#author"},"creator":{"@id":"https:\/\/candas365.es\/noticias\/author\/admin\/#author"},"image":{"@type":"ImageObject","url":"https:\/\/candas365.es\/noticias\/wp-content\/uploads\/2018\/07\/entrega-casa-urogallo-tarna-2.jpg","@id":"https:\/\/candas365.es\/noticias\/reunion-para-formalizar-la-entrega-de-la-casa-del-urogallo-de-tarna\/#mainImage","width":1280,"height":727},"primaryImageOfPage":{"@id":"https:\/\/candas365.es\/noticias\/reunion-para-formalizar-la-entrega-de-la-casa-del-urogallo-de-tarna\/#mainImage"},"datePublished":"2018-07-19T00:15:18+02:00","dateModified":"2018-07-19T00:15:18+02:00"},{"@type":"WebSite","@id":"https:\/\/candas365.es\/noticias\/#website","url":"https:\/\/candas365.es\/noticias\/","name":"Cand\u00e1s 365","alternateName":"Cand\u00e1s 365 Noticias","description":"Actualidad desde Carre\u00f1o para el mundo","inLanguage":"es-ES","publisher":{"@id":"https:\/\/candas365.es\/noticias\/#organization"}}]},"og:locale":"es_ES","og:site_name":"Cand\u00e1s 365","og:type":"article","og:title":"Reuni\u00f3n para formalizar la entrega de la Casa del Urogallo de Tarna | Cand\u00e1s 365","og:description":"El consejero de Infraestructuras, Ordenaci\u00f3n del Territorio y Medio Ambiente, Fernando Lastra, inform\u00f3 este mi\u00e9rcoles en rueda de prensa los detalles sobre la reuni\u00f3n que mantuvo con el alcalde de Caso, Miguel Fern\u00e1ndez, para formalizar la entrega de la Casa del Urogallo de Tarna. Lastra indic\u00f3 que el Ayuntamiento de Caso hab\u00eda logrado recuperar la","og:url":"https:\/\/candas365.es\/noticias\/reunion-para-formalizar-la-entrega-de-la-casa-del-urogallo-de-tarna\/","og:image":"https:\/\/candas365.es\/noticias\/wp-content\/uploads\/2018\/07\/entrega-casa-urogallo-tarna-2.jpg","og:image:secure_url":"https:\/\/candas365.es\/noticias\/wp-content\/uploads\/2018\/07\/entrega-casa-urogallo-tarna-2.jpg","og:image:width":1280,"og:image:height":727,"article:published_time":"2018-07-19T00:15:18+00:00","article:modified_time":"2018-07-19T00:15:18+00:00","article:publisher":"https:\/\/www.facebook.com\/Nachofdezber","article:author":"https:\/\/www.facebook.com\/carrenoactualidad","twitter:card":"summary_large_image","twitter:site":"@NabercoDigital","twitter:title":"Reuni\u00f3n para formalizar la entrega de la Casa del Urogallo de Tarna | Cand\u00e1s 365","twitter:description":"El consejero de Infraestructuras, Ordenaci\u00f3n del Territorio y Medio Ambiente, Fernando Lastra, inform\u00f3 este mi\u00e9rcoles en rueda de prensa los detalles sobre la reuni\u00f3n que mantuvo con el alcalde de Caso, Miguel Fern\u00e1ndez, para formalizar la entrega de la Casa del Urogallo de Tarna. Lastra indic\u00f3 que el Ayuntamiento de Caso hab\u00eda logrado recuperar la","twitter:creator":"@nbasturias","twitter:image":"https:\/\/candas365.es\/noticias\/wp-content\/uploads\/2018\/07\/entrega-casa-urogallo-tarna-2.jpg","twitter:label1":"Escrito por","twitter:data1":"Cand\u00e1s 365","twitter:label2":"Tiempo de lectura estimado","twitter:data2":"1 minuto"},"aioseo_meta_data":{"post_id":"100713","title":null,"description":null,"keywords":null,"keyphrases":null,"primary_term":null,"canonical_url":null,"og_title":null,"og_description":null,"og_object_type":"default","og_image_type":"default","og_image_url":null,"og_image_width":null,"og_image_height":null,"og_image_custom_url":null,"og_image_custom_fields":null,"og_video":null,"og_custom_url":null,"og_article_section":null,"og_article_tags":null,"twitter_use_og":false,"twitter_card":"default","twitter_image_type":"default","twitter_image_url":null,"twitter_image_custom_url":null,"twitter_image_custom_fields":null,"twitter_title":null,"twitter_description":null,"schema":{"blockGraphs":[],"customGraphs":[],"default":{"data":{"Article":[],"Course":[],"Dataset":[],"FAQPage":[],"Movie":[],"Person":[],"Product":[],"ProductReview":[],"Car":[],"Recipe":[],"Service":[],"SoftwareApplication":[],"WebPage":[]},"graphName":"","isEnabled":true},"graphs":[],"defaultGraph":"","defaultPostTypeGraph":""},"schema_type":null,"schema_type_options":null,"pillar_content":false,"robots_default":true,"robots_noindex":false,"robots_noarchive":false,"robots_nosnippet":false,"robots_nofollow":false,"robots_noimageindex":false,"robots_noodp":false,"robots_notranslate":false,"robots_max_snippet":null,"robots_max_videopreview":null,"robots_max_imagepreview":"large","priority":null,"frequency":null,"location":null,"local_seo":null,"seo_analyzer_scan_date":"2025-08-27 09:33:17","breadcrumb_settings":null,"limit_modified_date":false,"reviewed_by":null,"open_ai":null,"ai":null,"created":"2020-12-21 11:48:29","updated":"2025-08-27 09:33:17"},"aioseo_breadcrumb":"<div class=\"aioseo-breadcrumbs\"><span class=\"aioseo-breadcrumb\">\n\t<a href=\"https:\/\/candas365.es\/noticias\" title=\"Home\">Home<\/a>\n<\/span><span class=\"aioseo-breadcrumb-separator\">&ndash;<\/span><span class=\"aioseo-breadcrumb\">\n\t<a href=\"https:\/\/candas365.es\/noticias\/category\/asturias\/\" title=\"Asturias\">Asturias<\/a>\n<\/span><span class=\"aioseo-breadcrumb-separator\">&ndash;<\/span><span class=\"aioseo-breadcrumb\">\n\tReuni\u00f3n para formalizar la entrega de la Casa del Urogallo de Tarna\n<\/span><\/div>","aioseo_breadcrumb_json":[{"label":"Home","link":"https:\/\/candas365.es\/noticias"},{"label":"Asturias","link":"https:\/\/candas365.es\/noticias\/category\/asturias\/"},{"label":"Reuni\u00f3n para formalizar la entrega de la Casa del Urogallo de Tarna","link":"https:\/\/candas365.es\/noticias\/reunion-para-formalizar-la-entrega-de-la-casa-del-urogallo-de-tarna\/"}],"_links":{"self":[{"href":"https:\/\/candas365.es\/noticias\/wp-json\/wp\/v2\/posts\/100713","targetHints":{"allow":["GET"]}}],"collection":[{"href":"https:\/\/candas365.es\/noticias\/wp-json\/wp\/v2\/posts"}],"about":[{"href":"https:\/\/candas365.es\/noticias\/wp-json\/wp\/v2\/types\/post"}],"author":[{"embeddable":true,"href":"https:\/\/candas365.es\/noticias\/wp-json\/wp\/v2\/users\/1"}],"replies":[{"embeddable":true,"href":"https:\/\/candas365.es\/noticias\/wp-json\/wp\/v2\/comments?post=100713"}],"version-history":[{"count":0,"href":"https:\/\/candas365.es\/noticias\/wp-json\/wp\/v2\/posts\/100713\/revisions"}],"wp:featuredmedia":[{"embeddable":true,"href":"https:\/\/candas365.es\/noticias\/wp-json\/wp\/v2\/media\/100714"}],"wp:attachment":[{"href":"https:\/\/candas365.es\/noticias\/wp-json\/wp\/v2\/media?parent=100713"}],"wp:term":[{"taxonomy":"category","embeddable":true,"href":"https:\/\/candas365.es\/noticias\/wp-json\/wp\/v2\/categories?post=100713"},{"taxonomy":"post_tag","embeddable":true,"href":"https:\/\/candas365.es\/noticias\/wp-json\/wp\/v2\/tags?post=100713"}],"curies":[{"name":"wp","href":"https:\/\/api.w.org\/{rel}","templated":true}]}}