{"id":100527,"date":"2018-07-16T14:37:00","date_gmt":"2018-07-16T14:37:00","guid":{"rendered":"http:\/\/candas365.es\/noticias\/?p=100527"},"modified":"2018-07-16T14:37:00","modified_gmt":"2018-07-16T14:37:00","slug":"lola-herrera-llega-a-gijon-con-cinco-horas-con-mario","status":"publish","type":"post","link":"https:\/\/candas365.es\/noticias\/lola-herrera-llega-a-gijon-con-cinco-horas-con-mario\/","title":{"rendered":"Lola Herrera llega a Gij\u00f3n con \u00abCinco horas con Mario\u00bb"},"content":{"rendered":"<p><img fetchpriority=\"high\" decoding=\"async\" class=\"alignleft size-large wp-image-100528\" src=\"https:\/\/candas365.es\/noticias\/wp-content\/uploads\/2018\/07\/Lola-Herrera-320x480.jpg\" alt=\"\" width=\"320\" height=\"480\" srcset=\"https:\/\/candas365.es\/noticias\/wp-content\/uploads\/2018\/07\/Lola-Herrera-320x480.jpg 320w, https:\/\/candas365.es\/noticias\/wp-content\/uploads\/2018\/07\/Lola-Herrera-200x300.jpg 200w, https:\/\/candas365.es\/noticias\/wp-content\/uploads\/2018\/07\/Lola-Herrera-768x1151.jpg 768w, https:\/\/candas365.es\/noticias\/wp-content\/uploads\/2018\/07\/Lola-Herrera-696x1043.jpg 696w, https:\/\/candas365.es\/noticias\/wp-content\/uploads\/2018\/07\/Lola-Herrera-280x420.jpg 280w, https:\/\/candas365.es\/noticias\/wp-content\/uploads\/2018\/07\/Lola-Herrera.jpg 854w\" sizes=\"(max-width: 320px) 100vw, 320px\" \/>Lola Herrera se despide de uno de los personajes m\u00e1s emblem\u00e1ticos de toda su carrera y de la literatura espa\u00f1ola contempor\u00e1nea con Cinco horas con Mario. Tras su estreno en C\u00f3rdoba, la actriz prosigue su gira por toda la geograf\u00eda espa\u00f1ola que la lleva al Teatro Jovellanos de Gij\u00f3n, el viernes y el s\u00e1bado, 27 y 28 de julio, a las 20:30 horas.<\/p>\n<p>Cinco horas con Mario, una de las novelas m\u00e1s importantes de nuestra narrativa contempor\u00e1nea, fue llevada a la escena por primera vez el 26 de noviembre de 1979 en el Teatro Marquina de Madrid. Lola Herrera dio vida entonces a Carmen Sotillo y ahora, casi 40 a\u00f1os despu\u00e9s, vuelve para despedirse de ella de una forma emotiva.<\/p>\n<p>La puesta en escena es de Molina y la producci\u00f3n de Pentaci\u00f3n Espect\u00e1culos y Sabre Producciones, con Jes\u00fas Cimarro y Jos\u00e9 S\u00e1mano al frente, respectivamente.<\/p>\n<p><strong>Sobre Cinco horas con Mario<\/strong><\/p>\n<p>Estamos en marzo de 1966. Carmen Sotillo acaba de perder a su marido Mario de forma inesperada. Una vez que las visitas y la familia se han retirado, ella sola vela durante la \u00faltima noche el cad\u00e1ver de su marido e inicia con \u00e9l un mon\u00f3logo-di\u00e1logo en el que descubrimos sus personalidades y los conflictos de su matrimonio.<\/p>\n<p>Con una forma entrecortada, detallista al m\u00ednimo, reiterativa y llena de t\u00f3picos, Carmen Sotillo dice cosas, manifiesta sentimientos y emite juicios, que hoy nos pueden parecer del todo incre\u00edbles. Pero damos fe de que ese lenguaje exist\u00eda, de que esos juicios se emit\u00edan, de que esas \u201ccosas\u201d de Carmen estaban entonces en la vida de todos los d\u00edas.<\/p>\n<p>Cinco horas con Mario es, entre otras muchas cosas, un documento vivo de esos a\u00f1os sesenta. De las preocupaciones econ\u00f3micas, religiosas, pol\u00edticas, sexuales y morales entonces imperantes que Delibes, a trav\u00e9s del lenguaje de su protagonista, dej\u00f3 retratadas con nitidez, de forma que la vida espa\u00f1ola de entonces llega a palpitar viva en sus palabras.<\/p>\n<p>Pero, por encima de todo esto, Cinco horas con Mario nos habla de los asuntos eternos del ser humano: de la culpa, de la soledad, de la incomunicaci\u00f3n, del sentido de la vida. Como siempre en Delibes partiendo de un localismo concreto encarna en sus personajes y en sus conflictos las realidades m\u00e1s profundas y complejas que condicionan nuestra vida.<\/p>\n<p>Cinco horas con Mario ha sido uno de los mayores y m\u00e1s originales \u00e9xitos teatrales de los \u00faltimos a\u00f1os en Espa\u00f1a.<\/p>\n","protected":false},"excerpt":{"rendered":"<p>Lola Herrera se despide de uno de los personajes m\u00e1s emblem\u00e1ticos de toda su carrera y de la literatura espa\u00f1ola contempor\u00e1nea con Cinco horas con Mario. Tras su estreno en C\u00f3rdoba, la actriz prosigue su gira por toda la geograf\u00eda espa\u00f1ola que la lleva al Teatro Jovellanos de Gij\u00f3n, el viernes y el s\u00e1bado, 27<\/p>\n","protected":false},"author":1,"featured_media":100528,"comment_status":"closed","ping_status":"closed","sticky":false,"template":"","format":"standard","meta":{"footnotes":""},"categories":[1],"tags":[],"class_list":{"0":"post-100527","1":"post","2":"type-post","3":"status-publish","4":"format-standard","5":"has-post-thumbnail","7":"category-agenda"},"aioseo_notices":[],"aioseo_head":"\n\t\t<!-- All in One SEO Pro 4.9.6.2 - aioseo.com -->\n\t<meta name=\"description\" content=\"Lola Herrera se despide de uno de los personajes m\u00e1s emblem\u00e1ticos de toda su carrera y de la literatura espa\u00f1ola contempor\u00e1nea con Cinco horas con Mario. Tras su estreno en C\u00f3rdoba, la actriz prosigue su gira por toda la geograf\u00eda espa\u00f1ola que la lleva al Teatro Jovellanos de Gij\u00f3n, el viernes y el s\u00e1bado, 27\" \/>\n\t<meta name=\"robots\" content=\"max-image-preview:large\" \/>\n\t<meta name=\"author\" content=\"Cand\u00e1s 365\"\/>\n\t<meta name=\"google-site-verification\" content=\"UA-32230408-1\" \/>\n\t<meta name=\"msvalidate.01\" content=\"354F3CDFB2DA171B47FBE9ABF1F88D5\" \/>\n\t<meta name=\"keywords\" content=\"agenda\" \/>\n\t<link rel=\"canonical\" href=\"https:\/\/candas365.es\/noticias\/lola-herrera-llega-a-gijon-con-cinco-horas-con-mario\/\" \/>\n\t<meta name=\"generator\" content=\"All in One SEO Pro (AIOSEO) 4.9.6.2\" \/>\n\t\t<meta property=\"og:locale\" content=\"es_ES\" \/>\n\t\t<meta property=\"og:site_name\" content=\"Cand\u00e1s 365\" \/>\n\t\t<meta property=\"og:type\" content=\"article\" \/>\n\t\t<meta property=\"og:title\" content=\"Lola Herrera llega a Gij\u00f3n con \u00abCinco horas con Mario\u00bb | Cand\u00e1s 365\" \/>\n\t\t<meta property=\"og:description\" content=\"Lola Herrera se despide de uno de los personajes m\u00e1s emblem\u00e1ticos de toda su carrera y de la literatura espa\u00f1ola contempor\u00e1nea con Cinco horas con Mario. Tras su estreno en C\u00f3rdoba, la actriz prosigue su gira por toda la geograf\u00eda espa\u00f1ola que la lleva al Teatro Jovellanos de Gij\u00f3n, el viernes y el s\u00e1bado, 27\" \/>\n\t\t<meta property=\"og:url\" content=\"https:\/\/candas365.es\/noticias\/lola-herrera-llega-a-gijon-con-cinco-horas-con-mario\/\" \/>\n\t\t<meta property=\"og:image\" content=\"https:\/\/candas365.es\/noticias\/wp-content\/uploads\/2018\/07\/Lola-Herrera.jpg\" \/>\n\t\t<meta property=\"og:image:secure_url\" content=\"https:\/\/candas365.es\/noticias\/wp-content\/uploads\/2018\/07\/Lola-Herrera.jpg\" \/>\n\t\t<meta property=\"og:image:width\" content=\"854\" \/>\n\t\t<meta property=\"og:image:height\" content=\"1280\" \/>\n\t\t<meta property=\"article:published_time\" content=\"2018-07-16T14:37:00+00:00\" \/>\n\t\t<meta property=\"article:modified_time\" content=\"2018-07-16T14:37:00+00:00\" \/>\n\t\t<meta property=\"article:publisher\" content=\"https:\/\/www.facebook.com\/Nachofdezber\" \/>\n\t\t<meta property=\"article:author\" content=\"https:\/\/www.facebook.com\/carrenoactualidad\" \/>\n\t\t<meta name=\"twitter:card\" content=\"summary_large_image\" \/>\n\t\t<meta name=\"twitter:site\" content=\"@NabercoDigital\" \/>\n\t\t<meta name=\"twitter:title\" content=\"Lola Herrera llega a Gij\u00f3n con \u00abCinco horas con Mario\u00bb | Cand\u00e1s 365\" \/>\n\t\t<meta name=\"twitter:description\" content=\"Lola Herrera se despide de uno de los personajes m\u00e1s emblem\u00e1ticos de toda su carrera y de la literatura espa\u00f1ola contempor\u00e1nea con Cinco horas con Mario. Tras su estreno en C\u00f3rdoba, la actriz prosigue su gira por toda la geograf\u00eda espa\u00f1ola que la lleva al Teatro Jovellanos de Gij\u00f3n, el viernes y el s\u00e1bado, 27\" \/>\n\t\t<meta name=\"twitter:creator\" content=\"@nbasturias\" \/>\n\t\t<meta name=\"twitter:image\" content=\"https:\/\/candas365.es\/noticias\/wp-content\/uploads\/2018\/07\/Lola-Herrera.jpg\" \/>\n\t\t<meta name=\"twitter:label1\" content=\"Escrito por\" \/>\n\t\t<meta name=\"twitter:data1\" content=\"Cand\u00e1s 365\" \/>\n\t\t<meta name=\"twitter:label2\" content=\"Tiempo de lectura estimado\" \/>\n\t\t<meta name=\"twitter:data2\" content=\"2 minutos\" \/>\n\t\t<script type=\"application\/ld+json\" class=\"aioseo-schema\">\n\t\t\t{\"@context\":\"https:\\\/\\\/schema.org\",\"@graph\":[{\"@type\":\"BreadcrumbList\",\"@id\":\"https:\\\/\\\/candas365.es\\\/noticias\\\/lola-herrera-llega-a-gijon-con-cinco-horas-con-mario\\\/#breadcrumblist\",\"itemListElement\":[{\"@type\":\"ListItem\",\"@id\":\"https:\\\/\\\/candas365.es\\\/noticias#listItem\",\"position\":1,\"name\":\"Home\",\"item\":\"https:\\\/\\\/candas365.es\\\/noticias\",\"nextItem\":{\"@type\":\"ListItem\",\"@id\":\"https:\\\/\\\/candas365.es\\\/noticias\\\/category\\\/agenda\\\/#listItem\",\"name\":\"Agenda\"}},{\"@type\":\"ListItem\",\"@id\":\"https:\\\/\\\/candas365.es\\\/noticias\\\/category\\\/agenda\\\/#listItem\",\"position\":2,\"name\":\"Agenda\",\"item\":\"https:\\\/\\\/candas365.es\\\/noticias\\\/category\\\/agenda\\\/\",\"nextItem\":{\"@type\":\"ListItem\",\"@id\":\"https:\\\/\\\/candas365.es\\\/noticias\\\/lola-herrera-llega-a-gijon-con-cinco-horas-con-mario\\\/#listItem\",\"name\":\"Lola Herrera llega a Gij\\u00f3n con \\u00abCinco horas con Mario\\u00bb\"},\"previousItem\":{\"@type\":\"ListItem\",\"@id\":\"https:\\\/\\\/candas365.es\\\/noticias#listItem\",\"name\":\"Home\"}},{\"@type\":\"ListItem\",\"@id\":\"https:\\\/\\\/candas365.es\\\/noticias\\\/lola-herrera-llega-a-gijon-con-cinco-horas-con-mario\\\/#listItem\",\"position\":3,\"name\":\"Lola Herrera llega a Gij\\u00f3n con \\u00abCinco horas con Mario\\u00bb\",\"previousItem\":{\"@type\":\"ListItem\",\"@id\":\"https:\\\/\\\/candas365.es\\\/noticias\\\/category\\\/agenda\\\/#listItem\",\"name\":\"Agenda\"}}]},{\"@type\":\"NewsArticle\",\"@id\":\"https:\\\/\\\/candas365.es\\\/noticias\\\/lola-herrera-llega-a-gijon-con-cinco-horas-con-mario\\\/#newsarticle\",\"name\":\"Lola Herrera llega a Gij\\u00f3n con \\u00abCinco horas con Mario\\u00bb | Cand\\u00e1s 365\",\"headline\":\"Lola Herrera llega a Gij\\u00f3n con \\u00abCinco horas con Mario\\u00bb\",\"author\":{\"@id\":\"https:\\\/\\\/candas365.es\\\/noticias\\\/author\\\/admin\\\/#author\"},\"publisher\":{\"@id\":\"https:\\\/\\\/candas365.es\\\/noticias\\\/#organization\"},\"image\":{\"@type\":\"ImageObject\",\"url\":\"https:\\\/\\\/candas365.es\\\/noticias\\\/wp-content\\\/uploads\\\/2018\\\/07\\\/Lola-Herrera.jpg\",\"width\":854,\"height\":1280},\"datePublished\":\"2018-07-16T14:37:00+02:00\",\"dateModified\":\"2018-07-16T14:37:00+02:00\",\"inLanguage\":\"es-ES\",\"mainEntityOfPage\":{\"@id\":\"https:\\\/\\\/candas365.es\\\/noticias\\\/lola-herrera-llega-a-gijon-con-cinco-horas-con-mario\\\/#webpage\"},\"isPartOf\":{\"@id\":\"https:\\\/\\\/candas365.es\\\/noticias\\\/lola-herrera-llega-a-gijon-con-cinco-horas-con-mario\\\/#webpage\"},\"articleSection\":\"Agenda\",\"dateline\":\"Publicado el julio 16, 2018.\"},{\"@type\":\"Organization\",\"@id\":\"https:\\\/\\\/candas365.es\\\/noticias\\\/#organization\",\"name\":\"Cand\\u00e1s 365\",\"description\":\"Cand\\u00e1s 365 es un diario digital independiente, fundado en 2012, con base en Asturias. Informamos con rigor sobre actualidad, sociedad, cultura y ocio, con una mirada local y global.\",\"url\":\"https:\\\/\\\/candas365.es\\\/noticias\\\/\",\"email\":\"info@candas365.es\",\"telephone\":\"+34652131393\",\"foundingDate\":\"2012-06-10\",\"logo\":{\"@type\":\"ImageObject\",\"url\":\"https:\\\/\\\/candas365.es\\\/noticias\\\/wp-content\\\/uploads\\\/2024\\\/09\\\/Candas-365-Redes.jpg\",\"@id\":\"https:\\\/\\\/candas365.es\\\/noticias\\\/lola-herrera-llega-a-gijon-con-cinco-horas-con-mario\\\/#organizationLogo\",\"width\":1152,\"height\":864,\"caption\":\"Cand\\u00e1s 365 Redes\"},\"image\":{\"@id\":\"https:\\\/\\\/candas365.es\\\/noticias\\\/lola-herrera-llega-a-gijon-con-cinco-horas-con-mario\\\/#organizationLogo\"},\"sameAs\":[\"https:\\\/\\\/www.facebook.com\\\/Nachofdezber\",\"https:\\\/\\\/x.com\\\/NabercoDigital\",\"https:\\\/\\\/www.instagram.com\\\/nachofdezber\\\/\",\"https:\\\/\\\/www.youtube.com\\\/channel\\\/UCZP-2wLEB9Rv6erhFmqVnvg\"],\"address\":{\"@id\":\"https:\\\/\\\/candas365.es\\\/noticias\\\/#postaladdress\",\"@type\":\"PostalAddress\",\"streetAddress\":\"san antonio 4, san antonio 4\",\"postalCode\":\"33430\",\"addressLocality\":\"Cand\\u00e1s\",\"addressRegion\":\"Asturias\",\"addressCountry\":\"ES\"}},{\"@type\":\"Person\",\"@id\":\"https:\\\/\\\/candas365.es\\\/noticias\\\/author\\\/admin\\\/#author\",\"url\":\"https:\\\/\\\/candas365.es\\\/noticias\\\/author\\\/admin\\\/\",\"name\":\"Cand\\u00e1s 365\",\"image\":{\"@type\":\"ImageObject\",\"@id\":\"https:\\\/\\\/candas365.es\\\/noticias\\\/lola-herrera-llega-a-gijon-con-cinco-horas-con-mario\\\/#authorImage\",\"url\":\"https:\\\/\\\/secure.gravatar.com\\\/avatar\\\/496a8e03d0c493ede1718b7934145dbdf8d89be1036b0eec9544e1094c9de390?s=96&d=mm&r=g\",\"width\":96,\"height\":96,\"caption\":\"Cand\\u00e1s 365\"},\"sameAs\":[\"https:\\\/\\\/www.facebook.com\\\/carrenoactualidad\",\"https:\\\/\\\/twitter.com\\\/nbasturias\",\"https:\\\/\\\/www.instagram.com\\\/nachofdezber\\\/\",\"https:\\\/\\\/www.youtube.com\\\/channel\\\/UCZP-2wLEB9Rv6erhFmqVnvg\"]},{\"@type\":\"WebPage\",\"@id\":\"https:\\\/\\\/candas365.es\\\/noticias\\\/lola-herrera-llega-a-gijon-con-cinco-horas-con-mario\\\/#webpage\",\"url\":\"https:\\\/\\\/candas365.es\\\/noticias\\\/lola-herrera-llega-a-gijon-con-cinco-horas-con-mario\\\/\",\"name\":\"Lola Herrera llega a Gij\\u00f3n con \\u00abCinco horas con Mario\\u00bb | Cand\\u00e1s 365\",\"description\":\"Lola Herrera se despide de uno de los personajes m\\u00e1s emblem\\u00e1ticos de toda su carrera y de la literatura espa\\u00f1ola contempor\\u00e1nea con Cinco horas con Mario. Tras su estreno en C\\u00f3rdoba, la actriz prosigue su gira por toda la geograf\\u00eda espa\\u00f1ola que la lleva al Teatro Jovellanos de Gij\\u00f3n, el viernes y el s\\u00e1bado, 27\",\"inLanguage\":\"es-ES\",\"isPartOf\":{\"@id\":\"https:\\\/\\\/candas365.es\\\/noticias\\\/#website\"},\"breadcrumb\":{\"@id\":\"https:\\\/\\\/candas365.es\\\/noticias\\\/lola-herrera-llega-a-gijon-con-cinco-horas-con-mario\\\/#breadcrumblist\"},\"author\":{\"@id\":\"https:\\\/\\\/candas365.es\\\/noticias\\\/author\\\/admin\\\/#author\"},\"creator\":{\"@id\":\"https:\\\/\\\/candas365.es\\\/noticias\\\/author\\\/admin\\\/#author\"},\"image\":{\"@type\":\"ImageObject\",\"url\":\"https:\\\/\\\/candas365.es\\\/noticias\\\/wp-content\\\/uploads\\\/2018\\\/07\\\/Lola-Herrera.jpg\",\"@id\":\"https:\\\/\\\/candas365.es\\\/noticias\\\/lola-herrera-llega-a-gijon-con-cinco-horas-con-mario\\\/#mainImage\",\"width\":854,\"height\":1280},\"primaryImageOfPage\":{\"@id\":\"https:\\\/\\\/candas365.es\\\/noticias\\\/lola-herrera-llega-a-gijon-con-cinco-horas-con-mario\\\/#mainImage\"},\"datePublished\":\"2018-07-16T14:37:00+02:00\",\"dateModified\":\"2018-07-16T14:37:00+02:00\"},{\"@type\":\"WebSite\",\"@id\":\"https:\\\/\\\/candas365.es\\\/noticias\\\/#website\",\"url\":\"https:\\\/\\\/candas365.es\\\/noticias\\\/\",\"name\":\"Cand\\u00e1s 365\",\"alternateName\":\"Cand\\u00e1s 365 Noticias\",\"description\":\"Actualidad desde Carre\\u00f1o para el mundo\",\"inLanguage\":\"es-ES\",\"publisher\":{\"@id\":\"https:\\\/\\\/candas365.es\\\/noticias\\\/#organization\"}}]}\n\t\t<\/script>\n\t\t<!-- All in One SEO Pro -->\r\n\t\t<title>Lola Herrera llega a Gij\u00f3n con \u00abCinco horas con Mario\u00bb | Cand\u00e1s 365<\/title>\n\n","aioseo_head_json":{"title":"Lola Herrera llega a Gij\u00f3n con \u00abCinco horas con Mario\u00bb | Cand\u00e1s 365","description":"Lola Herrera se despide de uno de los personajes m\u00e1s emblem\u00e1ticos de toda su carrera y de la literatura espa\u00f1ola contempor\u00e1nea con Cinco horas con Mario. Tras su estreno en C\u00f3rdoba, la actriz prosigue su gira por toda la geograf\u00eda espa\u00f1ola que la lleva al Teatro Jovellanos de Gij\u00f3n, el viernes y el s\u00e1bado, 27","canonical_url":"https:\/\/candas365.es\/noticias\/lola-herrera-llega-a-gijon-con-cinco-horas-con-mario\/","robots":"max-image-preview:large","keywords":"agenda","webmasterTools":{"google-site-verification":"UA-32230408-1","msvalidate.01":"354F3CDFB2DA171B47FBE9ABF1F88D5","miscellaneous":""},"schema":{"@context":"https:\/\/schema.org","@graph":[{"@type":"BreadcrumbList","@id":"https:\/\/candas365.es\/noticias\/lola-herrera-llega-a-gijon-con-cinco-horas-con-mario\/#breadcrumblist","itemListElement":[{"@type":"ListItem","@id":"https:\/\/candas365.es\/noticias#listItem","position":1,"name":"Home","item":"https:\/\/candas365.es\/noticias","nextItem":{"@type":"ListItem","@id":"https:\/\/candas365.es\/noticias\/category\/agenda\/#listItem","name":"Agenda"}},{"@type":"ListItem","@id":"https:\/\/candas365.es\/noticias\/category\/agenda\/#listItem","position":2,"name":"Agenda","item":"https:\/\/candas365.es\/noticias\/category\/agenda\/","nextItem":{"@type":"ListItem","@id":"https:\/\/candas365.es\/noticias\/lola-herrera-llega-a-gijon-con-cinco-horas-con-mario\/#listItem","name":"Lola Herrera llega a Gij\u00f3n con \u00abCinco horas con Mario\u00bb"},"previousItem":{"@type":"ListItem","@id":"https:\/\/candas365.es\/noticias#listItem","name":"Home"}},{"@type":"ListItem","@id":"https:\/\/candas365.es\/noticias\/lola-herrera-llega-a-gijon-con-cinco-horas-con-mario\/#listItem","position":3,"name":"Lola Herrera llega a Gij\u00f3n con \u00abCinco horas con Mario\u00bb","previousItem":{"@type":"ListItem","@id":"https:\/\/candas365.es\/noticias\/category\/agenda\/#listItem","name":"Agenda"}}]},{"@type":"NewsArticle","@id":"https:\/\/candas365.es\/noticias\/lola-herrera-llega-a-gijon-con-cinco-horas-con-mario\/#newsarticle","name":"Lola Herrera llega a Gij\u00f3n con \u00abCinco horas con Mario\u00bb | Cand\u00e1s 365","headline":"Lola Herrera llega a Gij\u00f3n con \u00abCinco horas con Mario\u00bb","author":{"@id":"https:\/\/candas365.es\/noticias\/author\/admin\/#author"},"publisher":{"@id":"https:\/\/candas365.es\/noticias\/#organization"},"image":{"@type":"ImageObject","url":"https:\/\/candas365.es\/noticias\/wp-content\/uploads\/2018\/07\/Lola-Herrera.jpg","width":854,"height":1280},"datePublished":"2018-07-16T14:37:00+02:00","dateModified":"2018-07-16T14:37:00+02:00","inLanguage":"es-ES","mainEntityOfPage":{"@id":"https:\/\/candas365.es\/noticias\/lola-herrera-llega-a-gijon-con-cinco-horas-con-mario\/#webpage"},"isPartOf":{"@id":"https:\/\/candas365.es\/noticias\/lola-herrera-llega-a-gijon-con-cinco-horas-con-mario\/#webpage"},"articleSection":"Agenda","dateline":"Publicado el julio 16, 2018."},{"@type":"Organization","@id":"https:\/\/candas365.es\/noticias\/#organization","name":"Cand\u00e1s 365","description":"Cand\u00e1s 365 es un diario digital independiente, fundado en 2012, con base en Asturias. Informamos con rigor sobre actualidad, sociedad, cultura y ocio, con una mirada local y global.","url":"https:\/\/candas365.es\/noticias\/","email":"info@candas365.es","telephone":"+34652131393","foundingDate":"2012-06-10","logo":{"@type":"ImageObject","url":"https:\/\/candas365.es\/noticias\/wp-content\/uploads\/2024\/09\/Candas-365-Redes.jpg","@id":"https:\/\/candas365.es\/noticias\/lola-herrera-llega-a-gijon-con-cinco-horas-con-mario\/#organizationLogo","width":1152,"height":864,"caption":"Cand\u00e1s 365 Redes"},"image":{"@id":"https:\/\/candas365.es\/noticias\/lola-herrera-llega-a-gijon-con-cinco-horas-con-mario\/#organizationLogo"},"sameAs":["https:\/\/www.facebook.com\/Nachofdezber","https:\/\/x.com\/NabercoDigital","https:\/\/www.instagram.com\/nachofdezber\/","https:\/\/www.youtube.com\/channel\/UCZP-2wLEB9Rv6erhFmqVnvg"],"address":{"@id":"https:\/\/candas365.es\/noticias\/#postaladdress","@type":"PostalAddress","streetAddress":"san antonio 4, san antonio 4","postalCode":"33430","addressLocality":"Cand\u00e1s","addressRegion":"Asturias","addressCountry":"ES"}},{"@type":"Person","@id":"https:\/\/candas365.es\/noticias\/author\/admin\/#author","url":"https:\/\/candas365.es\/noticias\/author\/admin\/","name":"Cand\u00e1s 365","image":{"@type":"ImageObject","@id":"https:\/\/candas365.es\/noticias\/lola-herrera-llega-a-gijon-con-cinco-horas-con-mario\/#authorImage","url":"https:\/\/secure.gravatar.com\/avatar\/496a8e03d0c493ede1718b7934145dbdf8d89be1036b0eec9544e1094c9de390?s=96&d=mm&r=g","width":96,"height":96,"caption":"Cand\u00e1s 365"},"sameAs":["https:\/\/www.facebook.com\/carrenoactualidad","https:\/\/twitter.com\/nbasturias","https:\/\/www.instagram.com\/nachofdezber\/","https:\/\/www.youtube.com\/channel\/UCZP-2wLEB9Rv6erhFmqVnvg"]},{"@type":"WebPage","@id":"https:\/\/candas365.es\/noticias\/lola-herrera-llega-a-gijon-con-cinco-horas-con-mario\/#webpage","url":"https:\/\/candas365.es\/noticias\/lola-herrera-llega-a-gijon-con-cinco-horas-con-mario\/","name":"Lola Herrera llega a Gij\u00f3n con \u00abCinco horas con Mario\u00bb | Cand\u00e1s 365","description":"Lola Herrera se despide de uno de los personajes m\u00e1s emblem\u00e1ticos de toda su carrera y de la literatura espa\u00f1ola contempor\u00e1nea con Cinco horas con Mario. Tras su estreno en C\u00f3rdoba, la actriz prosigue su gira por toda la geograf\u00eda espa\u00f1ola que la lleva al Teatro Jovellanos de Gij\u00f3n, el viernes y el s\u00e1bado, 27","inLanguage":"es-ES","isPartOf":{"@id":"https:\/\/candas365.es\/noticias\/#website"},"breadcrumb":{"@id":"https:\/\/candas365.es\/noticias\/lola-herrera-llega-a-gijon-con-cinco-horas-con-mario\/#breadcrumblist"},"author":{"@id":"https:\/\/candas365.es\/noticias\/author\/admin\/#author"},"creator":{"@id":"https:\/\/candas365.es\/noticias\/author\/admin\/#author"},"image":{"@type":"ImageObject","url":"https:\/\/candas365.es\/noticias\/wp-content\/uploads\/2018\/07\/Lola-Herrera.jpg","@id":"https:\/\/candas365.es\/noticias\/lola-herrera-llega-a-gijon-con-cinco-horas-con-mario\/#mainImage","width":854,"height":1280},"primaryImageOfPage":{"@id":"https:\/\/candas365.es\/noticias\/lola-herrera-llega-a-gijon-con-cinco-horas-con-mario\/#mainImage"},"datePublished":"2018-07-16T14:37:00+02:00","dateModified":"2018-07-16T14:37:00+02:00"},{"@type":"WebSite","@id":"https:\/\/candas365.es\/noticias\/#website","url":"https:\/\/candas365.es\/noticias\/","name":"Cand\u00e1s 365","alternateName":"Cand\u00e1s 365 Noticias","description":"Actualidad desde Carre\u00f1o para el mundo","inLanguage":"es-ES","publisher":{"@id":"https:\/\/candas365.es\/noticias\/#organization"}}]},"og:locale":"es_ES","og:site_name":"Cand\u00e1s 365","og:type":"article","og:title":"Lola Herrera llega a Gij\u00f3n con \u00abCinco horas con Mario\u00bb | Cand\u00e1s 365","og:description":"Lola Herrera se despide de uno de los personajes m\u00e1s emblem\u00e1ticos de toda su carrera y de la literatura espa\u00f1ola contempor\u00e1nea con Cinco horas con Mario. Tras su estreno en C\u00f3rdoba, la actriz prosigue su gira por toda la geograf\u00eda espa\u00f1ola que la lleva al Teatro Jovellanos de Gij\u00f3n, el viernes y el s\u00e1bado, 27","og:url":"https:\/\/candas365.es\/noticias\/lola-herrera-llega-a-gijon-con-cinco-horas-con-mario\/","og:image":"https:\/\/candas365.es\/noticias\/wp-content\/uploads\/2018\/07\/Lola-Herrera.jpg","og:image:secure_url":"https:\/\/candas365.es\/noticias\/wp-content\/uploads\/2018\/07\/Lola-Herrera.jpg","og:image:width":854,"og:image:height":1280,"article:published_time":"2018-07-16T14:37:00+00:00","article:modified_time":"2018-07-16T14:37:00+00:00","article:publisher":"https:\/\/www.facebook.com\/Nachofdezber","article:author":"https:\/\/www.facebook.com\/carrenoactualidad","twitter:card":"summary_large_image","twitter:site":"@NabercoDigital","twitter:title":"Lola Herrera llega a Gij\u00f3n con \u00abCinco horas con Mario\u00bb | Cand\u00e1s 365","twitter:description":"Lola Herrera se despide de uno de los personajes m\u00e1s emblem\u00e1ticos de toda su carrera y de la literatura espa\u00f1ola contempor\u00e1nea con Cinco horas con Mario. Tras su estreno en C\u00f3rdoba, la actriz prosigue su gira por toda la geograf\u00eda espa\u00f1ola que la lleva al Teatro Jovellanos de Gij\u00f3n, el viernes y el s\u00e1bado, 27","twitter:creator":"@nbasturias","twitter:image":"https:\/\/candas365.es\/noticias\/wp-content\/uploads\/2018\/07\/Lola-Herrera.jpg","twitter:label1":"Escrito por","twitter:data1":"Cand\u00e1s 365","twitter:label2":"Tiempo de lectura estimado","twitter:data2":"2 minutos"},"aioseo_meta_data":{"post_id":"100527","title":null,"description":null,"keywords":null,"keyphrases":null,"primary_term":null,"canonical_url":null,"og_title":null,"og_description":null,"og_object_type":"default","og_image_type":"default","og_image_url":null,"og_image_width":null,"og_image_height":null,"og_image_custom_url":null,"og_image_custom_fields":null,"og_video":null,"og_custom_url":null,"og_article_section":null,"og_article_tags":null,"twitter_use_og":false,"twitter_card":"default","twitter_image_type":"default","twitter_image_url":null,"twitter_image_custom_url":null,"twitter_image_custom_fields":null,"twitter_title":null,"twitter_description":null,"schema":{"blockGraphs":[],"customGraphs":[],"default":{"data":{"Article":[],"Course":[],"Dataset":[],"FAQPage":[],"Movie":[],"Person":[],"Product":[],"ProductReview":[],"Car":[],"Recipe":[],"Service":[],"SoftwareApplication":[],"WebPage":[]},"graphName":"","isEnabled":true},"graphs":[],"defaultGraph":"","defaultPostTypeGraph":""},"schema_type":null,"schema_type_options":null,"pillar_content":false,"robots_default":true,"robots_noindex":false,"robots_noarchive":false,"robots_nosnippet":false,"robots_nofollow":false,"robots_noimageindex":false,"robots_noodp":false,"robots_notranslate":false,"robots_max_snippet":null,"robots_max_videopreview":null,"robots_max_imagepreview":"large","priority":null,"frequency":null,"location":null,"local_seo":null,"seo_analyzer_scan_date":"2025-08-27 09:02:32","breadcrumb_settings":null,"limit_modified_date":false,"reviewed_by":null,"open_ai":null,"ai":null,"created":"2020-12-21 11:48:40","updated":"2025-08-27 09:02:32"},"aioseo_breadcrumb":"<div class=\"aioseo-breadcrumbs\"><span class=\"aioseo-breadcrumb\">\n\t<a href=\"https:\/\/candas365.es\/noticias\" title=\"Home\">Home<\/a>\n<\/span><span class=\"aioseo-breadcrumb-separator\">&ndash;<\/span><span class=\"aioseo-breadcrumb\">\n\t<a href=\"https:\/\/candas365.es\/noticias\/category\/agenda\/\" title=\"Agenda\">Agenda<\/a>\n<\/span><span class=\"aioseo-breadcrumb-separator\">&ndash;<\/span><span class=\"aioseo-breadcrumb\">\n\tLola Herrera llega a Gij\u00f3n con \u00abCinco horas con Mario\u00bb\n<\/span><\/div>","aioseo_breadcrumb_json":[{"label":"Home","link":"https:\/\/candas365.es\/noticias"},{"label":"Agenda","link":"https:\/\/candas365.es\/noticias\/category\/agenda\/"},{"label":"Lola Herrera llega a Gij\u00f3n con \u00abCinco horas con Mario\u00bb","link":"https:\/\/candas365.es\/noticias\/lola-herrera-llega-a-gijon-con-cinco-horas-con-mario\/"}],"_links":{"self":[{"href":"https:\/\/candas365.es\/noticias\/wp-json\/wp\/v2\/posts\/100527","targetHints":{"allow":["GET"]}}],"collection":[{"href":"https:\/\/candas365.es\/noticias\/wp-json\/wp\/v2\/posts"}],"about":[{"href":"https:\/\/candas365.es\/noticias\/wp-json\/wp\/v2\/types\/post"}],"author":[{"embeddable":true,"href":"https:\/\/candas365.es\/noticias\/wp-json\/wp\/v2\/users\/1"}],"replies":[{"embeddable":true,"href":"https:\/\/candas365.es\/noticias\/wp-json\/wp\/v2\/comments?post=100527"}],"version-history":[{"count":0,"href":"https:\/\/candas365.es\/noticias\/wp-json\/wp\/v2\/posts\/100527\/revisions"}],"wp:featuredmedia":[{"embeddable":true,"href":"https:\/\/candas365.es\/noticias\/wp-json\/wp\/v2\/media\/100528"}],"wp:attachment":[{"href":"https:\/\/candas365.es\/noticias\/wp-json\/wp\/v2\/media?parent=100527"}],"wp:term":[{"taxonomy":"category","embeddable":true,"href":"https:\/\/candas365.es\/noticias\/wp-json\/wp\/v2\/categories?post=100527"},{"taxonomy":"post_tag","embeddable":true,"href":"https:\/\/candas365.es\/noticias\/wp-json\/wp\/v2\/tags?post=100527"}],"curies":[{"name":"wp","href":"https:\/\/api.w.org\/{rel}","templated":true}]}}