{"id":100522,"date":"2018-07-16T13:31:44","date_gmt":"2018-07-16T13:31:44","guid":{"rendered":"http:\/\/candas365.es\/noticias\/?p=100522"},"modified":"2018-07-16T13:31:44","modified_gmt":"2018-07-16T13:31:44","slug":"un-mini-barco-cientifico-de-escolares-canadienses-recala-en-candas","status":"publish","type":"post","link":"https:\/\/candas365.es\/noticias\/un-mini-barco-cientifico-de-escolares-canadienses-recala-en-candas\/","title":{"rendered":"Un mini barco cient\u00edfico de escolares canadienses recala en Cand\u00e1s"},"content":{"rendered":"<p><img fetchpriority=\"high\" decoding=\"async\" class=\"alignleft size-medium wp-image-100523\" src=\"https:\/\/candas365.es\/noticias\/wp-content\/uploads\/2018\/07\/ndp1671801-240x300.jpg\" alt=\"\" width=\"240\" height=\"300\" srcset=\"https:\/\/candas365.es\/noticias\/wp-content\/uploads\/2018\/07\/ndp1671801-240x300.jpg 240w, https:\/\/candas365.es\/noticias\/wp-content\/uploads\/2018\/07\/ndp1671801-385x480.jpg 385w, https:\/\/candas365.es\/noticias\/wp-content\/uploads\/2018\/07\/ndp1671801-337x420.jpg 337w, https:\/\/candas365.es\/noticias\/wp-content\/uploads\/2018\/07\/ndp1671801.jpg 610w\" sizes=\"(max-width: 240px) 100vw, 240px\" \/>La polic\u00eda local coordin\u00f3 el operativo con la Concejal\u00eda de Seguridad Ciudadana para rescatar el mini barco escolar e iniciar las pesquias para devolverlo a su propiedad. El primer paso fue ponerse en contacto con el IES Illa de Sar\u00f3n, de Lugo, el profesor Jos\u00e9 Mar\u00eda Orol les explic\u00f3 a los agentes de Carre\u00f1o los or\u00edgenes y finalidad del proyecto educativo del mini barco comprometi\u00e9ndose a venir a recogerlo a Cand\u00e1s.<\/p>\n<p>Una vez en la villa marinera, lo recogieron en dependencias policiales para ser reparado en el centro educativo gallego porque all\u00ed tienen un ciclo formativo de FP que posibilita que el alumnado efect\u00faen los arreglos necesarios.<\/p>\n<p>El centro educativo de Canad\u00e1 que bot\u00f3 el barco previo a que el barco recalase Cand\u00e1s contact\u00f3 con su hom\u00f3nimo lucense despu\u00e9s de ver por gps que el barco educativo llevaba tiempo sin moverse en zona cercana a la costa de Xove, Lugo. Tal y como se\u00f1al\u00f3 el profesor Orol es costumbre en estos proyectos socioeducativos que se soliciten auxilio a centros formativos cercanos para la recuperaci\u00f3n y revisi\u00f3n de los prototipos. Ser\u00e1n los gallegos los que, una vez recuperado el mini barco con la ayuda carrese\u00f1e, los que entren en la p\u00e1gina de seguimiento del barco y cuelguen las incidencias del mismo en nuestro concejo, con reportaje fotogr\u00e1fico que realizaron, para que as\u00ed el alumnado canadiense est\u00e9 al tanto del periplo.<\/p>\n<p>Este mini barco conecta a centros educativos de diferentes pa\u00edses entre s\u00ed y estimula que se creen relaciones reales entre culturas.<\/p>\n","protected":false},"excerpt":{"rendered":"<p>La polic\u00eda local coordin\u00f3 el operativo con la Concejal\u00eda de Seguridad Ciudadana para rescatar el mini barco escolar e iniciar las pesquias para devolverlo a su propiedad. El primer paso fue ponerse en contacto con el IES Illa de Sar\u00f3n, de Lugo, el profesor Jos\u00e9 Mar\u00eda Orol les explic\u00f3 a los agentes de Carre\u00f1o los<\/p>\n","protected":false},"author":1,"featured_media":100523,"comment_status":"closed","ping_status":"closed","sticky":false,"template":"","format":"standard","meta":{"footnotes":""},"categories":[2],"tags":[],"class_list":{"0":"post-100522","1":"post","2":"type-post","3":"status-publish","4":"format-standard","5":"has-post-thumbnail","7":"category-noticias-carreno"},"aioseo_notices":[],"aioseo_head":"\n\t\t<!-- All in One SEO Pro 4.9.6.2 - aioseo.com -->\n\t<meta name=\"description\" content=\"La polic\u00eda local coordin\u00f3 el operativo con la Concejal\u00eda de Seguridad Ciudadana para rescatar el mini barco escolar e iniciar las pesquias para devolverlo a su propiedad. El primer paso fue ponerse en contacto con el IES Illa de Sar\u00f3n, de Lugo, el profesor Jos\u00e9 Mar\u00eda Orol les explic\u00f3 a los agentes de Carre\u00f1o los\" \/>\n\t<meta name=\"robots\" content=\"max-image-preview:large\" \/>\n\t<meta name=\"author\" content=\"Cand\u00e1s 365\"\/>\n\t<meta name=\"google-site-verification\" content=\"UA-32230408-1\" \/>\n\t<meta name=\"msvalidate.01\" content=\"354F3CDFB2DA171B47FBE9ABF1F88D5\" \/>\n\t<meta name=\"keywords\" content=\"noticias carre\u00f1o\" \/>\n\t<link rel=\"canonical\" href=\"https:\/\/candas365.es\/noticias\/un-mini-barco-cientifico-de-escolares-canadienses-recala-en-candas\/\" \/>\n\t<meta name=\"generator\" content=\"All in One SEO Pro (AIOSEO) 4.9.6.2\" \/>\n\t\t<meta property=\"og:locale\" content=\"es_ES\" \/>\n\t\t<meta property=\"og:site_name\" content=\"Cand\u00e1s 365\" \/>\n\t\t<meta property=\"og:type\" content=\"article\" \/>\n\t\t<meta property=\"og:title\" content=\"Un mini barco cient\u00edfico de escolares canadienses recala en Cand\u00e1s | Cand\u00e1s 365\" \/>\n\t\t<meta property=\"og:description\" content=\"La polic\u00eda local coordin\u00f3 el operativo con la Concejal\u00eda de Seguridad Ciudadana para rescatar el mini barco escolar e iniciar las pesquias para devolverlo a su propiedad. El primer paso fue ponerse en contacto con el IES Illa de Sar\u00f3n, de Lugo, el profesor Jos\u00e9 Mar\u00eda Orol les explic\u00f3 a los agentes de Carre\u00f1o los\" \/>\n\t\t<meta property=\"og:url\" content=\"https:\/\/candas365.es\/noticias\/un-mini-barco-cientifico-de-escolares-canadienses-recala-en-candas\/\" \/>\n\t\t<meta property=\"og:image\" content=\"https:\/\/candas365.es\/noticias\/wp-content\/uploads\/2018\/07\/ndp1671801.jpg\" \/>\n\t\t<meta property=\"og:image:secure_url\" content=\"https:\/\/candas365.es\/noticias\/wp-content\/uploads\/2018\/07\/ndp1671801.jpg\" \/>\n\t\t<meta property=\"og:image:width\" content=\"610\" \/>\n\t\t<meta property=\"og:image:height\" content=\"761\" \/>\n\t\t<meta property=\"article:published_time\" content=\"2018-07-16T13:31:44+00:00\" \/>\n\t\t<meta property=\"article:modified_time\" content=\"2018-07-16T13:31:44+00:00\" \/>\n\t\t<meta property=\"article:publisher\" content=\"https:\/\/www.facebook.com\/Nachofdezber\" \/>\n\t\t<meta property=\"article:author\" content=\"https:\/\/www.facebook.com\/carrenoactualidad\" \/>\n\t\t<meta name=\"twitter:card\" content=\"summary_large_image\" \/>\n\t\t<meta name=\"twitter:site\" content=\"@NabercoDigital\" \/>\n\t\t<meta name=\"twitter:title\" content=\"Un mini barco cient\u00edfico de escolares canadienses recala en Cand\u00e1s | Cand\u00e1s 365\" \/>\n\t\t<meta name=\"twitter:description\" content=\"La polic\u00eda local coordin\u00f3 el operativo con la Concejal\u00eda de Seguridad Ciudadana para rescatar el mini barco escolar e iniciar las pesquias para devolverlo a su propiedad. El primer paso fue ponerse en contacto con el IES Illa de Sar\u00f3n, de Lugo, el profesor Jos\u00e9 Mar\u00eda Orol les explic\u00f3 a los agentes de Carre\u00f1o los\" \/>\n\t\t<meta name=\"twitter:creator\" content=\"@nbasturias\" \/>\n\t\t<meta name=\"twitter:image\" content=\"https:\/\/candas365.es\/noticias\/wp-content\/uploads\/2018\/07\/ndp1671801.jpg\" \/>\n\t\t<meta name=\"twitter:label1\" content=\"Escrito por\" \/>\n\t\t<meta name=\"twitter:data1\" content=\"Cand\u00e1s 365\" \/>\n\t\t<meta name=\"twitter:label2\" content=\"Tiempo de lectura estimado\" \/>\n\t\t<meta name=\"twitter:data2\" content=\"1 minuto\" \/>\n\t\t<script type=\"application\/ld+json\" class=\"aioseo-schema\">\n\t\t\t{\"@context\":\"https:\\\/\\\/schema.org\",\"@graph\":[{\"@type\":\"BreadcrumbList\",\"@id\":\"https:\\\/\\\/candas365.es\\\/noticias\\\/un-mini-barco-cientifico-de-escolares-canadienses-recala-en-candas\\\/#breadcrumblist\",\"itemListElement\":[{\"@type\":\"ListItem\",\"@id\":\"https:\\\/\\\/candas365.es\\\/noticias#listItem\",\"position\":1,\"name\":\"Home\",\"item\":\"https:\\\/\\\/candas365.es\\\/noticias\",\"nextItem\":{\"@type\":\"ListItem\",\"@id\":\"https:\\\/\\\/candas365.es\\\/noticias\\\/category\\\/noticias-carreno\\\/#listItem\",\"name\":\"Noticias Carre\\u00f1o\"}},{\"@type\":\"ListItem\",\"@id\":\"https:\\\/\\\/candas365.es\\\/noticias\\\/category\\\/noticias-carreno\\\/#listItem\",\"position\":2,\"name\":\"Noticias Carre\\u00f1o\",\"item\":\"https:\\\/\\\/candas365.es\\\/noticias\\\/category\\\/noticias-carreno\\\/\",\"nextItem\":{\"@type\":\"ListItem\",\"@id\":\"https:\\\/\\\/candas365.es\\\/noticias\\\/un-mini-barco-cientifico-de-escolares-canadienses-recala-en-candas\\\/#listItem\",\"name\":\"Un mini barco cient\\u00edfico de escolares canadienses recala en Cand\\u00e1s\"},\"previousItem\":{\"@type\":\"ListItem\",\"@id\":\"https:\\\/\\\/candas365.es\\\/noticias#listItem\",\"name\":\"Home\"}},{\"@type\":\"ListItem\",\"@id\":\"https:\\\/\\\/candas365.es\\\/noticias\\\/un-mini-barco-cientifico-de-escolares-canadienses-recala-en-candas\\\/#listItem\",\"position\":3,\"name\":\"Un mini barco cient\\u00edfico de escolares canadienses recala en Cand\\u00e1s\",\"previousItem\":{\"@type\":\"ListItem\",\"@id\":\"https:\\\/\\\/candas365.es\\\/noticias\\\/category\\\/noticias-carreno\\\/#listItem\",\"name\":\"Noticias Carre\\u00f1o\"}}]},{\"@type\":\"NewsArticle\",\"@id\":\"https:\\\/\\\/candas365.es\\\/noticias\\\/un-mini-barco-cientifico-de-escolares-canadienses-recala-en-candas\\\/#newsarticle\",\"name\":\"Un mini barco cient\\u00edfico de escolares canadienses recala en Cand\\u00e1s | Cand\\u00e1s 365\",\"headline\":\"Un mini barco cient\\u00edfico de escolares canadienses recala en Cand\\u00e1s\",\"author\":{\"@id\":\"https:\\\/\\\/candas365.es\\\/noticias\\\/author\\\/admin\\\/#author\"},\"publisher\":{\"@id\":\"https:\\\/\\\/candas365.es\\\/noticias\\\/#organization\"},\"image\":{\"@type\":\"ImageObject\",\"url\":\"https:\\\/\\\/candas365.es\\\/noticias\\\/wp-content\\\/uploads\\\/2018\\\/07\\\/ndp1671801.jpg\",\"width\":610,\"height\":761},\"datePublished\":\"2018-07-16T13:31:44+02:00\",\"dateModified\":\"2018-07-16T13:31:44+02:00\",\"inLanguage\":\"es-ES\",\"mainEntityOfPage\":{\"@id\":\"https:\\\/\\\/candas365.es\\\/noticias\\\/un-mini-barco-cientifico-de-escolares-canadienses-recala-en-candas\\\/#webpage\"},\"isPartOf\":{\"@id\":\"https:\\\/\\\/candas365.es\\\/noticias\\\/un-mini-barco-cientifico-de-escolares-canadienses-recala-en-candas\\\/#webpage\"},\"articleSection\":\"Noticias Carre\\u00f1o\",\"dateline\":\"Publicado el julio 16, 2018.\"},{\"@type\":\"Organization\",\"@id\":\"https:\\\/\\\/candas365.es\\\/noticias\\\/#organization\",\"name\":\"Cand\\u00e1s 365\",\"description\":\"Cand\\u00e1s 365 es un diario digital independiente, fundado en 2012, con base en Asturias. Informamos con rigor sobre actualidad, sociedad, cultura y ocio, con una mirada local y global.\",\"url\":\"https:\\\/\\\/candas365.es\\\/noticias\\\/\",\"email\":\"info@candas365.es\",\"telephone\":\"+34652131393\",\"foundingDate\":\"2012-06-10\",\"logo\":{\"@type\":\"ImageObject\",\"url\":\"https:\\\/\\\/candas365.es\\\/noticias\\\/wp-content\\\/uploads\\\/2024\\\/09\\\/Candas-365-Redes.jpg\",\"@id\":\"https:\\\/\\\/candas365.es\\\/noticias\\\/un-mini-barco-cientifico-de-escolares-canadienses-recala-en-candas\\\/#organizationLogo\",\"width\":1152,\"height\":864,\"caption\":\"Cand\\u00e1s 365 Redes\"},\"image\":{\"@id\":\"https:\\\/\\\/candas365.es\\\/noticias\\\/un-mini-barco-cientifico-de-escolares-canadienses-recala-en-candas\\\/#organizationLogo\"},\"sameAs\":[\"https:\\\/\\\/www.facebook.com\\\/Nachofdezber\",\"https:\\\/\\\/x.com\\\/NabercoDigital\",\"https:\\\/\\\/www.instagram.com\\\/nachofdezber\\\/\",\"https:\\\/\\\/www.youtube.com\\\/channel\\\/UCZP-2wLEB9Rv6erhFmqVnvg\"],\"address\":{\"@id\":\"https:\\\/\\\/candas365.es\\\/noticias\\\/#postaladdress\",\"@type\":\"PostalAddress\",\"streetAddress\":\"san antonio 4, san antonio 4\",\"postalCode\":\"33430\",\"addressLocality\":\"Cand\\u00e1s\",\"addressRegion\":\"Asturias\",\"addressCountry\":\"ES\"}},{\"@type\":\"Person\",\"@id\":\"https:\\\/\\\/candas365.es\\\/noticias\\\/author\\\/admin\\\/#author\",\"url\":\"https:\\\/\\\/candas365.es\\\/noticias\\\/author\\\/admin\\\/\",\"name\":\"Cand\\u00e1s 365\",\"image\":{\"@type\":\"ImageObject\",\"@id\":\"https:\\\/\\\/candas365.es\\\/noticias\\\/un-mini-barco-cientifico-de-escolares-canadienses-recala-en-candas\\\/#authorImage\",\"url\":\"https:\\\/\\\/secure.gravatar.com\\\/avatar\\\/496a8e03d0c493ede1718b7934145dbdf8d89be1036b0eec9544e1094c9de390?s=96&d=mm&r=g\",\"width\":96,\"height\":96,\"caption\":\"Cand\\u00e1s 365\"},\"sameAs\":[\"https:\\\/\\\/www.facebook.com\\\/carrenoactualidad\",\"https:\\\/\\\/twitter.com\\\/nbasturias\",\"https:\\\/\\\/www.instagram.com\\\/nachofdezber\\\/\",\"https:\\\/\\\/www.youtube.com\\\/channel\\\/UCZP-2wLEB9Rv6erhFmqVnvg\"]},{\"@type\":\"WebPage\",\"@id\":\"https:\\\/\\\/candas365.es\\\/noticias\\\/un-mini-barco-cientifico-de-escolares-canadienses-recala-en-candas\\\/#webpage\",\"url\":\"https:\\\/\\\/candas365.es\\\/noticias\\\/un-mini-barco-cientifico-de-escolares-canadienses-recala-en-candas\\\/\",\"name\":\"Un mini barco cient\\u00edfico de escolares canadienses recala en Cand\\u00e1s | Cand\\u00e1s 365\",\"description\":\"La polic\\u00eda local coordin\\u00f3 el operativo con la Concejal\\u00eda de Seguridad Ciudadana para rescatar el mini barco escolar e iniciar las pesquias para devolverlo a su propiedad. El primer paso fue ponerse en contacto con el IES Illa de Sar\\u00f3n, de Lugo, el profesor Jos\\u00e9 Mar\\u00eda Orol les explic\\u00f3 a los agentes de Carre\\u00f1o los\",\"inLanguage\":\"es-ES\",\"isPartOf\":{\"@id\":\"https:\\\/\\\/candas365.es\\\/noticias\\\/#website\"},\"breadcrumb\":{\"@id\":\"https:\\\/\\\/candas365.es\\\/noticias\\\/un-mini-barco-cientifico-de-escolares-canadienses-recala-en-candas\\\/#breadcrumblist\"},\"author\":{\"@id\":\"https:\\\/\\\/candas365.es\\\/noticias\\\/author\\\/admin\\\/#author\"},\"creator\":{\"@id\":\"https:\\\/\\\/candas365.es\\\/noticias\\\/author\\\/admin\\\/#author\"},\"image\":{\"@type\":\"ImageObject\",\"url\":\"https:\\\/\\\/candas365.es\\\/noticias\\\/wp-content\\\/uploads\\\/2018\\\/07\\\/ndp1671801.jpg\",\"@id\":\"https:\\\/\\\/candas365.es\\\/noticias\\\/un-mini-barco-cientifico-de-escolares-canadienses-recala-en-candas\\\/#mainImage\",\"width\":610,\"height\":761},\"primaryImageOfPage\":{\"@id\":\"https:\\\/\\\/candas365.es\\\/noticias\\\/un-mini-barco-cientifico-de-escolares-canadienses-recala-en-candas\\\/#mainImage\"},\"datePublished\":\"2018-07-16T13:31:44+02:00\",\"dateModified\":\"2018-07-16T13:31:44+02:00\"},{\"@type\":\"WebSite\",\"@id\":\"https:\\\/\\\/candas365.es\\\/noticias\\\/#website\",\"url\":\"https:\\\/\\\/candas365.es\\\/noticias\\\/\",\"name\":\"Cand\\u00e1s 365\",\"alternateName\":\"Cand\\u00e1s 365 Noticias\",\"description\":\"Actualidad desde Carre\\u00f1o para el mundo\",\"inLanguage\":\"es-ES\",\"publisher\":{\"@id\":\"https:\\\/\\\/candas365.es\\\/noticias\\\/#organization\"}}]}\n\t\t<\/script>\n\t\t<!-- All in One SEO Pro -->\r\n\t\t<title>Un mini barco cient\u00edfico de escolares canadienses recala en Cand\u00e1s | Cand\u00e1s 365<\/title>\n\n","aioseo_head_json":{"title":"Un mini barco cient\u00edfico de escolares canadienses recala en Cand\u00e1s | Cand\u00e1s 365","description":"La polic\u00eda local coordin\u00f3 el operativo con la Concejal\u00eda de Seguridad Ciudadana para rescatar el mini barco escolar e iniciar las pesquias para devolverlo a su propiedad. El primer paso fue ponerse en contacto con el IES Illa de Sar\u00f3n, de Lugo, el profesor Jos\u00e9 Mar\u00eda Orol les explic\u00f3 a los agentes de Carre\u00f1o los","canonical_url":"https:\/\/candas365.es\/noticias\/un-mini-barco-cientifico-de-escolares-canadienses-recala-en-candas\/","robots":"max-image-preview:large","keywords":"noticias carre\u00f1o","webmasterTools":{"google-site-verification":"UA-32230408-1","msvalidate.01":"354F3CDFB2DA171B47FBE9ABF1F88D5","miscellaneous":""},"schema":{"@context":"https:\/\/schema.org","@graph":[{"@type":"BreadcrumbList","@id":"https:\/\/candas365.es\/noticias\/un-mini-barco-cientifico-de-escolares-canadienses-recala-en-candas\/#breadcrumblist","itemListElement":[{"@type":"ListItem","@id":"https:\/\/candas365.es\/noticias#listItem","position":1,"name":"Home","item":"https:\/\/candas365.es\/noticias","nextItem":{"@type":"ListItem","@id":"https:\/\/candas365.es\/noticias\/category\/noticias-carreno\/#listItem","name":"Noticias Carre\u00f1o"}},{"@type":"ListItem","@id":"https:\/\/candas365.es\/noticias\/category\/noticias-carreno\/#listItem","position":2,"name":"Noticias Carre\u00f1o","item":"https:\/\/candas365.es\/noticias\/category\/noticias-carreno\/","nextItem":{"@type":"ListItem","@id":"https:\/\/candas365.es\/noticias\/un-mini-barco-cientifico-de-escolares-canadienses-recala-en-candas\/#listItem","name":"Un mini barco cient\u00edfico de escolares canadienses recala en Cand\u00e1s"},"previousItem":{"@type":"ListItem","@id":"https:\/\/candas365.es\/noticias#listItem","name":"Home"}},{"@type":"ListItem","@id":"https:\/\/candas365.es\/noticias\/un-mini-barco-cientifico-de-escolares-canadienses-recala-en-candas\/#listItem","position":3,"name":"Un mini barco cient\u00edfico de escolares canadienses recala en Cand\u00e1s","previousItem":{"@type":"ListItem","@id":"https:\/\/candas365.es\/noticias\/category\/noticias-carreno\/#listItem","name":"Noticias Carre\u00f1o"}}]},{"@type":"NewsArticle","@id":"https:\/\/candas365.es\/noticias\/un-mini-barco-cientifico-de-escolares-canadienses-recala-en-candas\/#newsarticle","name":"Un mini barco cient\u00edfico de escolares canadienses recala en Cand\u00e1s | Cand\u00e1s 365","headline":"Un mini barco cient\u00edfico de escolares canadienses recala en Cand\u00e1s","author":{"@id":"https:\/\/candas365.es\/noticias\/author\/admin\/#author"},"publisher":{"@id":"https:\/\/candas365.es\/noticias\/#organization"},"image":{"@type":"ImageObject","url":"https:\/\/candas365.es\/noticias\/wp-content\/uploads\/2018\/07\/ndp1671801.jpg","width":610,"height":761},"datePublished":"2018-07-16T13:31:44+02:00","dateModified":"2018-07-16T13:31:44+02:00","inLanguage":"es-ES","mainEntityOfPage":{"@id":"https:\/\/candas365.es\/noticias\/un-mini-barco-cientifico-de-escolares-canadienses-recala-en-candas\/#webpage"},"isPartOf":{"@id":"https:\/\/candas365.es\/noticias\/un-mini-barco-cientifico-de-escolares-canadienses-recala-en-candas\/#webpage"},"articleSection":"Noticias Carre\u00f1o","dateline":"Publicado el julio 16, 2018."},{"@type":"Organization","@id":"https:\/\/candas365.es\/noticias\/#organization","name":"Cand\u00e1s 365","description":"Cand\u00e1s 365 es un diario digital independiente, fundado en 2012, con base en Asturias. Informamos con rigor sobre actualidad, sociedad, cultura y ocio, con una mirada local y global.","url":"https:\/\/candas365.es\/noticias\/","email":"info@candas365.es","telephone":"+34652131393","foundingDate":"2012-06-10","logo":{"@type":"ImageObject","url":"https:\/\/candas365.es\/noticias\/wp-content\/uploads\/2024\/09\/Candas-365-Redes.jpg","@id":"https:\/\/candas365.es\/noticias\/un-mini-barco-cientifico-de-escolares-canadienses-recala-en-candas\/#organizationLogo","width":1152,"height":864,"caption":"Cand\u00e1s 365 Redes"},"image":{"@id":"https:\/\/candas365.es\/noticias\/un-mini-barco-cientifico-de-escolares-canadienses-recala-en-candas\/#organizationLogo"},"sameAs":["https:\/\/www.facebook.com\/Nachofdezber","https:\/\/x.com\/NabercoDigital","https:\/\/www.instagram.com\/nachofdezber\/","https:\/\/www.youtube.com\/channel\/UCZP-2wLEB9Rv6erhFmqVnvg"],"address":{"@id":"https:\/\/candas365.es\/noticias\/#postaladdress","@type":"PostalAddress","streetAddress":"san antonio 4, san antonio 4","postalCode":"33430","addressLocality":"Cand\u00e1s","addressRegion":"Asturias","addressCountry":"ES"}},{"@type":"Person","@id":"https:\/\/candas365.es\/noticias\/author\/admin\/#author","url":"https:\/\/candas365.es\/noticias\/author\/admin\/","name":"Cand\u00e1s 365","image":{"@type":"ImageObject","@id":"https:\/\/candas365.es\/noticias\/un-mini-barco-cientifico-de-escolares-canadienses-recala-en-candas\/#authorImage","url":"https:\/\/secure.gravatar.com\/avatar\/496a8e03d0c493ede1718b7934145dbdf8d89be1036b0eec9544e1094c9de390?s=96&d=mm&r=g","width":96,"height":96,"caption":"Cand\u00e1s 365"},"sameAs":["https:\/\/www.facebook.com\/carrenoactualidad","https:\/\/twitter.com\/nbasturias","https:\/\/www.instagram.com\/nachofdezber\/","https:\/\/www.youtube.com\/channel\/UCZP-2wLEB9Rv6erhFmqVnvg"]},{"@type":"WebPage","@id":"https:\/\/candas365.es\/noticias\/un-mini-barco-cientifico-de-escolares-canadienses-recala-en-candas\/#webpage","url":"https:\/\/candas365.es\/noticias\/un-mini-barco-cientifico-de-escolares-canadienses-recala-en-candas\/","name":"Un mini barco cient\u00edfico de escolares canadienses recala en Cand\u00e1s | Cand\u00e1s 365","description":"La polic\u00eda local coordin\u00f3 el operativo con la Concejal\u00eda de Seguridad Ciudadana para rescatar el mini barco escolar e iniciar las pesquias para devolverlo a su propiedad. El primer paso fue ponerse en contacto con el IES Illa de Sar\u00f3n, de Lugo, el profesor Jos\u00e9 Mar\u00eda Orol les explic\u00f3 a los agentes de Carre\u00f1o los","inLanguage":"es-ES","isPartOf":{"@id":"https:\/\/candas365.es\/noticias\/#website"},"breadcrumb":{"@id":"https:\/\/candas365.es\/noticias\/un-mini-barco-cientifico-de-escolares-canadienses-recala-en-candas\/#breadcrumblist"},"author":{"@id":"https:\/\/candas365.es\/noticias\/author\/admin\/#author"},"creator":{"@id":"https:\/\/candas365.es\/noticias\/author\/admin\/#author"},"image":{"@type":"ImageObject","url":"https:\/\/candas365.es\/noticias\/wp-content\/uploads\/2018\/07\/ndp1671801.jpg","@id":"https:\/\/candas365.es\/noticias\/un-mini-barco-cientifico-de-escolares-canadienses-recala-en-candas\/#mainImage","width":610,"height":761},"primaryImageOfPage":{"@id":"https:\/\/candas365.es\/noticias\/un-mini-barco-cientifico-de-escolares-canadienses-recala-en-candas\/#mainImage"},"datePublished":"2018-07-16T13:31:44+02:00","dateModified":"2018-07-16T13:31:44+02:00"},{"@type":"WebSite","@id":"https:\/\/candas365.es\/noticias\/#website","url":"https:\/\/candas365.es\/noticias\/","name":"Cand\u00e1s 365","alternateName":"Cand\u00e1s 365 Noticias","description":"Actualidad desde Carre\u00f1o para el mundo","inLanguage":"es-ES","publisher":{"@id":"https:\/\/candas365.es\/noticias\/#organization"}}]},"og:locale":"es_ES","og:site_name":"Cand\u00e1s 365","og:type":"article","og:title":"Un mini barco cient\u00edfico de escolares canadienses recala en Cand\u00e1s | Cand\u00e1s 365","og:description":"La polic\u00eda local coordin\u00f3 el operativo con la Concejal\u00eda de Seguridad Ciudadana para rescatar el mini barco escolar e iniciar las pesquias para devolverlo a su propiedad. El primer paso fue ponerse en contacto con el IES Illa de Sar\u00f3n, de Lugo, el profesor Jos\u00e9 Mar\u00eda Orol les explic\u00f3 a los agentes de Carre\u00f1o los","og:url":"https:\/\/candas365.es\/noticias\/un-mini-barco-cientifico-de-escolares-canadienses-recala-en-candas\/","og:image":"https:\/\/candas365.es\/noticias\/wp-content\/uploads\/2018\/07\/ndp1671801.jpg","og:image:secure_url":"https:\/\/candas365.es\/noticias\/wp-content\/uploads\/2018\/07\/ndp1671801.jpg","og:image:width":610,"og:image:height":761,"article:published_time":"2018-07-16T13:31:44+00:00","article:modified_time":"2018-07-16T13:31:44+00:00","article:publisher":"https:\/\/www.facebook.com\/Nachofdezber","article:author":"https:\/\/www.facebook.com\/carrenoactualidad","twitter:card":"summary_large_image","twitter:site":"@NabercoDigital","twitter:title":"Un mini barco cient\u00edfico de escolares canadienses recala en Cand\u00e1s | Cand\u00e1s 365","twitter:description":"La polic\u00eda local coordin\u00f3 el operativo con la Concejal\u00eda de Seguridad Ciudadana para rescatar el mini barco escolar e iniciar las pesquias para devolverlo a su propiedad. El primer paso fue ponerse en contacto con el IES Illa de Sar\u00f3n, de Lugo, el profesor Jos\u00e9 Mar\u00eda Orol les explic\u00f3 a los agentes de Carre\u00f1o los","twitter:creator":"@nbasturias","twitter:image":"https:\/\/candas365.es\/noticias\/wp-content\/uploads\/2018\/07\/ndp1671801.jpg","twitter:label1":"Escrito por","twitter:data1":"Cand\u00e1s 365","twitter:label2":"Tiempo de lectura estimado","twitter:data2":"1 minuto"},"aioseo_meta_data":{"post_id":"100522","title":null,"description":null,"keywords":null,"keyphrases":null,"primary_term":null,"canonical_url":null,"og_title":null,"og_description":null,"og_object_type":"default","og_image_type":"default","og_image_url":null,"og_image_width":null,"og_image_height":null,"og_image_custom_url":null,"og_image_custom_fields":null,"og_video":null,"og_custom_url":null,"og_article_section":null,"og_article_tags":null,"twitter_use_og":false,"twitter_card":"default","twitter_image_type":"default","twitter_image_url":null,"twitter_image_custom_url":null,"twitter_image_custom_fields":null,"twitter_title":null,"twitter_description":null,"schema":{"blockGraphs":[],"customGraphs":[],"default":{"data":{"Article":[],"Course":[],"Dataset":[],"FAQPage":[],"Movie":[],"Person":[],"Product":[],"ProductReview":[],"Car":[],"Recipe":[],"Service":[],"SoftwareApplication":[],"WebPage":[]},"graphName":"","isEnabled":true},"graphs":[],"defaultGraph":"","defaultPostTypeGraph":""},"schema_type":null,"schema_type_options":null,"pillar_content":false,"robots_default":true,"robots_noindex":false,"robots_noarchive":false,"robots_nosnippet":false,"robots_nofollow":false,"robots_noimageindex":false,"robots_noodp":false,"robots_notranslate":false,"robots_max_snippet":null,"robots_max_videopreview":null,"robots_max_imagepreview":"large","priority":null,"frequency":null,"location":null,"local_seo":null,"seo_analyzer_scan_date":"2025-08-27 09:02:27","breadcrumb_settings":null,"limit_modified_date":false,"reviewed_by":null,"open_ai":null,"ai":null,"created":"2020-12-21 11:48:40","updated":"2025-08-27 09:02:27"},"aioseo_breadcrumb":"<div class=\"aioseo-breadcrumbs\"><span class=\"aioseo-breadcrumb\">\n\t<a href=\"https:\/\/candas365.es\/noticias\" title=\"Home\">Home<\/a>\n<\/span><span class=\"aioseo-breadcrumb-separator\">&ndash;<\/span><span class=\"aioseo-breadcrumb\">\n\t<a href=\"https:\/\/candas365.es\/noticias\/category\/noticias-carreno\/\" title=\"Noticias Carre\u00f1o\">Noticias Carre\u00f1o<\/a>\n<\/span><span class=\"aioseo-breadcrumb-separator\">&ndash;<\/span><span class=\"aioseo-breadcrumb\">\n\tUn mini barco cient\u00edfico de escolares canadienses recala en Cand\u00e1s\n<\/span><\/div>","aioseo_breadcrumb_json":[{"label":"Home","link":"https:\/\/candas365.es\/noticias"},{"label":"Noticias Carre\u00f1o","link":"https:\/\/candas365.es\/noticias\/category\/noticias-carreno\/"},{"label":"Un mini barco cient\u00edfico de escolares canadienses recala en Cand\u00e1s","link":"https:\/\/candas365.es\/noticias\/un-mini-barco-cientifico-de-escolares-canadienses-recala-en-candas\/"}],"_links":{"self":[{"href":"https:\/\/candas365.es\/noticias\/wp-json\/wp\/v2\/posts\/100522","targetHints":{"allow":["GET"]}}],"collection":[{"href":"https:\/\/candas365.es\/noticias\/wp-json\/wp\/v2\/posts"}],"about":[{"href":"https:\/\/candas365.es\/noticias\/wp-json\/wp\/v2\/types\/post"}],"author":[{"embeddable":true,"href":"https:\/\/candas365.es\/noticias\/wp-json\/wp\/v2\/users\/1"}],"replies":[{"embeddable":true,"href":"https:\/\/candas365.es\/noticias\/wp-json\/wp\/v2\/comments?post=100522"}],"version-history":[{"count":0,"href":"https:\/\/candas365.es\/noticias\/wp-json\/wp\/v2\/posts\/100522\/revisions"}],"wp:featuredmedia":[{"embeddable":true,"href":"https:\/\/candas365.es\/noticias\/wp-json\/wp\/v2\/media\/100523"}],"wp:attachment":[{"href":"https:\/\/candas365.es\/noticias\/wp-json\/wp\/v2\/media?parent=100522"}],"wp:term":[{"taxonomy":"category","embeddable":true,"href":"https:\/\/candas365.es\/noticias\/wp-json\/wp\/v2\/categories?post=100522"},{"taxonomy":"post_tag","embeddable":true,"href":"https:\/\/candas365.es\/noticias\/wp-json\/wp\/v2\/tags?post=100522"}],"curies":[{"name":"wp","href":"https:\/\/api.w.org\/{rel}","templated":true}]}}