{"id":100519,"date":"2018-07-16T13:27:33","date_gmt":"2018-07-16T13:27:33","guid":{"rendered":"http:\/\/candas365.es\/noticias\/?p=100519"},"modified":"2018-07-16T13:27:33","modified_gmt":"2018-07-16T13:27:33","slug":"verano-jurasico-en-el-muja","status":"publish","type":"post","link":"https:\/\/candas365.es\/noticias\/verano-jurasico-en-el-muja\/","title":{"rendered":"Verano jur\u00e1sico en el MUJA"},"content":{"rendered":"<p><img fetchpriority=\"high\" decoding=\"async\" class=\"alignleft size-medium wp-image-100520\" src=\"https:\/\/candas365.es\/noticias\/wp-content\/uploads\/2018\/07\/Taller-MUJA-360x240.jpg\" alt=\"\" width=\"360\" height=\"240\" srcset=\"https:\/\/candas365.es\/noticias\/wp-content\/uploads\/2018\/07\/Taller-MUJA-360x240.jpg 360w, https:\/\/candas365.es\/noticias\/wp-content\/uploads\/2018\/07\/Taller-MUJA-768x512.jpg 768w, https:\/\/candas365.es\/noticias\/wp-content\/uploads\/2018\/07\/Taller-MUJA-655x436.jpg 655w, https:\/\/candas365.es\/noticias\/wp-content\/uploads\/2018\/07\/Taller-MUJA-696x464.jpg 696w, https:\/\/candas365.es\/noticias\/wp-content\/uploads\/2018\/07\/Taller-MUJA-1068x712.jpg 1068w, https:\/\/candas365.es\/noticias\/wp-content\/uploads\/2018\/07\/Taller-MUJA-630x420.jpg 630w, https:\/\/candas365.es\/noticias\/wp-content\/uploads\/2018\/07\/Taller-MUJA.jpg 1280w\" sizes=\"(max-width: 360px) 100vw, 360px\" \/>Talleres sobre paleontolog\u00eda y geolog\u00eda, de realidad aumentada o visitas guiadas con el equipo cient\u00edfico son algunas de las actividades que ha organizado el Museo del Jur\u00e1sico de Asturias (MUJA) para este verano.<\/p>\n<p>Hoy lunes 16 julio comienzan dos talleres para p\u00fablico familiar que se realizar\u00e1n hasta el 31 de agosto: en \u201cAve parece, dinosaurios es\u201d los visitantes pueden jugar a descubrir c\u00f3mo son los \u201crastros\u201d que dejaron estos fascinantes reptiles y en \u201cDescubriendo la Costa de los Dinosaurios\u201d har\u00e1n un recorrido en el Jard\u00edn por los dinosaurios m\u00e1s populares del Jur\u00e1sico y del Cret\u00e1cico y excavar\u00e1n en un caj\u00f3n de arena en busca de restos de T-Rex, de Camarasaurios o de Velocirraptores.<\/p>\n<p>El p\u00fablico infantil de 4 a 11 a\u00f1os puede participar hasta el 6 de septiembre en el taller \u201cConvi\u00e9rtete en un paleont\u00f3logo\u201d y conocer c\u00f3mo se realiza una excavaci\u00f3n y la extracci\u00f3n de los f\u00f3siles y su posterior estudio en el laboratorio o sumarse a la visita-taller \u201cPaleont\u00f3logo por un d\u00eda\u201d los fines de semana a partir del 8 de septiembre, que incluye un recorrido guiado por el Museo adaptado a su edad.<\/p>\n<p>Del 20 al 22 de julio tambi\u00e9n se abrir\u00e1 una \u201cventana\u201d al mundo de los dinosaurios a trav\u00e9s de un taller de realidad aumentada para todos los p\u00fablicos a partir de 5 a\u00f1os, que les permitir\u00e1 viajar hasta la extinci\u00f3n de los dinosaurios, a otros museos jur\u00e1sicos del mundo o estar frente a frente con un T-Rex en esta expedici\u00f3n virtual. Esta actividad se volver\u00e1 a realizar del 10 al 12 de agosto y del 7 al 9 de septiembre.<\/p>\n<p>De la mano del equipo cient\u00edfico del MUJA se podr\u00e1 conocer c\u00f3mo era Asturias en la \u00e9poca de los dinosaurios y las huellas que dejaron en el litoral asturiano en la visita al yacimiento de la playa de La Griega el 22 de julio y el 12 de agosto y a los acantilados de Tere\u00f1es en Ribadesella el 12 de septiembre.<\/p>\n<p>La programaci\u00f3n para este verano se completa con un taller de fotograf\u00eda nocturna con Iv\u00e1n Garc\u00eda el 29 de septiembre y con la muestra \u201cLa Geolog\u00eda de los Parques Nacionales\u201d, abierta al p\u00fablico hasta el pr\u00f3ximo 30 de noviembre, fruto de la colaboraci\u00f3n realizada entre el Instituto Geol\u00f3gico Minero de Espa\u00f1a con el Organismo Aut\u00f3nomo Parques Nacionales. Esta exposici\u00f3n pretende divulgar el rico patrimonio geol\u00f3gico de estos espacios naturales protegidos y fomentar el conocimiento de su geodiversidad, en el a\u00f1o en que adem\u00e1s se celebra en el a\u00f1o del centenario del Parque Nacional de los Picos de Europa.<\/p>\n","protected":false},"excerpt":{"rendered":"<p>Talleres sobre paleontolog\u00eda y geolog\u00eda, de realidad aumentada o visitas guiadas con el equipo cient\u00edfico son algunas de las actividades que ha organizado el Museo del Jur\u00e1sico de Asturias (MUJA) para este verano. Hoy lunes 16 julio comienzan dos talleres para p\u00fablico familiar que se realizar\u00e1n hasta el 31 de agosto: en \u201cAve parece, dinosaurios<\/p>\n","protected":false},"author":1,"featured_media":100520,"comment_status":"closed","ping_status":"closed","sticky":false,"template":"","format":"standard","meta":{"footnotes":""},"categories":[1],"tags":[],"class_list":{"0":"post-100519","1":"post","2":"type-post","3":"status-publish","4":"format-standard","5":"has-post-thumbnail","7":"category-agenda"},"aioseo_notices":[],"aioseo_head":"\n\t\t<!-- All in One SEO Pro 4.9.6.2 - aioseo.com -->\n\t<meta name=\"description\" content=\"Talleres sobre paleontolog\u00eda y geolog\u00eda, de realidad aumentada o visitas guiadas con el equipo cient\u00edfico son algunas de las actividades que ha organizado el Museo del Jur\u00e1sico de Asturias (MUJA) para este verano. Hoy lunes 16 julio comienzan dos talleres para p\u00fablico familiar que se realizar\u00e1n hasta el 31 de agosto: en \u201cAve parece, dinosaurios\" \/>\n\t<meta name=\"robots\" content=\"max-image-preview:large\" \/>\n\t<meta name=\"author\" content=\"Cand\u00e1s 365\"\/>\n\t<meta name=\"google-site-verification\" content=\"UA-32230408-1\" \/>\n\t<meta name=\"msvalidate.01\" content=\"354F3CDFB2DA171B47FBE9ABF1F88D5\" \/>\n\t<meta name=\"keywords\" content=\"agenda\" \/>\n\t<link rel=\"canonical\" href=\"https:\/\/candas365.es\/noticias\/verano-jurasico-en-el-muja\/\" \/>\n\t<meta name=\"generator\" content=\"All in One SEO Pro (AIOSEO) 4.9.6.2\" \/>\n\t\t<meta property=\"og:locale\" content=\"es_ES\" \/>\n\t\t<meta property=\"og:site_name\" content=\"Cand\u00e1s 365\" \/>\n\t\t<meta property=\"og:type\" content=\"article\" \/>\n\t\t<meta property=\"og:title\" content=\"Verano jur\u00e1sico en el MUJA | Cand\u00e1s 365\" \/>\n\t\t<meta property=\"og:description\" content=\"Talleres sobre paleontolog\u00eda y geolog\u00eda, de realidad aumentada o visitas guiadas con el equipo cient\u00edfico son algunas de las actividades que ha organizado el Museo del Jur\u00e1sico de Asturias (MUJA) para este verano. Hoy lunes 16 julio comienzan dos talleres para p\u00fablico familiar que se realizar\u00e1n hasta el 31 de agosto: en \u201cAve parece, dinosaurios\" \/>\n\t\t<meta property=\"og:url\" content=\"https:\/\/candas365.es\/noticias\/verano-jurasico-en-el-muja\/\" \/>\n\t\t<meta property=\"og:image\" content=\"https:\/\/candas365.es\/noticias\/wp-content\/uploads\/2018\/07\/Taller-MUJA.jpg\" \/>\n\t\t<meta property=\"og:image:secure_url\" content=\"https:\/\/candas365.es\/noticias\/wp-content\/uploads\/2018\/07\/Taller-MUJA.jpg\" \/>\n\t\t<meta property=\"og:image:width\" content=\"1280\" \/>\n\t\t<meta property=\"og:image:height\" content=\"853\" \/>\n\t\t<meta property=\"article:published_time\" content=\"2018-07-16T13:27:33+00:00\" \/>\n\t\t<meta property=\"article:modified_time\" content=\"2018-07-16T13:27:33+00:00\" \/>\n\t\t<meta property=\"article:publisher\" content=\"https:\/\/www.facebook.com\/Nachofdezber\" \/>\n\t\t<meta property=\"article:author\" content=\"https:\/\/www.facebook.com\/carrenoactualidad\" \/>\n\t\t<meta name=\"twitter:card\" content=\"summary_large_image\" \/>\n\t\t<meta name=\"twitter:site\" content=\"@NabercoDigital\" \/>\n\t\t<meta name=\"twitter:title\" content=\"Verano jur\u00e1sico en el MUJA | Cand\u00e1s 365\" \/>\n\t\t<meta name=\"twitter:description\" content=\"Talleres sobre paleontolog\u00eda y geolog\u00eda, de realidad aumentada o visitas guiadas con el equipo cient\u00edfico son algunas de las actividades que ha organizado el Museo del Jur\u00e1sico de Asturias (MUJA) para este verano. Hoy lunes 16 julio comienzan dos talleres para p\u00fablico familiar que se realizar\u00e1n hasta el 31 de agosto: en \u201cAve parece, dinosaurios\" \/>\n\t\t<meta name=\"twitter:creator\" content=\"@nbasturias\" \/>\n\t\t<meta name=\"twitter:image\" content=\"https:\/\/candas365.es\/noticias\/wp-content\/uploads\/2018\/07\/Taller-MUJA.jpg\" \/>\n\t\t<meta name=\"twitter:label1\" content=\"Escrito por\" \/>\n\t\t<meta name=\"twitter:data1\" content=\"Cand\u00e1s 365\" \/>\n\t\t<meta name=\"twitter:label2\" content=\"Tiempo de lectura estimado\" \/>\n\t\t<meta name=\"twitter:data2\" content=\"2 minutos\" \/>\n\t\t<script type=\"application\/ld+json\" class=\"aioseo-schema\">\n\t\t\t{\"@context\":\"https:\\\/\\\/schema.org\",\"@graph\":[{\"@type\":\"BreadcrumbList\",\"@id\":\"https:\\\/\\\/candas365.es\\\/noticias\\\/verano-jurasico-en-el-muja\\\/#breadcrumblist\",\"itemListElement\":[{\"@type\":\"ListItem\",\"@id\":\"https:\\\/\\\/candas365.es\\\/noticias#listItem\",\"position\":1,\"name\":\"Home\",\"item\":\"https:\\\/\\\/candas365.es\\\/noticias\",\"nextItem\":{\"@type\":\"ListItem\",\"@id\":\"https:\\\/\\\/candas365.es\\\/noticias\\\/category\\\/agenda\\\/#listItem\",\"name\":\"Agenda\"}},{\"@type\":\"ListItem\",\"@id\":\"https:\\\/\\\/candas365.es\\\/noticias\\\/category\\\/agenda\\\/#listItem\",\"position\":2,\"name\":\"Agenda\",\"item\":\"https:\\\/\\\/candas365.es\\\/noticias\\\/category\\\/agenda\\\/\",\"nextItem\":{\"@type\":\"ListItem\",\"@id\":\"https:\\\/\\\/candas365.es\\\/noticias\\\/verano-jurasico-en-el-muja\\\/#listItem\",\"name\":\"Verano jur\\u00e1sico en el MUJA\"},\"previousItem\":{\"@type\":\"ListItem\",\"@id\":\"https:\\\/\\\/candas365.es\\\/noticias#listItem\",\"name\":\"Home\"}},{\"@type\":\"ListItem\",\"@id\":\"https:\\\/\\\/candas365.es\\\/noticias\\\/verano-jurasico-en-el-muja\\\/#listItem\",\"position\":3,\"name\":\"Verano jur\\u00e1sico en el MUJA\",\"previousItem\":{\"@type\":\"ListItem\",\"@id\":\"https:\\\/\\\/candas365.es\\\/noticias\\\/category\\\/agenda\\\/#listItem\",\"name\":\"Agenda\"}}]},{\"@type\":\"NewsArticle\",\"@id\":\"https:\\\/\\\/candas365.es\\\/noticias\\\/verano-jurasico-en-el-muja\\\/#newsarticle\",\"name\":\"Verano jur\\u00e1sico en el MUJA | Cand\\u00e1s 365\",\"headline\":\"Verano jur\\u00e1sico en el MUJA\",\"author\":{\"@id\":\"https:\\\/\\\/candas365.es\\\/noticias\\\/author\\\/admin\\\/#author\"},\"publisher\":{\"@id\":\"https:\\\/\\\/candas365.es\\\/noticias\\\/#organization\"},\"image\":{\"@type\":\"ImageObject\",\"url\":\"https:\\\/\\\/candas365.es\\\/noticias\\\/wp-content\\\/uploads\\\/2018\\\/07\\\/Taller-MUJA.jpg\",\"width\":1280,\"height\":853},\"datePublished\":\"2018-07-16T13:27:33+02:00\",\"dateModified\":\"2018-07-16T13:27:33+02:00\",\"inLanguage\":\"es-ES\",\"mainEntityOfPage\":{\"@id\":\"https:\\\/\\\/candas365.es\\\/noticias\\\/verano-jurasico-en-el-muja\\\/#webpage\"},\"isPartOf\":{\"@id\":\"https:\\\/\\\/candas365.es\\\/noticias\\\/verano-jurasico-en-el-muja\\\/#webpage\"},\"articleSection\":\"Agenda\",\"dateline\":\"Publicado el julio 16, 2018.\"},{\"@type\":\"Organization\",\"@id\":\"https:\\\/\\\/candas365.es\\\/noticias\\\/#organization\",\"name\":\"Cand\\u00e1s 365\",\"description\":\"Cand\\u00e1s 365 es un diario digital independiente, fundado en 2012, con base en Asturias. Informamos con rigor sobre actualidad, sociedad, cultura y ocio, con una mirada local y global.\",\"url\":\"https:\\\/\\\/candas365.es\\\/noticias\\\/\",\"email\":\"info@candas365.es\",\"telephone\":\"+34652131393\",\"foundingDate\":\"2012-06-10\",\"logo\":{\"@type\":\"ImageObject\",\"url\":\"https:\\\/\\\/candas365.es\\\/noticias\\\/wp-content\\\/uploads\\\/2024\\\/09\\\/Candas-365-Redes.jpg\",\"@id\":\"https:\\\/\\\/candas365.es\\\/noticias\\\/verano-jurasico-en-el-muja\\\/#organizationLogo\",\"width\":1152,\"height\":864,\"caption\":\"Cand\\u00e1s 365 Redes\"},\"image\":{\"@id\":\"https:\\\/\\\/candas365.es\\\/noticias\\\/verano-jurasico-en-el-muja\\\/#organizationLogo\"},\"sameAs\":[\"https:\\\/\\\/www.facebook.com\\\/Nachofdezber\",\"https:\\\/\\\/x.com\\\/NabercoDigital\",\"https:\\\/\\\/www.instagram.com\\\/nachofdezber\\\/\",\"https:\\\/\\\/www.youtube.com\\\/channel\\\/UCZP-2wLEB9Rv6erhFmqVnvg\"],\"address\":{\"@id\":\"https:\\\/\\\/candas365.es\\\/noticias\\\/#postaladdress\",\"@type\":\"PostalAddress\",\"streetAddress\":\"san antonio 4, san antonio 4\",\"postalCode\":\"33430\",\"addressLocality\":\"Cand\\u00e1s\",\"addressRegion\":\"Asturias\",\"addressCountry\":\"ES\"}},{\"@type\":\"Person\",\"@id\":\"https:\\\/\\\/candas365.es\\\/noticias\\\/author\\\/admin\\\/#author\",\"url\":\"https:\\\/\\\/candas365.es\\\/noticias\\\/author\\\/admin\\\/\",\"name\":\"Cand\\u00e1s 365\",\"image\":{\"@type\":\"ImageObject\",\"@id\":\"https:\\\/\\\/candas365.es\\\/noticias\\\/verano-jurasico-en-el-muja\\\/#authorImage\",\"url\":\"https:\\\/\\\/secure.gravatar.com\\\/avatar\\\/496a8e03d0c493ede1718b7934145dbdf8d89be1036b0eec9544e1094c9de390?s=96&d=mm&r=g\",\"width\":96,\"height\":96,\"caption\":\"Cand\\u00e1s 365\"},\"sameAs\":[\"https:\\\/\\\/www.facebook.com\\\/carrenoactualidad\",\"https:\\\/\\\/twitter.com\\\/nbasturias\",\"https:\\\/\\\/www.instagram.com\\\/nachofdezber\\\/\",\"https:\\\/\\\/www.youtube.com\\\/channel\\\/UCZP-2wLEB9Rv6erhFmqVnvg\"]},{\"@type\":\"WebPage\",\"@id\":\"https:\\\/\\\/candas365.es\\\/noticias\\\/verano-jurasico-en-el-muja\\\/#webpage\",\"url\":\"https:\\\/\\\/candas365.es\\\/noticias\\\/verano-jurasico-en-el-muja\\\/\",\"name\":\"Verano jur\\u00e1sico en el MUJA | Cand\\u00e1s 365\",\"description\":\"Talleres sobre paleontolog\\u00eda y geolog\\u00eda, de realidad aumentada o visitas guiadas con el equipo cient\\u00edfico son algunas de las actividades que ha organizado el Museo del Jur\\u00e1sico de Asturias (MUJA) para este verano. Hoy lunes 16 julio comienzan dos talleres para p\\u00fablico familiar que se realizar\\u00e1n hasta el 31 de agosto: en \\u201cAve parece, dinosaurios\",\"inLanguage\":\"es-ES\",\"isPartOf\":{\"@id\":\"https:\\\/\\\/candas365.es\\\/noticias\\\/#website\"},\"breadcrumb\":{\"@id\":\"https:\\\/\\\/candas365.es\\\/noticias\\\/verano-jurasico-en-el-muja\\\/#breadcrumblist\"},\"author\":{\"@id\":\"https:\\\/\\\/candas365.es\\\/noticias\\\/author\\\/admin\\\/#author\"},\"creator\":{\"@id\":\"https:\\\/\\\/candas365.es\\\/noticias\\\/author\\\/admin\\\/#author\"},\"image\":{\"@type\":\"ImageObject\",\"url\":\"https:\\\/\\\/candas365.es\\\/noticias\\\/wp-content\\\/uploads\\\/2018\\\/07\\\/Taller-MUJA.jpg\",\"@id\":\"https:\\\/\\\/candas365.es\\\/noticias\\\/verano-jurasico-en-el-muja\\\/#mainImage\",\"width\":1280,\"height\":853},\"primaryImageOfPage\":{\"@id\":\"https:\\\/\\\/candas365.es\\\/noticias\\\/verano-jurasico-en-el-muja\\\/#mainImage\"},\"datePublished\":\"2018-07-16T13:27:33+02:00\",\"dateModified\":\"2018-07-16T13:27:33+02:00\"},{\"@type\":\"WebSite\",\"@id\":\"https:\\\/\\\/candas365.es\\\/noticias\\\/#website\",\"url\":\"https:\\\/\\\/candas365.es\\\/noticias\\\/\",\"name\":\"Cand\\u00e1s 365\",\"alternateName\":\"Cand\\u00e1s 365 Noticias\",\"description\":\"Actualidad desde Carre\\u00f1o para el mundo\",\"inLanguage\":\"es-ES\",\"publisher\":{\"@id\":\"https:\\\/\\\/candas365.es\\\/noticias\\\/#organization\"}}]}\n\t\t<\/script>\n\t\t<!-- All in One SEO Pro -->\r\n\t\t<title>Verano jur\u00e1sico en el MUJA | Cand\u00e1s 365<\/title>\n\n","aioseo_head_json":{"title":"Verano jur\u00e1sico en el MUJA | Cand\u00e1s 365","description":"Talleres sobre paleontolog\u00eda y geolog\u00eda, de realidad aumentada o visitas guiadas con el equipo cient\u00edfico son algunas de las actividades que ha organizado el Museo del Jur\u00e1sico de Asturias (MUJA) para este verano. Hoy lunes 16 julio comienzan dos talleres para p\u00fablico familiar que se realizar\u00e1n hasta el 31 de agosto: en \u201cAve parece, dinosaurios","canonical_url":"https:\/\/candas365.es\/noticias\/verano-jurasico-en-el-muja\/","robots":"max-image-preview:large","keywords":"agenda","webmasterTools":{"google-site-verification":"UA-32230408-1","msvalidate.01":"354F3CDFB2DA171B47FBE9ABF1F88D5","miscellaneous":""},"schema":{"@context":"https:\/\/schema.org","@graph":[{"@type":"BreadcrumbList","@id":"https:\/\/candas365.es\/noticias\/verano-jurasico-en-el-muja\/#breadcrumblist","itemListElement":[{"@type":"ListItem","@id":"https:\/\/candas365.es\/noticias#listItem","position":1,"name":"Home","item":"https:\/\/candas365.es\/noticias","nextItem":{"@type":"ListItem","@id":"https:\/\/candas365.es\/noticias\/category\/agenda\/#listItem","name":"Agenda"}},{"@type":"ListItem","@id":"https:\/\/candas365.es\/noticias\/category\/agenda\/#listItem","position":2,"name":"Agenda","item":"https:\/\/candas365.es\/noticias\/category\/agenda\/","nextItem":{"@type":"ListItem","@id":"https:\/\/candas365.es\/noticias\/verano-jurasico-en-el-muja\/#listItem","name":"Verano jur\u00e1sico en el MUJA"},"previousItem":{"@type":"ListItem","@id":"https:\/\/candas365.es\/noticias#listItem","name":"Home"}},{"@type":"ListItem","@id":"https:\/\/candas365.es\/noticias\/verano-jurasico-en-el-muja\/#listItem","position":3,"name":"Verano jur\u00e1sico en el MUJA","previousItem":{"@type":"ListItem","@id":"https:\/\/candas365.es\/noticias\/category\/agenda\/#listItem","name":"Agenda"}}]},{"@type":"NewsArticle","@id":"https:\/\/candas365.es\/noticias\/verano-jurasico-en-el-muja\/#newsarticle","name":"Verano jur\u00e1sico en el MUJA | Cand\u00e1s 365","headline":"Verano jur\u00e1sico en el MUJA","author":{"@id":"https:\/\/candas365.es\/noticias\/author\/admin\/#author"},"publisher":{"@id":"https:\/\/candas365.es\/noticias\/#organization"},"image":{"@type":"ImageObject","url":"https:\/\/candas365.es\/noticias\/wp-content\/uploads\/2018\/07\/Taller-MUJA.jpg","width":1280,"height":853},"datePublished":"2018-07-16T13:27:33+02:00","dateModified":"2018-07-16T13:27:33+02:00","inLanguage":"es-ES","mainEntityOfPage":{"@id":"https:\/\/candas365.es\/noticias\/verano-jurasico-en-el-muja\/#webpage"},"isPartOf":{"@id":"https:\/\/candas365.es\/noticias\/verano-jurasico-en-el-muja\/#webpage"},"articleSection":"Agenda","dateline":"Publicado el julio 16, 2018."},{"@type":"Organization","@id":"https:\/\/candas365.es\/noticias\/#organization","name":"Cand\u00e1s 365","description":"Cand\u00e1s 365 es un diario digital independiente, fundado en 2012, con base en Asturias. Informamos con rigor sobre actualidad, sociedad, cultura y ocio, con una mirada local y global.","url":"https:\/\/candas365.es\/noticias\/","email":"info@candas365.es","telephone":"+34652131393","foundingDate":"2012-06-10","logo":{"@type":"ImageObject","url":"https:\/\/candas365.es\/noticias\/wp-content\/uploads\/2024\/09\/Candas-365-Redes.jpg","@id":"https:\/\/candas365.es\/noticias\/verano-jurasico-en-el-muja\/#organizationLogo","width":1152,"height":864,"caption":"Cand\u00e1s 365 Redes"},"image":{"@id":"https:\/\/candas365.es\/noticias\/verano-jurasico-en-el-muja\/#organizationLogo"},"sameAs":["https:\/\/www.facebook.com\/Nachofdezber","https:\/\/x.com\/NabercoDigital","https:\/\/www.instagram.com\/nachofdezber\/","https:\/\/www.youtube.com\/channel\/UCZP-2wLEB9Rv6erhFmqVnvg"],"address":{"@id":"https:\/\/candas365.es\/noticias\/#postaladdress","@type":"PostalAddress","streetAddress":"san antonio 4, san antonio 4","postalCode":"33430","addressLocality":"Cand\u00e1s","addressRegion":"Asturias","addressCountry":"ES"}},{"@type":"Person","@id":"https:\/\/candas365.es\/noticias\/author\/admin\/#author","url":"https:\/\/candas365.es\/noticias\/author\/admin\/","name":"Cand\u00e1s 365","image":{"@type":"ImageObject","@id":"https:\/\/candas365.es\/noticias\/verano-jurasico-en-el-muja\/#authorImage","url":"https:\/\/secure.gravatar.com\/avatar\/496a8e03d0c493ede1718b7934145dbdf8d89be1036b0eec9544e1094c9de390?s=96&d=mm&r=g","width":96,"height":96,"caption":"Cand\u00e1s 365"},"sameAs":["https:\/\/www.facebook.com\/carrenoactualidad","https:\/\/twitter.com\/nbasturias","https:\/\/www.instagram.com\/nachofdezber\/","https:\/\/www.youtube.com\/channel\/UCZP-2wLEB9Rv6erhFmqVnvg"]},{"@type":"WebPage","@id":"https:\/\/candas365.es\/noticias\/verano-jurasico-en-el-muja\/#webpage","url":"https:\/\/candas365.es\/noticias\/verano-jurasico-en-el-muja\/","name":"Verano jur\u00e1sico en el MUJA | Cand\u00e1s 365","description":"Talleres sobre paleontolog\u00eda y geolog\u00eda, de realidad aumentada o visitas guiadas con el equipo cient\u00edfico son algunas de las actividades que ha organizado el Museo del Jur\u00e1sico de Asturias (MUJA) para este verano. Hoy lunes 16 julio comienzan dos talleres para p\u00fablico familiar que se realizar\u00e1n hasta el 31 de agosto: en \u201cAve parece, dinosaurios","inLanguage":"es-ES","isPartOf":{"@id":"https:\/\/candas365.es\/noticias\/#website"},"breadcrumb":{"@id":"https:\/\/candas365.es\/noticias\/verano-jurasico-en-el-muja\/#breadcrumblist"},"author":{"@id":"https:\/\/candas365.es\/noticias\/author\/admin\/#author"},"creator":{"@id":"https:\/\/candas365.es\/noticias\/author\/admin\/#author"},"image":{"@type":"ImageObject","url":"https:\/\/candas365.es\/noticias\/wp-content\/uploads\/2018\/07\/Taller-MUJA.jpg","@id":"https:\/\/candas365.es\/noticias\/verano-jurasico-en-el-muja\/#mainImage","width":1280,"height":853},"primaryImageOfPage":{"@id":"https:\/\/candas365.es\/noticias\/verano-jurasico-en-el-muja\/#mainImage"},"datePublished":"2018-07-16T13:27:33+02:00","dateModified":"2018-07-16T13:27:33+02:00"},{"@type":"WebSite","@id":"https:\/\/candas365.es\/noticias\/#website","url":"https:\/\/candas365.es\/noticias\/","name":"Cand\u00e1s 365","alternateName":"Cand\u00e1s 365 Noticias","description":"Actualidad desde Carre\u00f1o para el mundo","inLanguage":"es-ES","publisher":{"@id":"https:\/\/candas365.es\/noticias\/#organization"}}]},"og:locale":"es_ES","og:site_name":"Cand\u00e1s 365","og:type":"article","og:title":"Verano jur\u00e1sico en el MUJA | Cand\u00e1s 365","og:description":"Talleres sobre paleontolog\u00eda y geolog\u00eda, de realidad aumentada o visitas guiadas con el equipo cient\u00edfico son algunas de las actividades que ha organizado el Museo del Jur\u00e1sico de Asturias (MUJA) para este verano. Hoy lunes 16 julio comienzan dos talleres para p\u00fablico familiar que se realizar\u00e1n hasta el 31 de agosto: en \u201cAve parece, dinosaurios","og:url":"https:\/\/candas365.es\/noticias\/verano-jurasico-en-el-muja\/","og:image":"https:\/\/candas365.es\/noticias\/wp-content\/uploads\/2018\/07\/Taller-MUJA.jpg","og:image:secure_url":"https:\/\/candas365.es\/noticias\/wp-content\/uploads\/2018\/07\/Taller-MUJA.jpg","og:image:width":1280,"og:image:height":853,"article:published_time":"2018-07-16T13:27:33+00:00","article:modified_time":"2018-07-16T13:27:33+00:00","article:publisher":"https:\/\/www.facebook.com\/Nachofdezber","article:author":"https:\/\/www.facebook.com\/carrenoactualidad","twitter:card":"summary_large_image","twitter:site":"@NabercoDigital","twitter:title":"Verano jur\u00e1sico en el MUJA | Cand\u00e1s 365","twitter:description":"Talleres sobre paleontolog\u00eda y geolog\u00eda, de realidad aumentada o visitas guiadas con el equipo cient\u00edfico son algunas de las actividades que ha organizado el Museo del Jur\u00e1sico de Asturias (MUJA) para este verano. Hoy lunes 16 julio comienzan dos talleres para p\u00fablico familiar que se realizar\u00e1n hasta el 31 de agosto: en \u201cAve parece, dinosaurios","twitter:creator":"@nbasturias","twitter:image":"https:\/\/candas365.es\/noticias\/wp-content\/uploads\/2018\/07\/Taller-MUJA.jpg","twitter:label1":"Escrito por","twitter:data1":"Cand\u00e1s 365","twitter:label2":"Tiempo de lectura estimado","twitter:data2":"2 minutos"},"aioseo_meta_data":{"post_id":"100519","title":null,"description":null,"keywords":null,"keyphrases":null,"primary_term":null,"canonical_url":null,"og_title":null,"og_description":null,"og_object_type":"default","og_image_type":"default","og_image_url":null,"og_image_width":null,"og_image_height":null,"og_image_custom_url":null,"og_image_custom_fields":null,"og_video":null,"og_custom_url":null,"og_article_section":null,"og_article_tags":null,"twitter_use_og":false,"twitter_card":"default","twitter_image_type":"default","twitter_image_url":null,"twitter_image_custom_url":null,"twitter_image_custom_fields":null,"twitter_title":null,"twitter_description":null,"schema":{"blockGraphs":[],"customGraphs":[],"default":{"data":{"Article":[],"Course":[],"Dataset":[],"FAQPage":[],"Movie":[],"Person":[],"Product":[],"ProductReview":[],"Car":[],"Recipe":[],"Service":[],"SoftwareApplication":[],"WebPage":[]},"graphName":"","isEnabled":true},"graphs":[]},"schema_type":null,"schema_type_options":null,"pillar_content":false,"robots_default":true,"robots_noindex":false,"robots_noarchive":false,"robots_nosnippet":false,"robots_nofollow":false,"robots_noimageindex":false,"robots_noodp":false,"robots_notranslate":false,"robots_max_snippet":null,"robots_max_videopreview":null,"robots_max_imagepreview":"large","priority":null,"frequency":null,"location":null,"local_seo":null,"seo_analyzer_scan_date":"2025-08-27 09:02:25","breadcrumb_settings":null,"limit_modified_date":false,"reviewed_by":null,"open_ai":null,"ai":null,"created":"2020-12-21 11:48:40","updated":"2025-08-27 09:02:25"},"aioseo_breadcrumb":"<div class=\"aioseo-breadcrumbs\"><span class=\"aioseo-breadcrumb\">\n\t<a href=\"https:\/\/candas365.es\/noticias\" title=\"Home\">Home<\/a>\n<\/span><span class=\"aioseo-breadcrumb-separator\">&ndash;<\/span><span class=\"aioseo-breadcrumb\">\n\t<a href=\"https:\/\/candas365.es\/noticias\/category\/agenda\/\" title=\"Agenda\">Agenda<\/a>\n<\/span><span class=\"aioseo-breadcrumb-separator\">&ndash;<\/span><span class=\"aioseo-breadcrumb\">\n\tVerano jur\u00e1sico en el MUJA\n<\/span><\/div>","aioseo_breadcrumb_json":[{"label":"Home","link":"https:\/\/candas365.es\/noticias"},{"label":"Agenda","link":"https:\/\/candas365.es\/noticias\/category\/agenda\/"},{"label":"Verano jur\u00e1sico en el MUJA","link":"https:\/\/candas365.es\/noticias\/verano-jurasico-en-el-muja\/"}],"_links":{"self":[{"href":"https:\/\/candas365.es\/noticias\/wp-json\/wp\/v2\/posts\/100519","targetHints":{"allow":["GET"]}}],"collection":[{"href":"https:\/\/candas365.es\/noticias\/wp-json\/wp\/v2\/posts"}],"about":[{"href":"https:\/\/candas365.es\/noticias\/wp-json\/wp\/v2\/types\/post"}],"author":[{"embeddable":true,"href":"https:\/\/candas365.es\/noticias\/wp-json\/wp\/v2\/users\/1"}],"replies":[{"embeddable":true,"href":"https:\/\/candas365.es\/noticias\/wp-json\/wp\/v2\/comments?post=100519"}],"version-history":[{"count":0,"href":"https:\/\/candas365.es\/noticias\/wp-json\/wp\/v2\/posts\/100519\/revisions"}],"wp:featuredmedia":[{"embeddable":true,"href":"https:\/\/candas365.es\/noticias\/wp-json\/wp\/v2\/media\/100520"}],"wp:attachment":[{"href":"https:\/\/candas365.es\/noticias\/wp-json\/wp\/v2\/media?parent=100519"}],"wp:term":[{"taxonomy":"category","embeddable":true,"href":"https:\/\/candas365.es\/noticias\/wp-json\/wp\/v2\/categories?post=100519"},{"taxonomy":"post_tag","embeddable":true,"href":"https:\/\/candas365.es\/noticias\/wp-json\/wp\/v2\/tags?post=100519"}],"curies":[{"name":"wp","href":"https:\/\/api.w.org\/{rel}","templated":true}]}}