{"id":100414,"date":"2018-07-14T14:55:02","date_gmt":"2018-07-14T14:55:02","guid":{"rendered":"http:\/\/candas365.es\/noticias\/?p=100414"},"modified":"2018-07-14T14:55:02","modified_gmt":"2018-07-14T14:55:02","slug":"lastra-anuncia-un-nuevo-deposito-regulador-para-nava","status":"publish","type":"post","link":"https:\/\/candas365.es\/noticias\/lastra-anuncia-un-nuevo-deposito-regulador-para-nava\/","title":{"rendered":"Lastra anuncia un nuevo dep\u00f3sito regulador para Nava"},"content":{"rendered":"<p><img fetchpriority=\"high\" decoding=\"async\" class=\"alignleft size-medium wp-image-100415\" src=\"https:\/\/candas365.es\/noticias\/wp-content\/uploads\/2018\/07\/Presentacion-obras-colector-rio-Pra-360x270.jpg\" alt=\"\" width=\"360\" height=\"270\" srcset=\"https:\/\/candas365.es\/noticias\/wp-content\/uploads\/2018\/07\/Presentacion-obras-colector-rio-Pra-360x270.jpg 360w, https:\/\/candas365.es\/noticias\/wp-content\/uploads\/2018\/07\/Presentacion-obras-colector-rio-Pra-768x576.jpg 768w, https:\/\/candas365.es\/noticias\/wp-content\/uploads\/2018\/07\/Presentacion-obras-colector-rio-Pra-640x480.jpg 640w, https:\/\/candas365.es\/noticias\/wp-content\/uploads\/2018\/07\/Presentacion-obras-colector-rio-Pra-80x60.jpg 80w, https:\/\/candas365.es\/noticias\/wp-content\/uploads\/2018\/07\/Presentacion-obras-colector-rio-Pra-265x198.jpg 265w, https:\/\/candas365.es\/noticias\/wp-content\/uploads\/2018\/07\/Presentacion-obras-colector-rio-Pra-696x522.jpg 696w, https:\/\/candas365.es\/noticias\/wp-content\/uploads\/2018\/07\/Presentacion-obras-colector-rio-Pra-1068x801.jpg 1068w, https:\/\/candas365.es\/noticias\/wp-content\/uploads\/2018\/07\/Presentacion-obras-colector-rio-Pra-560x420.jpg 560w, https:\/\/candas365.es\/noticias\/wp-content\/uploads\/2018\/07\/Presentacion-obras-colector-rio-Pra.jpg 1280w\" sizes=\"(max-width: 360px) 100vw, 360px\" \/>El consejero de Infraestructuras, Ordenaci\u00f3n del Territorio y Medio Ambiente, Fernando Lastra, ha anunciado hoy en Nava la adjudicaci\u00f3n de las obras de prolongaci\u00f3n del colector interceptor del r\u00edo Pra, que dar\u00e1 servicio a 1.800 habitantes. El presupuesto de adjudicaci\u00f3n del proyecto, cofinanciado por el Fondo Europeo de Desarrollo Regional (Feder), es de 2.814.375 euros y est\u00e1 previsto que los trabajos, que se prolongar\u00e1n durante 30 meses, comiencen el pr\u00f3ximo oto\u00f1o.<\/p>\n<p>El objetivo es acabar con los vertidos de aguas residuales del sur del municipio que se realizan al cauce del r\u00edo Pra, tambi\u00e9n llamado Fuensanta. Otra finalidad es incorporar al sistema de depuraci\u00f3n de Ricao los vertidos de Bimenes, que se recogen mediante el tramo del interceptor del Pra finalizado ya el a\u00f1o pasado. Actualmente, esos vertidos se tratan en una depuradora provisional en el l\u00edmite entre los dos municipios.<\/p>\n<p>Lastra ha informado sobre esta actuaci\u00f3n en el Ayuntamiento de Nava, en un acto en el que han participado el alcalde, Juan Ca\u00f1al; el viceconsejero de Medio Ambiente, Benigno Fern\u00e1ndez Fano, y el director general de Calidad Ambiental, Manuel Guti\u00e9rrez.<\/p>\n<p>Las obras consistir\u00e1n en la prolongaci\u00f3n por la vega del r\u00edo Pra del tramo de colector ya ejecutado en Bimenes, desde su punto final, pr\u00f3ximo a La Puente (Nava), hasta las inmediaciones de Ceceda (Nava), donde se conectar\u00e1 con el interceptor del r\u00edo Pilo\u00f1a que finaliza en la depuradora de Ricao (Parres). En su recorrido se incorporar\u00e1n los ramales de saneamiento de las poblaciones de Nava pr\u00f3ximas a la traza: Priandi, Grad\u00e1tila, Pilo\u00f1eta, Buyeres y La Corva.<\/p>\n<p>El nuevo colector tendr\u00e1 8,5 kil\u00f3metros de longitud e incluir\u00e1 en puntos intermedios del trazado un aliviadero (Pilo\u00f1eta) y una estaci\u00f3n de bombeo (Fuensanta). Para realizar las obras ser\u00e1 necesaria la ocupaci\u00f3n temporal de 208 fincas.<\/p>\n<p><strong>Un sistema para 20.000 vecinos de cuatro municipios<\/strong><\/p>\n<p>La ejecuci\u00f3n de este tramo permitir\u00e1 finalizar la red principal del saneamiento del r\u00edo Pilo\u00f1a, que forma parte del sistema denominado Ricao, que da servicio a una poblaci\u00f3n de m\u00e1s de 20.000 habitantes de los municipios de Nava, Pilo\u00f1a, Parres y Cangas de On\u00eds.<\/p>\n<p>Este sistema se basa en una depuradora situada en Ricao y dos grandes colectores interceptores: el del r\u00edo Pilo\u00f1a, que incorpora a la depuradora los vertidos de Nava, Pilo\u00f1a, Parres y Bimenes (este \u00faltimo, cuando se finalice el tramo licitado), y el del G\u00fce\u00f1a-Sella, que recoge los vertidos de Cangas de On\u00eds hasta Corao. Actualmente incluye unos 60 kil\u00f3metros de colectores, 18 estaciones de bombeo y 18 aliviaderos, a los que habr\u00e1 que a\u00f1adir los que se adjudican ahora.<\/p>\n<p>El Principado ha invertido 73,13 millones en este sistema, cuyas primeras actuaciones finalizaron en 2000 y que ha supuesto una notable mejora ambiental de la cuenca del Sella. El Consorcio de Aguas tiene encomendada su gesti\u00f3n desde 2005 y los gastos de explotaci\u00f3n y mantenimiento ascienden a 1,5 millones anuales.<\/p>\n<p><strong>Nuevo dep\u00f3sito regulador de Nava<\/strong><\/p>\n<p>Durante su visita a Nava, el titular de Infraestructuras ha informado sobre el avance de las obras de construcci\u00f3n del nuevo dep\u00f3sito regulador para el n\u00facleo de Nava y su entorno, que suponen una inversi\u00f3n de 196.422 euros y permitir\u00e1n garantizar el suministro de la zona de Pruneda. Est\u00e1 previsto que los trabajos finalicen en septiembre.<\/p>\n<p>El tanque tiene una capacidad de 1.000 metros c\u00fabicos, cuatro veces m\u00e1s que el actual y suficiente para atender la demanda de la capital del concejo y sus alrededores, donde residen unos 4.000 habitantes.<\/p>\n<p>Lastra tambi\u00e9n ha anunciado la culminaci\u00f3n, solo pendiente de recepci\u00f3n, de las obras de renovaci\u00f3n de pavimento de la carretera AS-357 (Nava-alto de La Campa), a las que se han destinado 316.433 euros.<\/p>\n","protected":false},"excerpt":{"rendered":"<p>El consejero de Infraestructuras, Ordenaci\u00f3n del Territorio y Medio Ambiente, Fernando Lastra, ha anunciado hoy en Nava la adjudicaci\u00f3n de las obras de prolongaci\u00f3n del colector interceptor del r\u00edo Pra, que dar\u00e1 servicio a 1.800 habitantes. El presupuesto de adjudicaci\u00f3n del proyecto, cofinanciado por el Fondo Europeo de Desarrollo Regional (Feder), es de 2.814.375 euros<\/p>\n","protected":false},"author":1,"featured_media":100415,"comment_status":"closed","ping_status":"closed","sticky":false,"template":"","format":"standard","meta":{"footnotes":""},"categories":[7],"tags":[],"class_list":{"0":"post-100414","1":"post","2":"type-post","3":"status-publish","4":"format-standard","5":"has-post-thumbnail","7":"category-asturias"},"aioseo_notices":[],"aioseo_head":"\n\t\t<!-- All in One SEO Pro 4.9.6.2 - aioseo.com -->\n\t<meta name=\"description\" content=\"El consejero de Infraestructuras, Ordenaci\u00f3n del Territorio y Medio Ambiente, Fernando Lastra, ha anunciado hoy en Nava la adjudicaci\u00f3n de las obras de prolongaci\u00f3n del colector interceptor del r\u00edo Pra, que dar\u00e1 servicio a 1.800 habitantes. El presupuesto de adjudicaci\u00f3n del proyecto, cofinanciado por el Fondo Europeo de Desarrollo Regional (Feder), es de 2.814.375 euros\" \/>\n\t<meta name=\"robots\" content=\"max-image-preview:large\" \/>\n\t<meta name=\"author\" content=\"Cand\u00e1s 365\"\/>\n\t<meta name=\"google-site-verification\" content=\"UA-32230408-1\" \/>\n\t<meta name=\"msvalidate.01\" content=\"354F3CDFB2DA171B47FBE9ABF1F88D5\" \/>\n\t<meta name=\"keywords\" content=\"asturias\" \/>\n\t<link rel=\"canonical\" href=\"https:\/\/candas365.es\/noticias\/lastra-anuncia-un-nuevo-deposito-regulador-para-nava\/\" \/>\n\t<meta name=\"generator\" content=\"All in One SEO Pro (AIOSEO) 4.9.6.2\" \/>\n\t\t<meta property=\"og:locale\" content=\"es_ES\" \/>\n\t\t<meta property=\"og:site_name\" content=\"Cand\u00e1s 365\" \/>\n\t\t<meta property=\"og:type\" content=\"article\" \/>\n\t\t<meta property=\"og:title\" content=\"Lastra anuncia un nuevo dep\u00f3sito regulador para Nava | Cand\u00e1s 365\" \/>\n\t\t<meta property=\"og:description\" content=\"El consejero de Infraestructuras, Ordenaci\u00f3n del Territorio y Medio Ambiente, Fernando Lastra, ha anunciado hoy en Nava la adjudicaci\u00f3n de las obras de prolongaci\u00f3n del colector interceptor del r\u00edo Pra, que dar\u00e1 servicio a 1.800 habitantes. El presupuesto de adjudicaci\u00f3n del proyecto, cofinanciado por el Fondo Europeo de Desarrollo Regional (Feder), es de 2.814.375 euros\" \/>\n\t\t<meta property=\"og:url\" content=\"https:\/\/candas365.es\/noticias\/lastra-anuncia-un-nuevo-deposito-regulador-para-nava\/\" \/>\n\t\t<meta property=\"og:image\" content=\"https:\/\/candas365.es\/noticias\/wp-content\/uploads\/2018\/07\/Presentacion-obras-colector-rio-Pra.jpg\" \/>\n\t\t<meta property=\"og:image:secure_url\" content=\"https:\/\/candas365.es\/noticias\/wp-content\/uploads\/2018\/07\/Presentacion-obras-colector-rio-Pra.jpg\" \/>\n\t\t<meta property=\"og:image:width\" content=\"1280\" \/>\n\t\t<meta property=\"og:image:height\" content=\"960\" \/>\n\t\t<meta property=\"article:published_time\" content=\"2018-07-14T14:55:02+00:00\" \/>\n\t\t<meta property=\"article:modified_time\" content=\"2018-07-14T14:55:02+00:00\" \/>\n\t\t<meta property=\"article:publisher\" content=\"https:\/\/www.facebook.com\/Nachofdezber\" \/>\n\t\t<meta property=\"article:author\" content=\"https:\/\/www.facebook.com\/carrenoactualidad\" \/>\n\t\t<meta name=\"twitter:card\" content=\"summary_large_image\" \/>\n\t\t<meta name=\"twitter:site\" content=\"@NabercoDigital\" \/>\n\t\t<meta name=\"twitter:title\" content=\"Lastra anuncia un nuevo dep\u00f3sito regulador para Nava | Cand\u00e1s 365\" \/>\n\t\t<meta name=\"twitter:description\" content=\"El consejero de Infraestructuras, Ordenaci\u00f3n del Territorio y Medio Ambiente, Fernando Lastra, ha anunciado hoy en Nava la adjudicaci\u00f3n de las obras de prolongaci\u00f3n del colector interceptor del r\u00edo Pra, que dar\u00e1 servicio a 1.800 habitantes. El presupuesto de adjudicaci\u00f3n del proyecto, cofinanciado por el Fondo Europeo de Desarrollo Regional (Feder), es de 2.814.375 euros\" \/>\n\t\t<meta name=\"twitter:creator\" content=\"@nbasturias\" \/>\n\t\t<meta name=\"twitter:image\" content=\"https:\/\/candas365.es\/noticias\/wp-content\/uploads\/2018\/07\/Presentacion-obras-colector-rio-Pra.jpg\" \/>\n\t\t<meta name=\"twitter:label1\" content=\"Escrito por\" \/>\n\t\t<meta name=\"twitter:data1\" content=\"Cand\u00e1s 365\" \/>\n\t\t<meta name=\"twitter:label2\" content=\"Tiempo de lectura estimado\" \/>\n\t\t<meta name=\"twitter:data2\" content=\"3 minutos\" \/>\n\t\t<script type=\"application\/ld+json\" class=\"aioseo-schema\">\n\t\t\t{\"@context\":\"https:\\\/\\\/schema.org\",\"@graph\":[{\"@type\":\"BreadcrumbList\",\"@id\":\"https:\\\/\\\/candas365.es\\\/noticias\\\/lastra-anuncia-un-nuevo-deposito-regulador-para-nava\\\/#breadcrumblist\",\"itemListElement\":[{\"@type\":\"ListItem\",\"@id\":\"https:\\\/\\\/candas365.es\\\/noticias#listItem\",\"position\":1,\"name\":\"Home\",\"item\":\"https:\\\/\\\/candas365.es\\\/noticias\",\"nextItem\":{\"@type\":\"ListItem\",\"@id\":\"https:\\\/\\\/candas365.es\\\/noticias\\\/category\\\/asturias\\\/#listItem\",\"name\":\"Asturias\"}},{\"@type\":\"ListItem\",\"@id\":\"https:\\\/\\\/candas365.es\\\/noticias\\\/category\\\/asturias\\\/#listItem\",\"position\":2,\"name\":\"Asturias\",\"item\":\"https:\\\/\\\/candas365.es\\\/noticias\\\/category\\\/asturias\\\/\",\"nextItem\":{\"@type\":\"ListItem\",\"@id\":\"https:\\\/\\\/candas365.es\\\/noticias\\\/lastra-anuncia-un-nuevo-deposito-regulador-para-nava\\\/#listItem\",\"name\":\"Lastra anuncia un nuevo dep\\u00f3sito regulador para Nava\"},\"previousItem\":{\"@type\":\"ListItem\",\"@id\":\"https:\\\/\\\/candas365.es\\\/noticias#listItem\",\"name\":\"Home\"}},{\"@type\":\"ListItem\",\"@id\":\"https:\\\/\\\/candas365.es\\\/noticias\\\/lastra-anuncia-un-nuevo-deposito-regulador-para-nava\\\/#listItem\",\"position\":3,\"name\":\"Lastra anuncia un nuevo dep\\u00f3sito regulador para Nava\",\"previousItem\":{\"@type\":\"ListItem\",\"@id\":\"https:\\\/\\\/candas365.es\\\/noticias\\\/category\\\/asturias\\\/#listItem\",\"name\":\"Asturias\"}}]},{\"@type\":\"NewsArticle\",\"@id\":\"https:\\\/\\\/candas365.es\\\/noticias\\\/lastra-anuncia-un-nuevo-deposito-regulador-para-nava\\\/#newsarticle\",\"name\":\"Lastra anuncia un nuevo dep\\u00f3sito regulador para Nava | Cand\\u00e1s 365\",\"headline\":\"Lastra anuncia un nuevo dep\\u00f3sito regulador para Nava\",\"author\":{\"@id\":\"https:\\\/\\\/candas365.es\\\/noticias\\\/author\\\/admin\\\/#author\"},\"publisher\":{\"@id\":\"https:\\\/\\\/candas365.es\\\/noticias\\\/#organization\"},\"image\":{\"@type\":\"ImageObject\",\"url\":\"https:\\\/\\\/candas365.es\\\/noticias\\\/wp-content\\\/uploads\\\/2018\\\/07\\\/Presentacion-obras-colector-rio-Pra.jpg\",\"width\":1280,\"height\":960},\"datePublished\":\"2018-07-14T14:55:02+02:00\",\"dateModified\":\"2018-07-14T14:55:02+02:00\",\"inLanguage\":\"es-ES\",\"mainEntityOfPage\":{\"@id\":\"https:\\\/\\\/candas365.es\\\/noticias\\\/lastra-anuncia-un-nuevo-deposito-regulador-para-nava\\\/#webpage\"},\"isPartOf\":{\"@id\":\"https:\\\/\\\/candas365.es\\\/noticias\\\/lastra-anuncia-un-nuevo-deposito-regulador-para-nava\\\/#webpage\"},\"articleSection\":\"Asturias\",\"dateline\":\"Publicado el julio 14, 2018.\"},{\"@type\":\"Organization\",\"@id\":\"https:\\\/\\\/candas365.es\\\/noticias\\\/#organization\",\"name\":\"Cand\\u00e1s 365\",\"description\":\"Cand\\u00e1s 365 es un diario digital independiente, fundado en 2012, con base en Asturias. Informamos con rigor sobre actualidad, sociedad, cultura y ocio, con una mirada local y global.\",\"url\":\"https:\\\/\\\/candas365.es\\\/noticias\\\/\",\"email\":\"info@candas365.es\",\"telephone\":\"+34652131393\",\"foundingDate\":\"2012-06-10\",\"logo\":{\"@type\":\"ImageObject\",\"url\":\"https:\\\/\\\/candas365.es\\\/noticias\\\/wp-content\\\/uploads\\\/2024\\\/09\\\/Candas-365-Redes.jpg\",\"@id\":\"https:\\\/\\\/candas365.es\\\/noticias\\\/lastra-anuncia-un-nuevo-deposito-regulador-para-nava\\\/#organizationLogo\",\"width\":1152,\"height\":864,\"caption\":\"Cand\\u00e1s 365 Redes\"},\"image\":{\"@id\":\"https:\\\/\\\/candas365.es\\\/noticias\\\/lastra-anuncia-un-nuevo-deposito-regulador-para-nava\\\/#organizationLogo\"},\"sameAs\":[\"https:\\\/\\\/www.facebook.com\\\/Nachofdezber\",\"https:\\\/\\\/x.com\\\/NabercoDigital\",\"https:\\\/\\\/www.instagram.com\\\/nachofdezber\\\/\",\"https:\\\/\\\/www.youtube.com\\\/channel\\\/UCZP-2wLEB9Rv6erhFmqVnvg\"],\"address\":{\"@id\":\"https:\\\/\\\/candas365.es\\\/noticias\\\/#postaladdress\",\"@type\":\"PostalAddress\",\"streetAddress\":\"san antonio 4, san antonio 4\",\"postalCode\":\"33430\",\"addressLocality\":\"Cand\\u00e1s\",\"addressRegion\":\"Asturias\",\"addressCountry\":\"ES\"}},{\"@type\":\"Person\",\"@id\":\"https:\\\/\\\/candas365.es\\\/noticias\\\/author\\\/admin\\\/#author\",\"url\":\"https:\\\/\\\/candas365.es\\\/noticias\\\/author\\\/admin\\\/\",\"name\":\"Cand\\u00e1s 365\",\"image\":{\"@type\":\"ImageObject\",\"@id\":\"https:\\\/\\\/candas365.es\\\/noticias\\\/lastra-anuncia-un-nuevo-deposito-regulador-para-nava\\\/#authorImage\",\"url\":\"https:\\\/\\\/secure.gravatar.com\\\/avatar\\\/496a8e03d0c493ede1718b7934145dbdf8d89be1036b0eec9544e1094c9de390?s=96&d=mm&r=g\",\"width\":96,\"height\":96,\"caption\":\"Cand\\u00e1s 365\"},\"sameAs\":[\"https:\\\/\\\/www.facebook.com\\\/carrenoactualidad\",\"https:\\\/\\\/twitter.com\\\/nbasturias\",\"https:\\\/\\\/www.instagram.com\\\/nachofdezber\\\/\",\"https:\\\/\\\/www.youtube.com\\\/channel\\\/UCZP-2wLEB9Rv6erhFmqVnvg\"]},{\"@type\":\"WebPage\",\"@id\":\"https:\\\/\\\/candas365.es\\\/noticias\\\/lastra-anuncia-un-nuevo-deposito-regulador-para-nava\\\/#webpage\",\"url\":\"https:\\\/\\\/candas365.es\\\/noticias\\\/lastra-anuncia-un-nuevo-deposito-regulador-para-nava\\\/\",\"name\":\"Lastra anuncia un nuevo dep\\u00f3sito regulador para Nava | Cand\\u00e1s 365\",\"description\":\"El consejero de Infraestructuras, Ordenaci\\u00f3n del Territorio y Medio Ambiente, Fernando Lastra, ha anunciado hoy en Nava la adjudicaci\\u00f3n de las obras de prolongaci\\u00f3n del colector interceptor del r\\u00edo Pra, que dar\\u00e1 servicio a 1.800 habitantes. El presupuesto de adjudicaci\\u00f3n del proyecto, cofinanciado por el Fondo Europeo de Desarrollo Regional (Feder), es de 2.814.375 euros\",\"inLanguage\":\"es-ES\",\"isPartOf\":{\"@id\":\"https:\\\/\\\/candas365.es\\\/noticias\\\/#website\"},\"breadcrumb\":{\"@id\":\"https:\\\/\\\/candas365.es\\\/noticias\\\/lastra-anuncia-un-nuevo-deposito-regulador-para-nava\\\/#breadcrumblist\"},\"author\":{\"@id\":\"https:\\\/\\\/candas365.es\\\/noticias\\\/author\\\/admin\\\/#author\"},\"creator\":{\"@id\":\"https:\\\/\\\/candas365.es\\\/noticias\\\/author\\\/admin\\\/#author\"},\"image\":{\"@type\":\"ImageObject\",\"url\":\"https:\\\/\\\/candas365.es\\\/noticias\\\/wp-content\\\/uploads\\\/2018\\\/07\\\/Presentacion-obras-colector-rio-Pra.jpg\",\"@id\":\"https:\\\/\\\/candas365.es\\\/noticias\\\/lastra-anuncia-un-nuevo-deposito-regulador-para-nava\\\/#mainImage\",\"width\":1280,\"height\":960},\"primaryImageOfPage\":{\"@id\":\"https:\\\/\\\/candas365.es\\\/noticias\\\/lastra-anuncia-un-nuevo-deposito-regulador-para-nava\\\/#mainImage\"},\"datePublished\":\"2018-07-14T14:55:02+02:00\",\"dateModified\":\"2018-07-14T14:55:02+02:00\"},{\"@type\":\"WebSite\",\"@id\":\"https:\\\/\\\/candas365.es\\\/noticias\\\/#website\",\"url\":\"https:\\\/\\\/candas365.es\\\/noticias\\\/\",\"name\":\"Cand\\u00e1s 365\",\"alternateName\":\"Cand\\u00e1s 365 Noticias\",\"description\":\"Actualidad desde Carre\\u00f1o para el mundo\",\"inLanguage\":\"es-ES\",\"publisher\":{\"@id\":\"https:\\\/\\\/candas365.es\\\/noticias\\\/#organization\"}}]}\n\t\t<\/script>\n\t\t<!-- All in One SEO Pro -->\r\n\t\t<title>Lastra anuncia un nuevo dep\u00f3sito regulador para Nava | Cand\u00e1s 365<\/title>\n\n","aioseo_head_json":{"title":"Lastra anuncia un nuevo dep\u00f3sito regulador para Nava | Cand\u00e1s 365","description":"El consejero de Infraestructuras, Ordenaci\u00f3n del Territorio y Medio Ambiente, Fernando Lastra, ha anunciado hoy en Nava la adjudicaci\u00f3n de las obras de prolongaci\u00f3n del colector interceptor del r\u00edo Pra, que dar\u00e1 servicio a 1.800 habitantes. El presupuesto de adjudicaci\u00f3n del proyecto, cofinanciado por el Fondo Europeo de Desarrollo Regional (Feder), es de 2.814.375 euros","canonical_url":"https:\/\/candas365.es\/noticias\/lastra-anuncia-un-nuevo-deposito-regulador-para-nava\/","robots":"max-image-preview:large","keywords":"asturias","webmasterTools":{"google-site-verification":"UA-32230408-1","msvalidate.01":"354F3CDFB2DA171B47FBE9ABF1F88D5","miscellaneous":""},"schema":{"@context":"https:\/\/schema.org","@graph":[{"@type":"BreadcrumbList","@id":"https:\/\/candas365.es\/noticias\/lastra-anuncia-un-nuevo-deposito-regulador-para-nava\/#breadcrumblist","itemListElement":[{"@type":"ListItem","@id":"https:\/\/candas365.es\/noticias#listItem","position":1,"name":"Home","item":"https:\/\/candas365.es\/noticias","nextItem":{"@type":"ListItem","@id":"https:\/\/candas365.es\/noticias\/category\/asturias\/#listItem","name":"Asturias"}},{"@type":"ListItem","@id":"https:\/\/candas365.es\/noticias\/category\/asturias\/#listItem","position":2,"name":"Asturias","item":"https:\/\/candas365.es\/noticias\/category\/asturias\/","nextItem":{"@type":"ListItem","@id":"https:\/\/candas365.es\/noticias\/lastra-anuncia-un-nuevo-deposito-regulador-para-nava\/#listItem","name":"Lastra anuncia un nuevo dep\u00f3sito regulador para Nava"},"previousItem":{"@type":"ListItem","@id":"https:\/\/candas365.es\/noticias#listItem","name":"Home"}},{"@type":"ListItem","@id":"https:\/\/candas365.es\/noticias\/lastra-anuncia-un-nuevo-deposito-regulador-para-nava\/#listItem","position":3,"name":"Lastra anuncia un nuevo dep\u00f3sito regulador para Nava","previousItem":{"@type":"ListItem","@id":"https:\/\/candas365.es\/noticias\/category\/asturias\/#listItem","name":"Asturias"}}]},{"@type":"NewsArticle","@id":"https:\/\/candas365.es\/noticias\/lastra-anuncia-un-nuevo-deposito-regulador-para-nava\/#newsarticle","name":"Lastra anuncia un nuevo dep\u00f3sito regulador para Nava | Cand\u00e1s 365","headline":"Lastra anuncia un nuevo dep\u00f3sito regulador para Nava","author":{"@id":"https:\/\/candas365.es\/noticias\/author\/admin\/#author"},"publisher":{"@id":"https:\/\/candas365.es\/noticias\/#organization"},"image":{"@type":"ImageObject","url":"https:\/\/candas365.es\/noticias\/wp-content\/uploads\/2018\/07\/Presentacion-obras-colector-rio-Pra.jpg","width":1280,"height":960},"datePublished":"2018-07-14T14:55:02+02:00","dateModified":"2018-07-14T14:55:02+02:00","inLanguage":"es-ES","mainEntityOfPage":{"@id":"https:\/\/candas365.es\/noticias\/lastra-anuncia-un-nuevo-deposito-regulador-para-nava\/#webpage"},"isPartOf":{"@id":"https:\/\/candas365.es\/noticias\/lastra-anuncia-un-nuevo-deposito-regulador-para-nava\/#webpage"},"articleSection":"Asturias","dateline":"Publicado el julio 14, 2018."},{"@type":"Organization","@id":"https:\/\/candas365.es\/noticias\/#organization","name":"Cand\u00e1s 365","description":"Cand\u00e1s 365 es un diario digital independiente, fundado en 2012, con base en Asturias. Informamos con rigor sobre actualidad, sociedad, cultura y ocio, con una mirada local y global.","url":"https:\/\/candas365.es\/noticias\/","email":"info@candas365.es","telephone":"+34652131393","foundingDate":"2012-06-10","logo":{"@type":"ImageObject","url":"https:\/\/candas365.es\/noticias\/wp-content\/uploads\/2024\/09\/Candas-365-Redes.jpg","@id":"https:\/\/candas365.es\/noticias\/lastra-anuncia-un-nuevo-deposito-regulador-para-nava\/#organizationLogo","width":1152,"height":864,"caption":"Cand\u00e1s 365 Redes"},"image":{"@id":"https:\/\/candas365.es\/noticias\/lastra-anuncia-un-nuevo-deposito-regulador-para-nava\/#organizationLogo"},"sameAs":["https:\/\/www.facebook.com\/Nachofdezber","https:\/\/x.com\/NabercoDigital","https:\/\/www.instagram.com\/nachofdezber\/","https:\/\/www.youtube.com\/channel\/UCZP-2wLEB9Rv6erhFmqVnvg"],"address":{"@id":"https:\/\/candas365.es\/noticias\/#postaladdress","@type":"PostalAddress","streetAddress":"san antonio 4, san antonio 4","postalCode":"33430","addressLocality":"Cand\u00e1s","addressRegion":"Asturias","addressCountry":"ES"}},{"@type":"Person","@id":"https:\/\/candas365.es\/noticias\/author\/admin\/#author","url":"https:\/\/candas365.es\/noticias\/author\/admin\/","name":"Cand\u00e1s 365","image":{"@type":"ImageObject","@id":"https:\/\/candas365.es\/noticias\/lastra-anuncia-un-nuevo-deposito-regulador-para-nava\/#authorImage","url":"https:\/\/secure.gravatar.com\/avatar\/496a8e03d0c493ede1718b7934145dbdf8d89be1036b0eec9544e1094c9de390?s=96&d=mm&r=g","width":96,"height":96,"caption":"Cand\u00e1s 365"},"sameAs":["https:\/\/www.facebook.com\/carrenoactualidad","https:\/\/twitter.com\/nbasturias","https:\/\/www.instagram.com\/nachofdezber\/","https:\/\/www.youtube.com\/channel\/UCZP-2wLEB9Rv6erhFmqVnvg"]},{"@type":"WebPage","@id":"https:\/\/candas365.es\/noticias\/lastra-anuncia-un-nuevo-deposito-regulador-para-nava\/#webpage","url":"https:\/\/candas365.es\/noticias\/lastra-anuncia-un-nuevo-deposito-regulador-para-nava\/","name":"Lastra anuncia un nuevo dep\u00f3sito regulador para Nava | Cand\u00e1s 365","description":"El consejero de Infraestructuras, Ordenaci\u00f3n del Territorio y Medio Ambiente, Fernando Lastra, ha anunciado hoy en Nava la adjudicaci\u00f3n de las obras de prolongaci\u00f3n del colector interceptor del r\u00edo Pra, que dar\u00e1 servicio a 1.800 habitantes. El presupuesto de adjudicaci\u00f3n del proyecto, cofinanciado por el Fondo Europeo de Desarrollo Regional (Feder), es de 2.814.375 euros","inLanguage":"es-ES","isPartOf":{"@id":"https:\/\/candas365.es\/noticias\/#website"},"breadcrumb":{"@id":"https:\/\/candas365.es\/noticias\/lastra-anuncia-un-nuevo-deposito-regulador-para-nava\/#breadcrumblist"},"author":{"@id":"https:\/\/candas365.es\/noticias\/author\/admin\/#author"},"creator":{"@id":"https:\/\/candas365.es\/noticias\/author\/admin\/#author"},"image":{"@type":"ImageObject","url":"https:\/\/candas365.es\/noticias\/wp-content\/uploads\/2018\/07\/Presentacion-obras-colector-rio-Pra.jpg","@id":"https:\/\/candas365.es\/noticias\/lastra-anuncia-un-nuevo-deposito-regulador-para-nava\/#mainImage","width":1280,"height":960},"primaryImageOfPage":{"@id":"https:\/\/candas365.es\/noticias\/lastra-anuncia-un-nuevo-deposito-regulador-para-nava\/#mainImage"},"datePublished":"2018-07-14T14:55:02+02:00","dateModified":"2018-07-14T14:55:02+02:00"},{"@type":"WebSite","@id":"https:\/\/candas365.es\/noticias\/#website","url":"https:\/\/candas365.es\/noticias\/","name":"Cand\u00e1s 365","alternateName":"Cand\u00e1s 365 Noticias","description":"Actualidad desde Carre\u00f1o para el mundo","inLanguage":"es-ES","publisher":{"@id":"https:\/\/candas365.es\/noticias\/#organization"}}]},"og:locale":"es_ES","og:site_name":"Cand\u00e1s 365","og:type":"article","og:title":"Lastra anuncia un nuevo dep\u00f3sito regulador para Nava | Cand\u00e1s 365","og:description":"El consejero de Infraestructuras, Ordenaci\u00f3n del Territorio y Medio Ambiente, Fernando Lastra, ha anunciado hoy en Nava la adjudicaci\u00f3n de las obras de prolongaci\u00f3n del colector interceptor del r\u00edo Pra, que dar\u00e1 servicio a 1.800 habitantes. El presupuesto de adjudicaci\u00f3n del proyecto, cofinanciado por el Fondo Europeo de Desarrollo Regional (Feder), es de 2.814.375 euros","og:url":"https:\/\/candas365.es\/noticias\/lastra-anuncia-un-nuevo-deposito-regulador-para-nava\/","og:image":"https:\/\/candas365.es\/noticias\/wp-content\/uploads\/2018\/07\/Presentacion-obras-colector-rio-Pra.jpg","og:image:secure_url":"https:\/\/candas365.es\/noticias\/wp-content\/uploads\/2018\/07\/Presentacion-obras-colector-rio-Pra.jpg","og:image:width":1280,"og:image:height":960,"article:published_time":"2018-07-14T14:55:02+00:00","article:modified_time":"2018-07-14T14:55:02+00:00","article:publisher":"https:\/\/www.facebook.com\/Nachofdezber","article:author":"https:\/\/www.facebook.com\/carrenoactualidad","twitter:card":"summary_large_image","twitter:site":"@NabercoDigital","twitter:title":"Lastra anuncia un nuevo dep\u00f3sito regulador para Nava | Cand\u00e1s 365","twitter:description":"El consejero de Infraestructuras, Ordenaci\u00f3n del Territorio y Medio Ambiente, Fernando Lastra, ha anunciado hoy en Nava la adjudicaci\u00f3n de las obras de prolongaci\u00f3n del colector interceptor del r\u00edo Pra, que dar\u00e1 servicio a 1.800 habitantes. El presupuesto de adjudicaci\u00f3n del proyecto, cofinanciado por el Fondo Europeo de Desarrollo Regional (Feder), es de 2.814.375 euros","twitter:creator":"@nbasturias","twitter:image":"https:\/\/candas365.es\/noticias\/wp-content\/uploads\/2018\/07\/Presentacion-obras-colector-rio-Pra.jpg","twitter:label1":"Escrito por","twitter:data1":"Cand\u00e1s 365","twitter:label2":"Tiempo de lectura estimado","twitter:data2":"3 minutos"},"aioseo_meta_data":{"post_id":"100414","title":null,"description":null,"keywords":null,"keyphrases":null,"primary_term":null,"canonical_url":null,"og_title":null,"og_description":null,"og_object_type":"default","og_image_type":"default","og_image_url":null,"og_image_width":null,"og_image_height":null,"og_image_custom_url":null,"og_image_custom_fields":null,"og_video":null,"og_custom_url":null,"og_article_section":null,"og_article_tags":null,"twitter_use_og":false,"twitter_card":"default","twitter_image_type":"default","twitter_image_url":null,"twitter_image_custom_url":null,"twitter_image_custom_fields":null,"twitter_title":null,"twitter_description":null,"schema":{"blockGraphs":[],"customGraphs":[],"default":{"data":{"Article":[],"Course":[],"Dataset":[],"FAQPage":[],"Movie":[],"Person":[],"Product":[],"ProductReview":[],"Car":[],"Recipe":[],"Service":[],"SoftwareApplication":[],"WebPage":[]},"graphName":"","isEnabled":true},"graphs":[],"defaultGraph":"","defaultPostTypeGraph":""},"schema_type":null,"schema_type_options":null,"pillar_content":false,"robots_default":true,"robots_noindex":false,"robots_noarchive":false,"robots_nosnippet":false,"robots_nofollow":false,"robots_noimageindex":false,"robots_noodp":false,"robots_notranslate":false,"robots_max_snippet":null,"robots_max_videopreview":null,"robots_max_imagepreview":"large","priority":null,"frequency":null,"location":null,"local_seo":null,"seo_analyzer_scan_date":"2025-08-27 08:43:13","breadcrumb_settings":null,"limit_modified_date":false,"reviewed_by":null,"open_ai":null,"ai":null,"created":"2020-12-21 11:48:46","updated":"2025-08-27 08:43:13"},"aioseo_breadcrumb":"<div class=\"aioseo-breadcrumbs\"><span class=\"aioseo-breadcrumb\">\n\t<a href=\"https:\/\/candas365.es\/noticias\" title=\"Home\">Home<\/a>\n<\/span><span class=\"aioseo-breadcrumb-separator\">&ndash;<\/span><span class=\"aioseo-breadcrumb\">\n\t<a href=\"https:\/\/candas365.es\/noticias\/category\/asturias\/\" title=\"Asturias\">Asturias<\/a>\n<\/span><span class=\"aioseo-breadcrumb-separator\">&ndash;<\/span><span class=\"aioseo-breadcrumb\">\n\tLastra anuncia un nuevo dep\u00f3sito regulador para Nava\n<\/span><\/div>","aioseo_breadcrumb_json":[{"label":"Home","link":"https:\/\/candas365.es\/noticias"},{"label":"Asturias","link":"https:\/\/candas365.es\/noticias\/category\/asturias\/"},{"label":"Lastra anuncia un nuevo dep\u00f3sito regulador para Nava","link":"https:\/\/candas365.es\/noticias\/lastra-anuncia-un-nuevo-deposito-regulador-para-nava\/"}],"_links":{"self":[{"href":"https:\/\/candas365.es\/noticias\/wp-json\/wp\/v2\/posts\/100414","targetHints":{"allow":["GET"]}}],"collection":[{"href":"https:\/\/candas365.es\/noticias\/wp-json\/wp\/v2\/posts"}],"about":[{"href":"https:\/\/candas365.es\/noticias\/wp-json\/wp\/v2\/types\/post"}],"author":[{"embeddable":true,"href":"https:\/\/candas365.es\/noticias\/wp-json\/wp\/v2\/users\/1"}],"replies":[{"embeddable":true,"href":"https:\/\/candas365.es\/noticias\/wp-json\/wp\/v2\/comments?post=100414"}],"version-history":[{"count":0,"href":"https:\/\/candas365.es\/noticias\/wp-json\/wp\/v2\/posts\/100414\/revisions"}],"wp:featuredmedia":[{"embeddable":true,"href":"https:\/\/candas365.es\/noticias\/wp-json\/wp\/v2\/media\/100415"}],"wp:attachment":[{"href":"https:\/\/candas365.es\/noticias\/wp-json\/wp\/v2\/media?parent=100414"}],"wp:term":[{"taxonomy":"category","embeddable":true,"href":"https:\/\/candas365.es\/noticias\/wp-json\/wp\/v2\/categories?post=100414"},{"taxonomy":"post_tag","embeddable":true,"href":"https:\/\/candas365.es\/noticias\/wp-json\/wp\/v2\/tags?post=100414"}],"curies":[{"name":"wp","href":"https:\/\/api.w.org\/{rel}","templated":true}]}}