{"id":100403,"date":"2018-07-14T05:31:18","date_gmt":"2018-07-14T05:31:18","guid":{"rendered":"http:\/\/candas365.es\/noticias\/?p=100403"},"modified":"2018-07-14T05:31:18","modified_gmt":"2018-07-14T05:31:18","slug":"nueva-red-de-abastecimiento-de-agua-en-regueral","status":"publish","type":"post","link":"https:\/\/candas365.es\/noticias\/nueva-red-de-abastecimiento-de-agua-en-regueral\/","title":{"rendered":"Nueva red de abastecimiento de agua en Regueral"},"content":{"rendered":"<p><img fetchpriority=\"high\" decoding=\"async\" class=\"alignleft size-medium wp-image-37911\" src=\"https:\/\/candas365.es\/noticias\/wp-content\/uploads\/2016\/12\/agua-360x198.jpg\" alt=\"\" width=\"360\" height=\"198\" srcset=\"https:\/\/candas365.es\/noticias\/wp-content\/uploads\/2016\/12\/agua-360x198.jpg 360w, https:\/\/candas365.es\/noticias\/wp-content\/uploads\/2016\/12\/agua-650x357.jpg 650w, https:\/\/candas365.es\/noticias\/wp-content\/uploads\/2016\/12\/agua-150x82.jpg 150w, https:\/\/candas365.es\/noticias\/wp-content\/uploads\/2016\/12\/agua-450x247.jpg 450w, https:\/\/candas365.es\/noticias\/wp-content\/uploads\/2016\/12\/agua.jpg 655w\" sizes=\"(max-width: 360px) 100vw, 360px\" \/>Los barrios candas\u00ednos de L\u00b4Ablanal y La Sierra se ven\u00edan abasteciendo de agua municipal por una tuber\u00eda en PVC con menos secci\u00f3n de la que, con las viviendas actuales, se precisaba. El material de la red, la escasa secci\u00f3n genera \u00faltimamente muchas aver\u00edas y p\u00e9rdidas de presi\u00f3n.<\/p>\n<p>\u201cEstas circunstancias nos llevaron a impulsar el cambio e incremento de secci\u00f3n de las tuber\u00edas existentes. Con el fin de resolver los problemas de la zona, se proyect\u00f3 la renovaci\u00f3n de la red con tuber\u00eda de polietileno de 90 y 50 mm de di\u00e1metro, anulando el tramo de tuber\u00eda de fibrocemento existente\u201d \u2013 se\u00f1al\u00f3 Manuel Noceda edil de Medio Rural..<\/p>\n<p>Se est\u00e1 realizando la renovaci\u00f3n de la red desde el cruce de la carretera CE1 con el camino de las Escuelas en el Regueral, para a continuaci\u00f3n cruzar la carretera CE1 y seguir por el camino de El Ablanal (C123) hasta entroncar con un trozo ya renovado. Se vuelve a enganchar de nuevo la tuber\u00eda en otro punto se\u00f1alado en el camino de Monterriondo (C809) hasta finalizar tras dar servicio al \u00faltimo punto en el camino de Cumal y Estadia (C808).<\/p>\n<p>\u201cTras la licitaci\u00f3n correspondiente de las obras, \u00e9stas se adjudicaron en 19.709,21\u20ac (IVA incluido) a la empresa local Anselmo Bango, Obras y Contratas S.L\u201d \u2013 concluy\u00f3 el concejal.<\/p>\n","protected":false},"excerpt":{"rendered":"<p>Los barrios candas\u00ednos de L\u00b4Ablanal y La Sierra se ven\u00edan abasteciendo de agua municipal por una tuber\u00eda en PVC con menos secci\u00f3n de la que, con las viviendas actuales, se precisaba. El material de la red, la escasa secci\u00f3n genera \u00faltimamente muchas aver\u00edas y p\u00e9rdidas de presi\u00f3n. \u201cEstas circunstancias nos llevaron a impulsar el cambio<\/p>\n","protected":false},"author":1,"featured_media":100404,"comment_status":"closed","ping_status":"closed","sticky":false,"template":"","format":"standard","meta":{"footnotes":""},"categories":[2],"tags":[],"class_list":{"0":"post-100403","1":"post","2":"type-post","3":"status-publish","4":"format-standard","5":"has-post-thumbnail","7":"category-noticias-carreno"},"aioseo_notices":[],"aioseo_head":"\n\t\t<!-- All in One SEO Pro 4.9.6.2 - aioseo.com -->\n\t<meta name=\"description\" content=\"Los barrios candas\u00ednos de L\u00b4Ablanal y La Sierra se ven\u00edan abasteciendo de agua municipal por una tuber\u00eda en PVC con menos secci\u00f3n de la que, con las viviendas actuales, se precisaba. El material de la red, la escasa secci\u00f3n genera \u00faltimamente muchas aver\u00edas y p\u00e9rdidas de presi\u00f3n. \u201cEstas circunstancias nos llevaron a impulsar el cambio\" \/>\n\t<meta name=\"robots\" content=\"max-image-preview:large\" \/>\n\t<meta name=\"author\" content=\"Cand\u00e1s 365\"\/>\n\t<meta name=\"google-site-verification\" content=\"UA-32230408-1\" \/>\n\t<meta name=\"msvalidate.01\" content=\"354F3CDFB2DA171B47FBE9ABF1F88D5\" \/>\n\t<meta name=\"keywords\" content=\"noticias carre\u00f1o\" \/>\n\t<link rel=\"canonical\" href=\"https:\/\/candas365.es\/noticias\/nueva-red-de-abastecimiento-de-agua-en-regueral\/\" \/>\n\t<meta name=\"generator\" content=\"All in One SEO Pro (AIOSEO) 4.9.6.2\" \/>\n\t\t<meta property=\"og:locale\" content=\"es_ES\" \/>\n\t\t<meta property=\"og:site_name\" content=\"Cand\u00e1s 365\" \/>\n\t\t<meta property=\"og:type\" content=\"article\" \/>\n\t\t<meta property=\"og:title\" content=\"Nueva red de abastecimiento de agua en Regueral | Cand\u00e1s 365\" \/>\n\t\t<meta property=\"og:description\" content=\"Los barrios candas\u00ednos de L\u00b4Ablanal y La Sierra se ven\u00edan abasteciendo de agua municipal por una tuber\u00eda en PVC con menos secci\u00f3n de la que, con las viviendas actuales, se precisaba. El material de la red, la escasa secci\u00f3n genera \u00faltimamente muchas aver\u00edas y p\u00e9rdidas de presi\u00f3n. \u201cEstas circunstancias nos llevaron a impulsar el cambio\" \/>\n\t\t<meta property=\"og:url\" content=\"https:\/\/candas365.es\/noticias\/nueva-red-de-abastecimiento-de-agua-en-regueral\/\" \/>\n\t\t<meta property=\"og:image\" content=\"https:\/\/candas365.es\/noticias\/wp-content\/uploads\/2018\/07\/red-de-agua-en-Regueral-Cand\u00e1s.jpg\" \/>\n\t\t<meta property=\"og:image:secure_url\" content=\"https:\/\/candas365.es\/noticias\/wp-content\/uploads\/2018\/07\/red-de-agua-en-Regueral-Cand\u00e1s.jpg\" \/>\n\t\t<meta property=\"og:image:width\" content=\"1200\" \/>\n\t\t<meta property=\"og:image:height\" content=\"1600\" \/>\n\t\t<meta property=\"article:published_time\" content=\"2018-07-14T05:31:18+00:00\" \/>\n\t\t<meta property=\"article:modified_time\" content=\"2018-07-14T05:31:18+00:00\" \/>\n\t\t<meta property=\"article:publisher\" content=\"https:\/\/www.facebook.com\/Nachofdezber\" \/>\n\t\t<meta property=\"article:author\" content=\"https:\/\/www.facebook.com\/carrenoactualidad\" \/>\n\t\t<meta name=\"twitter:card\" content=\"summary_large_image\" \/>\n\t\t<meta name=\"twitter:site\" content=\"@NabercoDigital\" \/>\n\t\t<meta name=\"twitter:title\" content=\"Nueva red de abastecimiento de agua en Regueral | Cand\u00e1s 365\" \/>\n\t\t<meta name=\"twitter:description\" content=\"Los barrios candas\u00ednos de L\u00b4Ablanal y La Sierra se ven\u00edan abasteciendo de agua municipal por una tuber\u00eda en PVC con menos secci\u00f3n de la que, con las viviendas actuales, se precisaba. El material de la red, la escasa secci\u00f3n genera \u00faltimamente muchas aver\u00edas y p\u00e9rdidas de presi\u00f3n. \u201cEstas circunstancias nos llevaron a impulsar el cambio\" \/>\n\t\t<meta name=\"twitter:creator\" content=\"@nbasturias\" \/>\n\t\t<meta name=\"twitter:image\" content=\"https:\/\/candas365.es\/noticias\/wp-content\/uploads\/2018\/07\/red-de-agua-en-Regueral-Cand\u00e1s.jpg\" \/>\n\t\t<meta name=\"twitter:label1\" content=\"Escrito por\" \/>\n\t\t<meta name=\"twitter:data1\" content=\"Cand\u00e1s 365\" \/>\n\t\t<meta name=\"twitter:label2\" content=\"Tiempo de lectura estimado\" \/>\n\t\t<meta name=\"twitter:data2\" content=\"1 minuto\" \/>\n\t\t<script type=\"application\/ld+json\" class=\"aioseo-schema\">\n\t\t\t{\"@context\":\"https:\\\/\\\/schema.org\",\"@graph\":[{\"@type\":\"BreadcrumbList\",\"@id\":\"https:\\\/\\\/candas365.es\\\/noticias\\\/nueva-red-de-abastecimiento-de-agua-en-regueral\\\/#breadcrumblist\",\"itemListElement\":[{\"@type\":\"ListItem\",\"@id\":\"https:\\\/\\\/candas365.es\\\/noticias#listItem\",\"position\":1,\"name\":\"Home\",\"item\":\"https:\\\/\\\/candas365.es\\\/noticias\",\"nextItem\":{\"@type\":\"ListItem\",\"@id\":\"https:\\\/\\\/candas365.es\\\/noticias\\\/category\\\/noticias-carreno\\\/#listItem\",\"name\":\"Noticias Carre\\u00f1o\"}},{\"@type\":\"ListItem\",\"@id\":\"https:\\\/\\\/candas365.es\\\/noticias\\\/category\\\/noticias-carreno\\\/#listItem\",\"position\":2,\"name\":\"Noticias Carre\\u00f1o\",\"item\":\"https:\\\/\\\/candas365.es\\\/noticias\\\/category\\\/noticias-carreno\\\/\",\"nextItem\":{\"@type\":\"ListItem\",\"@id\":\"https:\\\/\\\/candas365.es\\\/noticias\\\/nueva-red-de-abastecimiento-de-agua-en-regueral\\\/#listItem\",\"name\":\"Nueva red de abastecimiento de agua en Regueral\"},\"previousItem\":{\"@type\":\"ListItem\",\"@id\":\"https:\\\/\\\/candas365.es\\\/noticias#listItem\",\"name\":\"Home\"}},{\"@type\":\"ListItem\",\"@id\":\"https:\\\/\\\/candas365.es\\\/noticias\\\/nueva-red-de-abastecimiento-de-agua-en-regueral\\\/#listItem\",\"position\":3,\"name\":\"Nueva red de abastecimiento de agua en Regueral\",\"previousItem\":{\"@type\":\"ListItem\",\"@id\":\"https:\\\/\\\/candas365.es\\\/noticias\\\/category\\\/noticias-carreno\\\/#listItem\",\"name\":\"Noticias Carre\\u00f1o\"}}]},{\"@type\":\"NewsArticle\",\"@id\":\"https:\\\/\\\/candas365.es\\\/noticias\\\/nueva-red-de-abastecimiento-de-agua-en-regueral\\\/#newsarticle\",\"name\":\"Nueva red de abastecimiento de agua en Regueral | Cand\\u00e1s 365\",\"headline\":\"Nueva red de abastecimiento de agua en Regueral\",\"author\":{\"@id\":\"https:\\\/\\\/candas365.es\\\/noticias\\\/author\\\/admin\\\/#author\"},\"publisher\":{\"@id\":\"https:\\\/\\\/candas365.es\\\/noticias\\\/#organization\"},\"image\":{\"@type\":\"ImageObject\",\"url\":\"https:\\\/\\\/candas365.es\\\/noticias\\\/wp-content\\\/uploads\\\/2018\\\/07\\\/red-de-agua-en-Regueral-Cand\\u00e1s.jpg\",\"width\":1200,\"height\":1600},\"datePublished\":\"2018-07-14T05:31:18+02:00\",\"dateModified\":\"2018-07-14T05:31:18+02:00\",\"inLanguage\":\"es-ES\",\"mainEntityOfPage\":{\"@id\":\"https:\\\/\\\/candas365.es\\\/noticias\\\/nueva-red-de-abastecimiento-de-agua-en-regueral\\\/#webpage\"},\"isPartOf\":{\"@id\":\"https:\\\/\\\/candas365.es\\\/noticias\\\/nueva-red-de-abastecimiento-de-agua-en-regueral\\\/#webpage\"},\"articleSection\":\"Noticias Carre\\u00f1o\",\"dateline\":\"Publicado el julio 14, 2018.\"},{\"@type\":\"Organization\",\"@id\":\"https:\\\/\\\/candas365.es\\\/noticias\\\/#organization\",\"name\":\"Cand\\u00e1s 365\",\"description\":\"Cand\\u00e1s 365 es un diario digital independiente, fundado en 2012, con base en Asturias. Informamos con rigor sobre actualidad, sociedad, cultura y ocio, con una mirada local y global.\",\"url\":\"https:\\\/\\\/candas365.es\\\/noticias\\\/\",\"email\":\"info@candas365.es\",\"telephone\":\"+34652131393\",\"foundingDate\":\"2012-06-10\",\"logo\":{\"@type\":\"ImageObject\",\"url\":\"https:\\\/\\\/candas365.es\\\/noticias\\\/wp-content\\\/uploads\\\/2024\\\/09\\\/Candas-365-Redes.jpg\",\"@id\":\"https:\\\/\\\/candas365.es\\\/noticias\\\/nueva-red-de-abastecimiento-de-agua-en-regueral\\\/#organizationLogo\",\"width\":1152,\"height\":864,\"caption\":\"Cand\\u00e1s 365 Redes\"},\"image\":{\"@id\":\"https:\\\/\\\/candas365.es\\\/noticias\\\/nueva-red-de-abastecimiento-de-agua-en-regueral\\\/#organizationLogo\"},\"sameAs\":[\"https:\\\/\\\/www.facebook.com\\\/Nachofdezber\",\"https:\\\/\\\/x.com\\\/NabercoDigital\",\"https:\\\/\\\/www.instagram.com\\\/nachofdezber\\\/\",\"https:\\\/\\\/www.youtube.com\\\/channel\\\/UCZP-2wLEB9Rv6erhFmqVnvg\"],\"address\":{\"@id\":\"https:\\\/\\\/candas365.es\\\/noticias\\\/#postaladdress\",\"@type\":\"PostalAddress\",\"streetAddress\":\"san antonio 4, san antonio 4\",\"postalCode\":\"33430\",\"addressLocality\":\"Cand\\u00e1s\",\"addressRegion\":\"Asturias\",\"addressCountry\":\"ES\"}},{\"@type\":\"Person\",\"@id\":\"https:\\\/\\\/candas365.es\\\/noticias\\\/author\\\/admin\\\/#author\",\"url\":\"https:\\\/\\\/candas365.es\\\/noticias\\\/author\\\/admin\\\/\",\"name\":\"Cand\\u00e1s 365\",\"image\":{\"@type\":\"ImageObject\",\"@id\":\"https:\\\/\\\/candas365.es\\\/noticias\\\/nueva-red-de-abastecimiento-de-agua-en-regueral\\\/#authorImage\",\"url\":\"https:\\\/\\\/secure.gravatar.com\\\/avatar\\\/496a8e03d0c493ede1718b7934145dbdf8d89be1036b0eec9544e1094c9de390?s=96&d=mm&r=g\",\"width\":96,\"height\":96,\"caption\":\"Cand\\u00e1s 365\"},\"sameAs\":[\"https:\\\/\\\/www.facebook.com\\\/carrenoactualidad\",\"https:\\\/\\\/twitter.com\\\/nbasturias\",\"https:\\\/\\\/www.instagram.com\\\/nachofdezber\\\/\",\"https:\\\/\\\/www.youtube.com\\\/channel\\\/UCZP-2wLEB9Rv6erhFmqVnvg\"]},{\"@type\":\"WebPage\",\"@id\":\"https:\\\/\\\/candas365.es\\\/noticias\\\/nueva-red-de-abastecimiento-de-agua-en-regueral\\\/#webpage\",\"url\":\"https:\\\/\\\/candas365.es\\\/noticias\\\/nueva-red-de-abastecimiento-de-agua-en-regueral\\\/\",\"name\":\"Nueva red de abastecimiento de agua en Regueral | Cand\\u00e1s 365\",\"description\":\"Los barrios candas\\u00ednos de L\\u00b4Ablanal y La Sierra se ven\\u00edan abasteciendo de agua municipal por una tuber\\u00eda en PVC con menos secci\\u00f3n de la que, con las viviendas actuales, se precisaba. El material de la red, la escasa secci\\u00f3n genera \\u00faltimamente muchas aver\\u00edas y p\\u00e9rdidas de presi\\u00f3n. \\u201cEstas circunstancias nos llevaron a impulsar el cambio\",\"inLanguage\":\"es-ES\",\"isPartOf\":{\"@id\":\"https:\\\/\\\/candas365.es\\\/noticias\\\/#website\"},\"breadcrumb\":{\"@id\":\"https:\\\/\\\/candas365.es\\\/noticias\\\/nueva-red-de-abastecimiento-de-agua-en-regueral\\\/#breadcrumblist\"},\"author\":{\"@id\":\"https:\\\/\\\/candas365.es\\\/noticias\\\/author\\\/admin\\\/#author\"},\"creator\":{\"@id\":\"https:\\\/\\\/candas365.es\\\/noticias\\\/author\\\/admin\\\/#author\"},\"image\":{\"@type\":\"ImageObject\",\"url\":\"https:\\\/\\\/candas365.es\\\/noticias\\\/wp-content\\\/uploads\\\/2018\\\/07\\\/red-de-agua-en-Regueral-Cand\\u00e1s.jpg\",\"@id\":\"https:\\\/\\\/candas365.es\\\/noticias\\\/nueva-red-de-abastecimiento-de-agua-en-regueral\\\/#mainImage\",\"width\":1200,\"height\":1600},\"primaryImageOfPage\":{\"@id\":\"https:\\\/\\\/candas365.es\\\/noticias\\\/nueva-red-de-abastecimiento-de-agua-en-regueral\\\/#mainImage\"},\"datePublished\":\"2018-07-14T05:31:18+02:00\",\"dateModified\":\"2018-07-14T05:31:18+02:00\"},{\"@type\":\"WebSite\",\"@id\":\"https:\\\/\\\/candas365.es\\\/noticias\\\/#website\",\"url\":\"https:\\\/\\\/candas365.es\\\/noticias\\\/\",\"name\":\"Cand\\u00e1s 365\",\"alternateName\":\"Cand\\u00e1s 365 Noticias\",\"description\":\"Actualidad desde Carre\\u00f1o para el mundo\",\"inLanguage\":\"es-ES\",\"publisher\":{\"@id\":\"https:\\\/\\\/candas365.es\\\/noticias\\\/#organization\"}}]}\n\t\t<\/script>\n\t\t<!-- All in One SEO Pro -->\r\n\t\t<title>Nueva red de abastecimiento de agua en Regueral | Cand\u00e1s 365<\/title>\n\n","aioseo_head_json":{"title":"Nueva red de abastecimiento de agua en Regueral | Cand\u00e1s 365","description":"Los barrios candas\u00ednos de L\u00b4Ablanal y La Sierra se ven\u00edan abasteciendo de agua municipal por una tuber\u00eda en PVC con menos secci\u00f3n de la que, con las viviendas actuales, se precisaba. El material de la red, la escasa secci\u00f3n genera \u00faltimamente muchas aver\u00edas y p\u00e9rdidas de presi\u00f3n. \u201cEstas circunstancias nos llevaron a impulsar el cambio","canonical_url":"https:\/\/candas365.es\/noticias\/nueva-red-de-abastecimiento-de-agua-en-regueral\/","robots":"max-image-preview:large","keywords":"noticias carre\u00f1o","webmasterTools":{"google-site-verification":"UA-32230408-1","msvalidate.01":"354F3CDFB2DA171B47FBE9ABF1F88D5","miscellaneous":""},"schema":{"@context":"https:\/\/schema.org","@graph":[{"@type":"BreadcrumbList","@id":"https:\/\/candas365.es\/noticias\/nueva-red-de-abastecimiento-de-agua-en-regueral\/#breadcrumblist","itemListElement":[{"@type":"ListItem","@id":"https:\/\/candas365.es\/noticias#listItem","position":1,"name":"Home","item":"https:\/\/candas365.es\/noticias","nextItem":{"@type":"ListItem","@id":"https:\/\/candas365.es\/noticias\/category\/noticias-carreno\/#listItem","name":"Noticias Carre\u00f1o"}},{"@type":"ListItem","@id":"https:\/\/candas365.es\/noticias\/category\/noticias-carreno\/#listItem","position":2,"name":"Noticias Carre\u00f1o","item":"https:\/\/candas365.es\/noticias\/category\/noticias-carreno\/","nextItem":{"@type":"ListItem","@id":"https:\/\/candas365.es\/noticias\/nueva-red-de-abastecimiento-de-agua-en-regueral\/#listItem","name":"Nueva red de abastecimiento de agua en Regueral"},"previousItem":{"@type":"ListItem","@id":"https:\/\/candas365.es\/noticias#listItem","name":"Home"}},{"@type":"ListItem","@id":"https:\/\/candas365.es\/noticias\/nueva-red-de-abastecimiento-de-agua-en-regueral\/#listItem","position":3,"name":"Nueva red de abastecimiento de agua en Regueral","previousItem":{"@type":"ListItem","@id":"https:\/\/candas365.es\/noticias\/category\/noticias-carreno\/#listItem","name":"Noticias Carre\u00f1o"}}]},{"@type":"NewsArticle","@id":"https:\/\/candas365.es\/noticias\/nueva-red-de-abastecimiento-de-agua-en-regueral\/#newsarticle","name":"Nueva red de abastecimiento de agua en Regueral | Cand\u00e1s 365","headline":"Nueva red de abastecimiento de agua en Regueral","author":{"@id":"https:\/\/candas365.es\/noticias\/author\/admin\/#author"},"publisher":{"@id":"https:\/\/candas365.es\/noticias\/#organization"},"image":{"@type":"ImageObject","url":"https:\/\/candas365.es\/noticias\/wp-content\/uploads\/2018\/07\/red-de-agua-en-Regueral-Cand\u00e1s.jpg","width":1200,"height":1600},"datePublished":"2018-07-14T05:31:18+02:00","dateModified":"2018-07-14T05:31:18+02:00","inLanguage":"es-ES","mainEntityOfPage":{"@id":"https:\/\/candas365.es\/noticias\/nueva-red-de-abastecimiento-de-agua-en-regueral\/#webpage"},"isPartOf":{"@id":"https:\/\/candas365.es\/noticias\/nueva-red-de-abastecimiento-de-agua-en-regueral\/#webpage"},"articleSection":"Noticias Carre\u00f1o","dateline":"Publicado el julio 14, 2018."},{"@type":"Organization","@id":"https:\/\/candas365.es\/noticias\/#organization","name":"Cand\u00e1s 365","description":"Cand\u00e1s 365 es un diario digital independiente, fundado en 2012, con base en Asturias. Informamos con rigor sobre actualidad, sociedad, cultura y ocio, con una mirada local y global.","url":"https:\/\/candas365.es\/noticias\/","email":"info@candas365.es","telephone":"+34652131393","foundingDate":"2012-06-10","logo":{"@type":"ImageObject","url":"https:\/\/candas365.es\/noticias\/wp-content\/uploads\/2024\/09\/Candas-365-Redes.jpg","@id":"https:\/\/candas365.es\/noticias\/nueva-red-de-abastecimiento-de-agua-en-regueral\/#organizationLogo","width":1152,"height":864,"caption":"Cand\u00e1s 365 Redes"},"image":{"@id":"https:\/\/candas365.es\/noticias\/nueva-red-de-abastecimiento-de-agua-en-regueral\/#organizationLogo"},"sameAs":["https:\/\/www.facebook.com\/Nachofdezber","https:\/\/x.com\/NabercoDigital","https:\/\/www.instagram.com\/nachofdezber\/","https:\/\/www.youtube.com\/channel\/UCZP-2wLEB9Rv6erhFmqVnvg"],"address":{"@id":"https:\/\/candas365.es\/noticias\/#postaladdress","@type":"PostalAddress","streetAddress":"san antonio 4, san antonio 4","postalCode":"33430","addressLocality":"Cand\u00e1s","addressRegion":"Asturias","addressCountry":"ES"}},{"@type":"Person","@id":"https:\/\/candas365.es\/noticias\/author\/admin\/#author","url":"https:\/\/candas365.es\/noticias\/author\/admin\/","name":"Cand\u00e1s 365","image":{"@type":"ImageObject","@id":"https:\/\/candas365.es\/noticias\/nueva-red-de-abastecimiento-de-agua-en-regueral\/#authorImage","url":"https:\/\/secure.gravatar.com\/avatar\/496a8e03d0c493ede1718b7934145dbdf8d89be1036b0eec9544e1094c9de390?s=96&d=mm&r=g","width":96,"height":96,"caption":"Cand\u00e1s 365"},"sameAs":["https:\/\/www.facebook.com\/carrenoactualidad","https:\/\/twitter.com\/nbasturias","https:\/\/www.instagram.com\/nachofdezber\/","https:\/\/www.youtube.com\/channel\/UCZP-2wLEB9Rv6erhFmqVnvg"]},{"@type":"WebPage","@id":"https:\/\/candas365.es\/noticias\/nueva-red-de-abastecimiento-de-agua-en-regueral\/#webpage","url":"https:\/\/candas365.es\/noticias\/nueva-red-de-abastecimiento-de-agua-en-regueral\/","name":"Nueva red de abastecimiento de agua en Regueral | Cand\u00e1s 365","description":"Los barrios candas\u00ednos de L\u00b4Ablanal y La Sierra se ven\u00edan abasteciendo de agua municipal por una tuber\u00eda en PVC con menos secci\u00f3n de la que, con las viviendas actuales, se precisaba. El material de la red, la escasa secci\u00f3n genera \u00faltimamente muchas aver\u00edas y p\u00e9rdidas de presi\u00f3n. \u201cEstas circunstancias nos llevaron a impulsar el cambio","inLanguage":"es-ES","isPartOf":{"@id":"https:\/\/candas365.es\/noticias\/#website"},"breadcrumb":{"@id":"https:\/\/candas365.es\/noticias\/nueva-red-de-abastecimiento-de-agua-en-regueral\/#breadcrumblist"},"author":{"@id":"https:\/\/candas365.es\/noticias\/author\/admin\/#author"},"creator":{"@id":"https:\/\/candas365.es\/noticias\/author\/admin\/#author"},"image":{"@type":"ImageObject","url":"https:\/\/candas365.es\/noticias\/wp-content\/uploads\/2018\/07\/red-de-agua-en-Regueral-Cand\u00e1s.jpg","@id":"https:\/\/candas365.es\/noticias\/nueva-red-de-abastecimiento-de-agua-en-regueral\/#mainImage","width":1200,"height":1600},"primaryImageOfPage":{"@id":"https:\/\/candas365.es\/noticias\/nueva-red-de-abastecimiento-de-agua-en-regueral\/#mainImage"},"datePublished":"2018-07-14T05:31:18+02:00","dateModified":"2018-07-14T05:31:18+02:00"},{"@type":"WebSite","@id":"https:\/\/candas365.es\/noticias\/#website","url":"https:\/\/candas365.es\/noticias\/","name":"Cand\u00e1s 365","alternateName":"Cand\u00e1s 365 Noticias","description":"Actualidad desde Carre\u00f1o para el mundo","inLanguage":"es-ES","publisher":{"@id":"https:\/\/candas365.es\/noticias\/#organization"}}]},"og:locale":"es_ES","og:site_name":"Cand\u00e1s 365","og:type":"article","og:title":"Nueva red de abastecimiento de agua en Regueral | Cand\u00e1s 365","og:description":"Los barrios candas\u00ednos de L\u00b4Ablanal y La Sierra se ven\u00edan abasteciendo de agua municipal por una tuber\u00eda en PVC con menos secci\u00f3n de la que, con las viviendas actuales, se precisaba. El material de la red, la escasa secci\u00f3n genera \u00faltimamente muchas aver\u00edas y p\u00e9rdidas de presi\u00f3n. \u201cEstas circunstancias nos llevaron a impulsar el cambio","og:url":"https:\/\/candas365.es\/noticias\/nueva-red-de-abastecimiento-de-agua-en-regueral\/","og:image":"https:\/\/candas365.es\/noticias\/wp-content\/uploads\/2018\/07\/red-de-agua-en-Regueral-Cand\u00e1s.jpg","og:image:secure_url":"https:\/\/candas365.es\/noticias\/wp-content\/uploads\/2018\/07\/red-de-agua-en-Regueral-Cand\u00e1s.jpg","og:image:width":1200,"og:image:height":1600,"article:published_time":"2018-07-14T05:31:18+00:00","article:modified_time":"2018-07-14T05:31:18+00:00","article:publisher":"https:\/\/www.facebook.com\/Nachofdezber","article:author":"https:\/\/www.facebook.com\/carrenoactualidad","twitter:card":"summary_large_image","twitter:site":"@NabercoDigital","twitter:title":"Nueva red de abastecimiento de agua en Regueral | Cand\u00e1s 365","twitter:description":"Los barrios candas\u00ednos de L\u00b4Ablanal y La Sierra se ven\u00edan abasteciendo de agua municipal por una tuber\u00eda en PVC con menos secci\u00f3n de la que, con las viviendas actuales, se precisaba. El material de la red, la escasa secci\u00f3n genera \u00faltimamente muchas aver\u00edas y p\u00e9rdidas de presi\u00f3n. \u201cEstas circunstancias nos llevaron a impulsar el cambio","twitter:creator":"@nbasturias","twitter:image":"https:\/\/candas365.es\/noticias\/wp-content\/uploads\/2018\/07\/red-de-agua-en-Regueral-Cand\u00e1s.jpg","twitter:label1":"Escrito por","twitter:data1":"Cand\u00e1s 365","twitter:label2":"Tiempo de lectura estimado","twitter:data2":"1 minuto"},"aioseo_meta_data":{"post_id":"100403","title":null,"description":null,"keywords":null,"keyphrases":null,"primary_term":null,"canonical_url":null,"og_title":null,"og_description":null,"og_object_type":"default","og_image_type":"default","og_image_url":null,"og_image_width":null,"og_image_height":null,"og_image_custom_url":null,"og_image_custom_fields":null,"og_video":null,"og_custom_url":null,"og_article_section":null,"og_article_tags":null,"twitter_use_og":false,"twitter_card":"default","twitter_image_type":"default","twitter_image_url":null,"twitter_image_custom_url":null,"twitter_image_custom_fields":null,"twitter_title":null,"twitter_description":null,"schema":{"blockGraphs":[],"customGraphs":[],"default":{"data":{"Article":[],"Course":[],"Dataset":[],"FAQPage":[],"Movie":[],"Person":[],"Product":[],"ProductReview":[],"Car":[],"Recipe":[],"Service":[],"SoftwareApplication":[],"WebPage":[]},"graphName":"","isEnabled":true},"graphs":[],"defaultGraph":"","defaultPostTypeGraph":""},"schema_type":null,"schema_type_options":null,"pillar_content":false,"robots_default":true,"robots_noindex":false,"robots_noarchive":false,"robots_nosnippet":false,"robots_nofollow":false,"robots_noimageindex":false,"robots_noodp":false,"robots_notranslate":false,"robots_max_snippet":null,"robots_max_videopreview":null,"robots_max_imagepreview":"large","priority":null,"frequency":null,"location":null,"local_seo":null,"seo_analyzer_scan_date":"2025-08-27 08:43:10","breadcrumb_settings":null,"limit_modified_date":false,"reviewed_by":null,"open_ai":null,"ai":null,"created":"2020-12-21 11:48:46","updated":"2025-08-27 08:43:10"},"aioseo_breadcrumb":"<div class=\"aioseo-breadcrumbs\"><span class=\"aioseo-breadcrumb\">\n\t<a href=\"https:\/\/candas365.es\/noticias\" title=\"Home\">Home<\/a>\n<\/span><span class=\"aioseo-breadcrumb-separator\">&ndash;<\/span><span class=\"aioseo-breadcrumb\">\n\t<a href=\"https:\/\/candas365.es\/noticias\/category\/noticias-carreno\/\" title=\"Noticias Carre\u00f1o\">Noticias Carre\u00f1o<\/a>\n<\/span><span class=\"aioseo-breadcrumb-separator\">&ndash;<\/span><span class=\"aioseo-breadcrumb\">\n\tNueva red de abastecimiento de agua en Regueral\n<\/span><\/div>","aioseo_breadcrumb_json":[{"label":"Home","link":"https:\/\/candas365.es\/noticias"},{"label":"Noticias Carre\u00f1o","link":"https:\/\/candas365.es\/noticias\/category\/noticias-carreno\/"},{"label":"Nueva red de abastecimiento de agua en Regueral","link":"https:\/\/candas365.es\/noticias\/nueva-red-de-abastecimiento-de-agua-en-regueral\/"}],"_links":{"self":[{"href":"https:\/\/candas365.es\/noticias\/wp-json\/wp\/v2\/posts\/100403","targetHints":{"allow":["GET"]}}],"collection":[{"href":"https:\/\/candas365.es\/noticias\/wp-json\/wp\/v2\/posts"}],"about":[{"href":"https:\/\/candas365.es\/noticias\/wp-json\/wp\/v2\/types\/post"}],"author":[{"embeddable":true,"href":"https:\/\/candas365.es\/noticias\/wp-json\/wp\/v2\/users\/1"}],"replies":[{"embeddable":true,"href":"https:\/\/candas365.es\/noticias\/wp-json\/wp\/v2\/comments?post=100403"}],"version-history":[{"count":0,"href":"https:\/\/candas365.es\/noticias\/wp-json\/wp\/v2\/posts\/100403\/revisions"}],"wp:featuredmedia":[{"embeddable":true,"href":"https:\/\/candas365.es\/noticias\/wp-json\/wp\/v2\/media\/100404"}],"wp:attachment":[{"href":"https:\/\/candas365.es\/noticias\/wp-json\/wp\/v2\/media?parent=100403"}],"wp:term":[{"taxonomy":"category","embeddable":true,"href":"https:\/\/candas365.es\/noticias\/wp-json\/wp\/v2\/categories?post=100403"},{"taxonomy":"post_tag","embeddable":true,"href":"https:\/\/candas365.es\/noticias\/wp-json\/wp\/v2\/tags?post=100403"}],"curies":[{"name":"wp","href":"https:\/\/api.w.org\/{rel}","templated":true}]}}