{"id":100400,"date":"2018-07-14T05:22:46","date_gmt":"2018-07-14T05:22:46","guid":{"rendered":"http:\/\/candas365.es\/noticias\/?p=100400"},"modified":"2018-07-14T05:22:46","modified_gmt":"2018-07-14T05:22:46","slug":"el-principado-implantara-el-proximo-curso-el-ciclo-formativo-de-grado-superior-en-quimica-industrial","status":"publish","type":"post","link":"https:\/\/candas365.es\/noticias\/el-principado-implantara-el-proximo-curso-el-ciclo-formativo-de-grado-superior-en-quimica-industrial\/","title":{"rendered":"El Principado implantar\u00e1 el pr\u00f3ximo curso el ciclo formativo de grado superior en Qu\u00edmica Industrial"},"content":{"rendered":"<p><img fetchpriority=\"high\" decoding=\"async\" class=\"alignleft size-medium wp-image-100401\" src=\"https:\/\/candas365.es\/noticias\/wp-content\/uploads\/2018\/07\/Firma-convenio-cluster-industrias-quimicas-360x240.jpg\" alt=\"\" width=\"360\" height=\"240\" srcset=\"https:\/\/candas365.es\/noticias\/wp-content\/uploads\/2018\/07\/Firma-convenio-cluster-industrias-quimicas-360x240.jpg 360w, https:\/\/candas365.es\/noticias\/wp-content\/uploads\/2018\/07\/Firma-convenio-cluster-industrias-quimicas-768x512.jpg 768w, https:\/\/candas365.es\/noticias\/wp-content\/uploads\/2018\/07\/Firma-convenio-cluster-industrias-quimicas-655x436.jpg 655w, https:\/\/candas365.es\/noticias\/wp-content\/uploads\/2018\/07\/Firma-convenio-cluster-industrias-quimicas-696x464.jpg 696w, https:\/\/candas365.es\/noticias\/wp-content\/uploads\/2018\/07\/Firma-convenio-cluster-industrias-quimicas-1068x712.jpg 1068w, https:\/\/candas365.es\/noticias\/wp-content\/uploads\/2018\/07\/Firma-convenio-cluster-industrias-quimicas-630x420.jpg 630w, https:\/\/candas365.es\/noticias\/wp-content\/uploads\/2018\/07\/Firma-convenio-cluster-industrias-quimicas.jpg 1280w\" sizes=\"(max-width: 360px) 100vw, 360px\" \/>El consejero de Educaci\u00f3n y Cultura, Genaro Alonso, ha suscrito un convenio de colaboraci\u00f3n con el Cl\u00faster de Industrias Qu\u00edmicas y de Procesos para facilitar el intercambio de informaci\u00f3n entre la administraci\u00f3n educativa y las empresas y estrechar los v\u00ednculos con el sistema productivo.<\/p>\n<p>Este acuerdo, que no lleva aparejada dotaci\u00f3n econ\u00f3mica, incluye varias l\u00edneas de actuaci\u00f3n, como el desarrollo de actividades que favorezcan la actualizaci\u00f3n de conocimientos del profesorado a trav\u00e9s de estancias formativas en empresas y la organizaci\u00f3n de visitas de docentes y alumnos a instalaciones de producci\u00f3n, entre otras.<\/p>\n<p>El convenio tambi\u00e9n posibilitar\u00e1 que t\u00e9cnicos de las compa\u00f1\u00edas integradas en el cl\u00faster impartan charlas divulgativas al alumnado de esta rama formativa. Adem\u00e1s, facilitar\u00e1 la cesi\u00f3n de materiales por parte de las empresas para mejorar el nivel t\u00e9cnico de los centros, apoyar\u00e1 el desarrollo del m\u00f3dulo Formaci\u00f3n en centros de trabajo y la participaci\u00f3n de los estudiantes en los programas de FP dual del sistema educativo.<\/p>\n<p>Estas l\u00edneas de colaboraci\u00f3n se concretar\u00e1n en la comisi\u00f3n de seguimiento del acuerdo, de la que formar\u00e1n parte dos representantes de la administraci\u00f3n educativa y otros dos del cl\u00faster.<\/p>\n<p>El Cl\u00faster de Industrias Qu\u00edmicas y de Procesos est\u00e1 formado por las siguientes firmas: Arcelor Mittal Espa\u00f1a S.A., Asturiana de Fertilizantes S.A, Asturquimia S.L., Bayer Hispania S.L., Du Pont Asturias S.L.; Celulosas de Asturias S.A., Eum\u00e9dica Pharmaceutical Industries S.L., Fertiberia S.A., Industria Qu\u00edmica del Nal\u00f3n S.A., Praxair Espa\u00f1a S.L.U..<\/p>\n<p>En el marco de la colaboraci\u00f3n entre el Principado y el cl\u00faster, se ha acordado implantar el ciclo formativo de grado superior de Qu\u00edmica Industrial en el Centro Integrado de Formaci\u00f3n Profesional (CIFP) del Sector Industrial y de Servicios de La Laboral, en Gij\u00f3n, por transformaci\u00f3n del ciclo superior de Qu\u00edmica Ambiental, que se sigue impartiendo en el IES Juan de Villanueva, en Pola de Siero.<\/p>\n<p>La puesta en marcha de este ciclo, que muestra la voluntad de la consejer\u00eda de estrechar v\u00ednculos con el sistema productivo, facilitar\u00e1 la formaci\u00f3n del profesorado y el alumnado de la familia profesional de Qu\u00edmica y propiciar\u00e1 la mejora de los equipamientos de los centros que imparten estas ense\u00f1anzas: el CIFP de Avil\u00e9s, el CIFP de La Laboral y el IES Juan de Villanueva.<\/p>\n<p>En el curso que acaba de finalizar cursaron estudios en esta rama un total de 201 alumnos.<\/p>\n","protected":false},"excerpt":{"rendered":"<p>El consejero de Educaci\u00f3n y Cultura, Genaro Alonso, ha suscrito un convenio de colaboraci\u00f3n con el Cl\u00faster de Industrias Qu\u00edmicas y de Procesos para facilitar el intercambio de informaci\u00f3n entre la administraci\u00f3n educativa y las empresas y estrechar los v\u00ednculos con el sistema productivo. Este acuerdo, que no lleva aparejada dotaci\u00f3n econ\u00f3mica, incluye varias l\u00edneas<\/p>\n","protected":false},"author":1,"featured_media":100401,"comment_status":"closed","ping_status":"closed","sticky":false,"template":"","format":"standard","meta":{"footnotes":""},"categories":[7],"tags":[],"class_list":{"0":"post-100400","1":"post","2":"type-post","3":"status-publish","4":"format-standard","5":"has-post-thumbnail","7":"category-asturias"},"aioseo_notices":[],"aioseo_head":"\n\t\t<!-- All in One SEO Pro 4.9.6.2 - aioseo.com -->\n\t<meta name=\"description\" content=\"El consejero de Educaci\u00f3n y Cultura, Genaro Alonso, ha suscrito un convenio de colaboraci\u00f3n con el Cl\u00faster de Industrias Qu\u00edmicas y de Procesos para facilitar el intercambio de informaci\u00f3n entre la administraci\u00f3n educativa y las empresas y estrechar los v\u00ednculos con el sistema productivo. Este acuerdo, que no lleva aparejada dotaci\u00f3n econ\u00f3mica, incluye varias l\u00edneas\" \/>\n\t<meta name=\"robots\" content=\"max-image-preview:large\" \/>\n\t<meta name=\"author\" content=\"Cand\u00e1s 365\"\/>\n\t<meta name=\"google-site-verification\" content=\"UA-32230408-1\" \/>\n\t<meta name=\"msvalidate.01\" content=\"354F3CDFB2DA171B47FBE9ABF1F88D5\" \/>\n\t<meta name=\"keywords\" content=\"asturias\" \/>\n\t<link rel=\"canonical\" href=\"https:\/\/candas365.es\/noticias\/el-principado-implantara-el-proximo-curso-el-ciclo-formativo-de-grado-superior-en-quimica-industrial\/\" \/>\n\t<meta name=\"generator\" content=\"All in One SEO Pro (AIOSEO) 4.9.6.2\" \/>\n\t\t<meta property=\"og:locale\" content=\"es_ES\" \/>\n\t\t<meta property=\"og:site_name\" content=\"Cand\u00e1s 365\" \/>\n\t\t<meta property=\"og:type\" content=\"article\" \/>\n\t\t<meta property=\"og:title\" content=\"El Principado implantar\u00e1 el pr\u00f3ximo curso el ciclo formativo de grado superior en Qu\u00edmica Industrial | Cand\u00e1s 365\" \/>\n\t\t<meta property=\"og:description\" content=\"El consejero de Educaci\u00f3n y Cultura, Genaro Alonso, ha suscrito un convenio de colaboraci\u00f3n con el Cl\u00faster de Industrias Qu\u00edmicas y de Procesos para facilitar el intercambio de informaci\u00f3n entre la administraci\u00f3n educativa y las empresas y estrechar los v\u00ednculos con el sistema productivo. Este acuerdo, que no lleva aparejada dotaci\u00f3n econ\u00f3mica, incluye varias l\u00edneas\" \/>\n\t\t<meta property=\"og:url\" content=\"https:\/\/candas365.es\/noticias\/el-principado-implantara-el-proximo-curso-el-ciclo-formativo-de-grado-superior-en-quimica-industrial\/\" \/>\n\t\t<meta property=\"og:image\" content=\"https:\/\/candas365.es\/noticias\/wp-content\/uploads\/2018\/07\/Firma-convenio-cluster-industrias-quimicas.jpg\" \/>\n\t\t<meta property=\"og:image:secure_url\" content=\"https:\/\/candas365.es\/noticias\/wp-content\/uploads\/2018\/07\/Firma-convenio-cluster-industrias-quimicas.jpg\" \/>\n\t\t<meta property=\"og:image:width\" content=\"1280\" \/>\n\t\t<meta property=\"og:image:height\" content=\"853\" \/>\n\t\t<meta property=\"article:published_time\" content=\"2018-07-14T05:22:46+00:00\" \/>\n\t\t<meta property=\"article:modified_time\" content=\"2018-07-14T05:22:46+00:00\" \/>\n\t\t<meta property=\"article:publisher\" content=\"https:\/\/www.facebook.com\/Nachofdezber\" \/>\n\t\t<meta property=\"article:author\" content=\"https:\/\/www.facebook.com\/carrenoactualidad\" \/>\n\t\t<meta name=\"twitter:card\" content=\"summary_large_image\" \/>\n\t\t<meta name=\"twitter:site\" content=\"@NabercoDigital\" \/>\n\t\t<meta name=\"twitter:title\" content=\"El Principado implantar\u00e1 el pr\u00f3ximo curso el ciclo formativo de grado superior en Qu\u00edmica Industrial | Cand\u00e1s 365\" \/>\n\t\t<meta name=\"twitter:description\" content=\"El consejero de Educaci\u00f3n y Cultura, Genaro Alonso, ha suscrito un convenio de colaboraci\u00f3n con el Cl\u00faster de Industrias Qu\u00edmicas y de Procesos para facilitar el intercambio de informaci\u00f3n entre la administraci\u00f3n educativa y las empresas y estrechar los v\u00ednculos con el sistema productivo. Este acuerdo, que no lleva aparejada dotaci\u00f3n econ\u00f3mica, incluye varias l\u00edneas\" \/>\n\t\t<meta name=\"twitter:creator\" content=\"@nbasturias\" \/>\n\t\t<meta name=\"twitter:image\" content=\"https:\/\/candas365.es\/noticias\/wp-content\/uploads\/2018\/07\/Firma-convenio-cluster-industrias-quimicas.jpg\" \/>\n\t\t<meta name=\"twitter:label1\" content=\"Escrito por\" \/>\n\t\t<meta name=\"twitter:data1\" content=\"Cand\u00e1s 365\" \/>\n\t\t<meta name=\"twitter:label2\" content=\"Tiempo de lectura estimado\" \/>\n\t\t<meta name=\"twitter:data2\" content=\"2 minutos\" \/>\n\t\t<script type=\"application\/ld+json\" class=\"aioseo-schema\">\n\t\t\t{\"@context\":\"https:\\\/\\\/schema.org\",\"@graph\":[{\"@type\":\"BreadcrumbList\",\"@id\":\"https:\\\/\\\/candas365.es\\\/noticias\\\/el-principado-implantara-el-proximo-curso-el-ciclo-formativo-de-grado-superior-en-quimica-industrial\\\/#breadcrumblist\",\"itemListElement\":[{\"@type\":\"ListItem\",\"@id\":\"https:\\\/\\\/candas365.es\\\/noticias#listItem\",\"position\":1,\"name\":\"Home\",\"item\":\"https:\\\/\\\/candas365.es\\\/noticias\",\"nextItem\":{\"@type\":\"ListItem\",\"@id\":\"https:\\\/\\\/candas365.es\\\/noticias\\\/category\\\/asturias\\\/#listItem\",\"name\":\"Asturias\"}},{\"@type\":\"ListItem\",\"@id\":\"https:\\\/\\\/candas365.es\\\/noticias\\\/category\\\/asturias\\\/#listItem\",\"position\":2,\"name\":\"Asturias\",\"item\":\"https:\\\/\\\/candas365.es\\\/noticias\\\/category\\\/asturias\\\/\",\"nextItem\":{\"@type\":\"ListItem\",\"@id\":\"https:\\\/\\\/candas365.es\\\/noticias\\\/el-principado-implantara-el-proximo-curso-el-ciclo-formativo-de-grado-superior-en-quimica-industrial\\\/#listItem\",\"name\":\"El Principado implantar\\u00e1 el pr\\u00f3ximo curso el ciclo formativo de grado superior en Qu\\u00edmica Industrial\"},\"previousItem\":{\"@type\":\"ListItem\",\"@id\":\"https:\\\/\\\/candas365.es\\\/noticias#listItem\",\"name\":\"Home\"}},{\"@type\":\"ListItem\",\"@id\":\"https:\\\/\\\/candas365.es\\\/noticias\\\/el-principado-implantara-el-proximo-curso-el-ciclo-formativo-de-grado-superior-en-quimica-industrial\\\/#listItem\",\"position\":3,\"name\":\"El Principado implantar\\u00e1 el pr\\u00f3ximo curso el ciclo formativo de grado superior en Qu\\u00edmica Industrial\",\"previousItem\":{\"@type\":\"ListItem\",\"@id\":\"https:\\\/\\\/candas365.es\\\/noticias\\\/category\\\/asturias\\\/#listItem\",\"name\":\"Asturias\"}}]},{\"@type\":\"NewsArticle\",\"@id\":\"https:\\\/\\\/candas365.es\\\/noticias\\\/el-principado-implantara-el-proximo-curso-el-ciclo-formativo-de-grado-superior-en-quimica-industrial\\\/#newsarticle\",\"name\":\"El Principado implantar\\u00e1 el pr\\u00f3ximo curso el ciclo formativo de grado superior en Qu\\u00edmica Industrial | Cand\\u00e1s 365\",\"headline\":\"El Principado implantar\\u00e1 el pr\\u00f3ximo curso el ciclo formativo de grado superior en Qu\\u00edmica Industrial\",\"author\":{\"@id\":\"https:\\\/\\\/candas365.es\\\/noticias\\\/author\\\/admin\\\/#author\"},\"publisher\":{\"@id\":\"https:\\\/\\\/candas365.es\\\/noticias\\\/#organization\"},\"image\":{\"@type\":\"ImageObject\",\"url\":\"https:\\\/\\\/candas365.es\\\/noticias\\\/wp-content\\\/uploads\\\/2018\\\/07\\\/Firma-convenio-cluster-industrias-quimicas.jpg\",\"width\":1280,\"height\":853},\"datePublished\":\"2018-07-14T05:22:46+02:00\",\"dateModified\":\"2018-07-14T05:22:46+02:00\",\"inLanguage\":\"es-ES\",\"mainEntityOfPage\":{\"@id\":\"https:\\\/\\\/candas365.es\\\/noticias\\\/el-principado-implantara-el-proximo-curso-el-ciclo-formativo-de-grado-superior-en-quimica-industrial\\\/#webpage\"},\"isPartOf\":{\"@id\":\"https:\\\/\\\/candas365.es\\\/noticias\\\/el-principado-implantara-el-proximo-curso-el-ciclo-formativo-de-grado-superior-en-quimica-industrial\\\/#webpage\"},\"articleSection\":\"Asturias\",\"dateline\":\"Publicado el julio 14, 2018.\"},{\"@type\":\"Organization\",\"@id\":\"https:\\\/\\\/candas365.es\\\/noticias\\\/#organization\",\"name\":\"Cand\\u00e1s 365\",\"description\":\"Cand\\u00e1s 365 es un diario digital independiente, fundado en 2012, con base en Asturias. Informamos con rigor sobre actualidad, sociedad, cultura y ocio, con una mirada local y global.\",\"url\":\"https:\\\/\\\/candas365.es\\\/noticias\\\/\",\"email\":\"info@candas365.es\",\"telephone\":\"+34652131393\",\"foundingDate\":\"2012-06-10\",\"logo\":{\"@type\":\"ImageObject\",\"url\":\"https:\\\/\\\/candas365.es\\\/noticias\\\/wp-content\\\/uploads\\\/2024\\\/09\\\/Candas-365-Redes.jpg\",\"@id\":\"https:\\\/\\\/candas365.es\\\/noticias\\\/el-principado-implantara-el-proximo-curso-el-ciclo-formativo-de-grado-superior-en-quimica-industrial\\\/#organizationLogo\",\"width\":1152,\"height\":864,\"caption\":\"Cand\\u00e1s 365 Redes\"},\"image\":{\"@id\":\"https:\\\/\\\/candas365.es\\\/noticias\\\/el-principado-implantara-el-proximo-curso-el-ciclo-formativo-de-grado-superior-en-quimica-industrial\\\/#organizationLogo\"},\"sameAs\":[\"https:\\\/\\\/www.facebook.com\\\/Nachofdezber\",\"https:\\\/\\\/x.com\\\/NabercoDigital\",\"https:\\\/\\\/www.instagram.com\\\/nachofdezber\\\/\",\"https:\\\/\\\/www.youtube.com\\\/channel\\\/UCZP-2wLEB9Rv6erhFmqVnvg\"],\"address\":{\"@id\":\"https:\\\/\\\/candas365.es\\\/noticias\\\/#postaladdress\",\"@type\":\"PostalAddress\",\"streetAddress\":\"san antonio 4, san antonio 4\",\"postalCode\":\"33430\",\"addressLocality\":\"Cand\\u00e1s\",\"addressRegion\":\"Asturias\",\"addressCountry\":\"ES\"}},{\"@type\":\"Person\",\"@id\":\"https:\\\/\\\/candas365.es\\\/noticias\\\/author\\\/admin\\\/#author\",\"url\":\"https:\\\/\\\/candas365.es\\\/noticias\\\/author\\\/admin\\\/\",\"name\":\"Cand\\u00e1s 365\",\"image\":{\"@type\":\"ImageObject\",\"@id\":\"https:\\\/\\\/candas365.es\\\/noticias\\\/el-principado-implantara-el-proximo-curso-el-ciclo-formativo-de-grado-superior-en-quimica-industrial\\\/#authorImage\",\"url\":\"https:\\\/\\\/secure.gravatar.com\\\/avatar\\\/496a8e03d0c493ede1718b7934145dbdf8d89be1036b0eec9544e1094c9de390?s=96&d=mm&r=g\",\"width\":96,\"height\":96,\"caption\":\"Cand\\u00e1s 365\"},\"sameAs\":[\"https:\\\/\\\/www.facebook.com\\\/carrenoactualidad\",\"https:\\\/\\\/twitter.com\\\/nbasturias\",\"https:\\\/\\\/www.instagram.com\\\/nachofdezber\\\/\",\"https:\\\/\\\/www.youtube.com\\\/channel\\\/UCZP-2wLEB9Rv6erhFmqVnvg\"]},{\"@type\":\"WebPage\",\"@id\":\"https:\\\/\\\/candas365.es\\\/noticias\\\/el-principado-implantara-el-proximo-curso-el-ciclo-formativo-de-grado-superior-en-quimica-industrial\\\/#webpage\",\"url\":\"https:\\\/\\\/candas365.es\\\/noticias\\\/el-principado-implantara-el-proximo-curso-el-ciclo-formativo-de-grado-superior-en-quimica-industrial\\\/\",\"name\":\"El Principado implantar\\u00e1 el pr\\u00f3ximo curso el ciclo formativo de grado superior en Qu\\u00edmica Industrial | Cand\\u00e1s 365\",\"description\":\"El consejero de Educaci\\u00f3n y Cultura, Genaro Alonso, ha suscrito un convenio de colaboraci\\u00f3n con el Cl\\u00faster de Industrias Qu\\u00edmicas y de Procesos para facilitar el intercambio de informaci\\u00f3n entre la administraci\\u00f3n educativa y las empresas y estrechar los v\\u00ednculos con el sistema productivo. Este acuerdo, que no lleva aparejada dotaci\\u00f3n econ\\u00f3mica, incluye varias l\\u00edneas\",\"inLanguage\":\"es-ES\",\"isPartOf\":{\"@id\":\"https:\\\/\\\/candas365.es\\\/noticias\\\/#website\"},\"breadcrumb\":{\"@id\":\"https:\\\/\\\/candas365.es\\\/noticias\\\/el-principado-implantara-el-proximo-curso-el-ciclo-formativo-de-grado-superior-en-quimica-industrial\\\/#breadcrumblist\"},\"author\":{\"@id\":\"https:\\\/\\\/candas365.es\\\/noticias\\\/author\\\/admin\\\/#author\"},\"creator\":{\"@id\":\"https:\\\/\\\/candas365.es\\\/noticias\\\/author\\\/admin\\\/#author\"},\"image\":{\"@type\":\"ImageObject\",\"url\":\"https:\\\/\\\/candas365.es\\\/noticias\\\/wp-content\\\/uploads\\\/2018\\\/07\\\/Firma-convenio-cluster-industrias-quimicas.jpg\",\"@id\":\"https:\\\/\\\/candas365.es\\\/noticias\\\/el-principado-implantara-el-proximo-curso-el-ciclo-formativo-de-grado-superior-en-quimica-industrial\\\/#mainImage\",\"width\":1280,\"height\":853},\"primaryImageOfPage\":{\"@id\":\"https:\\\/\\\/candas365.es\\\/noticias\\\/el-principado-implantara-el-proximo-curso-el-ciclo-formativo-de-grado-superior-en-quimica-industrial\\\/#mainImage\"},\"datePublished\":\"2018-07-14T05:22:46+02:00\",\"dateModified\":\"2018-07-14T05:22:46+02:00\"},{\"@type\":\"WebSite\",\"@id\":\"https:\\\/\\\/candas365.es\\\/noticias\\\/#website\",\"url\":\"https:\\\/\\\/candas365.es\\\/noticias\\\/\",\"name\":\"Cand\\u00e1s 365\",\"alternateName\":\"Cand\\u00e1s 365 Noticias\",\"description\":\"Actualidad desde Carre\\u00f1o para el mundo\",\"inLanguage\":\"es-ES\",\"publisher\":{\"@id\":\"https:\\\/\\\/candas365.es\\\/noticias\\\/#organization\"}}]}\n\t\t<\/script>\n\t\t<!-- All in One SEO Pro -->\r\n\t\t<title>El Principado implantar\u00e1 el pr\u00f3ximo curso el ciclo formativo de grado superior en Qu\u00edmica Industrial | Cand\u00e1s 365<\/title>\n\n","aioseo_head_json":{"title":"El Principado implantar\u00e1 el pr\u00f3ximo curso el ciclo formativo de grado superior en Qu\u00edmica Industrial | Cand\u00e1s 365","description":"El consejero de Educaci\u00f3n y Cultura, Genaro Alonso, ha suscrito un convenio de colaboraci\u00f3n con el Cl\u00faster de Industrias Qu\u00edmicas y de Procesos para facilitar el intercambio de informaci\u00f3n entre la administraci\u00f3n educativa y las empresas y estrechar los v\u00ednculos con el sistema productivo. Este acuerdo, que no lleva aparejada dotaci\u00f3n econ\u00f3mica, incluye varias l\u00edneas","canonical_url":"https:\/\/candas365.es\/noticias\/el-principado-implantara-el-proximo-curso-el-ciclo-formativo-de-grado-superior-en-quimica-industrial\/","robots":"max-image-preview:large","keywords":"asturias","webmasterTools":{"google-site-verification":"UA-32230408-1","msvalidate.01":"354F3CDFB2DA171B47FBE9ABF1F88D5","miscellaneous":""},"schema":{"@context":"https:\/\/schema.org","@graph":[{"@type":"BreadcrumbList","@id":"https:\/\/candas365.es\/noticias\/el-principado-implantara-el-proximo-curso-el-ciclo-formativo-de-grado-superior-en-quimica-industrial\/#breadcrumblist","itemListElement":[{"@type":"ListItem","@id":"https:\/\/candas365.es\/noticias#listItem","position":1,"name":"Home","item":"https:\/\/candas365.es\/noticias","nextItem":{"@type":"ListItem","@id":"https:\/\/candas365.es\/noticias\/category\/asturias\/#listItem","name":"Asturias"}},{"@type":"ListItem","@id":"https:\/\/candas365.es\/noticias\/category\/asturias\/#listItem","position":2,"name":"Asturias","item":"https:\/\/candas365.es\/noticias\/category\/asturias\/","nextItem":{"@type":"ListItem","@id":"https:\/\/candas365.es\/noticias\/el-principado-implantara-el-proximo-curso-el-ciclo-formativo-de-grado-superior-en-quimica-industrial\/#listItem","name":"El Principado implantar\u00e1 el pr\u00f3ximo curso el ciclo formativo de grado superior en Qu\u00edmica Industrial"},"previousItem":{"@type":"ListItem","@id":"https:\/\/candas365.es\/noticias#listItem","name":"Home"}},{"@type":"ListItem","@id":"https:\/\/candas365.es\/noticias\/el-principado-implantara-el-proximo-curso-el-ciclo-formativo-de-grado-superior-en-quimica-industrial\/#listItem","position":3,"name":"El Principado implantar\u00e1 el pr\u00f3ximo curso el ciclo formativo de grado superior en Qu\u00edmica Industrial","previousItem":{"@type":"ListItem","@id":"https:\/\/candas365.es\/noticias\/category\/asturias\/#listItem","name":"Asturias"}}]},{"@type":"NewsArticle","@id":"https:\/\/candas365.es\/noticias\/el-principado-implantara-el-proximo-curso-el-ciclo-formativo-de-grado-superior-en-quimica-industrial\/#newsarticle","name":"El Principado implantar\u00e1 el pr\u00f3ximo curso el ciclo formativo de grado superior en Qu\u00edmica Industrial | Cand\u00e1s 365","headline":"El Principado implantar\u00e1 el pr\u00f3ximo curso el ciclo formativo de grado superior en Qu\u00edmica Industrial","author":{"@id":"https:\/\/candas365.es\/noticias\/author\/admin\/#author"},"publisher":{"@id":"https:\/\/candas365.es\/noticias\/#organization"},"image":{"@type":"ImageObject","url":"https:\/\/candas365.es\/noticias\/wp-content\/uploads\/2018\/07\/Firma-convenio-cluster-industrias-quimicas.jpg","width":1280,"height":853},"datePublished":"2018-07-14T05:22:46+02:00","dateModified":"2018-07-14T05:22:46+02:00","inLanguage":"es-ES","mainEntityOfPage":{"@id":"https:\/\/candas365.es\/noticias\/el-principado-implantara-el-proximo-curso-el-ciclo-formativo-de-grado-superior-en-quimica-industrial\/#webpage"},"isPartOf":{"@id":"https:\/\/candas365.es\/noticias\/el-principado-implantara-el-proximo-curso-el-ciclo-formativo-de-grado-superior-en-quimica-industrial\/#webpage"},"articleSection":"Asturias","dateline":"Publicado el julio 14, 2018."},{"@type":"Organization","@id":"https:\/\/candas365.es\/noticias\/#organization","name":"Cand\u00e1s 365","description":"Cand\u00e1s 365 es un diario digital independiente, fundado en 2012, con base en Asturias. Informamos con rigor sobre actualidad, sociedad, cultura y ocio, con una mirada local y global.","url":"https:\/\/candas365.es\/noticias\/","email":"info@candas365.es","telephone":"+34652131393","foundingDate":"2012-06-10","logo":{"@type":"ImageObject","url":"https:\/\/candas365.es\/noticias\/wp-content\/uploads\/2024\/09\/Candas-365-Redes.jpg","@id":"https:\/\/candas365.es\/noticias\/el-principado-implantara-el-proximo-curso-el-ciclo-formativo-de-grado-superior-en-quimica-industrial\/#organizationLogo","width":1152,"height":864,"caption":"Cand\u00e1s 365 Redes"},"image":{"@id":"https:\/\/candas365.es\/noticias\/el-principado-implantara-el-proximo-curso-el-ciclo-formativo-de-grado-superior-en-quimica-industrial\/#organizationLogo"},"sameAs":["https:\/\/www.facebook.com\/Nachofdezber","https:\/\/x.com\/NabercoDigital","https:\/\/www.instagram.com\/nachofdezber\/","https:\/\/www.youtube.com\/channel\/UCZP-2wLEB9Rv6erhFmqVnvg"],"address":{"@id":"https:\/\/candas365.es\/noticias\/#postaladdress","@type":"PostalAddress","streetAddress":"san antonio 4, san antonio 4","postalCode":"33430","addressLocality":"Cand\u00e1s","addressRegion":"Asturias","addressCountry":"ES"}},{"@type":"Person","@id":"https:\/\/candas365.es\/noticias\/author\/admin\/#author","url":"https:\/\/candas365.es\/noticias\/author\/admin\/","name":"Cand\u00e1s 365","image":{"@type":"ImageObject","@id":"https:\/\/candas365.es\/noticias\/el-principado-implantara-el-proximo-curso-el-ciclo-formativo-de-grado-superior-en-quimica-industrial\/#authorImage","url":"https:\/\/secure.gravatar.com\/avatar\/496a8e03d0c493ede1718b7934145dbdf8d89be1036b0eec9544e1094c9de390?s=96&d=mm&r=g","width":96,"height":96,"caption":"Cand\u00e1s 365"},"sameAs":["https:\/\/www.facebook.com\/carrenoactualidad","https:\/\/twitter.com\/nbasturias","https:\/\/www.instagram.com\/nachofdezber\/","https:\/\/www.youtube.com\/channel\/UCZP-2wLEB9Rv6erhFmqVnvg"]},{"@type":"WebPage","@id":"https:\/\/candas365.es\/noticias\/el-principado-implantara-el-proximo-curso-el-ciclo-formativo-de-grado-superior-en-quimica-industrial\/#webpage","url":"https:\/\/candas365.es\/noticias\/el-principado-implantara-el-proximo-curso-el-ciclo-formativo-de-grado-superior-en-quimica-industrial\/","name":"El Principado implantar\u00e1 el pr\u00f3ximo curso el ciclo formativo de grado superior en Qu\u00edmica Industrial | Cand\u00e1s 365","description":"El consejero de Educaci\u00f3n y Cultura, Genaro Alonso, ha suscrito un convenio de colaboraci\u00f3n con el Cl\u00faster de Industrias Qu\u00edmicas y de Procesos para facilitar el intercambio de informaci\u00f3n entre la administraci\u00f3n educativa y las empresas y estrechar los v\u00ednculos con el sistema productivo. Este acuerdo, que no lleva aparejada dotaci\u00f3n econ\u00f3mica, incluye varias l\u00edneas","inLanguage":"es-ES","isPartOf":{"@id":"https:\/\/candas365.es\/noticias\/#website"},"breadcrumb":{"@id":"https:\/\/candas365.es\/noticias\/el-principado-implantara-el-proximo-curso-el-ciclo-formativo-de-grado-superior-en-quimica-industrial\/#breadcrumblist"},"author":{"@id":"https:\/\/candas365.es\/noticias\/author\/admin\/#author"},"creator":{"@id":"https:\/\/candas365.es\/noticias\/author\/admin\/#author"},"image":{"@type":"ImageObject","url":"https:\/\/candas365.es\/noticias\/wp-content\/uploads\/2018\/07\/Firma-convenio-cluster-industrias-quimicas.jpg","@id":"https:\/\/candas365.es\/noticias\/el-principado-implantara-el-proximo-curso-el-ciclo-formativo-de-grado-superior-en-quimica-industrial\/#mainImage","width":1280,"height":853},"primaryImageOfPage":{"@id":"https:\/\/candas365.es\/noticias\/el-principado-implantara-el-proximo-curso-el-ciclo-formativo-de-grado-superior-en-quimica-industrial\/#mainImage"},"datePublished":"2018-07-14T05:22:46+02:00","dateModified":"2018-07-14T05:22:46+02:00"},{"@type":"WebSite","@id":"https:\/\/candas365.es\/noticias\/#website","url":"https:\/\/candas365.es\/noticias\/","name":"Cand\u00e1s 365","alternateName":"Cand\u00e1s 365 Noticias","description":"Actualidad desde Carre\u00f1o para el mundo","inLanguage":"es-ES","publisher":{"@id":"https:\/\/candas365.es\/noticias\/#organization"}}]},"og:locale":"es_ES","og:site_name":"Cand\u00e1s 365","og:type":"article","og:title":"El Principado implantar\u00e1 el pr\u00f3ximo curso el ciclo formativo de grado superior en Qu\u00edmica Industrial | Cand\u00e1s 365","og:description":"El consejero de Educaci\u00f3n y Cultura, Genaro Alonso, ha suscrito un convenio de colaboraci\u00f3n con el Cl\u00faster de Industrias Qu\u00edmicas y de Procesos para facilitar el intercambio de informaci\u00f3n entre la administraci\u00f3n educativa y las empresas y estrechar los v\u00ednculos con el sistema productivo. Este acuerdo, que no lleva aparejada dotaci\u00f3n econ\u00f3mica, incluye varias l\u00edneas","og:url":"https:\/\/candas365.es\/noticias\/el-principado-implantara-el-proximo-curso-el-ciclo-formativo-de-grado-superior-en-quimica-industrial\/","og:image":"https:\/\/candas365.es\/noticias\/wp-content\/uploads\/2018\/07\/Firma-convenio-cluster-industrias-quimicas.jpg","og:image:secure_url":"https:\/\/candas365.es\/noticias\/wp-content\/uploads\/2018\/07\/Firma-convenio-cluster-industrias-quimicas.jpg","og:image:width":1280,"og:image:height":853,"article:published_time":"2018-07-14T05:22:46+00:00","article:modified_time":"2018-07-14T05:22:46+00:00","article:publisher":"https:\/\/www.facebook.com\/Nachofdezber","article:author":"https:\/\/www.facebook.com\/carrenoactualidad","twitter:card":"summary_large_image","twitter:site":"@NabercoDigital","twitter:title":"El Principado implantar\u00e1 el pr\u00f3ximo curso el ciclo formativo de grado superior en Qu\u00edmica Industrial | Cand\u00e1s 365","twitter:description":"El consejero de Educaci\u00f3n y Cultura, Genaro Alonso, ha suscrito un convenio de colaboraci\u00f3n con el Cl\u00faster de Industrias Qu\u00edmicas y de Procesos para facilitar el intercambio de informaci\u00f3n entre la administraci\u00f3n educativa y las empresas y estrechar los v\u00ednculos con el sistema productivo. Este acuerdo, que no lleva aparejada dotaci\u00f3n econ\u00f3mica, incluye varias l\u00edneas","twitter:creator":"@nbasturias","twitter:image":"https:\/\/candas365.es\/noticias\/wp-content\/uploads\/2018\/07\/Firma-convenio-cluster-industrias-quimicas.jpg","twitter:label1":"Escrito por","twitter:data1":"Cand\u00e1s 365","twitter:label2":"Tiempo de lectura estimado","twitter:data2":"2 minutos"},"aioseo_meta_data":{"post_id":"100400","title":null,"description":null,"keywords":null,"keyphrases":null,"primary_term":null,"canonical_url":null,"og_title":null,"og_description":null,"og_object_type":"default","og_image_type":"default","og_image_url":null,"og_image_width":null,"og_image_height":null,"og_image_custom_url":null,"og_image_custom_fields":null,"og_video":null,"og_custom_url":null,"og_article_section":null,"og_article_tags":null,"twitter_use_og":false,"twitter_card":"default","twitter_image_type":"default","twitter_image_url":null,"twitter_image_custom_url":null,"twitter_image_custom_fields":null,"twitter_title":null,"twitter_description":null,"schema":{"blockGraphs":[],"customGraphs":[],"default":{"data":{"Article":[],"Course":[],"Dataset":[],"FAQPage":[],"Movie":[],"Person":[],"Product":[],"ProductReview":[],"Car":[],"Recipe":[],"Service":[],"SoftwareApplication":[],"WebPage":[]},"graphName":"","isEnabled":true},"graphs":[]},"schema_type":null,"schema_type_options":null,"pillar_content":false,"robots_default":true,"robots_noindex":false,"robots_noarchive":false,"robots_nosnippet":false,"robots_nofollow":false,"robots_noimageindex":false,"robots_noodp":false,"robots_notranslate":false,"robots_max_snippet":null,"robots_max_videopreview":null,"robots_max_imagepreview":"large","priority":null,"frequency":null,"location":null,"local_seo":null,"seo_analyzer_scan_date":"2025-08-27 08:41:13","breadcrumb_settings":null,"limit_modified_date":false,"reviewed_by":null,"open_ai":null,"ai":null,"created":"2020-12-21 11:48:46","updated":"2025-08-27 08:41:13"},"aioseo_breadcrumb":"<div class=\"aioseo-breadcrumbs\"><span class=\"aioseo-breadcrumb\">\n\t<a href=\"https:\/\/candas365.es\/noticias\" title=\"Home\">Home<\/a>\n<\/span><span class=\"aioseo-breadcrumb-separator\">&ndash;<\/span><span class=\"aioseo-breadcrumb\">\n\t<a href=\"https:\/\/candas365.es\/noticias\/category\/asturias\/\" title=\"Asturias\">Asturias<\/a>\n<\/span><span class=\"aioseo-breadcrumb-separator\">&ndash;<\/span><span class=\"aioseo-breadcrumb\">\n\tEl Principado implantar\u00e1 el pr\u00f3ximo curso el ciclo formativo de grado superior en Qu\u00edmica Industrial\n<\/span><\/div>","aioseo_breadcrumb_json":[{"label":"Home","link":"https:\/\/candas365.es\/noticias"},{"label":"Asturias","link":"https:\/\/candas365.es\/noticias\/category\/asturias\/"},{"label":"El Principado implantar\u00e1 el pr\u00f3ximo curso el ciclo formativo de grado superior en Qu\u00edmica Industrial","link":"https:\/\/candas365.es\/noticias\/el-principado-implantara-el-proximo-curso-el-ciclo-formativo-de-grado-superior-en-quimica-industrial\/"}],"_links":{"self":[{"href":"https:\/\/candas365.es\/noticias\/wp-json\/wp\/v2\/posts\/100400","targetHints":{"allow":["GET"]}}],"collection":[{"href":"https:\/\/candas365.es\/noticias\/wp-json\/wp\/v2\/posts"}],"about":[{"href":"https:\/\/candas365.es\/noticias\/wp-json\/wp\/v2\/types\/post"}],"author":[{"embeddable":true,"href":"https:\/\/candas365.es\/noticias\/wp-json\/wp\/v2\/users\/1"}],"replies":[{"embeddable":true,"href":"https:\/\/candas365.es\/noticias\/wp-json\/wp\/v2\/comments?post=100400"}],"version-history":[{"count":0,"href":"https:\/\/candas365.es\/noticias\/wp-json\/wp\/v2\/posts\/100400\/revisions"}],"wp:featuredmedia":[{"embeddable":true,"href":"https:\/\/candas365.es\/noticias\/wp-json\/wp\/v2\/media\/100401"}],"wp:attachment":[{"href":"https:\/\/candas365.es\/noticias\/wp-json\/wp\/v2\/media?parent=100400"}],"wp:term":[{"taxonomy":"category","embeddable":true,"href":"https:\/\/candas365.es\/noticias\/wp-json\/wp\/v2\/categories?post=100400"},{"taxonomy":"post_tag","embeddable":true,"href":"https:\/\/candas365.es\/noticias\/wp-json\/wp\/v2\/tags?post=100400"}],"curies":[{"name":"wp","href":"https:\/\/api.w.org\/{rel}","templated":true}]}}