{"id":100397,"date":"2018-07-14T05:20:49","date_gmt":"2018-07-14T05:20:49","guid":{"rendered":"http:\/\/candas365.es\/noticias\/?p=100397"},"modified":"2018-07-14T05:20:49","modified_gmt":"2018-07-14T05:20:49","slug":"la-comunidad-de-agua-de-piedeloro-pide-integrarse-en-la-red-municipal","status":"publish","type":"post","link":"https:\/\/candas365.es\/noticias\/la-comunidad-de-agua-de-piedeloro-pide-integrarse-en-la-red-municipal\/","title":{"rendered":"La Comunidad de Agua de Piedeloro pide integrarse en la red municipal"},"content":{"rendered":"<p><img fetchpriority=\"high\" decoding=\"async\" class=\"alignleft size-medium wp-image-100398\" src=\"https:\/\/candas365.es\/noticias\/wp-content\/uploads\/2018\/07\/Presidente-de-la-Comunidad-de-aguas-360x230.jpg\" alt=\"\" width=\"360\" height=\"230\" srcset=\"https:\/\/candas365.es\/noticias\/wp-content\/uploads\/2018\/07\/Presidente-de-la-Comunidad-de-aguas-360x230.jpg 360w, https:\/\/candas365.es\/noticias\/wp-content\/uploads\/2018\/07\/Presidente-de-la-Comunidad-de-aguas-768x491.jpg 768w, https:\/\/candas365.es\/noticias\/wp-content\/uploads\/2018\/07\/Presidente-de-la-Comunidad-de-aguas-655x419.jpg 655w, https:\/\/candas365.es\/noticias\/wp-content\/uploads\/2018\/07\/Presidente-de-la-Comunidad-de-aguas-696x445.jpg 696w, https:\/\/candas365.es\/noticias\/wp-content\/uploads\/2018\/07\/Presidente-de-la-Comunidad-de-aguas-1068x683.jpg 1068w, https:\/\/candas365.es\/noticias\/wp-content\/uploads\/2018\/07\/Presidente-de-la-Comunidad-de-aguas-657x420.jpg 657w, https:\/\/candas365.es\/noticias\/wp-content\/uploads\/2018\/07\/Presidente-de-la-Comunidad-de-aguas.jpg 1225w\" sizes=\"(max-width: 360px) 100vw, 360px\" \/>La Comunidad de Agua de Piedeloro, celebr\u00f3 recientemente en el sal\u00f3n de actos del CIR de Piedeloro una asamblea con el fin de tratar en la misma, la posible cesi\u00f3n del servicio de abastecimiento de agua al Ayuntamiento de Carre\u00f1o. Petici\u00f3n \u00e9sta que ya se traslad\u00f3 desde la directiva de la Comunidad a este Ayuntamiento.<\/p>\n<p>Cincuenta a\u00f1os m\u00e1s tarde de su puesta en marcha como red vecinal, acordaron, por unanimidad, el ceder la red vecinal al Ayuntamiento de Carre\u00f1o.<\/p>\n<p>A la reuni\u00f3n, se desplazaron la Sra. Alcaldesa de Carre\u00f1o y el edil de Medio Rural, as\u00ed como personal municipal, para facilitar toda la informaci\u00f3n sobre el asunto a tratar.<\/p>\n<p>\u201cSe les entreg\u00f3 un modelo de cesi\u00f3n que deber\u00edan cumplimentar y entregar en el registro del consistorio en el caso de aceptar ceder el servicio y pasar a ser \u00e9ste municipal. La interventora, Teresa Salamanca, les explic\u00f3 c\u00f3mo se calcula la tarifa municipal de agua, basura, alcantarillado y saneamiento seg\u00fan las ordenanzas municipales vigentes y la Ley 1\/2014 del impuesto sobre afecciones ambientales del uso del agua ( canon de saneamiento) entreg\u00e1ndoles una nota informativa pormenorizada con ejemplos de tarifas seg\u00fan la tipolog\u00eda de usuarios. El consumo m\u00ednimo que se toma como base de c\u00e1lculo son 30 m3. Este canon se paga por la conservaci\u00f3n y mantenimiento de los contadores y depende de su calibre, el m\u00e1s habitual ese 0,70 \u20ac al trimestre: El importe de basura para la zona rural es de 10,20 \u20ac al trimestre. El jefe de equipo de fontaner\u00eda analiz\u00f3 con la comunidad el estado de conservaci\u00f3n de la red vecinal, traslad\u00e1ndoles las inversiones que deber\u00eda costear el Ayuntamiento, unos 30 mil euros inicialmente, para poder asumir conforme a la normativa y garant\u00edas sanitarias la actual red \u201c \u2013 explic\u00f3 Amelia Fern\u00e1ndez, Alcaldesa de Carre\u00f1o.<\/p>\n<p>La Comunidad de aguas presta servicio a 141 familias, 124 de Carre\u00f1o y 17 de Goz\u00f3n. Comenz\u00f3 su andadura en 1966. Tres propietarios de dos manantiales, Jenaro Garc\u00eda, Jos\u00e9 Gonz\u00e1lez y \u00c1lvaro Garc\u00eda, cedieron gratuitamente los mismos y la concesi\u00f3n de parte de los terrenos de sus fincas para salir desde all\u00ed el agua, colocar arquetas de captaci\u00f3n y construir los dep\u00f3sitos de captaci\u00f3n necesarios para abastecer la parroquia. El 9 de Junio de 1968 lleg\u00f3 por primera vez el agua a las viviendas de Piedeloro. El vecindario la recibi\u00f3 en sus casas con mucha alegr\u00eda como si de la mejor fiesta se tratar\u00e1. Hasta finales de la d\u00e9cada de los a\u00f1os cincuenta del siglo XX, lo mismo en Cand\u00e1s que en el resto de la zona rural de Carre\u00f1o, las fuentes y lavaderos p\u00fablicos eran los principales puntos de suministro de agua potable, o los lugares a donde se acud\u00eda para hacer la colada de la casa o abrevar el ganado con todo lo que ello conllevaba de trabajo para las familias.<\/p>\n<p>La paulatina dotaci\u00f3n del servicio de agua a las viviendas del municipio adopt\u00f3 f\u00f3rmulas y ritmos variados en funci\u00f3n de las caracter\u00edsticas demogr\u00e1ficas de los diferentes territorios. El vecindario de la zona rural se tuvo que enfrentar mayores obst\u00e1culos. Al tratarse de una poblaci\u00f3n dispersa no bastaba con la mera iniciativa individual; exig\u00eda acogerse a f\u00f3rmulas asociativas desde cuyas plataformas resultaba m\u00e1s probable hacerse o\u00edr y, en definitiva, m\u00e1s f\u00e1cil recabar y obtener la imprescindible colaboraci\u00f3n de la administraci\u00f3n local. Las cosas discurrieron de forma diferente en la capital del concejo.<\/p>\n<p>La ejecuci\u00f3n de la red de aguas en el casco urbano de Cand\u00e1s fue una iniciativa promovida por el propio Ayuntamiento, interesado en favorecer el desarrollo urbano e industrial de la villa. El proyecto original, redactado en 1918, sufri\u00f3 sucesivas modificaciones y demoras debido a la renuencia de muchos vecinos a permitir el paso de la tra\u00edda de agua por sus propiedades. Hubo que esperar a julio de 1921 para dar comienzo a unas obras que se prolongaron durante dos a\u00f1os.<\/p>\n<p>A partir de los a\u00f1os 50 del pasado siglo, muchas familias de la zona rural comprendieron la conveniencia de poner en marcha f\u00f3rmulas asociativas que unieran a varios vecinos\/as en torno al objetivo com\u00fan y prioritario de \u00abtraer el agua a la puerta de casa\u00bb. Variadas eran las ventajas de esta colaboraci\u00f3n; algunas eran econ\u00f3micas, porque todos contribu\u00edan a cubrir los gastos derivados de la compra\/registro de un manantial, as\u00ed como de los ocasionados por las obras de ejecuci\u00f3n de las infraestructuras necesarias para la captaci\u00f3n, almacenamiento y distribuci\u00f3n del agua. Adem\u00e1s, las comunidades de aguas permit\u00edan elaborar en su seno unas determinadas reglas estatutarias orientadas a la preservaci\u00f3n del inter\u00e9s com\u00fan y de obligado cumplimiento para quienes la integraban. Atendiendo en parte al volumen de agua que manara y en parte a las necesidades de las familias usuarias, se constituyeron en Carre\u00f1o comunidades muy distintas, dentro de un abanico que pod\u00eda ir desde las concesiones para uso de dos o tres casas vecinas, de las que tenemos como ejemplo el manantial que comparten Casa Rufa y Casa Xuan, en Sope\u00f1es; o el que abastece a las familias de Xoaqu\u00edn y casa Alfredo el Minero, en el Barrio Fuentefr\u00eda, ambos en El Valle; pasando por las peque\u00f1as comunidades para atender barrios contiguos como los de Rodiles, La Friera, el Prado y La Torre, en Perlora, hasta las comunidades que prestan servicio a numerosos propietarios, como la concesi\u00f3n del Agua de la Regatada, en el barrio de Sope\u00f1es parroquia de El Valle, del que se benefician una decena de viviendas; la Comunidad de Aguas del Rebu\u00f1\u00f3n o Rebull\u00f3n, que atiende a las familias de los barrios de Xelaz, Casta\u00f1edo, la Cuesca y Reconco, en Prevera; o esta de Piedeloro, que gestionaba el aguas para toda la parroquia.<\/p>\n<p>En el a\u00f1o 1968, llega el servicio de suministro de agua vecinal a Piedeloro. Se prest\u00f3 durante unos d\u00edas y se cort\u00f3 el d\u00eda 19 de Julio para proceder a colocar los contadores y hacer las instalaciones definitivas. A partir de esa fecha y hasta la actualidad se prest\u00f3 el servicio por la comunidad de aguas. Durante todo este tiempo la vinieron dirigiendo desinteresadamente 8 Presidentes. Son los que siguen: Benigno Pel\u00e1ez, de Casa Amasio, Jos\u00e9 Rodr\u00edguez de Casa Rafael, Olegario Garc\u00eda de Casa Perucho, Ram\u00f3n Guti\u00e9rrez de Casimira, Gabino Gonz\u00e1lez, Jos\u00e9 Rodr\u00edguez de Casa El Llano, Jos\u00e9 Ram\u00f3n Garc\u00eda de Casa Perucho, Juan Rodr\u00edguez, de Casa El Llano y, en la \u00faltima etapa Juli\u00e1n Rodr\u00edguez, de Casa Rafael, \u00e9ste \u00faltimo hace dos a\u00f1os traslad\u00f3 a la directiva su intenci\u00f3n de abandonar la presidencia. Pidi\u00f3 la colaboraci\u00f3n de 9 personas que pudieran asumir la labor altruista que hasta ahora ven\u00edan desempe\u00f1ando las directivas vecinales y en ese periodo no aparecieron personas que tuvieran capacidad y disponibilidad para asumir las tareas de gesti\u00f3n de la red, conservaci\u00f3n de tuber\u00edas y manantiales, cloraci\u00f3n y reparaci\u00f3n de aver\u00edas. Al no contar con efectivos para seguir al frente de la gesti\u00f3n de la comunidad de aguas se traslad\u00f3 la petici\u00f3n al consistorio de Carre\u00f1o para que \u00e9ste lo integrase en la red p\u00fablica municipal.<\/p>\n<p>\u201cConocida la voluntad vecinal el Ayuntamiento est\u00e1 trabajando en los asuntos t\u00e9cnicos y jur\u00eddicos que haya que afrontar previamente para hacerse cargo de dicha cesi\u00f3n de la red vecinal de aguas. Hasta la fecha, un 16,31 % de las familias usuarias de la Comunidad de aguas ya han entregado en el registro municipal su conformidad expresa a integrarse en la red Municipal del Ayuntamiento de Carre\u00f1o. Habr\u00e1 que esperar que la entreguen el resto para elaborar los padrones de agua correspondientes con datos actualizados. Se requerir\u00e1 tambi\u00e9n el acuerdo pol\u00edtico necesario para atender la petici\u00f3n y a avanzar en la realizaci\u00f3n de las obras iniciales que ya propuso el jefe de equipo de fontaner\u00eda, as\u00ed como revisar los contadores actuales existentes. Una vez estudien estos los t\u00e9cnicos sabremos si se adaptan a lo que se precisa o si deben renovarse algunos\u201d \u2013 concluy\u00f3 la Alcaldesa.<\/p>\n","protected":false},"excerpt":{"rendered":"<p>La Comunidad de Agua de Piedeloro, celebr\u00f3 recientemente en el sal\u00f3n de actos del CIR de Piedeloro una asamblea con el fin de tratar en la misma, la posible cesi\u00f3n del servicio de abastecimiento de agua al Ayuntamiento de Carre\u00f1o. Petici\u00f3n \u00e9sta que ya se traslad\u00f3 desde la directiva de la Comunidad a este Ayuntamiento.<\/p>\n","protected":false},"author":1,"featured_media":100398,"comment_status":"closed","ping_status":"closed","sticky":false,"template":"","format":"standard","meta":{"footnotes":""},"categories":[2],"tags":[],"class_list":{"0":"post-100397","1":"post","2":"type-post","3":"status-publish","4":"format-standard","5":"has-post-thumbnail","7":"category-noticias-carreno"},"aioseo_notices":[],"aioseo_head":"\n\t\t<!-- All in One SEO Pro 4.9.6.2 - aioseo.com -->\n\t<meta name=\"description\" content=\"La Comunidad de Agua de Piedeloro, celebr\u00f3 recientemente en el sal\u00f3n de actos del CIR de Piedeloro una asamblea con el fin de tratar en la misma, la posible cesi\u00f3n del servicio de abastecimiento de agua al Ayuntamiento de Carre\u00f1o. Petici\u00f3n \u00e9sta que ya se traslad\u00f3 desde la directiva de la Comunidad a este Ayuntamiento.\" \/>\n\t<meta name=\"robots\" content=\"max-image-preview:large\" \/>\n\t<meta name=\"author\" content=\"Cand\u00e1s 365\"\/>\n\t<meta name=\"google-site-verification\" content=\"UA-32230408-1\" \/>\n\t<meta name=\"msvalidate.01\" content=\"354F3CDFB2DA171B47FBE9ABF1F88D5\" \/>\n\t<meta name=\"keywords\" content=\"noticias carre\u00f1o\" \/>\n\t<link rel=\"canonical\" href=\"https:\/\/candas365.es\/noticias\/la-comunidad-de-agua-de-piedeloro-pide-integrarse-en-la-red-municipal\/\" \/>\n\t<meta name=\"generator\" content=\"All in One SEO Pro (AIOSEO) 4.9.6.2\" \/>\n\t\t<meta property=\"og:locale\" content=\"es_ES\" \/>\n\t\t<meta property=\"og:site_name\" content=\"Cand\u00e1s 365\" \/>\n\t\t<meta property=\"og:type\" content=\"article\" \/>\n\t\t<meta property=\"og:title\" content=\"La Comunidad de Agua de Piedeloro pide integrarse en la red municipal | Cand\u00e1s 365\" \/>\n\t\t<meta property=\"og:description\" content=\"La Comunidad de Agua de Piedeloro, celebr\u00f3 recientemente en el sal\u00f3n de actos del CIR de Piedeloro una asamblea con el fin de tratar en la misma, la posible cesi\u00f3n del servicio de abastecimiento de agua al Ayuntamiento de Carre\u00f1o. Petici\u00f3n \u00e9sta que ya se traslad\u00f3 desde la directiva de la Comunidad a este Ayuntamiento.\" \/>\n\t\t<meta property=\"og:url\" content=\"https:\/\/candas365.es\/noticias\/la-comunidad-de-agua-de-piedeloro-pide-integrarse-en-la-red-municipal\/\" \/>\n\t\t<meta property=\"og:image\" content=\"https:\/\/candas365.es\/noticias\/wp-content\/uploads\/2018\/07\/Presidente-de-la-Comunidad-de-aguas.jpg\" \/>\n\t\t<meta property=\"og:image:secure_url\" content=\"https:\/\/candas365.es\/noticias\/wp-content\/uploads\/2018\/07\/Presidente-de-la-Comunidad-de-aguas.jpg\" \/>\n\t\t<meta property=\"og:image:width\" content=\"1225\" \/>\n\t\t<meta property=\"og:image:height\" content=\"783\" \/>\n\t\t<meta property=\"article:published_time\" content=\"2018-07-14T05:20:49+00:00\" \/>\n\t\t<meta property=\"article:modified_time\" content=\"2018-07-14T05:20:49+00:00\" \/>\n\t\t<meta property=\"article:publisher\" content=\"https:\/\/www.facebook.com\/Nachofdezber\" \/>\n\t\t<meta property=\"article:author\" content=\"https:\/\/www.facebook.com\/carrenoactualidad\" \/>\n\t\t<meta name=\"twitter:card\" content=\"summary_large_image\" \/>\n\t\t<meta name=\"twitter:site\" content=\"@NabercoDigital\" \/>\n\t\t<meta name=\"twitter:title\" content=\"La Comunidad de Agua de Piedeloro pide integrarse en la red municipal | Cand\u00e1s 365\" \/>\n\t\t<meta name=\"twitter:description\" content=\"La Comunidad de Agua de Piedeloro, celebr\u00f3 recientemente en el sal\u00f3n de actos del CIR de Piedeloro una asamblea con el fin de tratar en la misma, la posible cesi\u00f3n del servicio de abastecimiento de agua al Ayuntamiento de Carre\u00f1o. Petici\u00f3n \u00e9sta que ya se traslad\u00f3 desde la directiva de la Comunidad a este Ayuntamiento.\" \/>\n\t\t<meta name=\"twitter:creator\" content=\"@nbasturias\" \/>\n\t\t<meta name=\"twitter:image\" content=\"https:\/\/candas365.es\/noticias\/wp-content\/uploads\/2018\/07\/Presidente-de-la-Comunidad-de-aguas.jpg\" \/>\n\t\t<meta name=\"twitter:label1\" content=\"Escrito por\" \/>\n\t\t<meta name=\"twitter:data1\" content=\"Cand\u00e1s 365\" \/>\n\t\t<meta name=\"twitter:label2\" content=\"Tiempo de lectura estimado\" \/>\n\t\t<meta name=\"twitter:data2\" content=\"7 minutos\" \/>\n\t\t<script type=\"application\/ld+json\" class=\"aioseo-schema\">\n\t\t\t{\"@context\":\"https:\\\/\\\/schema.org\",\"@graph\":[{\"@type\":\"BreadcrumbList\",\"@id\":\"https:\\\/\\\/candas365.es\\\/noticias\\\/la-comunidad-de-agua-de-piedeloro-pide-integrarse-en-la-red-municipal\\\/#breadcrumblist\",\"itemListElement\":[{\"@type\":\"ListItem\",\"@id\":\"https:\\\/\\\/candas365.es\\\/noticias#listItem\",\"position\":1,\"name\":\"Home\",\"item\":\"https:\\\/\\\/candas365.es\\\/noticias\",\"nextItem\":{\"@type\":\"ListItem\",\"@id\":\"https:\\\/\\\/candas365.es\\\/noticias\\\/category\\\/noticias-carreno\\\/#listItem\",\"name\":\"Noticias Carre\\u00f1o\"}},{\"@type\":\"ListItem\",\"@id\":\"https:\\\/\\\/candas365.es\\\/noticias\\\/category\\\/noticias-carreno\\\/#listItem\",\"position\":2,\"name\":\"Noticias Carre\\u00f1o\",\"item\":\"https:\\\/\\\/candas365.es\\\/noticias\\\/category\\\/noticias-carreno\\\/\",\"nextItem\":{\"@type\":\"ListItem\",\"@id\":\"https:\\\/\\\/candas365.es\\\/noticias\\\/la-comunidad-de-agua-de-piedeloro-pide-integrarse-en-la-red-municipal\\\/#listItem\",\"name\":\"La Comunidad de Agua de Piedeloro pide integrarse en la red municipal\"},\"previousItem\":{\"@type\":\"ListItem\",\"@id\":\"https:\\\/\\\/candas365.es\\\/noticias#listItem\",\"name\":\"Home\"}},{\"@type\":\"ListItem\",\"@id\":\"https:\\\/\\\/candas365.es\\\/noticias\\\/la-comunidad-de-agua-de-piedeloro-pide-integrarse-en-la-red-municipal\\\/#listItem\",\"position\":3,\"name\":\"La Comunidad de Agua de Piedeloro pide integrarse en la red municipal\",\"previousItem\":{\"@type\":\"ListItem\",\"@id\":\"https:\\\/\\\/candas365.es\\\/noticias\\\/category\\\/noticias-carreno\\\/#listItem\",\"name\":\"Noticias Carre\\u00f1o\"}}]},{\"@type\":\"NewsArticle\",\"@id\":\"https:\\\/\\\/candas365.es\\\/noticias\\\/la-comunidad-de-agua-de-piedeloro-pide-integrarse-en-la-red-municipal\\\/#newsarticle\",\"name\":\"La Comunidad de Agua de Piedeloro pide integrarse en la red municipal | Cand\\u00e1s 365\",\"headline\":\"La Comunidad de Agua de Piedeloro pide integrarse en la red municipal\",\"author\":{\"@id\":\"https:\\\/\\\/candas365.es\\\/noticias\\\/author\\\/admin\\\/#author\"},\"publisher\":{\"@id\":\"https:\\\/\\\/candas365.es\\\/noticias\\\/#organization\"},\"image\":{\"@type\":\"ImageObject\",\"url\":\"https:\\\/\\\/candas365.es\\\/noticias\\\/wp-content\\\/uploads\\\/2018\\\/07\\\/Presidente-de-la-Comunidad-de-aguas.jpg\",\"width\":1225,\"height\":783},\"datePublished\":\"2018-07-14T05:20:49+02:00\",\"dateModified\":\"2018-07-14T05:20:49+02:00\",\"inLanguage\":\"es-ES\",\"mainEntityOfPage\":{\"@id\":\"https:\\\/\\\/candas365.es\\\/noticias\\\/la-comunidad-de-agua-de-piedeloro-pide-integrarse-en-la-red-municipal\\\/#webpage\"},\"isPartOf\":{\"@id\":\"https:\\\/\\\/candas365.es\\\/noticias\\\/la-comunidad-de-agua-de-piedeloro-pide-integrarse-en-la-red-municipal\\\/#webpage\"},\"articleSection\":\"Noticias Carre\\u00f1o\",\"dateline\":\"Publicado el julio 14, 2018.\"},{\"@type\":\"Organization\",\"@id\":\"https:\\\/\\\/candas365.es\\\/noticias\\\/#organization\",\"name\":\"Cand\\u00e1s 365\",\"description\":\"Cand\\u00e1s 365 es un diario digital independiente, fundado en 2012, con base en Asturias. Informamos con rigor sobre actualidad, sociedad, cultura y ocio, con una mirada local y global.\",\"url\":\"https:\\\/\\\/candas365.es\\\/noticias\\\/\",\"email\":\"info@candas365.es\",\"telephone\":\"+34652131393\",\"foundingDate\":\"2012-06-10\",\"logo\":{\"@type\":\"ImageObject\",\"url\":\"https:\\\/\\\/candas365.es\\\/noticias\\\/wp-content\\\/uploads\\\/2024\\\/09\\\/Candas-365-Redes.jpg\",\"@id\":\"https:\\\/\\\/candas365.es\\\/noticias\\\/la-comunidad-de-agua-de-piedeloro-pide-integrarse-en-la-red-municipal\\\/#organizationLogo\",\"width\":1152,\"height\":864,\"caption\":\"Cand\\u00e1s 365 Redes\"},\"image\":{\"@id\":\"https:\\\/\\\/candas365.es\\\/noticias\\\/la-comunidad-de-agua-de-piedeloro-pide-integrarse-en-la-red-municipal\\\/#organizationLogo\"},\"sameAs\":[\"https:\\\/\\\/www.facebook.com\\\/Nachofdezber\",\"https:\\\/\\\/x.com\\\/NabercoDigital\",\"https:\\\/\\\/www.instagram.com\\\/nachofdezber\\\/\",\"https:\\\/\\\/www.youtube.com\\\/channel\\\/UCZP-2wLEB9Rv6erhFmqVnvg\"],\"address\":{\"@id\":\"https:\\\/\\\/candas365.es\\\/noticias\\\/#postaladdress\",\"@type\":\"PostalAddress\",\"streetAddress\":\"san antonio 4, san antonio 4\",\"postalCode\":\"33430\",\"addressLocality\":\"Cand\\u00e1s\",\"addressRegion\":\"Asturias\",\"addressCountry\":\"ES\"}},{\"@type\":\"Person\",\"@id\":\"https:\\\/\\\/candas365.es\\\/noticias\\\/author\\\/admin\\\/#author\",\"url\":\"https:\\\/\\\/candas365.es\\\/noticias\\\/author\\\/admin\\\/\",\"name\":\"Cand\\u00e1s 365\",\"image\":{\"@type\":\"ImageObject\",\"@id\":\"https:\\\/\\\/candas365.es\\\/noticias\\\/la-comunidad-de-agua-de-piedeloro-pide-integrarse-en-la-red-municipal\\\/#authorImage\",\"url\":\"https:\\\/\\\/secure.gravatar.com\\\/avatar\\\/496a8e03d0c493ede1718b7934145dbdf8d89be1036b0eec9544e1094c9de390?s=96&d=mm&r=g\",\"width\":96,\"height\":96,\"caption\":\"Cand\\u00e1s 365\"},\"sameAs\":[\"https:\\\/\\\/www.facebook.com\\\/carrenoactualidad\",\"https:\\\/\\\/twitter.com\\\/nbasturias\",\"https:\\\/\\\/www.instagram.com\\\/nachofdezber\\\/\",\"https:\\\/\\\/www.youtube.com\\\/channel\\\/UCZP-2wLEB9Rv6erhFmqVnvg\"]},{\"@type\":\"WebPage\",\"@id\":\"https:\\\/\\\/candas365.es\\\/noticias\\\/la-comunidad-de-agua-de-piedeloro-pide-integrarse-en-la-red-municipal\\\/#webpage\",\"url\":\"https:\\\/\\\/candas365.es\\\/noticias\\\/la-comunidad-de-agua-de-piedeloro-pide-integrarse-en-la-red-municipal\\\/\",\"name\":\"La Comunidad de Agua de Piedeloro pide integrarse en la red municipal | Cand\\u00e1s 365\",\"description\":\"La Comunidad de Agua de Piedeloro, celebr\\u00f3 recientemente en el sal\\u00f3n de actos del CIR de Piedeloro una asamblea con el fin de tratar en la misma, la posible cesi\\u00f3n del servicio de abastecimiento de agua al Ayuntamiento de Carre\\u00f1o. Petici\\u00f3n \\u00e9sta que ya se traslad\\u00f3 desde la directiva de la Comunidad a este Ayuntamiento.\",\"inLanguage\":\"es-ES\",\"isPartOf\":{\"@id\":\"https:\\\/\\\/candas365.es\\\/noticias\\\/#website\"},\"breadcrumb\":{\"@id\":\"https:\\\/\\\/candas365.es\\\/noticias\\\/la-comunidad-de-agua-de-piedeloro-pide-integrarse-en-la-red-municipal\\\/#breadcrumblist\"},\"author\":{\"@id\":\"https:\\\/\\\/candas365.es\\\/noticias\\\/author\\\/admin\\\/#author\"},\"creator\":{\"@id\":\"https:\\\/\\\/candas365.es\\\/noticias\\\/author\\\/admin\\\/#author\"},\"image\":{\"@type\":\"ImageObject\",\"url\":\"https:\\\/\\\/candas365.es\\\/noticias\\\/wp-content\\\/uploads\\\/2018\\\/07\\\/Presidente-de-la-Comunidad-de-aguas.jpg\",\"@id\":\"https:\\\/\\\/candas365.es\\\/noticias\\\/la-comunidad-de-agua-de-piedeloro-pide-integrarse-en-la-red-municipal\\\/#mainImage\",\"width\":1225,\"height\":783},\"primaryImageOfPage\":{\"@id\":\"https:\\\/\\\/candas365.es\\\/noticias\\\/la-comunidad-de-agua-de-piedeloro-pide-integrarse-en-la-red-municipal\\\/#mainImage\"},\"datePublished\":\"2018-07-14T05:20:49+02:00\",\"dateModified\":\"2018-07-14T05:20:49+02:00\"},{\"@type\":\"WebSite\",\"@id\":\"https:\\\/\\\/candas365.es\\\/noticias\\\/#website\",\"url\":\"https:\\\/\\\/candas365.es\\\/noticias\\\/\",\"name\":\"Cand\\u00e1s 365\",\"alternateName\":\"Cand\\u00e1s 365 Noticias\",\"description\":\"Actualidad desde Carre\\u00f1o para el mundo\",\"inLanguage\":\"es-ES\",\"publisher\":{\"@id\":\"https:\\\/\\\/candas365.es\\\/noticias\\\/#organization\"}}]}\n\t\t<\/script>\n\t\t<!-- All in One SEO Pro -->\r\n\t\t<title>La Comunidad de Agua de Piedeloro pide integrarse en la red municipal | Cand\u00e1s 365<\/title>\n\n","aioseo_head_json":{"title":"La Comunidad de Agua de Piedeloro pide integrarse en la red municipal | Cand\u00e1s 365","description":"La Comunidad de Agua de Piedeloro, celebr\u00f3 recientemente en el sal\u00f3n de actos del CIR de Piedeloro una asamblea con el fin de tratar en la misma, la posible cesi\u00f3n del servicio de abastecimiento de agua al Ayuntamiento de Carre\u00f1o. Petici\u00f3n \u00e9sta que ya se traslad\u00f3 desde la directiva de la Comunidad a este Ayuntamiento.","canonical_url":"https:\/\/candas365.es\/noticias\/la-comunidad-de-agua-de-piedeloro-pide-integrarse-en-la-red-municipal\/","robots":"max-image-preview:large","keywords":"noticias carre\u00f1o","webmasterTools":{"google-site-verification":"UA-32230408-1","msvalidate.01":"354F3CDFB2DA171B47FBE9ABF1F88D5","miscellaneous":""},"schema":{"@context":"https:\/\/schema.org","@graph":[{"@type":"BreadcrumbList","@id":"https:\/\/candas365.es\/noticias\/la-comunidad-de-agua-de-piedeloro-pide-integrarse-en-la-red-municipal\/#breadcrumblist","itemListElement":[{"@type":"ListItem","@id":"https:\/\/candas365.es\/noticias#listItem","position":1,"name":"Home","item":"https:\/\/candas365.es\/noticias","nextItem":{"@type":"ListItem","@id":"https:\/\/candas365.es\/noticias\/category\/noticias-carreno\/#listItem","name":"Noticias Carre\u00f1o"}},{"@type":"ListItem","@id":"https:\/\/candas365.es\/noticias\/category\/noticias-carreno\/#listItem","position":2,"name":"Noticias Carre\u00f1o","item":"https:\/\/candas365.es\/noticias\/category\/noticias-carreno\/","nextItem":{"@type":"ListItem","@id":"https:\/\/candas365.es\/noticias\/la-comunidad-de-agua-de-piedeloro-pide-integrarse-en-la-red-municipal\/#listItem","name":"La Comunidad de Agua de Piedeloro pide integrarse en la red municipal"},"previousItem":{"@type":"ListItem","@id":"https:\/\/candas365.es\/noticias#listItem","name":"Home"}},{"@type":"ListItem","@id":"https:\/\/candas365.es\/noticias\/la-comunidad-de-agua-de-piedeloro-pide-integrarse-en-la-red-municipal\/#listItem","position":3,"name":"La Comunidad de Agua de Piedeloro pide integrarse en la red municipal","previousItem":{"@type":"ListItem","@id":"https:\/\/candas365.es\/noticias\/category\/noticias-carreno\/#listItem","name":"Noticias Carre\u00f1o"}}]},{"@type":"NewsArticle","@id":"https:\/\/candas365.es\/noticias\/la-comunidad-de-agua-de-piedeloro-pide-integrarse-en-la-red-municipal\/#newsarticle","name":"La Comunidad de Agua de Piedeloro pide integrarse en la red municipal | Cand\u00e1s 365","headline":"La Comunidad de Agua de Piedeloro pide integrarse en la red municipal","author":{"@id":"https:\/\/candas365.es\/noticias\/author\/admin\/#author"},"publisher":{"@id":"https:\/\/candas365.es\/noticias\/#organization"},"image":{"@type":"ImageObject","url":"https:\/\/candas365.es\/noticias\/wp-content\/uploads\/2018\/07\/Presidente-de-la-Comunidad-de-aguas.jpg","width":1225,"height":783},"datePublished":"2018-07-14T05:20:49+02:00","dateModified":"2018-07-14T05:20:49+02:00","inLanguage":"es-ES","mainEntityOfPage":{"@id":"https:\/\/candas365.es\/noticias\/la-comunidad-de-agua-de-piedeloro-pide-integrarse-en-la-red-municipal\/#webpage"},"isPartOf":{"@id":"https:\/\/candas365.es\/noticias\/la-comunidad-de-agua-de-piedeloro-pide-integrarse-en-la-red-municipal\/#webpage"},"articleSection":"Noticias Carre\u00f1o","dateline":"Publicado el julio 14, 2018."},{"@type":"Organization","@id":"https:\/\/candas365.es\/noticias\/#organization","name":"Cand\u00e1s 365","description":"Cand\u00e1s 365 es un diario digital independiente, fundado en 2012, con base en Asturias. Informamos con rigor sobre actualidad, sociedad, cultura y ocio, con una mirada local y global.","url":"https:\/\/candas365.es\/noticias\/","email":"info@candas365.es","telephone":"+34652131393","foundingDate":"2012-06-10","logo":{"@type":"ImageObject","url":"https:\/\/candas365.es\/noticias\/wp-content\/uploads\/2024\/09\/Candas-365-Redes.jpg","@id":"https:\/\/candas365.es\/noticias\/la-comunidad-de-agua-de-piedeloro-pide-integrarse-en-la-red-municipal\/#organizationLogo","width":1152,"height":864,"caption":"Cand\u00e1s 365 Redes"},"image":{"@id":"https:\/\/candas365.es\/noticias\/la-comunidad-de-agua-de-piedeloro-pide-integrarse-en-la-red-municipal\/#organizationLogo"},"sameAs":["https:\/\/www.facebook.com\/Nachofdezber","https:\/\/x.com\/NabercoDigital","https:\/\/www.instagram.com\/nachofdezber\/","https:\/\/www.youtube.com\/channel\/UCZP-2wLEB9Rv6erhFmqVnvg"],"address":{"@id":"https:\/\/candas365.es\/noticias\/#postaladdress","@type":"PostalAddress","streetAddress":"san antonio 4, san antonio 4","postalCode":"33430","addressLocality":"Cand\u00e1s","addressRegion":"Asturias","addressCountry":"ES"}},{"@type":"Person","@id":"https:\/\/candas365.es\/noticias\/author\/admin\/#author","url":"https:\/\/candas365.es\/noticias\/author\/admin\/","name":"Cand\u00e1s 365","image":{"@type":"ImageObject","@id":"https:\/\/candas365.es\/noticias\/la-comunidad-de-agua-de-piedeloro-pide-integrarse-en-la-red-municipal\/#authorImage","url":"https:\/\/secure.gravatar.com\/avatar\/496a8e03d0c493ede1718b7934145dbdf8d89be1036b0eec9544e1094c9de390?s=96&d=mm&r=g","width":96,"height":96,"caption":"Cand\u00e1s 365"},"sameAs":["https:\/\/www.facebook.com\/carrenoactualidad","https:\/\/twitter.com\/nbasturias","https:\/\/www.instagram.com\/nachofdezber\/","https:\/\/www.youtube.com\/channel\/UCZP-2wLEB9Rv6erhFmqVnvg"]},{"@type":"WebPage","@id":"https:\/\/candas365.es\/noticias\/la-comunidad-de-agua-de-piedeloro-pide-integrarse-en-la-red-municipal\/#webpage","url":"https:\/\/candas365.es\/noticias\/la-comunidad-de-agua-de-piedeloro-pide-integrarse-en-la-red-municipal\/","name":"La Comunidad de Agua de Piedeloro pide integrarse en la red municipal | Cand\u00e1s 365","description":"La Comunidad de Agua de Piedeloro, celebr\u00f3 recientemente en el sal\u00f3n de actos del CIR de Piedeloro una asamblea con el fin de tratar en la misma, la posible cesi\u00f3n del servicio de abastecimiento de agua al Ayuntamiento de Carre\u00f1o. Petici\u00f3n \u00e9sta que ya se traslad\u00f3 desde la directiva de la Comunidad a este Ayuntamiento.","inLanguage":"es-ES","isPartOf":{"@id":"https:\/\/candas365.es\/noticias\/#website"},"breadcrumb":{"@id":"https:\/\/candas365.es\/noticias\/la-comunidad-de-agua-de-piedeloro-pide-integrarse-en-la-red-municipal\/#breadcrumblist"},"author":{"@id":"https:\/\/candas365.es\/noticias\/author\/admin\/#author"},"creator":{"@id":"https:\/\/candas365.es\/noticias\/author\/admin\/#author"},"image":{"@type":"ImageObject","url":"https:\/\/candas365.es\/noticias\/wp-content\/uploads\/2018\/07\/Presidente-de-la-Comunidad-de-aguas.jpg","@id":"https:\/\/candas365.es\/noticias\/la-comunidad-de-agua-de-piedeloro-pide-integrarse-en-la-red-municipal\/#mainImage","width":1225,"height":783},"primaryImageOfPage":{"@id":"https:\/\/candas365.es\/noticias\/la-comunidad-de-agua-de-piedeloro-pide-integrarse-en-la-red-municipal\/#mainImage"},"datePublished":"2018-07-14T05:20:49+02:00","dateModified":"2018-07-14T05:20:49+02:00"},{"@type":"WebSite","@id":"https:\/\/candas365.es\/noticias\/#website","url":"https:\/\/candas365.es\/noticias\/","name":"Cand\u00e1s 365","alternateName":"Cand\u00e1s 365 Noticias","description":"Actualidad desde Carre\u00f1o para el mundo","inLanguage":"es-ES","publisher":{"@id":"https:\/\/candas365.es\/noticias\/#organization"}}]},"og:locale":"es_ES","og:site_name":"Cand\u00e1s 365","og:type":"article","og:title":"La Comunidad de Agua de Piedeloro pide integrarse en la red municipal | Cand\u00e1s 365","og:description":"La Comunidad de Agua de Piedeloro, celebr\u00f3 recientemente en el sal\u00f3n de actos del CIR de Piedeloro una asamblea con el fin de tratar en la misma, la posible cesi\u00f3n del servicio de abastecimiento de agua al Ayuntamiento de Carre\u00f1o. Petici\u00f3n \u00e9sta que ya se traslad\u00f3 desde la directiva de la Comunidad a este Ayuntamiento.","og:url":"https:\/\/candas365.es\/noticias\/la-comunidad-de-agua-de-piedeloro-pide-integrarse-en-la-red-municipal\/","og:image":"https:\/\/candas365.es\/noticias\/wp-content\/uploads\/2018\/07\/Presidente-de-la-Comunidad-de-aguas.jpg","og:image:secure_url":"https:\/\/candas365.es\/noticias\/wp-content\/uploads\/2018\/07\/Presidente-de-la-Comunidad-de-aguas.jpg","og:image:width":1225,"og:image:height":783,"article:published_time":"2018-07-14T05:20:49+00:00","article:modified_time":"2018-07-14T05:20:49+00:00","article:publisher":"https:\/\/www.facebook.com\/Nachofdezber","article:author":"https:\/\/www.facebook.com\/carrenoactualidad","twitter:card":"summary_large_image","twitter:site":"@NabercoDigital","twitter:title":"La Comunidad de Agua de Piedeloro pide integrarse en la red municipal | Cand\u00e1s 365","twitter:description":"La Comunidad de Agua de Piedeloro, celebr\u00f3 recientemente en el sal\u00f3n de actos del CIR de Piedeloro una asamblea con el fin de tratar en la misma, la posible cesi\u00f3n del servicio de abastecimiento de agua al Ayuntamiento de Carre\u00f1o. Petici\u00f3n \u00e9sta que ya se traslad\u00f3 desde la directiva de la Comunidad a este Ayuntamiento.","twitter:creator":"@nbasturias","twitter:image":"https:\/\/candas365.es\/noticias\/wp-content\/uploads\/2018\/07\/Presidente-de-la-Comunidad-de-aguas.jpg","twitter:label1":"Escrito por","twitter:data1":"Cand\u00e1s 365","twitter:label2":"Tiempo de lectura estimado","twitter:data2":"7 minutos"},"aioseo_meta_data":{"post_id":"100397","title":null,"description":null,"keywords":null,"keyphrases":null,"primary_term":null,"canonical_url":null,"og_title":null,"og_description":null,"og_object_type":"default","og_image_type":"default","og_image_url":null,"og_image_width":null,"og_image_height":null,"og_image_custom_url":null,"og_image_custom_fields":null,"og_video":null,"og_custom_url":null,"og_article_section":null,"og_article_tags":null,"twitter_use_og":false,"twitter_card":"default","twitter_image_type":"default","twitter_image_url":null,"twitter_image_custom_url":null,"twitter_image_custom_fields":null,"twitter_title":null,"twitter_description":null,"schema":{"blockGraphs":[],"customGraphs":[],"default":{"data":{"Article":[],"Course":[],"Dataset":[],"FAQPage":[],"Movie":[],"Person":[],"Product":[],"ProductReview":[],"Car":[],"Recipe":[],"Service":[],"SoftwareApplication":[],"WebPage":[]},"graphName":"","isEnabled":true},"graphs":[]},"schema_type":null,"schema_type_options":null,"pillar_content":false,"robots_default":true,"robots_noindex":false,"robots_noarchive":false,"robots_nosnippet":false,"robots_nofollow":false,"robots_noimageindex":false,"robots_noodp":false,"robots_notranslate":false,"robots_max_snippet":null,"robots_max_videopreview":null,"robots_max_imagepreview":"large","priority":null,"frequency":null,"location":null,"local_seo":null,"seo_analyzer_scan_date":"2025-08-27 08:41:12","breadcrumb_settings":null,"limit_modified_date":false,"reviewed_by":null,"open_ai":null,"ai":null,"created":"2020-12-21 11:48:46","updated":"2025-08-27 08:41:12"},"aioseo_breadcrumb":"<div class=\"aioseo-breadcrumbs\"><span class=\"aioseo-breadcrumb\">\n\t<a href=\"https:\/\/candas365.es\/noticias\" title=\"Home\">Home<\/a>\n<\/span><span class=\"aioseo-breadcrumb-separator\">&ndash;<\/span><span class=\"aioseo-breadcrumb\">\n\t<a href=\"https:\/\/candas365.es\/noticias\/category\/noticias-carreno\/\" title=\"Noticias Carre\u00f1o\">Noticias Carre\u00f1o<\/a>\n<\/span><span class=\"aioseo-breadcrumb-separator\">&ndash;<\/span><span class=\"aioseo-breadcrumb\">\n\tLa Comunidad de Agua de Piedeloro pide integrarse en la red municipal\n<\/span><\/div>","aioseo_breadcrumb_json":[{"label":"Home","link":"https:\/\/candas365.es\/noticias"},{"label":"Noticias Carre\u00f1o","link":"https:\/\/candas365.es\/noticias\/category\/noticias-carreno\/"},{"label":"La Comunidad de Agua de Piedeloro pide integrarse en la red municipal","link":"https:\/\/candas365.es\/noticias\/la-comunidad-de-agua-de-piedeloro-pide-integrarse-en-la-red-municipal\/"}],"_links":{"self":[{"href":"https:\/\/candas365.es\/noticias\/wp-json\/wp\/v2\/posts\/100397","targetHints":{"allow":["GET"]}}],"collection":[{"href":"https:\/\/candas365.es\/noticias\/wp-json\/wp\/v2\/posts"}],"about":[{"href":"https:\/\/candas365.es\/noticias\/wp-json\/wp\/v2\/types\/post"}],"author":[{"embeddable":true,"href":"https:\/\/candas365.es\/noticias\/wp-json\/wp\/v2\/users\/1"}],"replies":[{"embeddable":true,"href":"https:\/\/candas365.es\/noticias\/wp-json\/wp\/v2\/comments?post=100397"}],"version-history":[{"count":0,"href":"https:\/\/candas365.es\/noticias\/wp-json\/wp\/v2\/posts\/100397\/revisions"}],"wp:featuredmedia":[{"embeddable":true,"href":"https:\/\/candas365.es\/noticias\/wp-json\/wp\/v2\/media\/100398"}],"wp:attachment":[{"href":"https:\/\/candas365.es\/noticias\/wp-json\/wp\/v2\/media?parent=100397"}],"wp:term":[{"taxonomy":"category","embeddable":true,"href":"https:\/\/candas365.es\/noticias\/wp-json\/wp\/v2\/categories?post=100397"},{"taxonomy":"post_tag","embeddable":true,"href":"https:\/\/candas365.es\/noticias\/wp-json\/wp\/v2\/tags?post=100397"}],"curies":[{"name":"wp","href":"https:\/\/api.w.org\/{rel}","templated":true}]}}