{"id":100387,"date":"2018-07-14T04:52:18","date_gmt":"2018-07-14T04:52:18","guid":{"rendered":"http:\/\/candas365.es\/noticias\/?p=100387"},"modified":"2018-07-14T04:53:04","modified_gmt":"2018-07-14T04:53:04","slug":"quince-anos-sin-roberto-bolano-el-escritor-que-no-para-de-crecer","status":"publish","type":"post","link":"https:\/\/candas365.es\/noticias\/quince-anos-sin-roberto-bolano-el-escritor-que-no-para-de-crecer\/","title":{"rendered":"Quince a\u00f1os sin Roberto Bola\u00f1o, el escritor que no para de crecer"},"content":{"rendered":"<p><img fetchpriority=\"high\" decoding=\"async\" class=\"alignleft size-medium wp-image-95175\" src=\"https:\/\/candas365.es\/noticias\/wp-content\/uploads\/2018\/05\/stack-of-books-1001655_960_720-360x240.jpg\" alt=\"\" width=\"360\" height=\"240\" srcset=\"https:\/\/candas365.es\/noticias\/wp-content\/uploads\/2018\/05\/stack-of-books-1001655_960_720-360x240.jpg 360w, https:\/\/candas365.es\/noticias\/wp-content\/uploads\/2018\/05\/stack-of-books-1001655_960_720-768x512.jpg 768w, https:\/\/candas365.es\/noticias\/wp-content\/uploads\/2018\/05\/stack-of-books-1001655_960_720-655x437.jpg 655w, https:\/\/candas365.es\/noticias\/wp-content\/uploads\/2018\/05\/stack-of-books-1001655_960_720-696x464.jpg 696w, https:\/\/candas365.es\/noticias\/wp-content\/uploads\/2018\/05\/stack-of-books-1001655_960_720-630x420.jpg 630w, https:\/\/candas365.es\/noticias\/wp-content\/uploads\/2018\/05\/stack-of-books-1001655_960_720.jpg 960w\" sizes=\"(max-width: 360px) 100vw, 360px\" \/>Santiago de Chile, 13 jul (dpa) &#8211; Cinco a\u00f1os despu\u00e9s de ganar el Premio Herralde de Novela y cuando empezaba a ser se\u00f1alado como uno de los m\u00e1s importantes escritores de su \u00e9poca en lengua castellana, la muerte le lleg\u00f3 a Roberto Bola\u00f1o en Barcelona el 15 de julio de 2003, hace ahora 15 a\u00f1os.<\/p>\n<p>Desde entonces la obra y la fama del escritor chileno se ha incrementado tanto gracias a la publicaci\u00f3n p\u00f3stuma de sus libros y su traducci\u00f3n a otros idiomas, como por la aparici\u00f3n de pel\u00edculas, textos y otro tipo de proyectos inspirados en su legado, en sus escritos y en su vida.<\/p>\n<p>\u201cSu producci\u00f3n inyect\u00f3 vitalidad, originalidad, fuerza, un br\u00edo inusitado a la narrativa en lengua hisp\u00e1nica y que recuper\u00f3, hasta cierto punto, la gran tradici\u00f3n novel\u00edstica latinoamericana que, despu\u00e9s del boom de los 70 y los 80, se ve\u00eda en franca decadencia\u201d, dijo a dpa el cr\u00edtico literario chileno Camilo Marks. Pese a ello, Bola\u00f1o fue tan prol\u00edfico como irregular en la calidad de sus obras, a\u00f1adi\u00f3.<\/p>\n<p>El autor de \u201cEstrella distante\u201d (1996) y de \u201cLos detectives salvajes\u201d (1998) \u2013este \u00faltimo libro con el que gan\u00f3 el Herralde y el R\u00f3mulo Gallegos- supo en 1992 que padec\u00eda una insuficiencia hep\u00e1tica cr\u00f3nica que terminar\u00eda por costarle la vida. Pero eso no lo paraliz\u00f3. Al contrario, quiz\u00e1 busc\u00f3 evadir la enfermedad y se aboc\u00f3 a la escritura en la localidad catalana de Blanes, donde viv\u00eda, al punto de dejar muchas veces los cuidados y tratamientos m\u00e9dicos necesarios.<\/p>\n<p>Incluso, cuando se acercaba el fin y esperaba por un donante para un trasplante, algo que no ocurri\u00f3, trabaj\u00f3 casi con obsesi\u00f3n en su novela \u201c2666\u201d, que algunos consideran su testamento literario y que le brind\u00f3 un reconocimiento casi universal.<\/p>\n<p>De hecho, \u201c2666\u201d, que fue publicado en 2004 y traducido al ingl\u00e9s en 2008, fue considerado como uno de los 10 mejores libros de ese a\u00f1o por el \u00abNew York Times Book Review\u00bb y por la \u00abNew York Magazine\u00bb, y como el n\u00famero uno por la revista \u00abTime\u00bb.<\/p>\n<p>Bola\u00f1o, que naci\u00f3 en Santiago de Chile en abril de 1953, solo vivi\u00f3 en el pa\u00eds sudamericano hasta 1968, y luego por unos meses en 1973, el a\u00f1o del golpe de Estado de Augusto Pinochet. Se acerc\u00f3 a los libros y a la literatura con pasi\u00f3n en M\u00e9xico, donde residi\u00f3 durante casi una d\u00e9cada y donde empez\u00f3 a escribir poes\u00eda.<\/p>\n<p>En 1977 se instal\u00f3 en Espa\u00f1a. Ah\u00ed insisti\u00f3 con los versos y vivi\u00f3 en permanente precariedad. Habr\u00eda sido la b\u00fasqueda de mayores ingresos lo que lo llev\u00f3 a apostar por la prosa, por el cuento y la novela.<\/p>\n<p>En vida public\u00f3 17 libros, pero solo una decena de ellos con real difusi\u00f3n. Entre ellos se cuentan, aparte de los ya mencionados \u201cEstrella distante\u201d y \u201cLos detectives salvajes\u201d (este \u00faltimo hilvanado sobre su experiencia juvenil en M\u00e9xico), \u201cLa literatura nazi en Am\u00e9rica\u201d (1996), \u201cAmuleto\u201d (1999), \u201cNocturno de Chile\u201d (2000), \u201cPutas asesinas\u201d (2001) y \u201cUna novelita lumpen\u201d (2002).<\/p>\n<p>Tras su muerte han llegado a las librer\u00edas al menos 10 nuevos vol\u00famenes de su autor\u00eda, como \u201cEl gaucho insufrible\u201d (2003), el tan elogiado \u201c2666\u201d, \u201cEl Tercer Reich\u201d (2010), \u201cEl esp\u00edritu de la ciencia-ficci\u00f3n\u201d (2016) y \u201cSepulcros de vaqueros\u201d (2017).<\/p>\n<p>Tanto la relectura de sus primeras obras como la publicaci\u00f3n de las p\u00f3stumas han llevado a que el chileno sea considerado por algunos como un escritor de culto o que \u201ccomo pasa con tantos grandes, Roberto Bola\u00f1o corre el albur de convertirse en mito pop\u201d, como sostuvo el mexicano Juan Villoro en el prefacio del libro \u201cBola\u00f1o por s\u00ed mismo. Entrevistas escogidas\u201d (2006).<\/p>\n<p>Ya en 2003, otro mexicano, Jorge Volpi, hab\u00eda homenajeado a Bola\u00f1o en su libro \u201cEl fin de la locura\u201d y dos a\u00f1os antes Javier Cercas sit\u00faa al chileno como uno de los personajes relevantes de su novela \u201cSoldados de Salamina\u201d.<\/p>\n<p>Pero el trabajo de Bola\u00f1o no solo se ha mantenido en el formato de papel y tinta. La directora chilena Alicia Scherson adapt\u00f3 al cine \u201cUna novelita lumpen\u201d bajo el t\u00edtulo de \u201cIl futuro\u201d (2013) y ahora trabaja en \u201c1989\u201d, en la que toma como base el libro \u201cEl Tercer Reich\u201d.<\/p>\n<p>La figura del escritor ha sido abordada tambi\u00e9n en algunos documentales como el de Ricardo House Corona \u201cRoberto Bola\u00f1o, la batalla futura\u201d (2016). Paty Godoy la plasm\u00f3 en su proyecto transmedia interactivo \u201cLos desiertos de Sonora\u201d, inspirado en \u201cLos detectives salvajes\u201d.<\/p>\n<p>\u201cEl gaucho insufrible\u201d y \u201c2666\u201d han sido llevados al teatro y este a\u00f1o Roberto Bola\u00f1o incluso entr\u00f3 a formar parte de libros de c\u00f3mics como la adaptaci\u00f3n de \u201cEstrella distante\u201d, por Javier Fern\u00e1ndez y Fanny Mar\u00edn, y \u201cPor el olvido\u201d, de Aitor Saraiba e ilustrado por Paula Bonet.<\/p>\n<p>Por Pedro Schwarze (dpa)<\/p>\n","protected":false},"excerpt":{"rendered":"<p>Santiago de Chile, 13 jul (dpa) &#8211; Cinco a\u00f1os despu\u00e9s de ganar el Premio Herralde de Novela y cuando empezaba a ser se\u00f1alado como uno de los m\u00e1s importantes escritores de su \u00e9poca en lengua castellana, la muerte le lleg\u00f3 a Roberto Bola\u00f1o en Barcelona el 15 de julio de 2003, hace ahora 15 a\u00f1os.<\/p>\n","protected":false},"author":1,"featured_media":94891,"comment_status":"closed","ping_status":"closed","sticky":false,"template":"","format":"standard","meta":{"footnotes":""},"categories":[142],"tags":[],"class_list":{"0":"post-100387","1":"post","2":"type-post","3":"status-publish","4":"format-standard","5":"has-post-thumbnail","7":"category-revista"},"aioseo_notices":[],"aioseo_head":"\n\t\t<!-- All in One SEO Pro 4.9.6.2 - aioseo.com -->\n\t<meta name=\"description\" content=\"Santiago de Chile, 13 jul (dpa) - Cinco a\u00f1os despu\u00e9s de ganar el Premio Herralde de Novela y cuando empezaba a ser se\u00f1alado como uno de los m\u00e1s importantes escritores de su \u00e9poca en lengua castellana, la muerte le lleg\u00f3 a Roberto Bola\u00f1o en Barcelona el 15 de julio de 2003, hace ahora 15 a\u00f1os.\" \/>\n\t<meta name=\"robots\" content=\"max-image-preview:large\" \/>\n\t<meta name=\"author\" content=\"Cand\u00e1s 365\"\/>\n\t<meta name=\"google-site-verification\" content=\"UA-32230408-1\" \/>\n\t<meta name=\"msvalidate.01\" content=\"354F3CDFB2DA171B47FBE9ABF1F88D5\" \/>\n\t<meta name=\"keywords\" content=\"revista\" \/>\n\t<link rel=\"canonical\" href=\"https:\/\/candas365.es\/noticias\/quince-anos-sin-roberto-bolano-el-escritor-que-no-para-de-crecer\/\" \/>\n\t<meta name=\"generator\" content=\"All in One SEO Pro (AIOSEO) 4.9.6.2\" \/>\n\t\t<meta property=\"og:locale\" content=\"es_ES\" \/>\n\t\t<meta property=\"og:site_name\" content=\"Cand\u00e1s 365\" \/>\n\t\t<meta property=\"og:type\" content=\"article\" \/>\n\t\t<meta property=\"og:title\" content=\"Quince a\u00f1os sin Roberto Bola\u00f1o, el escritor que no para de crecer | Cand\u00e1s 365\" \/>\n\t\t<meta property=\"og:description\" content=\"Santiago de Chile, 13 jul (dpa) - Cinco a\u00f1os despu\u00e9s de ganar el Premio Herralde de Novela y cuando empezaba a ser se\u00f1alado como uno de los m\u00e1s importantes escritores de su \u00e9poca en lengua castellana, la muerte le lleg\u00f3 a Roberto Bola\u00f1o en Barcelona el 15 de julio de 2003, hace ahora 15 a\u00f1os.\" \/>\n\t\t<meta property=\"og:url\" content=\"https:\/\/candas365.es\/noticias\/quince-anos-sin-roberto-bolano-el-escritor-que-no-para-de-crecer\/\" \/>\n\t\t<meta property=\"og:image\" content=\"https:\/\/candas365.es\/noticias\/wp-content\/uploads\/2018\/04\/book-3345390_960_720-1.jpg\" \/>\n\t\t<meta property=\"og:image:secure_url\" content=\"https:\/\/candas365.es\/noticias\/wp-content\/uploads\/2018\/04\/book-3345390_960_720-1.jpg\" \/>\n\t\t<meta property=\"og:image:width\" content=\"960\" \/>\n\t\t<meta property=\"og:image:height\" content=\"640\" \/>\n\t\t<meta property=\"article:published_time\" content=\"2018-07-14T04:52:18+00:00\" \/>\n\t\t<meta property=\"article:modified_time\" content=\"2018-07-14T04:53:04+00:00\" \/>\n\t\t<meta property=\"article:publisher\" content=\"https:\/\/www.facebook.com\/Nachofdezber\" \/>\n\t\t<meta property=\"article:author\" content=\"https:\/\/www.facebook.com\/carrenoactualidad\" \/>\n\t\t<meta name=\"twitter:card\" content=\"summary_large_image\" \/>\n\t\t<meta name=\"twitter:site\" content=\"@NabercoDigital\" \/>\n\t\t<meta name=\"twitter:title\" content=\"Quince a\u00f1os sin Roberto Bola\u00f1o, el escritor que no para de crecer | Cand\u00e1s 365\" \/>\n\t\t<meta name=\"twitter:description\" content=\"Santiago de Chile, 13 jul (dpa) - Cinco a\u00f1os despu\u00e9s de ganar el Premio Herralde de Novela y cuando empezaba a ser se\u00f1alado como uno de los m\u00e1s importantes escritores de su \u00e9poca en lengua castellana, la muerte le lleg\u00f3 a Roberto Bola\u00f1o en Barcelona el 15 de julio de 2003, hace ahora 15 a\u00f1os.\" \/>\n\t\t<meta name=\"twitter:creator\" content=\"@nbasturias\" \/>\n\t\t<meta name=\"twitter:image\" content=\"https:\/\/candas365.es\/noticias\/wp-content\/uploads\/2018\/04\/book-3345390_960_720-1.jpg\" \/>\n\t\t<meta name=\"twitter:label1\" content=\"Escrito por\" \/>\n\t\t<meta name=\"twitter:data1\" content=\"Cand\u00e1s 365\" \/>\n\t\t<meta name=\"twitter:label2\" content=\"Tiempo de lectura estimado\" \/>\n\t\t<meta name=\"twitter:data2\" content=\"4 minutos\" \/>\n\t\t<script type=\"application\/ld+json\" class=\"aioseo-schema\">\n\t\t\t{\"@context\":\"https:\\\/\\\/schema.org\",\"@graph\":[{\"@type\":\"BreadcrumbList\",\"@id\":\"https:\\\/\\\/candas365.es\\\/noticias\\\/quince-anos-sin-roberto-bolano-el-escritor-que-no-para-de-crecer\\\/#breadcrumblist\",\"itemListElement\":[{\"@type\":\"ListItem\",\"@id\":\"https:\\\/\\\/candas365.es\\\/noticias#listItem\",\"position\":1,\"name\":\"Home\",\"item\":\"https:\\\/\\\/candas365.es\\\/noticias\",\"nextItem\":{\"@type\":\"ListItem\",\"@id\":\"https:\\\/\\\/candas365.es\\\/noticias\\\/category\\\/revista\\\/#listItem\",\"name\":\"Revista\"}},{\"@type\":\"ListItem\",\"@id\":\"https:\\\/\\\/candas365.es\\\/noticias\\\/category\\\/revista\\\/#listItem\",\"position\":2,\"name\":\"Revista\",\"item\":\"https:\\\/\\\/candas365.es\\\/noticias\\\/category\\\/revista\\\/\",\"nextItem\":{\"@type\":\"ListItem\",\"@id\":\"https:\\\/\\\/candas365.es\\\/noticias\\\/quince-anos-sin-roberto-bolano-el-escritor-que-no-para-de-crecer\\\/#listItem\",\"name\":\"Quince a\\u00f1os sin Roberto Bola\\u00f1o, el escritor que no para de crecer\"},\"previousItem\":{\"@type\":\"ListItem\",\"@id\":\"https:\\\/\\\/candas365.es\\\/noticias#listItem\",\"name\":\"Home\"}},{\"@type\":\"ListItem\",\"@id\":\"https:\\\/\\\/candas365.es\\\/noticias\\\/quince-anos-sin-roberto-bolano-el-escritor-que-no-para-de-crecer\\\/#listItem\",\"position\":3,\"name\":\"Quince a\\u00f1os sin Roberto Bola\\u00f1o, el escritor que no para de crecer\",\"previousItem\":{\"@type\":\"ListItem\",\"@id\":\"https:\\\/\\\/candas365.es\\\/noticias\\\/category\\\/revista\\\/#listItem\",\"name\":\"Revista\"}}]},{\"@type\":\"NewsArticle\",\"@id\":\"https:\\\/\\\/candas365.es\\\/noticias\\\/quince-anos-sin-roberto-bolano-el-escritor-que-no-para-de-crecer\\\/#newsarticle\",\"name\":\"Quince a\\u00f1os sin Roberto Bola\\u00f1o, el escritor que no para de crecer | Cand\\u00e1s 365\",\"headline\":\"Quince a\\u00f1os sin Roberto Bola\\u00f1o, el escritor que no para de crecer\",\"author\":{\"@id\":\"https:\\\/\\\/candas365.es\\\/noticias\\\/author\\\/admin\\\/#author\"},\"publisher\":{\"@id\":\"https:\\\/\\\/candas365.es\\\/noticias\\\/#organization\"},\"image\":{\"@type\":\"ImageObject\",\"url\":\"https:\\\/\\\/candas365.es\\\/noticias\\\/wp-content\\\/uploads\\\/2018\\\/04\\\/book-3345390_960_720-1.jpg\",\"width\":960,\"height\":640},\"datePublished\":\"2018-07-14T04:52:18+02:00\",\"dateModified\":\"2018-07-14T04:53:04+02:00\",\"inLanguage\":\"es-ES\",\"mainEntityOfPage\":{\"@id\":\"https:\\\/\\\/candas365.es\\\/noticias\\\/quince-anos-sin-roberto-bolano-el-escritor-que-no-para-de-crecer\\\/#webpage\"},\"isPartOf\":{\"@id\":\"https:\\\/\\\/candas365.es\\\/noticias\\\/quince-anos-sin-roberto-bolano-el-escritor-que-no-para-de-crecer\\\/#webpage\"},\"articleSection\":\"Revista\",\"dateline\":\"Publicado el julio 14, 2018.\"},{\"@type\":\"Organization\",\"@id\":\"https:\\\/\\\/candas365.es\\\/noticias\\\/#organization\",\"name\":\"Cand\\u00e1s 365\",\"description\":\"Cand\\u00e1s 365 es un diario digital independiente, fundado en 2012, con base en Asturias. Informamos con rigor sobre actualidad, sociedad, cultura y ocio, con una mirada local y global.\",\"url\":\"https:\\\/\\\/candas365.es\\\/noticias\\\/\",\"email\":\"info@candas365.es\",\"telephone\":\"+34652131393\",\"foundingDate\":\"2012-06-10\",\"logo\":{\"@type\":\"ImageObject\",\"url\":\"https:\\\/\\\/candas365.es\\\/noticias\\\/wp-content\\\/uploads\\\/2024\\\/09\\\/Candas-365-Redes.jpg\",\"@id\":\"https:\\\/\\\/candas365.es\\\/noticias\\\/quince-anos-sin-roberto-bolano-el-escritor-que-no-para-de-crecer\\\/#organizationLogo\",\"width\":1152,\"height\":864,\"caption\":\"Cand\\u00e1s 365 Redes\"},\"image\":{\"@id\":\"https:\\\/\\\/candas365.es\\\/noticias\\\/quince-anos-sin-roberto-bolano-el-escritor-que-no-para-de-crecer\\\/#organizationLogo\"},\"sameAs\":[\"https:\\\/\\\/www.facebook.com\\\/Nachofdezber\",\"https:\\\/\\\/x.com\\\/NabercoDigital\",\"https:\\\/\\\/www.instagram.com\\\/nachofdezber\\\/\",\"https:\\\/\\\/www.youtube.com\\\/channel\\\/UCZP-2wLEB9Rv6erhFmqVnvg\"],\"address\":{\"@id\":\"https:\\\/\\\/candas365.es\\\/noticias\\\/#postaladdress\",\"@type\":\"PostalAddress\",\"streetAddress\":\"san antonio 4, san antonio 4\",\"postalCode\":\"33430\",\"addressLocality\":\"Cand\\u00e1s\",\"addressRegion\":\"Asturias\",\"addressCountry\":\"ES\"}},{\"@type\":\"Person\",\"@id\":\"https:\\\/\\\/candas365.es\\\/noticias\\\/author\\\/admin\\\/#author\",\"url\":\"https:\\\/\\\/candas365.es\\\/noticias\\\/author\\\/admin\\\/\",\"name\":\"Cand\\u00e1s 365\",\"image\":{\"@type\":\"ImageObject\",\"@id\":\"https:\\\/\\\/candas365.es\\\/noticias\\\/quince-anos-sin-roberto-bolano-el-escritor-que-no-para-de-crecer\\\/#authorImage\",\"url\":\"https:\\\/\\\/secure.gravatar.com\\\/avatar\\\/496a8e03d0c493ede1718b7934145dbdf8d89be1036b0eec9544e1094c9de390?s=96&d=mm&r=g\",\"width\":96,\"height\":96,\"caption\":\"Cand\\u00e1s 365\"},\"sameAs\":[\"https:\\\/\\\/www.facebook.com\\\/carrenoactualidad\",\"https:\\\/\\\/twitter.com\\\/nbasturias\",\"https:\\\/\\\/www.instagram.com\\\/nachofdezber\\\/\",\"https:\\\/\\\/www.youtube.com\\\/channel\\\/UCZP-2wLEB9Rv6erhFmqVnvg\"]},{\"@type\":\"WebPage\",\"@id\":\"https:\\\/\\\/candas365.es\\\/noticias\\\/quince-anos-sin-roberto-bolano-el-escritor-que-no-para-de-crecer\\\/#webpage\",\"url\":\"https:\\\/\\\/candas365.es\\\/noticias\\\/quince-anos-sin-roberto-bolano-el-escritor-que-no-para-de-crecer\\\/\",\"name\":\"Quince a\\u00f1os sin Roberto Bola\\u00f1o, el escritor que no para de crecer | Cand\\u00e1s 365\",\"description\":\"Santiago de Chile, 13 jul (dpa) - Cinco a\\u00f1os despu\\u00e9s de ganar el Premio Herralde de Novela y cuando empezaba a ser se\\u00f1alado como uno de los m\\u00e1s importantes escritores de su \\u00e9poca en lengua castellana, la muerte le lleg\\u00f3 a Roberto Bola\\u00f1o en Barcelona el 15 de julio de 2003, hace ahora 15 a\\u00f1os.\",\"inLanguage\":\"es-ES\",\"isPartOf\":{\"@id\":\"https:\\\/\\\/candas365.es\\\/noticias\\\/#website\"},\"breadcrumb\":{\"@id\":\"https:\\\/\\\/candas365.es\\\/noticias\\\/quince-anos-sin-roberto-bolano-el-escritor-que-no-para-de-crecer\\\/#breadcrumblist\"},\"author\":{\"@id\":\"https:\\\/\\\/candas365.es\\\/noticias\\\/author\\\/admin\\\/#author\"},\"creator\":{\"@id\":\"https:\\\/\\\/candas365.es\\\/noticias\\\/author\\\/admin\\\/#author\"},\"image\":{\"@type\":\"ImageObject\",\"url\":\"https:\\\/\\\/candas365.es\\\/noticias\\\/wp-content\\\/uploads\\\/2018\\\/04\\\/book-3345390_960_720-1.jpg\",\"@id\":\"https:\\\/\\\/candas365.es\\\/noticias\\\/quince-anos-sin-roberto-bolano-el-escritor-que-no-para-de-crecer\\\/#mainImage\",\"width\":960,\"height\":640},\"primaryImageOfPage\":{\"@id\":\"https:\\\/\\\/candas365.es\\\/noticias\\\/quince-anos-sin-roberto-bolano-el-escritor-que-no-para-de-crecer\\\/#mainImage\"},\"datePublished\":\"2018-07-14T04:52:18+02:00\",\"dateModified\":\"2018-07-14T04:53:04+02:00\"},{\"@type\":\"WebSite\",\"@id\":\"https:\\\/\\\/candas365.es\\\/noticias\\\/#website\",\"url\":\"https:\\\/\\\/candas365.es\\\/noticias\\\/\",\"name\":\"Cand\\u00e1s 365\",\"alternateName\":\"Cand\\u00e1s 365 Noticias\",\"description\":\"Actualidad desde Carre\\u00f1o para el mundo\",\"inLanguage\":\"es-ES\",\"publisher\":{\"@id\":\"https:\\\/\\\/candas365.es\\\/noticias\\\/#organization\"}}]}\n\t\t<\/script>\n\t\t<!-- All in One SEO Pro -->\r\n\t\t<title>Quince a\u00f1os sin Roberto Bola\u00f1o, el escritor que no para de crecer | Cand\u00e1s 365<\/title>\n\n","aioseo_head_json":{"title":"Quince a\u00f1os sin Roberto Bola\u00f1o, el escritor que no para de crecer | Cand\u00e1s 365","description":"Santiago de Chile, 13 jul (dpa) - Cinco a\u00f1os despu\u00e9s de ganar el Premio Herralde de Novela y cuando empezaba a ser se\u00f1alado como uno de los m\u00e1s importantes escritores de su \u00e9poca en lengua castellana, la muerte le lleg\u00f3 a Roberto Bola\u00f1o en Barcelona el 15 de julio de 2003, hace ahora 15 a\u00f1os.","canonical_url":"https:\/\/candas365.es\/noticias\/quince-anos-sin-roberto-bolano-el-escritor-que-no-para-de-crecer\/","robots":"max-image-preview:large","keywords":"revista","webmasterTools":{"google-site-verification":"UA-32230408-1","msvalidate.01":"354F3CDFB2DA171B47FBE9ABF1F88D5","miscellaneous":""},"schema":{"@context":"https:\/\/schema.org","@graph":[{"@type":"BreadcrumbList","@id":"https:\/\/candas365.es\/noticias\/quince-anos-sin-roberto-bolano-el-escritor-que-no-para-de-crecer\/#breadcrumblist","itemListElement":[{"@type":"ListItem","@id":"https:\/\/candas365.es\/noticias#listItem","position":1,"name":"Home","item":"https:\/\/candas365.es\/noticias","nextItem":{"@type":"ListItem","@id":"https:\/\/candas365.es\/noticias\/category\/revista\/#listItem","name":"Revista"}},{"@type":"ListItem","@id":"https:\/\/candas365.es\/noticias\/category\/revista\/#listItem","position":2,"name":"Revista","item":"https:\/\/candas365.es\/noticias\/category\/revista\/","nextItem":{"@type":"ListItem","@id":"https:\/\/candas365.es\/noticias\/quince-anos-sin-roberto-bolano-el-escritor-que-no-para-de-crecer\/#listItem","name":"Quince a\u00f1os sin Roberto Bola\u00f1o, el escritor que no para de crecer"},"previousItem":{"@type":"ListItem","@id":"https:\/\/candas365.es\/noticias#listItem","name":"Home"}},{"@type":"ListItem","@id":"https:\/\/candas365.es\/noticias\/quince-anos-sin-roberto-bolano-el-escritor-que-no-para-de-crecer\/#listItem","position":3,"name":"Quince a\u00f1os sin Roberto Bola\u00f1o, el escritor que no para de crecer","previousItem":{"@type":"ListItem","@id":"https:\/\/candas365.es\/noticias\/category\/revista\/#listItem","name":"Revista"}}]},{"@type":"NewsArticle","@id":"https:\/\/candas365.es\/noticias\/quince-anos-sin-roberto-bolano-el-escritor-que-no-para-de-crecer\/#newsarticle","name":"Quince a\u00f1os sin Roberto Bola\u00f1o, el escritor que no para de crecer | Cand\u00e1s 365","headline":"Quince a\u00f1os sin Roberto Bola\u00f1o, el escritor que no para de crecer","author":{"@id":"https:\/\/candas365.es\/noticias\/author\/admin\/#author"},"publisher":{"@id":"https:\/\/candas365.es\/noticias\/#organization"},"image":{"@type":"ImageObject","url":"https:\/\/candas365.es\/noticias\/wp-content\/uploads\/2018\/04\/book-3345390_960_720-1.jpg","width":960,"height":640},"datePublished":"2018-07-14T04:52:18+02:00","dateModified":"2018-07-14T04:53:04+02:00","inLanguage":"es-ES","mainEntityOfPage":{"@id":"https:\/\/candas365.es\/noticias\/quince-anos-sin-roberto-bolano-el-escritor-que-no-para-de-crecer\/#webpage"},"isPartOf":{"@id":"https:\/\/candas365.es\/noticias\/quince-anos-sin-roberto-bolano-el-escritor-que-no-para-de-crecer\/#webpage"},"articleSection":"Revista","dateline":"Publicado el julio 14, 2018."},{"@type":"Organization","@id":"https:\/\/candas365.es\/noticias\/#organization","name":"Cand\u00e1s 365","description":"Cand\u00e1s 365 es un diario digital independiente, fundado en 2012, con base en Asturias. Informamos con rigor sobre actualidad, sociedad, cultura y ocio, con una mirada local y global.","url":"https:\/\/candas365.es\/noticias\/","email":"info@candas365.es","telephone":"+34652131393","foundingDate":"2012-06-10","logo":{"@type":"ImageObject","url":"https:\/\/candas365.es\/noticias\/wp-content\/uploads\/2024\/09\/Candas-365-Redes.jpg","@id":"https:\/\/candas365.es\/noticias\/quince-anos-sin-roberto-bolano-el-escritor-que-no-para-de-crecer\/#organizationLogo","width":1152,"height":864,"caption":"Cand\u00e1s 365 Redes"},"image":{"@id":"https:\/\/candas365.es\/noticias\/quince-anos-sin-roberto-bolano-el-escritor-que-no-para-de-crecer\/#organizationLogo"},"sameAs":["https:\/\/www.facebook.com\/Nachofdezber","https:\/\/x.com\/NabercoDigital","https:\/\/www.instagram.com\/nachofdezber\/","https:\/\/www.youtube.com\/channel\/UCZP-2wLEB9Rv6erhFmqVnvg"],"address":{"@id":"https:\/\/candas365.es\/noticias\/#postaladdress","@type":"PostalAddress","streetAddress":"san antonio 4, san antonio 4","postalCode":"33430","addressLocality":"Cand\u00e1s","addressRegion":"Asturias","addressCountry":"ES"}},{"@type":"Person","@id":"https:\/\/candas365.es\/noticias\/author\/admin\/#author","url":"https:\/\/candas365.es\/noticias\/author\/admin\/","name":"Cand\u00e1s 365","image":{"@type":"ImageObject","@id":"https:\/\/candas365.es\/noticias\/quince-anos-sin-roberto-bolano-el-escritor-que-no-para-de-crecer\/#authorImage","url":"https:\/\/secure.gravatar.com\/avatar\/496a8e03d0c493ede1718b7934145dbdf8d89be1036b0eec9544e1094c9de390?s=96&d=mm&r=g","width":96,"height":96,"caption":"Cand\u00e1s 365"},"sameAs":["https:\/\/www.facebook.com\/carrenoactualidad","https:\/\/twitter.com\/nbasturias","https:\/\/www.instagram.com\/nachofdezber\/","https:\/\/www.youtube.com\/channel\/UCZP-2wLEB9Rv6erhFmqVnvg"]},{"@type":"WebPage","@id":"https:\/\/candas365.es\/noticias\/quince-anos-sin-roberto-bolano-el-escritor-que-no-para-de-crecer\/#webpage","url":"https:\/\/candas365.es\/noticias\/quince-anos-sin-roberto-bolano-el-escritor-que-no-para-de-crecer\/","name":"Quince a\u00f1os sin Roberto Bola\u00f1o, el escritor que no para de crecer | Cand\u00e1s 365","description":"Santiago de Chile, 13 jul (dpa) - Cinco a\u00f1os despu\u00e9s de ganar el Premio Herralde de Novela y cuando empezaba a ser se\u00f1alado como uno de los m\u00e1s importantes escritores de su \u00e9poca en lengua castellana, la muerte le lleg\u00f3 a Roberto Bola\u00f1o en Barcelona el 15 de julio de 2003, hace ahora 15 a\u00f1os.","inLanguage":"es-ES","isPartOf":{"@id":"https:\/\/candas365.es\/noticias\/#website"},"breadcrumb":{"@id":"https:\/\/candas365.es\/noticias\/quince-anos-sin-roberto-bolano-el-escritor-que-no-para-de-crecer\/#breadcrumblist"},"author":{"@id":"https:\/\/candas365.es\/noticias\/author\/admin\/#author"},"creator":{"@id":"https:\/\/candas365.es\/noticias\/author\/admin\/#author"},"image":{"@type":"ImageObject","url":"https:\/\/candas365.es\/noticias\/wp-content\/uploads\/2018\/04\/book-3345390_960_720-1.jpg","@id":"https:\/\/candas365.es\/noticias\/quince-anos-sin-roberto-bolano-el-escritor-que-no-para-de-crecer\/#mainImage","width":960,"height":640},"primaryImageOfPage":{"@id":"https:\/\/candas365.es\/noticias\/quince-anos-sin-roberto-bolano-el-escritor-que-no-para-de-crecer\/#mainImage"},"datePublished":"2018-07-14T04:52:18+02:00","dateModified":"2018-07-14T04:53:04+02:00"},{"@type":"WebSite","@id":"https:\/\/candas365.es\/noticias\/#website","url":"https:\/\/candas365.es\/noticias\/","name":"Cand\u00e1s 365","alternateName":"Cand\u00e1s 365 Noticias","description":"Actualidad desde Carre\u00f1o para el mundo","inLanguage":"es-ES","publisher":{"@id":"https:\/\/candas365.es\/noticias\/#organization"}}]},"og:locale":"es_ES","og:site_name":"Cand\u00e1s 365","og:type":"article","og:title":"Quince a\u00f1os sin Roberto Bola\u00f1o, el escritor que no para de crecer | Cand\u00e1s 365","og:description":"Santiago de Chile, 13 jul (dpa) - Cinco a\u00f1os despu\u00e9s de ganar el Premio Herralde de Novela y cuando empezaba a ser se\u00f1alado como uno de los m\u00e1s importantes escritores de su \u00e9poca en lengua castellana, la muerte le lleg\u00f3 a Roberto Bola\u00f1o en Barcelona el 15 de julio de 2003, hace ahora 15 a\u00f1os.","og:url":"https:\/\/candas365.es\/noticias\/quince-anos-sin-roberto-bolano-el-escritor-que-no-para-de-crecer\/","og:image":"https:\/\/candas365.es\/noticias\/wp-content\/uploads\/2018\/04\/book-3345390_960_720-1.jpg","og:image:secure_url":"https:\/\/candas365.es\/noticias\/wp-content\/uploads\/2018\/04\/book-3345390_960_720-1.jpg","og:image:width":960,"og:image:height":640,"article:published_time":"2018-07-14T04:52:18+00:00","article:modified_time":"2018-07-14T04:53:04+00:00","article:publisher":"https:\/\/www.facebook.com\/Nachofdezber","article:author":"https:\/\/www.facebook.com\/carrenoactualidad","twitter:card":"summary_large_image","twitter:site":"@NabercoDigital","twitter:title":"Quince a\u00f1os sin Roberto Bola\u00f1o, el escritor que no para de crecer | Cand\u00e1s 365","twitter:description":"Santiago de Chile, 13 jul (dpa) - Cinco a\u00f1os despu\u00e9s de ganar el Premio Herralde de Novela y cuando empezaba a ser se\u00f1alado como uno de los m\u00e1s importantes escritores de su \u00e9poca en lengua castellana, la muerte le lleg\u00f3 a Roberto Bola\u00f1o en Barcelona el 15 de julio de 2003, hace ahora 15 a\u00f1os.","twitter:creator":"@nbasturias","twitter:image":"https:\/\/candas365.es\/noticias\/wp-content\/uploads\/2018\/04\/book-3345390_960_720-1.jpg","twitter:label1":"Escrito por","twitter:data1":"Cand\u00e1s 365","twitter:label2":"Tiempo de lectura estimado","twitter:data2":"4 minutos"},"aioseo_meta_data":{"post_id":"100387","title":null,"description":null,"keywords":null,"keyphrases":null,"primary_term":null,"canonical_url":null,"og_title":null,"og_description":null,"og_object_type":"default","og_image_type":"default","og_image_url":null,"og_image_width":null,"og_image_height":null,"og_image_custom_url":null,"og_image_custom_fields":null,"og_video":null,"og_custom_url":null,"og_article_section":null,"og_article_tags":null,"twitter_use_og":false,"twitter_card":"default","twitter_image_type":"default","twitter_image_url":null,"twitter_image_custom_url":null,"twitter_image_custom_fields":null,"twitter_title":null,"twitter_description":null,"schema":{"blockGraphs":[],"customGraphs":[],"default":{"data":{"Article":[],"Course":[],"Dataset":[],"FAQPage":[],"Movie":[],"Person":[],"Product":[],"ProductReview":[],"Car":[],"Recipe":[],"Service":[],"SoftwareApplication":[],"WebPage":[]},"graphName":"","isEnabled":true},"graphs":[],"defaultGraph":"","defaultPostTypeGraph":""},"schema_type":null,"schema_type_options":null,"pillar_content":false,"robots_default":true,"robots_noindex":false,"robots_noarchive":false,"robots_nosnippet":false,"robots_nofollow":false,"robots_noimageindex":false,"robots_noodp":false,"robots_notranslate":false,"robots_max_snippet":null,"robots_max_videopreview":null,"robots_max_imagepreview":"large","priority":null,"frequency":null,"location":null,"local_seo":null,"seo_analyzer_scan_date":"2025-08-27 08:39:18","breadcrumb_settings":null,"limit_modified_date":false,"reviewed_by":null,"open_ai":null,"ai":null,"created":"2020-12-21 11:48:46","updated":"2025-08-27 08:39:18"},"aioseo_breadcrumb":"<div class=\"aioseo-breadcrumbs\"><span class=\"aioseo-breadcrumb\">\n\t<a href=\"https:\/\/candas365.es\/noticias\" title=\"Home\">Home<\/a>\n<\/span><span class=\"aioseo-breadcrumb-separator\">&ndash;<\/span><span class=\"aioseo-breadcrumb\">\n\t<a href=\"https:\/\/candas365.es\/noticias\/category\/revista\/\" title=\"Revista\">Revista<\/a>\n<\/span><span class=\"aioseo-breadcrumb-separator\">&ndash;<\/span><span class=\"aioseo-breadcrumb\">\n\tQuince a\u00f1os sin Roberto Bola\u00f1o, el escritor que no para de crecer\n<\/span><\/div>","aioseo_breadcrumb_json":[{"label":"Home","link":"https:\/\/candas365.es\/noticias"},{"label":"Revista","link":"https:\/\/candas365.es\/noticias\/category\/revista\/"},{"label":"Quince a\u00f1os sin Roberto Bola\u00f1o, el escritor que no para de crecer","link":"https:\/\/candas365.es\/noticias\/quince-anos-sin-roberto-bolano-el-escritor-que-no-para-de-crecer\/"}],"_links":{"self":[{"href":"https:\/\/candas365.es\/noticias\/wp-json\/wp\/v2\/posts\/100387","targetHints":{"allow":["GET"]}}],"collection":[{"href":"https:\/\/candas365.es\/noticias\/wp-json\/wp\/v2\/posts"}],"about":[{"href":"https:\/\/candas365.es\/noticias\/wp-json\/wp\/v2\/types\/post"}],"author":[{"embeddable":true,"href":"https:\/\/candas365.es\/noticias\/wp-json\/wp\/v2\/users\/1"}],"replies":[{"embeddable":true,"href":"https:\/\/candas365.es\/noticias\/wp-json\/wp\/v2\/comments?post=100387"}],"version-history":[{"count":0,"href":"https:\/\/candas365.es\/noticias\/wp-json\/wp\/v2\/posts\/100387\/revisions"}],"wp:featuredmedia":[{"embeddable":true,"href":"https:\/\/candas365.es\/noticias\/wp-json\/wp\/v2\/media\/94891"}],"wp:attachment":[{"href":"https:\/\/candas365.es\/noticias\/wp-json\/wp\/v2\/media?parent=100387"}],"wp:term":[{"taxonomy":"category","embeddable":true,"href":"https:\/\/candas365.es\/noticias\/wp-json\/wp\/v2\/categories?post=100387"},{"taxonomy":"post_tag","embeddable":true,"href":"https:\/\/candas365.es\/noticias\/wp-json\/wp\/v2\/tags?post=100387"}],"curies":[{"name":"wp","href":"https:\/\/api.w.org\/{rel}","templated":true}]}}