{"id":100362,"date":"2018-07-14T01:21:33","date_gmt":"2018-07-14T01:21:33","guid":{"rendered":"http:\/\/candas365.es\/noticias\/?p=100362"},"modified":"2018-07-14T01:21:33","modified_gmt":"2018-07-14T01:21:33","slug":"vuelve-pura-magia-a-la-1","status":"publish","type":"post","link":"https:\/\/candas365.es\/noticias\/vuelve-pura-magia-a-la-1\/","title":{"rendered":"Vuelve \u00abPura Magia\u00bb a La 1"},"content":{"rendered":"<p><img fetchpriority=\"high\" decoding=\"async\" class=\"alignleft size-medium wp-image-100363\" src=\"https:\/\/candas365.es\/noticias\/wp-content\/uploads\/2018\/07\/1531307681637-360x240.jpg\" alt=\"\" width=\"360\" height=\"240\" srcset=\"https:\/\/candas365.es\/noticias\/wp-content\/uploads\/2018\/07\/1531307681637-360x240.jpg 360w, https:\/\/candas365.es\/noticias\/wp-content\/uploads\/2018\/07\/1531307681637-768x513.jpg 768w, https:\/\/candas365.es\/noticias\/wp-content\/uploads\/2018\/07\/1531307681637-655x437.jpg 655w, https:\/\/candas365.es\/noticias\/wp-content\/uploads\/2018\/07\/1531307681637-696x465.jpg 696w, https:\/\/candas365.es\/noticias\/wp-content\/uploads\/2018\/07\/1531307681637-629x420.jpg 629w, https:\/\/candas365.es\/noticias\/wp-content\/uploads\/2018\/07\/1531307681637.jpg 800w\" sizes=\"(max-width: 360px) 100vw, 360px\" \/>La 1 estrena el pr\u00f3ximo lunes la segunda edici\u00f3n de &#8216;Pura Magia&#8217;, el talent show familiar presentado por el Mag Lari en el que 13 concursantes compiten, un a\u00f1o m\u00e1s, para mostrar su talento y sus habilidades en el mundo del ilusionismo y convertirse en el mejor mago o maga del pa\u00eds. Los participantes practicar\u00e1n sus espect\u00e1culos en la Escuela de Magia y los representar\u00e1n en la gala semanal frentre a un jurado formado por la Maga In\u00e9s, Poty, Nina y Anthony Blake.<\/p>\n<p>Un a\u00f1o m\u00e1s, 13 aprendices competir\u00e1n para mostrar su talento y sus habilidades en el mundo del ilusionismo. Durante la semana, tendr\u00e1n que trabajar duro en la escuela de &#8216;Pura Magia&#8217; progresando en las distintas disciplinas (escapismo, manipulaci\u00f3n, mentalismo, grandes ilusiones, micromagia\u2026) para mejorar sus n\u00fameros.<\/p>\n<p>En esta segunda edici\u00f3n hay muchas sorpresas, retos emocionantes, ilusiones extremas y nuevas caras en el claustro de profesores. Cada semana habr\u00e1 una expulsi\u00f3n hasta conocer el nombre del que se convertir\u00e1 en el pr\u00f3ximo gran mago de este pa\u00eds. El ganador obtendr\u00e1 como premio un viaje a Estados Unidos para dos personas donde podr\u00e1 asistir a los mejores shows de magia del mundo.<\/p>\n<p><strong>La Escuela de Magia<\/strong><\/p>\n<p>La escuela de magia es el lugar donde los concursantes recibir\u00e1n formaci\u00f3n espec\u00edfica para que perfeccionen su t\u00e9cnica. Cuenta con profesores con mucha experiencia en el mundo de la magia y el espect\u00e1culo como Jorge Luengo, V\u00edctor Cerro, Nina o Estela Cruz entre otros. Adem\u00e1s, los alumnos aprender\u00e1n a mejorar su imagen como artistas del espect\u00e1culo, y crear un sello propio que les afiance como magos despu\u00e9s de su paso por el programa.<\/p>\n<p><strong>Mag Lari, director de la escuela y presentador<\/strong><\/p>\n<p>Mag Lari, con una consolidada carrera en el mundo de la magia y como experto en grandes, repite como director de la escuela. Asesorar\u00e1 a los concursantes y les ofrecer\u00e1 todo su apoyo semana tras semana. Adem\u00e1s Lari ser\u00e1 el presentador del talent show por segundo a\u00f1o consecutivo. Su gran labor durante la primera temporada y su particular sentido del humor le convierten en el presentador ideal para continuar ejerciendo de maestro de ceremonias.<\/p>\n<p><strong>Anthony Blake, jefe de estudios de la escuela<\/strong><\/p>\n<p>Este a\u00f1o la escuela tendr\u00e1 un jefe de estudios. Esta tarea ha reca\u00eddo sobre todo un experto en mentalismo, Anthony Blake. Con \u00e9l, los alumnos repasar\u00e1n cada semana la gala anterior y analizar\u00e1n los errores que han cometido. Blake tambi\u00e9n organizar\u00e1 las tareas de cada uno de ellos y les har\u00e1 trabajar en sus puntos d\u00e9biles como magos.<\/p>\n<p><strong>Los profesores<\/strong><\/p>\n<p>Nina es la profesora de comunicaci\u00f3n, reeducaci\u00f3n postural, voz y canto; Poty es core\u00f3grafo del programa y profesor de baile; Estela Cruz es la profesora de expresi\u00f3n corporal; Jorge Luengo es el asesor de los concursantes y profesor de manipulaci\u00f3n; V\u00edctor Cerro es el profesor de magia extrema; Anthony Blake es el profesor de mentalismo, e In\u00e9s la maga es la profesora de magia de cerca.<\/p>\n<p><strong>Las novedades de la segunda edici\u00f3n<\/strong><\/p>\n<p>Iv\u00e1n Asenjo fue uno de los finalistas m\u00e1s singulares y queridos de la primera edici\u00f3n de \u2018Pura Magia\u2019. La direcci\u00f3n del programa cuenta con \u00e9l este a\u00f1o para asesorar y aconsejar a los alumnos en el d\u00eda a d\u00eda. Como Asenjo ya pas\u00f3 por esta experiencia, es la persona ideal para echarles un cable cuando est\u00e9n perdidos, y darles \u00e1nimos en sus momentos bajos.<\/p>\n<p><strong>La inmunidad<\/strong><\/p>\n<p>El concursante que haya protagonizado la mejor actuaci\u00f3n durante la gala ser\u00e1 premiado con la inmunidad. Conseguir la inmunidad tiene mucho valor porque el concursante favorito no podr\u00e1 estar nominado en la siguiente gala, y por lo tanto se libera de la eliminaci\u00f3n durante una gala. El jurado ser\u00e1 el encargado de conceder este premio por el que los concursantes van a luchar semana tras semana hasta la pen\u00faltima gala. Adem\u00e1s, los elegidos tendr\u00e1n la oportunidad de actuar ante p\u00fablicos muy especiales, una experiencia que sin duda recordar\u00e1n para siempre.<\/p>\n<p><strong>El reto extremo<\/strong><\/p>\n<p>El concursante que haya estado nominado en la gala y finalmente se libre de la expulsi\u00f3n, deber\u00e1 enfrentarse a una prueba de magia extrema. Retos como escaparse de un tanque lleno de tiburones, criogenizarse, hacer escapismo rodeado de fuego, ser enterrados vivos\u2026 Retos muy peligrosos, pero que gracias al equipo podr\u00e1n realizar con grandes medidas de seguridad. Si no consiguen superarlo volver\u00e1n a estar una gala m\u00e1s en la cuerda floja.<\/p>\n<p><strong>El jurado<\/strong><\/p>\n<p>El jurado de la segunda edici\u00f3n de \u2018Pura Magia\u2019 cuenta con cuatro grandes profesionales del mundo del espect\u00e1culo. En esta edici\u00f3n repiten Poty, la Maga In\u00e9s y Anthony Blake. La incorporaci\u00f3n de este a\u00f1o es la actriz, cantante y logopeda Nina que tiene una larga trayectoria en el mundo del teatro, de la m\u00fasica y de la televisi\u00f3n. Represent\u00f3 a Espa\u00f1a en el Festival de Eurovisi\u00f3n en 1989, fue la directora de la academia de \u2018Operaci\u00f3n Triunfo\u2019 y ha triunfado en numerosos musicales.<\/p>\n<p><strong>La mec\u00e1nica del concurso: galas semanales, nominaciones y expulsi\u00f3n<\/strong><\/p>\n<p>Cada semana los concursantes deber\u00e1n preparar un n\u00famero de magia que defender\u00e1n en la gala. Al final de cada intervenci\u00f3n, el jurado profesional les evaluar\u00e1 mostrando un \u201cas de corazones\u201d si les ha gustado o \u201cun joker\u201d en caso contrario. Los magos que tengan tres jokers o m\u00e1s, ser\u00e1n los nominados. Los concursantes que sobrepasen el tiempo asignado para ejecutar el n\u00famero en cada gala, tambi\u00e9n quedar\u00e1n autom\u00e1ticamente nominados. As\u00ed pues, el n\u00famero de nominados en cada gala es una inc\u00f3gnita. El profesorado, el jurado e incluso sus compa\u00f1eros estar\u00e1n implicados en la decisi\u00f3n final y uno de ellos deber\u00e1 abandonar el programa.<\/p>\n","protected":false},"excerpt":{"rendered":"<p>La 1 estrena el pr\u00f3ximo lunes la segunda edici\u00f3n de &#8216;Pura Magia&#8217;, el talent show familiar presentado por el Mag Lari en el que 13 concursantes compiten, un a\u00f1o m\u00e1s, para mostrar su talento y sus habilidades en el mundo del ilusionismo y convertirse en el mejor mago o maga del pa\u00eds. Los participantes practicar\u00e1n<\/p>\n","protected":false},"author":1,"featured_media":100363,"comment_status":"closed","ping_status":"closed","sticky":false,"template":"","format":"standard","meta":{"footnotes":""},"categories":[1],"tags":[],"class_list":{"0":"post-100362","1":"post","2":"type-post","3":"status-publish","4":"format-standard","5":"has-post-thumbnail","7":"category-agenda"},"aioseo_notices":[],"aioseo_head":"\n\t\t<!-- All in One SEO Pro 4.9.6.2 - aioseo.com -->\n\t<meta name=\"description\" content=\"La 1 estrena el pr\u00f3ximo lunes la segunda edici\u00f3n de &#039;Pura Magia&#039;, el talent show familiar presentado por el Mag Lari en el que 13 concursantes compiten, un a\u00f1o m\u00e1s, para mostrar su talento y sus habilidades en el mundo del ilusionismo y convertirse en el mejor mago o maga del pa\u00eds. Los participantes practicar\u00e1n\" \/>\n\t<meta name=\"robots\" content=\"max-image-preview:large\" \/>\n\t<meta name=\"author\" content=\"Cand\u00e1s 365\"\/>\n\t<meta name=\"google-site-verification\" content=\"UA-32230408-1\" \/>\n\t<meta name=\"msvalidate.01\" content=\"354F3CDFB2DA171B47FBE9ABF1F88D5\" \/>\n\t<meta name=\"keywords\" content=\"agenda\" \/>\n\t<link rel=\"canonical\" href=\"https:\/\/candas365.es\/noticias\/vuelve-pura-magia-a-la-1\/\" \/>\n\t<meta name=\"generator\" content=\"All in One SEO Pro (AIOSEO) 4.9.6.2\" \/>\n\t\t<meta property=\"og:locale\" content=\"es_ES\" \/>\n\t\t<meta property=\"og:site_name\" content=\"Cand\u00e1s 365\" \/>\n\t\t<meta property=\"og:type\" content=\"article\" \/>\n\t\t<meta property=\"og:title\" content=\"Vuelve \u00abPura Magia\u00bb a La 1 | Cand\u00e1s 365\" \/>\n\t\t<meta property=\"og:description\" content=\"La 1 estrena el pr\u00f3ximo lunes la segunda edici\u00f3n de &#039;Pura Magia&#039;, el talent show familiar presentado por el Mag Lari en el que 13 concursantes compiten, un a\u00f1o m\u00e1s, para mostrar su talento y sus habilidades en el mundo del ilusionismo y convertirse en el mejor mago o maga del pa\u00eds. Los participantes practicar\u00e1n\" \/>\n\t\t<meta property=\"og:url\" content=\"https:\/\/candas365.es\/noticias\/vuelve-pura-magia-a-la-1\/\" \/>\n\t\t<meta property=\"og:image\" content=\"https:\/\/candas365.es\/noticias\/wp-content\/uploads\/2018\/07\/1531307681637.jpg\" \/>\n\t\t<meta property=\"og:image:secure_url\" content=\"https:\/\/candas365.es\/noticias\/wp-content\/uploads\/2018\/07\/1531307681637.jpg\" \/>\n\t\t<meta property=\"og:image:width\" content=\"800\" \/>\n\t\t<meta property=\"og:image:height\" content=\"534\" \/>\n\t\t<meta property=\"article:published_time\" content=\"2018-07-14T01:21:33+00:00\" \/>\n\t\t<meta property=\"article:modified_time\" content=\"2018-07-14T01:21:33+00:00\" \/>\n\t\t<meta property=\"article:publisher\" content=\"https:\/\/www.facebook.com\/Nachofdezber\" \/>\n\t\t<meta property=\"article:author\" content=\"https:\/\/www.facebook.com\/carrenoactualidad\" \/>\n\t\t<meta name=\"twitter:card\" content=\"summary_large_image\" \/>\n\t\t<meta name=\"twitter:site\" content=\"@NabercoDigital\" \/>\n\t\t<meta name=\"twitter:title\" content=\"Vuelve \u00abPura Magia\u00bb a La 1 | Cand\u00e1s 365\" \/>\n\t\t<meta name=\"twitter:description\" content=\"La 1 estrena el pr\u00f3ximo lunes la segunda edici\u00f3n de &#039;Pura Magia&#039;, el talent show familiar presentado por el Mag Lari en el que 13 concursantes compiten, un a\u00f1o m\u00e1s, para mostrar su talento y sus habilidades en el mundo del ilusionismo y convertirse en el mejor mago o maga del pa\u00eds. Los participantes practicar\u00e1n\" \/>\n\t\t<meta name=\"twitter:creator\" content=\"@nbasturias\" \/>\n\t\t<meta name=\"twitter:image\" content=\"https:\/\/candas365.es\/noticias\/wp-content\/uploads\/2018\/07\/1531307681637.jpg\" \/>\n\t\t<meta name=\"twitter:label1\" content=\"Escrito por\" \/>\n\t\t<meta name=\"twitter:data1\" content=\"Cand\u00e1s 365\" \/>\n\t\t<meta name=\"twitter:label2\" content=\"Tiempo de lectura estimado\" \/>\n\t\t<meta name=\"twitter:data2\" content=\"5 minutos\" \/>\n\t\t<script type=\"application\/ld+json\" class=\"aioseo-schema\">\n\t\t\t{\"@context\":\"https:\\\/\\\/schema.org\",\"@graph\":[{\"@type\":\"BreadcrumbList\",\"@id\":\"https:\\\/\\\/candas365.es\\\/noticias\\\/vuelve-pura-magia-a-la-1\\\/#breadcrumblist\",\"itemListElement\":[{\"@type\":\"ListItem\",\"@id\":\"https:\\\/\\\/candas365.es\\\/noticias#listItem\",\"position\":1,\"name\":\"Home\",\"item\":\"https:\\\/\\\/candas365.es\\\/noticias\",\"nextItem\":{\"@type\":\"ListItem\",\"@id\":\"https:\\\/\\\/candas365.es\\\/noticias\\\/category\\\/agenda\\\/#listItem\",\"name\":\"Agenda\"}},{\"@type\":\"ListItem\",\"@id\":\"https:\\\/\\\/candas365.es\\\/noticias\\\/category\\\/agenda\\\/#listItem\",\"position\":2,\"name\":\"Agenda\",\"item\":\"https:\\\/\\\/candas365.es\\\/noticias\\\/category\\\/agenda\\\/\",\"nextItem\":{\"@type\":\"ListItem\",\"@id\":\"https:\\\/\\\/candas365.es\\\/noticias\\\/vuelve-pura-magia-a-la-1\\\/#listItem\",\"name\":\"Vuelve \\u00abPura Magia\\u00bb a La 1\"},\"previousItem\":{\"@type\":\"ListItem\",\"@id\":\"https:\\\/\\\/candas365.es\\\/noticias#listItem\",\"name\":\"Home\"}},{\"@type\":\"ListItem\",\"@id\":\"https:\\\/\\\/candas365.es\\\/noticias\\\/vuelve-pura-magia-a-la-1\\\/#listItem\",\"position\":3,\"name\":\"Vuelve \\u00abPura Magia\\u00bb a La 1\",\"previousItem\":{\"@type\":\"ListItem\",\"@id\":\"https:\\\/\\\/candas365.es\\\/noticias\\\/category\\\/agenda\\\/#listItem\",\"name\":\"Agenda\"}}]},{\"@type\":\"NewsArticle\",\"@id\":\"https:\\\/\\\/candas365.es\\\/noticias\\\/vuelve-pura-magia-a-la-1\\\/#newsarticle\",\"name\":\"Vuelve \\u00abPura Magia\\u00bb a La 1 | Cand\\u00e1s 365\",\"headline\":\"Vuelve \\u00abPura Magia\\u00bb a La 1\",\"author\":{\"@id\":\"https:\\\/\\\/candas365.es\\\/noticias\\\/author\\\/admin\\\/#author\"},\"publisher\":{\"@id\":\"https:\\\/\\\/candas365.es\\\/noticias\\\/#organization\"},\"image\":{\"@type\":\"ImageObject\",\"url\":\"https:\\\/\\\/candas365.es\\\/noticias\\\/wp-content\\\/uploads\\\/2018\\\/07\\\/1531307681637.jpg\",\"width\":800,\"height\":534},\"datePublished\":\"2018-07-14T01:21:33+02:00\",\"dateModified\":\"2018-07-14T01:21:33+02:00\",\"inLanguage\":\"es-ES\",\"mainEntityOfPage\":{\"@id\":\"https:\\\/\\\/candas365.es\\\/noticias\\\/vuelve-pura-magia-a-la-1\\\/#webpage\"},\"isPartOf\":{\"@id\":\"https:\\\/\\\/candas365.es\\\/noticias\\\/vuelve-pura-magia-a-la-1\\\/#webpage\"},\"articleSection\":\"Agenda\",\"dateline\":\"Publicado el julio 14, 2018.\"},{\"@type\":\"Organization\",\"@id\":\"https:\\\/\\\/candas365.es\\\/noticias\\\/#organization\",\"name\":\"Cand\\u00e1s 365\",\"description\":\"Cand\\u00e1s 365 es un diario digital independiente, fundado en 2012, con base en Asturias. Informamos con rigor sobre actualidad, sociedad, cultura y ocio, con una mirada local y global.\",\"url\":\"https:\\\/\\\/candas365.es\\\/noticias\\\/\",\"email\":\"info@candas365.es\",\"telephone\":\"+34652131393\",\"foundingDate\":\"2012-06-10\",\"logo\":{\"@type\":\"ImageObject\",\"url\":\"https:\\\/\\\/candas365.es\\\/noticias\\\/wp-content\\\/uploads\\\/2024\\\/09\\\/Candas-365-Redes.jpg\",\"@id\":\"https:\\\/\\\/candas365.es\\\/noticias\\\/vuelve-pura-magia-a-la-1\\\/#organizationLogo\",\"width\":1152,\"height\":864,\"caption\":\"Cand\\u00e1s 365 Redes\"},\"image\":{\"@id\":\"https:\\\/\\\/candas365.es\\\/noticias\\\/vuelve-pura-magia-a-la-1\\\/#organizationLogo\"},\"sameAs\":[\"https:\\\/\\\/www.facebook.com\\\/Nachofdezber\",\"https:\\\/\\\/x.com\\\/NabercoDigital\",\"https:\\\/\\\/www.instagram.com\\\/nachofdezber\\\/\",\"https:\\\/\\\/www.youtube.com\\\/channel\\\/UCZP-2wLEB9Rv6erhFmqVnvg\"],\"address\":{\"@id\":\"https:\\\/\\\/candas365.es\\\/noticias\\\/#postaladdress\",\"@type\":\"PostalAddress\",\"streetAddress\":\"san antonio 4, san antonio 4\",\"postalCode\":\"33430\",\"addressLocality\":\"Cand\\u00e1s\",\"addressRegion\":\"Asturias\",\"addressCountry\":\"ES\"}},{\"@type\":\"Person\",\"@id\":\"https:\\\/\\\/candas365.es\\\/noticias\\\/author\\\/admin\\\/#author\",\"url\":\"https:\\\/\\\/candas365.es\\\/noticias\\\/author\\\/admin\\\/\",\"name\":\"Cand\\u00e1s 365\",\"image\":{\"@type\":\"ImageObject\",\"@id\":\"https:\\\/\\\/candas365.es\\\/noticias\\\/vuelve-pura-magia-a-la-1\\\/#authorImage\",\"url\":\"https:\\\/\\\/secure.gravatar.com\\\/avatar\\\/496a8e03d0c493ede1718b7934145dbdf8d89be1036b0eec9544e1094c9de390?s=96&d=mm&r=g\",\"width\":96,\"height\":96,\"caption\":\"Cand\\u00e1s 365\"},\"sameAs\":[\"https:\\\/\\\/www.facebook.com\\\/carrenoactualidad\",\"https:\\\/\\\/twitter.com\\\/nbasturias\",\"https:\\\/\\\/www.instagram.com\\\/nachofdezber\\\/\",\"https:\\\/\\\/www.youtube.com\\\/channel\\\/UCZP-2wLEB9Rv6erhFmqVnvg\"]},{\"@type\":\"WebPage\",\"@id\":\"https:\\\/\\\/candas365.es\\\/noticias\\\/vuelve-pura-magia-a-la-1\\\/#webpage\",\"url\":\"https:\\\/\\\/candas365.es\\\/noticias\\\/vuelve-pura-magia-a-la-1\\\/\",\"name\":\"Vuelve \\u00abPura Magia\\u00bb a La 1 | Cand\\u00e1s 365\",\"description\":\"La 1 estrena el pr\\u00f3ximo lunes la segunda edici\\u00f3n de 'Pura Magia', el talent show familiar presentado por el Mag Lari en el que 13 concursantes compiten, un a\\u00f1o m\\u00e1s, para mostrar su talento y sus habilidades en el mundo del ilusionismo y convertirse en el mejor mago o maga del pa\\u00eds. Los participantes practicar\\u00e1n\",\"inLanguage\":\"es-ES\",\"isPartOf\":{\"@id\":\"https:\\\/\\\/candas365.es\\\/noticias\\\/#website\"},\"breadcrumb\":{\"@id\":\"https:\\\/\\\/candas365.es\\\/noticias\\\/vuelve-pura-magia-a-la-1\\\/#breadcrumblist\"},\"author\":{\"@id\":\"https:\\\/\\\/candas365.es\\\/noticias\\\/author\\\/admin\\\/#author\"},\"creator\":{\"@id\":\"https:\\\/\\\/candas365.es\\\/noticias\\\/author\\\/admin\\\/#author\"},\"image\":{\"@type\":\"ImageObject\",\"url\":\"https:\\\/\\\/candas365.es\\\/noticias\\\/wp-content\\\/uploads\\\/2018\\\/07\\\/1531307681637.jpg\",\"@id\":\"https:\\\/\\\/candas365.es\\\/noticias\\\/vuelve-pura-magia-a-la-1\\\/#mainImage\",\"width\":800,\"height\":534},\"primaryImageOfPage\":{\"@id\":\"https:\\\/\\\/candas365.es\\\/noticias\\\/vuelve-pura-magia-a-la-1\\\/#mainImage\"},\"datePublished\":\"2018-07-14T01:21:33+02:00\",\"dateModified\":\"2018-07-14T01:21:33+02:00\"},{\"@type\":\"WebSite\",\"@id\":\"https:\\\/\\\/candas365.es\\\/noticias\\\/#website\",\"url\":\"https:\\\/\\\/candas365.es\\\/noticias\\\/\",\"name\":\"Cand\\u00e1s 365\",\"alternateName\":\"Cand\\u00e1s 365 Noticias\",\"description\":\"Actualidad desde Carre\\u00f1o para el mundo\",\"inLanguage\":\"es-ES\",\"publisher\":{\"@id\":\"https:\\\/\\\/candas365.es\\\/noticias\\\/#organization\"}}]}\n\t\t<\/script>\n\t\t<!-- All in One SEO Pro -->\r\n\t\t<title>Vuelve \u00abPura Magia\u00bb a La 1 | Cand\u00e1s 365<\/title>\n\n","aioseo_head_json":{"title":"Vuelve \u00abPura Magia\u00bb a La 1 | Cand\u00e1s 365","description":"La 1 estrena el pr\u00f3ximo lunes la segunda edici\u00f3n de 'Pura Magia', el talent show familiar presentado por el Mag Lari en el que 13 concursantes compiten, un a\u00f1o m\u00e1s, para mostrar su talento y sus habilidades en el mundo del ilusionismo y convertirse en el mejor mago o maga del pa\u00eds. Los participantes practicar\u00e1n","canonical_url":"https:\/\/candas365.es\/noticias\/vuelve-pura-magia-a-la-1\/","robots":"max-image-preview:large","keywords":"agenda","webmasterTools":{"google-site-verification":"UA-32230408-1","msvalidate.01":"354F3CDFB2DA171B47FBE9ABF1F88D5","miscellaneous":""},"schema":{"@context":"https:\/\/schema.org","@graph":[{"@type":"BreadcrumbList","@id":"https:\/\/candas365.es\/noticias\/vuelve-pura-magia-a-la-1\/#breadcrumblist","itemListElement":[{"@type":"ListItem","@id":"https:\/\/candas365.es\/noticias#listItem","position":1,"name":"Home","item":"https:\/\/candas365.es\/noticias","nextItem":{"@type":"ListItem","@id":"https:\/\/candas365.es\/noticias\/category\/agenda\/#listItem","name":"Agenda"}},{"@type":"ListItem","@id":"https:\/\/candas365.es\/noticias\/category\/agenda\/#listItem","position":2,"name":"Agenda","item":"https:\/\/candas365.es\/noticias\/category\/agenda\/","nextItem":{"@type":"ListItem","@id":"https:\/\/candas365.es\/noticias\/vuelve-pura-magia-a-la-1\/#listItem","name":"Vuelve \u00abPura Magia\u00bb a La 1"},"previousItem":{"@type":"ListItem","@id":"https:\/\/candas365.es\/noticias#listItem","name":"Home"}},{"@type":"ListItem","@id":"https:\/\/candas365.es\/noticias\/vuelve-pura-magia-a-la-1\/#listItem","position":3,"name":"Vuelve \u00abPura Magia\u00bb a La 1","previousItem":{"@type":"ListItem","@id":"https:\/\/candas365.es\/noticias\/category\/agenda\/#listItem","name":"Agenda"}}]},{"@type":"NewsArticle","@id":"https:\/\/candas365.es\/noticias\/vuelve-pura-magia-a-la-1\/#newsarticle","name":"Vuelve \u00abPura Magia\u00bb a La 1 | Cand\u00e1s 365","headline":"Vuelve \u00abPura Magia\u00bb a La 1","author":{"@id":"https:\/\/candas365.es\/noticias\/author\/admin\/#author"},"publisher":{"@id":"https:\/\/candas365.es\/noticias\/#organization"},"image":{"@type":"ImageObject","url":"https:\/\/candas365.es\/noticias\/wp-content\/uploads\/2018\/07\/1531307681637.jpg","width":800,"height":534},"datePublished":"2018-07-14T01:21:33+02:00","dateModified":"2018-07-14T01:21:33+02:00","inLanguage":"es-ES","mainEntityOfPage":{"@id":"https:\/\/candas365.es\/noticias\/vuelve-pura-magia-a-la-1\/#webpage"},"isPartOf":{"@id":"https:\/\/candas365.es\/noticias\/vuelve-pura-magia-a-la-1\/#webpage"},"articleSection":"Agenda","dateline":"Publicado el julio 14, 2018."},{"@type":"Organization","@id":"https:\/\/candas365.es\/noticias\/#organization","name":"Cand\u00e1s 365","description":"Cand\u00e1s 365 es un diario digital independiente, fundado en 2012, con base en Asturias. Informamos con rigor sobre actualidad, sociedad, cultura y ocio, con una mirada local y global.","url":"https:\/\/candas365.es\/noticias\/","email":"info@candas365.es","telephone":"+34652131393","foundingDate":"2012-06-10","logo":{"@type":"ImageObject","url":"https:\/\/candas365.es\/noticias\/wp-content\/uploads\/2024\/09\/Candas-365-Redes.jpg","@id":"https:\/\/candas365.es\/noticias\/vuelve-pura-magia-a-la-1\/#organizationLogo","width":1152,"height":864,"caption":"Cand\u00e1s 365 Redes"},"image":{"@id":"https:\/\/candas365.es\/noticias\/vuelve-pura-magia-a-la-1\/#organizationLogo"},"sameAs":["https:\/\/www.facebook.com\/Nachofdezber","https:\/\/x.com\/NabercoDigital","https:\/\/www.instagram.com\/nachofdezber\/","https:\/\/www.youtube.com\/channel\/UCZP-2wLEB9Rv6erhFmqVnvg"],"address":{"@id":"https:\/\/candas365.es\/noticias\/#postaladdress","@type":"PostalAddress","streetAddress":"san antonio 4, san antonio 4","postalCode":"33430","addressLocality":"Cand\u00e1s","addressRegion":"Asturias","addressCountry":"ES"}},{"@type":"Person","@id":"https:\/\/candas365.es\/noticias\/author\/admin\/#author","url":"https:\/\/candas365.es\/noticias\/author\/admin\/","name":"Cand\u00e1s 365","image":{"@type":"ImageObject","@id":"https:\/\/candas365.es\/noticias\/vuelve-pura-magia-a-la-1\/#authorImage","url":"https:\/\/secure.gravatar.com\/avatar\/496a8e03d0c493ede1718b7934145dbdf8d89be1036b0eec9544e1094c9de390?s=96&d=mm&r=g","width":96,"height":96,"caption":"Cand\u00e1s 365"},"sameAs":["https:\/\/www.facebook.com\/carrenoactualidad","https:\/\/twitter.com\/nbasturias","https:\/\/www.instagram.com\/nachofdezber\/","https:\/\/www.youtube.com\/channel\/UCZP-2wLEB9Rv6erhFmqVnvg"]},{"@type":"WebPage","@id":"https:\/\/candas365.es\/noticias\/vuelve-pura-magia-a-la-1\/#webpage","url":"https:\/\/candas365.es\/noticias\/vuelve-pura-magia-a-la-1\/","name":"Vuelve \u00abPura Magia\u00bb a La 1 | Cand\u00e1s 365","description":"La 1 estrena el pr\u00f3ximo lunes la segunda edici\u00f3n de 'Pura Magia', el talent show familiar presentado por el Mag Lari en el que 13 concursantes compiten, un a\u00f1o m\u00e1s, para mostrar su talento y sus habilidades en el mundo del ilusionismo y convertirse en el mejor mago o maga del pa\u00eds. Los participantes practicar\u00e1n","inLanguage":"es-ES","isPartOf":{"@id":"https:\/\/candas365.es\/noticias\/#website"},"breadcrumb":{"@id":"https:\/\/candas365.es\/noticias\/vuelve-pura-magia-a-la-1\/#breadcrumblist"},"author":{"@id":"https:\/\/candas365.es\/noticias\/author\/admin\/#author"},"creator":{"@id":"https:\/\/candas365.es\/noticias\/author\/admin\/#author"},"image":{"@type":"ImageObject","url":"https:\/\/candas365.es\/noticias\/wp-content\/uploads\/2018\/07\/1531307681637.jpg","@id":"https:\/\/candas365.es\/noticias\/vuelve-pura-magia-a-la-1\/#mainImage","width":800,"height":534},"primaryImageOfPage":{"@id":"https:\/\/candas365.es\/noticias\/vuelve-pura-magia-a-la-1\/#mainImage"},"datePublished":"2018-07-14T01:21:33+02:00","dateModified":"2018-07-14T01:21:33+02:00"},{"@type":"WebSite","@id":"https:\/\/candas365.es\/noticias\/#website","url":"https:\/\/candas365.es\/noticias\/","name":"Cand\u00e1s 365","alternateName":"Cand\u00e1s 365 Noticias","description":"Actualidad desde Carre\u00f1o para el mundo","inLanguage":"es-ES","publisher":{"@id":"https:\/\/candas365.es\/noticias\/#organization"}}]},"og:locale":"es_ES","og:site_name":"Cand\u00e1s 365","og:type":"article","og:title":"Vuelve \u00abPura Magia\u00bb a La 1 | Cand\u00e1s 365","og:description":"La 1 estrena el pr\u00f3ximo lunes la segunda edici\u00f3n de 'Pura Magia', el talent show familiar presentado por el Mag Lari en el que 13 concursantes compiten, un a\u00f1o m\u00e1s, para mostrar su talento y sus habilidades en el mundo del ilusionismo y convertirse en el mejor mago o maga del pa\u00eds. Los participantes practicar\u00e1n","og:url":"https:\/\/candas365.es\/noticias\/vuelve-pura-magia-a-la-1\/","og:image":"https:\/\/candas365.es\/noticias\/wp-content\/uploads\/2018\/07\/1531307681637.jpg","og:image:secure_url":"https:\/\/candas365.es\/noticias\/wp-content\/uploads\/2018\/07\/1531307681637.jpg","og:image:width":800,"og:image:height":534,"article:published_time":"2018-07-14T01:21:33+00:00","article:modified_time":"2018-07-14T01:21:33+00:00","article:publisher":"https:\/\/www.facebook.com\/Nachofdezber","article:author":"https:\/\/www.facebook.com\/carrenoactualidad","twitter:card":"summary_large_image","twitter:site":"@NabercoDigital","twitter:title":"Vuelve \u00abPura Magia\u00bb a La 1 | Cand\u00e1s 365","twitter:description":"La 1 estrena el pr\u00f3ximo lunes la segunda edici\u00f3n de 'Pura Magia', el talent show familiar presentado por el Mag Lari en el que 13 concursantes compiten, un a\u00f1o m\u00e1s, para mostrar su talento y sus habilidades en el mundo del ilusionismo y convertirse en el mejor mago o maga del pa\u00eds. Los participantes practicar\u00e1n","twitter:creator":"@nbasturias","twitter:image":"https:\/\/candas365.es\/noticias\/wp-content\/uploads\/2018\/07\/1531307681637.jpg","twitter:label1":"Escrito por","twitter:data1":"Cand\u00e1s 365","twitter:label2":"Tiempo de lectura estimado","twitter:data2":"5 minutos"},"aioseo_meta_data":{"post_id":"100362","title":null,"description":null,"keywords":null,"keyphrases":null,"primary_term":null,"canonical_url":null,"og_title":null,"og_description":null,"og_object_type":"default","og_image_type":"default","og_image_url":null,"og_image_width":null,"og_image_height":null,"og_image_custom_url":null,"og_image_custom_fields":null,"og_video":null,"og_custom_url":null,"og_article_section":null,"og_article_tags":null,"twitter_use_og":false,"twitter_card":"default","twitter_image_type":"default","twitter_image_url":null,"twitter_image_custom_url":null,"twitter_image_custom_fields":null,"twitter_title":null,"twitter_description":null,"schema":{"blockGraphs":[],"customGraphs":[],"default":{"data":{"Article":[],"Course":[],"Dataset":[],"FAQPage":[],"Movie":[],"Person":[],"Product":[],"ProductReview":[],"Car":[],"Recipe":[],"Service":[],"SoftwareApplication":[],"WebPage":[]},"graphName":"","isEnabled":true},"graphs":[],"defaultGraph":"","defaultPostTypeGraph":""},"schema_type":null,"schema_type_options":null,"pillar_content":false,"robots_default":true,"robots_noindex":false,"robots_noarchive":false,"robots_nosnippet":false,"robots_nofollow":false,"robots_noimageindex":false,"robots_noodp":false,"robots_notranslate":false,"robots_max_snippet":null,"robots_max_videopreview":null,"robots_max_imagepreview":"large","priority":null,"frequency":null,"location":null,"local_seo":null,"seo_analyzer_scan_date":"2025-08-27 08:36:11","breadcrumb_settings":null,"limit_modified_date":false,"reviewed_by":null,"open_ai":null,"ai":null,"created":"2020-12-21 11:48:46","updated":"2025-08-27 08:36:11"},"aioseo_breadcrumb":"<div class=\"aioseo-breadcrumbs\"><span class=\"aioseo-breadcrumb\">\n\t<a href=\"https:\/\/candas365.es\/noticias\" title=\"Home\">Home<\/a>\n<\/span><span class=\"aioseo-breadcrumb-separator\">&ndash;<\/span><span class=\"aioseo-breadcrumb\">\n\t<a href=\"https:\/\/candas365.es\/noticias\/category\/agenda\/\" title=\"Agenda\">Agenda<\/a>\n<\/span><span class=\"aioseo-breadcrumb-separator\">&ndash;<\/span><span class=\"aioseo-breadcrumb\">\n\tVuelve \u00abPura Magia\u00bb a La 1\n<\/span><\/div>","aioseo_breadcrumb_json":[{"label":"Home","link":"https:\/\/candas365.es\/noticias"},{"label":"Agenda","link":"https:\/\/candas365.es\/noticias\/category\/agenda\/"},{"label":"Vuelve \u00abPura Magia\u00bb a La 1","link":"https:\/\/candas365.es\/noticias\/vuelve-pura-magia-a-la-1\/"}],"_links":{"self":[{"href":"https:\/\/candas365.es\/noticias\/wp-json\/wp\/v2\/posts\/100362","targetHints":{"allow":["GET"]}}],"collection":[{"href":"https:\/\/candas365.es\/noticias\/wp-json\/wp\/v2\/posts"}],"about":[{"href":"https:\/\/candas365.es\/noticias\/wp-json\/wp\/v2\/types\/post"}],"author":[{"embeddable":true,"href":"https:\/\/candas365.es\/noticias\/wp-json\/wp\/v2\/users\/1"}],"replies":[{"embeddable":true,"href":"https:\/\/candas365.es\/noticias\/wp-json\/wp\/v2\/comments?post=100362"}],"version-history":[{"count":0,"href":"https:\/\/candas365.es\/noticias\/wp-json\/wp\/v2\/posts\/100362\/revisions"}],"wp:featuredmedia":[{"embeddable":true,"href":"https:\/\/candas365.es\/noticias\/wp-json\/wp\/v2\/media\/100363"}],"wp:attachment":[{"href":"https:\/\/candas365.es\/noticias\/wp-json\/wp\/v2\/media?parent=100362"}],"wp:term":[{"taxonomy":"category","embeddable":true,"href":"https:\/\/candas365.es\/noticias\/wp-json\/wp\/v2\/categories?post=100362"},{"taxonomy":"post_tag","embeddable":true,"href":"https:\/\/candas365.es\/noticias\/wp-json\/wp\/v2\/tags?post=100362"}],"curies":[{"name":"wp","href":"https:\/\/api.w.org\/{rel}","templated":true}]}}