{"id":100268,"date":"2018-07-12T14:14:55","date_gmt":"2018-07-12T14:14:55","guid":{"rendered":"http:\/\/candas365.es\/noticias\/?p=100268"},"modified":"2018-07-12T14:14:55","modified_gmt":"2018-07-12T14:14:55","slug":"campana-para-erradicar-el-plumero-de-la-pampa-en-asturias","status":"publish","type":"post","link":"https:\/\/candas365.es\/noticias\/campana-para-erradicar-el-plumero-de-la-pampa-en-asturias\/","title":{"rendered":"Campa\u00f1a para erradicar el \u201cplumero de la Pampa\u201d en Asturias"},"content":{"rendered":"<p><img fetchpriority=\"high\" decoding=\"async\" class=\"alignleft size-medium wp-image-100269\" src=\"https:\/\/candas365.es\/noticias\/wp-content\/uploads\/2018\/07\/Campana-contra-el-plumero-de-la-pampa-2-360x240.jpg\" alt=\"\" width=\"360\" height=\"240\" srcset=\"https:\/\/candas365.es\/noticias\/wp-content\/uploads\/2018\/07\/Campana-contra-el-plumero-de-la-pampa-2-360x240.jpg 360w, https:\/\/candas365.es\/noticias\/wp-content\/uploads\/2018\/07\/Campana-contra-el-plumero-de-la-pampa-2-768x512.jpg 768w, https:\/\/candas365.es\/noticias\/wp-content\/uploads\/2018\/07\/Campana-contra-el-plumero-de-la-pampa-2-655x437.jpg 655w, https:\/\/candas365.es\/noticias\/wp-content\/uploads\/2018\/07\/Campana-contra-el-plumero-de-la-pampa-2-696x464.jpg 696w, https:\/\/candas365.es\/noticias\/wp-content\/uploads\/2018\/07\/Campana-contra-el-plumero-de-la-pampa-2-1068x713.jpg 1068w, https:\/\/candas365.es\/noticias\/wp-content\/uploads\/2018\/07\/Campana-contra-el-plumero-de-la-pampa-2-630x420.jpg 630w, https:\/\/candas365.es\/noticias\/wp-content\/uploads\/2018\/07\/Campana-contra-el-plumero-de-la-pampa-2.jpg 1280w\" sizes=\"(max-width: 360px) 100vw, 360px\" \/>El consejero de Infraestructuras, Ordenaci\u00f3n del Territorio y Medio Ambiente, Fernando Lastra, ha asistido hoy a la puesta en marcha del plan de acci\u00f3n para el control y erradicaci\u00f3n de la Cortaderia selloana, conocida popularmente como plumero o hierba de la Pampa.<\/p>\n<p>Lastra ha acudido en Coa\u00f1a a la primera intervenci\u00f3n programada para eliminar esta especie, junto con el viceconsejero de Medio Ambiente, Benigno Fern\u00e1ndez Fano; el alcalde del concejo, Salvador M\u00e9ndez, y responsables de Tragsa, empresa encargada de ejecutar las medidas. Para el inicio de las actuaciones se ha optado por una finca particular pr\u00f3xima al r\u00edo Navia, algo que, a juicio del consejero, \u201cpone de manifiesto la necesidad de que la sociedad civil se implique en la erradicaci\u00f3n\u201d.<\/p>\n<p>El Principado ha encargado a Tragsa la ejecuci\u00f3n del plan de acci\u00f3n contra el plumero de la pampa, por un importe de 440.000 euros para este a\u00f1o, con el fin de eliminar ejemplares y consolidar los terrenos liberados para evitar que sean invadidos de nuevo.<\/p>\n<p>La Cortaderia selloana est\u00e1 considerada una de las especies de flora invasora m\u00e1s peligrosas por su grado de expansi\u00f3n y el impacto econ\u00f3mico y ambiental que genera. Las zonas m\u00e1s afectadas en Asturias son bordes de autopistas y v\u00edas de tren, los pol\u00edgonos industriales, las \u00e1reas periurbanas, los rellenos de canteras, los terrenos portuarios y los vertederos. En los \u00faltimos a\u00f1os se ha detectado un r\u00e1pido incremento de la densidad y distribuci\u00f3n de la cortadera, cuyo principal vector de dispersi\u00f3n en la comunidad es la autopista A-8.<\/p>\n<p>Las actuaciones previstas se apoyan en el Protocolo de actuaci\u00f3n contra el plumero en Asturias, elaborado en colaboraci\u00f3n con el Departamento de Bot\u00e1nica de la Universidad de Oviedo, que ofrece una visi\u00f3n estrat\u00e9gica para planificar la prevenci\u00f3n, control y posible erradicaci\u00f3n de la especie. Este documento, que cont\u00f3 con la participaci\u00f3n de Tom\u00e1s Diez, catedr\u00e1tico de Bot\u00e1nica de la instituci\u00f3n acad\u00e9mica, detalla las intervenciones que deben llevarse a cabo seg\u00fan las condiciones de cada medio, garantizando as\u00ed una mayor efectividad y el menor coste ambiental.<\/p>\n","protected":false},"excerpt":{"rendered":"<p>El consejero de Infraestructuras, Ordenaci\u00f3n del Territorio y Medio Ambiente, Fernando Lastra, ha asistido hoy a la puesta en marcha del plan de acci\u00f3n para el control y erradicaci\u00f3n de la Cortaderia selloana, conocida popularmente como plumero o hierba de la Pampa. Lastra ha acudido en Coa\u00f1a a la primera intervenci\u00f3n programada para eliminar esta<\/p>\n","protected":false},"author":1,"featured_media":100269,"comment_status":"closed","ping_status":"closed","sticky":false,"template":"","format":"standard","meta":{"footnotes":""},"categories":[7],"tags":[],"class_list":{"0":"post-100268","1":"post","2":"type-post","3":"status-publish","4":"format-standard","5":"has-post-thumbnail","7":"category-asturias"},"aioseo_notices":[],"aioseo_head":"\n\t\t<!-- All in One SEO Pro 4.9.6.2 - aioseo.com -->\n\t<meta name=\"description\" content=\"El consejero de Infraestructuras, Ordenaci\u00f3n del Territorio y Medio Ambiente, Fernando Lastra, ha asistido hoy a la puesta en marcha del plan de acci\u00f3n para el control y erradicaci\u00f3n de la Cortaderia selloana, conocida popularmente como plumero o hierba de la Pampa. Lastra ha acudido en Coa\u00f1a a la primera intervenci\u00f3n programada para eliminar esta\" \/>\n\t<meta name=\"robots\" content=\"max-image-preview:large\" \/>\n\t<meta name=\"author\" content=\"Cand\u00e1s 365\"\/>\n\t<meta name=\"google-site-verification\" content=\"UA-32230408-1\" \/>\n\t<meta name=\"msvalidate.01\" content=\"354F3CDFB2DA171B47FBE9ABF1F88D5\" \/>\n\t<meta name=\"keywords\" content=\"asturias\" \/>\n\t<link rel=\"canonical\" href=\"https:\/\/candas365.es\/noticias\/campana-para-erradicar-el-plumero-de-la-pampa-en-asturias\/\" \/>\n\t<meta name=\"generator\" content=\"All in One SEO Pro (AIOSEO) 4.9.6.2\" \/>\n\t\t<meta property=\"og:locale\" content=\"es_ES\" \/>\n\t\t<meta property=\"og:site_name\" content=\"Cand\u00e1s 365\" \/>\n\t\t<meta property=\"og:type\" content=\"article\" \/>\n\t\t<meta property=\"og:title\" content=\"Campa\u00f1a para erradicar el \u201cplumero de la Pampa\u201d en Asturias | Cand\u00e1s 365\" \/>\n\t\t<meta property=\"og:description\" content=\"El consejero de Infraestructuras, Ordenaci\u00f3n del Territorio y Medio Ambiente, Fernando Lastra, ha asistido hoy a la puesta en marcha del plan de acci\u00f3n para el control y erradicaci\u00f3n de la Cortaderia selloana, conocida popularmente como plumero o hierba de la Pampa. Lastra ha acudido en Coa\u00f1a a la primera intervenci\u00f3n programada para eliminar esta\" \/>\n\t\t<meta property=\"og:url\" content=\"https:\/\/candas365.es\/noticias\/campana-para-erradicar-el-plumero-de-la-pampa-en-asturias\/\" \/>\n\t\t<meta property=\"og:image\" content=\"https:\/\/candas365.es\/noticias\/wp-content\/uploads\/2018\/07\/Campana-contra-el-plumero-de-la-pampa-2.jpg\" \/>\n\t\t<meta property=\"og:image:secure_url\" content=\"https:\/\/candas365.es\/noticias\/wp-content\/uploads\/2018\/07\/Campana-contra-el-plumero-de-la-pampa-2.jpg\" \/>\n\t\t<meta property=\"og:image:width\" content=\"1280\" \/>\n\t\t<meta property=\"og:image:height\" content=\"854\" \/>\n\t\t<meta property=\"article:published_time\" content=\"2018-07-12T14:14:55+00:00\" \/>\n\t\t<meta property=\"article:modified_time\" content=\"2018-07-12T14:14:55+00:00\" \/>\n\t\t<meta property=\"article:publisher\" content=\"https:\/\/www.facebook.com\/Nachofdezber\" \/>\n\t\t<meta property=\"article:author\" content=\"https:\/\/www.facebook.com\/carrenoactualidad\" \/>\n\t\t<meta name=\"twitter:card\" content=\"summary_large_image\" \/>\n\t\t<meta name=\"twitter:site\" content=\"@NabercoDigital\" \/>\n\t\t<meta name=\"twitter:title\" content=\"Campa\u00f1a para erradicar el \u201cplumero de la Pampa\u201d en Asturias | Cand\u00e1s 365\" \/>\n\t\t<meta name=\"twitter:description\" content=\"El consejero de Infraestructuras, Ordenaci\u00f3n del Territorio y Medio Ambiente, Fernando Lastra, ha asistido hoy a la puesta en marcha del plan de acci\u00f3n para el control y erradicaci\u00f3n de la Cortaderia selloana, conocida popularmente como plumero o hierba de la Pampa. Lastra ha acudido en Coa\u00f1a a la primera intervenci\u00f3n programada para eliminar esta\" \/>\n\t\t<meta name=\"twitter:creator\" content=\"@nbasturias\" \/>\n\t\t<meta name=\"twitter:image\" content=\"https:\/\/candas365.es\/noticias\/wp-content\/uploads\/2018\/07\/Campana-contra-el-plumero-de-la-pampa-2.jpg\" \/>\n\t\t<meta name=\"twitter:label1\" content=\"Escrito por\" \/>\n\t\t<meta name=\"twitter:data1\" content=\"Cand\u00e1s 365\" \/>\n\t\t<meta name=\"twitter:label2\" content=\"Tiempo de lectura estimado\" \/>\n\t\t<meta name=\"twitter:data2\" content=\"2 minutos\" \/>\n\t\t<script type=\"application\/ld+json\" class=\"aioseo-schema\">\n\t\t\t{\"@context\":\"https:\\\/\\\/schema.org\",\"@graph\":[{\"@type\":\"BreadcrumbList\",\"@id\":\"https:\\\/\\\/candas365.es\\\/noticias\\\/campana-para-erradicar-el-plumero-de-la-pampa-en-asturias\\\/#breadcrumblist\",\"itemListElement\":[{\"@type\":\"ListItem\",\"@id\":\"https:\\\/\\\/candas365.es\\\/noticias#listItem\",\"position\":1,\"name\":\"Home\",\"item\":\"https:\\\/\\\/candas365.es\\\/noticias\",\"nextItem\":{\"@type\":\"ListItem\",\"@id\":\"https:\\\/\\\/candas365.es\\\/noticias\\\/category\\\/asturias\\\/#listItem\",\"name\":\"Asturias\"}},{\"@type\":\"ListItem\",\"@id\":\"https:\\\/\\\/candas365.es\\\/noticias\\\/category\\\/asturias\\\/#listItem\",\"position\":2,\"name\":\"Asturias\",\"item\":\"https:\\\/\\\/candas365.es\\\/noticias\\\/category\\\/asturias\\\/\",\"nextItem\":{\"@type\":\"ListItem\",\"@id\":\"https:\\\/\\\/candas365.es\\\/noticias\\\/campana-para-erradicar-el-plumero-de-la-pampa-en-asturias\\\/#listItem\",\"name\":\"Campa\\u00f1a para erradicar el \\u201cplumero de la Pampa\\u201d en Asturias\"},\"previousItem\":{\"@type\":\"ListItem\",\"@id\":\"https:\\\/\\\/candas365.es\\\/noticias#listItem\",\"name\":\"Home\"}},{\"@type\":\"ListItem\",\"@id\":\"https:\\\/\\\/candas365.es\\\/noticias\\\/campana-para-erradicar-el-plumero-de-la-pampa-en-asturias\\\/#listItem\",\"position\":3,\"name\":\"Campa\\u00f1a para erradicar el \\u201cplumero de la Pampa\\u201d en Asturias\",\"previousItem\":{\"@type\":\"ListItem\",\"@id\":\"https:\\\/\\\/candas365.es\\\/noticias\\\/category\\\/asturias\\\/#listItem\",\"name\":\"Asturias\"}}]},{\"@type\":\"NewsArticle\",\"@id\":\"https:\\\/\\\/candas365.es\\\/noticias\\\/campana-para-erradicar-el-plumero-de-la-pampa-en-asturias\\\/#newsarticle\",\"name\":\"Campa\\u00f1a para erradicar el \\u201cplumero de la Pampa\\u201d en Asturias | Cand\\u00e1s 365\",\"headline\":\"Campa\\u00f1a para erradicar el \\u201cplumero de la Pampa\\u201d en Asturias\",\"author\":{\"@id\":\"https:\\\/\\\/candas365.es\\\/noticias\\\/author\\\/admin\\\/#author\"},\"publisher\":{\"@id\":\"https:\\\/\\\/candas365.es\\\/noticias\\\/#organization\"},\"image\":{\"@type\":\"ImageObject\",\"url\":\"https:\\\/\\\/candas365.es\\\/noticias\\\/wp-content\\\/uploads\\\/2018\\\/07\\\/Campana-contra-el-plumero-de-la-pampa-2.jpg\",\"width\":1280,\"height\":854},\"datePublished\":\"2018-07-12T14:14:55+02:00\",\"dateModified\":\"2018-07-12T14:14:55+02:00\",\"inLanguage\":\"es-ES\",\"mainEntityOfPage\":{\"@id\":\"https:\\\/\\\/candas365.es\\\/noticias\\\/campana-para-erradicar-el-plumero-de-la-pampa-en-asturias\\\/#webpage\"},\"isPartOf\":{\"@id\":\"https:\\\/\\\/candas365.es\\\/noticias\\\/campana-para-erradicar-el-plumero-de-la-pampa-en-asturias\\\/#webpage\"},\"articleSection\":\"Asturias\",\"dateline\":\"Publicado el julio 12, 2018.\"},{\"@type\":\"Organization\",\"@id\":\"https:\\\/\\\/candas365.es\\\/noticias\\\/#organization\",\"name\":\"Cand\\u00e1s 365\",\"description\":\"Cand\\u00e1s 365 es un diario digital independiente, fundado en 2012, con base en Asturias. Informamos con rigor sobre actualidad, sociedad, cultura y ocio, con una mirada local y global.\",\"url\":\"https:\\\/\\\/candas365.es\\\/noticias\\\/\",\"email\":\"info@candas365.es\",\"telephone\":\"+34652131393\",\"foundingDate\":\"2012-06-10\",\"logo\":{\"@type\":\"ImageObject\",\"url\":\"https:\\\/\\\/candas365.es\\\/noticias\\\/wp-content\\\/uploads\\\/2024\\\/09\\\/Candas-365-Redes.jpg\",\"@id\":\"https:\\\/\\\/candas365.es\\\/noticias\\\/campana-para-erradicar-el-plumero-de-la-pampa-en-asturias\\\/#organizationLogo\",\"width\":1152,\"height\":864,\"caption\":\"Cand\\u00e1s 365 Redes\"},\"image\":{\"@id\":\"https:\\\/\\\/candas365.es\\\/noticias\\\/campana-para-erradicar-el-plumero-de-la-pampa-en-asturias\\\/#organizationLogo\"},\"sameAs\":[\"https:\\\/\\\/www.facebook.com\\\/Nachofdezber\",\"https:\\\/\\\/x.com\\\/NabercoDigital\",\"https:\\\/\\\/www.instagram.com\\\/nachofdezber\\\/\",\"https:\\\/\\\/www.youtube.com\\\/channel\\\/UCZP-2wLEB9Rv6erhFmqVnvg\"],\"address\":{\"@id\":\"https:\\\/\\\/candas365.es\\\/noticias\\\/#postaladdress\",\"@type\":\"PostalAddress\",\"streetAddress\":\"san antonio 4, san antonio 4\",\"postalCode\":\"33430\",\"addressLocality\":\"Cand\\u00e1s\",\"addressRegion\":\"Asturias\",\"addressCountry\":\"ES\"}},{\"@type\":\"Person\",\"@id\":\"https:\\\/\\\/candas365.es\\\/noticias\\\/author\\\/admin\\\/#author\",\"url\":\"https:\\\/\\\/candas365.es\\\/noticias\\\/author\\\/admin\\\/\",\"name\":\"Cand\\u00e1s 365\",\"image\":{\"@type\":\"ImageObject\",\"@id\":\"https:\\\/\\\/candas365.es\\\/noticias\\\/campana-para-erradicar-el-plumero-de-la-pampa-en-asturias\\\/#authorImage\",\"url\":\"https:\\\/\\\/secure.gravatar.com\\\/avatar\\\/496a8e03d0c493ede1718b7934145dbdf8d89be1036b0eec9544e1094c9de390?s=96&d=mm&r=g\",\"width\":96,\"height\":96,\"caption\":\"Cand\\u00e1s 365\"},\"sameAs\":[\"https:\\\/\\\/www.facebook.com\\\/carrenoactualidad\",\"https:\\\/\\\/twitter.com\\\/nbasturias\",\"https:\\\/\\\/www.instagram.com\\\/nachofdezber\\\/\",\"https:\\\/\\\/www.youtube.com\\\/channel\\\/UCZP-2wLEB9Rv6erhFmqVnvg\"]},{\"@type\":\"WebPage\",\"@id\":\"https:\\\/\\\/candas365.es\\\/noticias\\\/campana-para-erradicar-el-plumero-de-la-pampa-en-asturias\\\/#webpage\",\"url\":\"https:\\\/\\\/candas365.es\\\/noticias\\\/campana-para-erradicar-el-plumero-de-la-pampa-en-asturias\\\/\",\"name\":\"Campa\\u00f1a para erradicar el \\u201cplumero de la Pampa\\u201d en Asturias | Cand\\u00e1s 365\",\"description\":\"El consejero de Infraestructuras, Ordenaci\\u00f3n del Territorio y Medio Ambiente, Fernando Lastra, ha asistido hoy a la puesta en marcha del plan de acci\\u00f3n para el control y erradicaci\\u00f3n de la Cortaderia selloana, conocida popularmente como plumero o hierba de la Pampa. Lastra ha acudido en Coa\\u00f1a a la primera intervenci\\u00f3n programada para eliminar esta\",\"inLanguage\":\"es-ES\",\"isPartOf\":{\"@id\":\"https:\\\/\\\/candas365.es\\\/noticias\\\/#website\"},\"breadcrumb\":{\"@id\":\"https:\\\/\\\/candas365.es\\\/noticias\\\/campana-para-erradicar-el-plumero-de-la-pampa-en-asturias\\\/#breadcrumblist\"},\"author\":{\"@id\":\"https:\\\/\\\/candas365.es\\\/noticias\\\/author\\\/admin\\\/#author\"},\"creator\":{\"@id\":\"https:\\\/\\\/candas365.es\\\/noticias\\\/author\\\/admin\\\/#author\"},\"image\":{\"@type\":\"ImageObject\",\"url\":\"https:\\\/\\\/candas365.es\\\/noticias\\\/wp-content\\\/uploads\\\/2018\\\/07\\\/Campana-contra-el-plumero-de-la-pampa-2.jpg\",\"@id\":\"https:\\\/\\\/candas365.es\\\/noticias\\\/campana-para-erradicar-el-plumero-de-la-pampa-en-asturias\\\/#mainImage\",\"width\":1280,\"height\":854},\"primaryImageOfPage\":{\"@id\":\"https:\\\/\\\/candas365.es\\\/noticias\\\/campana-para-erradicar-el-plumero-de-la-pampa-en-asturias\\\/#mainImage\"},\"datePublished\":\"2018-07-12T14:14:55+02:00\",\"dateModified\":\"2018-07-12T14:14:55+02:00\"},{\"@type\":\"WebSite\",\"@id\":\"https:\\\/\\\/candas365.es\\\/noticias\\\/#website\",\"url\":\"https:\\\/\\\/candas365.es\\\/noticias\\\/\",\"name\":\"Cand\\u00e1s 365\",\"alternateName\":\"Cand\\u00e1s 365 Noticias\",\"description\":\"Actualidad desde Carre\\u00f1o para el mundo\",\"inLanguage\":\"es-ES\",\"publisher\":{\"@id\":\"https:\\\/\\\/candas365.es\\\/noticias\\\/#organization\"}}]}\n\t\t<\/script>\n\t\t<!-- All in One SEO Pro -->\r\n\t\t<title>Campa\u00f1a para erradicar el \u201cplumero de la Pampa\u201d en Asturias | Cand\u00e1s 365<\/title>\n\n","aioseo_head_json":{"title":"Campa\u00f1a para erradicar el \u201cplumero de la Pampa\u201d en Asturias | Cand\u00e1s 365","description":"El consejero de Infraestructuras, Ordenaci\u00f3n del Territorio y Medio Ambiente, Fernando Lastra, ha asistido hoy a la puesta en marcha del plan de acci\u00f3n para el control y erradicaci\u00f3n de la Cortaderia selloana, conocida popularmente como plumero o hierba de la Pampa. Lastra ha acudido en Coa\u00f1a a la primera intervenci\u00f3n programada para eliminar esta","canonical_url":"https:\/\/candas365.es\/noticias\/campana-para-erradicar-el-plumero-de-la-pampa-en-asturias\/","robots":"max-image-preview:large","keywords":"asturias","webmasterTools":{"google-site-verification":"UA-32230408-1","msvalidate.01":"354F3CDFB2DA171B47FBE9ABF1F88D5","miscellaneous":""},"schema":{"@context":"https:\/\/schema.org","@graph":[{"@type":"BreadcrumbList","@id":"https:\/\/candas365.es\/noticias\/campana-para-erradicar-el-plumero-de-la-pampa-en-asturias\/#breadcrumblist","itemListElement":[{"@type":"ListItem","@id":"https:\/\/candas365.es\/noticias#listItem","position":1,"name":"Home","item":"https:\/\/candas365.es\/noticias","nextItem":{"@type":"ListItem","@id":"https:\/\/candas365.es\/noticias\/category\/asturias\/#listItem","name":"Asturias"}},{"@type":"ListItem","@id":"https:\/\/candas365.es\/noticias\/category\/asturias\/#listItem","position":2,"name":"Asturias","item":"https:\/\/candas365.es\/noticias\/category\/asturias\/","nextItem":{"@type":"ListItem","@id":"https:\/\/candas365.es\/noticias\/campana-para-erradicar-el-plumero-de-la-pampa-en-asturias\/#listItem","name":"Campa\u00f1a para erradicar el \u201cplumero de la Pampa\u201d en Asturias"},"previousItem":{"@type":"ListItem","@id":"https:\/\/candas365.es\/noticias#listItem","name":"Home"}},{"@type":"ListItem","@id":"https:\/\/candas365.es\/noticias\/campana-para-erradicar-el-plumero-de-la-pampa-en-asturias\/#listItem","position":3,"name":"Campa\u00f1a para erradicar el \u201cplumero de la Pampa\u201d en Asturias","previousItem":{"@type":"ListItem","@id":"https:\/\/candas365.es\/noticias\/category\/asturias\/#listItem","name":"Asturias"}}]},{"@type":"NewsArticle","@id":"https:\/\/candas365.es\/noticias\/campana-para-erradicar-el-plumero-de-la-pampa-en-asturias\/#newsarticle","name":"Campa\u00f1a para erradicar el \u201cplumero de la Pampa\u201d en Asturias | Cand\u00e1s 365","headline":"Campa\u00f1a para erradicar el \u201cplumero de la Pampa\u201d en Asturias","author":{"@id":"https:\/\/candas365.es\/noticias\/author\/admin\/#author"},"publisher":{"@id":"https:\/\/candas365.es\/noticias\/#organization"},"image":{"@type":"ImageObject","url":"https:\/\/candas365.es\/noticias\/wp-content\/uploads\/2018\/07\/Campana-contra-el-plumero-de-la-pampa-2.jpg","width":1280,"height":854},"datePublished":"2018-07-12T14:14:55+02:00","dateModified":"2018-07-12T14:14:55+02:00","inLanguage":"es-ES","mainEntityOfPage":{"@id":"https:\/\/candas365.es\/noticias\/campana-para-erradicar-el-plumero-de-la-pampa-en-asturias\/#webpage"},"isPartOf":{"@id":"https:\/\/candas365.es\/noticias\/campana-para-erradicar-el-plumero-de-la-pampa-en-asturias\/#webpage"},"articleSection":"Asturias","dateline":"Publicado el julio 12, 2018."},{"@type":"Organization","@id":"https:\/\/candas365.es\/noticias\/#organization","name":"Cand\u00e1s 365","description":"Cand\u00e1s 365 es un diario digital independiente, fundado en 2012, con base en Asturias. Informamos con rigor sobre actualidad, sociedad, cultura y ocio, con una mirada local y global.","url":"https:\/\/candas365.es\/noticias\/","email":"info@candas365.es","telephone":"+34652131393","foundingDate":"2012-06-10","logo":{"@type":"ImageObject","url":"https:\/\/candas365.es\/noticias\/wp-content\/uploads\/2024\/09\/Candas-365-Redes.jpg","@id":"https:\/\/candas365.es\/noticias\/campana-para-erradicar-el-plumero-de-la-pampa-en-asturias\/#organizationLogo","width":1152,"height":864,"caption":"Cand\u00e1s 365 Redes"},"image":{"@id":"https:\/\/candas365.es\/noticias\/campana-para-erradicar-el-plumero-de-la-pampa-en-asturias\/#organizationLogo"},"sameAs":["https:\/\/www.facebook.com\/Nachofdezber","https:\/\/x.com\/NabercoDigital","https:\/\/www.instagram.com\/nachofdezber\/","https:\/\/www.youtube.com\/channel\/UCZP-2wLEB9Rv6erhFmqVnvg"],"address":{"@id":"https:\/\/candas365.es\/noticias\/#postaladdress","@type":"PostalAddress","streetAddress":"san antonio 4, san antonio 4","postalCode":"33430","addressLocality":"Cand\u00e1s","addressRegion":"Asturias","addressCountry":"ES"}},{"@type":"Person","@id":"https:\/\/candas365.es\/noticias\/author\/admin\/#author","url":"https:\/\/candas365.es\/noticias\/author\/admin\/","name":"Cand\u00e1s 365","image":{"@type":"ImageObject","@id":"https:\/\/candas365.es\/noticias\/campana-para-erradicar-el-plumero-de-la-pampa-en-asturias\/#authorImage","url":"https:\/\/secure.gravatar.com\/avatar\/496a8e03d0c493ede1718b7934145dbdf8d89be1036b0eec9544e1094c9de390?s=96&d=mm&r=g","width":96,"height":96,"caption":"Cand\u00e1s 365"},"sameAs":["https:\/\/www.facebook.com\/carrenoactualidad","https:\/\/twitter.com\/nbasturias","https:\/\/www.instagram.com\/nachofdezber\/","https:\/\/www.youtube.com\/channel\/UCZP-2wLEB9Rv6erhFmqVnvg"]},{"@type":"WebPage","@id":"https:\/\/candas365.es\/noticias\/campana-para-erradicar-el-plumero-de-la-pampa-en-asturias\/#webpage","url":"https:\/\/candas365.es\/noticias\/campana-para-erradicar-el-plumero-de-la-pampa-en-asturias\/","name":"Campa\u00f1a para erradicar el \u201cplumero de la Pampa\u201d en Asturias | Cand\u00e1s 365","description":"El consejero de Infraestructuras, Ordenaci\u00f3n del Territorio y Medio Ambiente, Fernando Lastra, ha asistido hoy a la puesta en marcha del plan de acci\u00f3n para el control y erradicaci\u00f3n de la Cortaderia selloana, conocida popularmente como plumero o hierba de la Pampa. Lastra ha acudido en Coa\u00f1a a la primera intervenci\u00f3n programada para eliminar esta","inLanguage":"es-ES","isPartOf":{"@id":"https:\/\/candas365.es\/noticias\/#website"},"breadcrumb":{"@id":"https:\/\/candas365.es\/noticias\/campana-para-erradicar-el-plumero-de-la-pampa-en-asturias\/#breadcrumblist"},"author":{"@id":"https:\/\/candas365.es\/noticias\/author\/admin\/#author"},"creator":{"@id":"https:\/\/candas365.es\/noticias\/author\/admin\/#author"},"image":{"@type":"ImageObject","url":"https:\/\/candas365.es\/noticias\/wp-content\/uploads\/2018\/07\/Campana-contra-el-plumero-de-la-pampa-2.jpg","@id":"https:\/\/candas365.es\/noticias\/campana-para-erradicar-el-plumero-de-la-pampa-en-asturias\/#mainImage","width":1280,"height":854},"primaryImageOfPage":{"@id":"https:\/\/candas365.es\/noticias\/campana-para-erradicar-el-plumero-de-la-pampa-en-asturias\/#mainImage"},"datePublished":"2018-07-12T14:14:55+02:00","dateModified":"2018-07-12T14:14:55+02:00"},{"@type":"WebSite","@id":"https:\/\/candas365.es\/noticias\/#website","url":"https:\/\/candas365.es\/noticias\/","name":"Cand\u00e1s 365","alternateName":"Cand\u00e1s 365 Noticias","description":"Actualidad desde Carre\u00f1o para el mundo","inLanguage":"es-ES","publisher":{"@id":"https:\/\/candas365.es\/noticias\/#organization"}}]},"og:locale":"es_ES","og:site_name":"Cand\u00e1s 365","og:type":"article","og:title":"Campa\u00f1a para erradicar el \u201cplumero de la Pampa\u201d en Asturias | Cand\u00e1s 365","og:description":"El consejero de Infraestructuras, Ordenaci\u00f3n del Territorio y Medio Ambiente, Fernando Lastra, ha asistido hoy a la puesta en marcha del plan de acci\u00f3n para el control y erradicaci\u00f3n de la Cortaderia selloana, conocida popularmente como plumero o hierba de la Pampa. Lastra ha acudido en Coa\u00f1a a la primera intervenci\u00f3n programada para eliminar esta","og:url":"https:\/\/candas365.es\/noticias\/campana-para-erradicar-el-plumero-de-la-pampa-en-asturias\/","og:image":"https:\/\/candas365.es\/noticias\/wp-content\/uploads\/2018\/07\/Campana-contra-el-plumero-de-la-pampa-2.jpg","og:image:secure_url":"https:\/\/candas365.es\/noticias\/wp-content\/uploads\/2018\/07\/Campana-contra-el-plumero-de-la-pampa-2.jpg","og:image:width":1280,"og:image:height":854,"article:published_time":"2018-07-12T14:14:55+00:00","article:modified_time":"2018-07-12T14:14:55+00:00","article:publisher":"https:\/\/www.facebook.com\/Nachofdezber","article:author":"https:\/\/www.facebook.com\/carrenoactualidad","twitter:card":"summary_large_image","twitter:site":"@NabercoDigital","twitter:title":"Campa\u00f1a para erradicar el \u201cplumero de la Pampa\u201d en Asturias | Cand\u00e1s 365","twitter:description":"El consejero de Infraestructuras, Ordenaci\u00f3n del Territorio y Medio Ambiente, Fernando Lastra, ha asistido hoy a la puesta en marcha del plan de acci\u00f3n para el control y erradicaci\u00f3n de la Cortaderia selloana, conocida popularmente como plumero o hierba de la Pampa. Lastra ha acudido en Coa\u00f1a a la primera intervenci\u00f3n programada para eliminar esta","twitter:creator":"@nbasturias","twitter:image":"https:\/\/candas365.es\/noticias\/wp-content\/uploads\/2018\/07\/Campana-contra-el-plumero-de-la-pampa-2.jpg","twitter:label1":"Escrito por","twitter:data1":"Cand\u00e1s 365","twitter:label2":"Tiempo de lectura estimado","twitter:data2":"2 minutos"},"aioseo_meta_data":{"post_id":"100268","title":null,"description":null,"keywords":null,"keyphrases":null,"primary_term":null,"canonical_url":null,"og_title":null,"og_description":null,"og_object_type":"default","og_image_type":"default","og_image_url":null,"og_image_width":null,"og_image_height":null,"og_image_custom_url":null,"og_image_custom_fields":null,"og_video":null,"og_custom_url":null,"og_article_section":null,"og_article_tags":null,"twitter_use_og":false,"twitter_card":"default","twitter_image_type":"default","twitter_image_url":null,"twitter_image_custom_url":null,"twitter_image_custom_fields":null,"twitter_title":null,"twitter_description":null,"schema":{"blockGraphs":[],"customGraphs":[],"default":{"data":{"Article":[],"Course":[],"Dataset":[],"FAQPage":[],"Movie":[],"Person":[],"Product":[],"ProductReview":[],"Car":[],"Recipe":[],"Service":[],"SoftwareApplication":[],"WebPage":[]},"graphName":"","isEnabled":true},"graphs":[],"defaultGraph":"","defaultPostTypeGraph":""},"schema_type":null,"schema_type_options":null,"pillar_content":false,"robots_default":true,"robots_noindex":false,"robots_noarchive":false,"robots_nosnippet":false,"robots_nofollow":false,"robots_noimageindex":false,"robots_noodp":false,"robots_notranslate":false,"robots_max_snippet":null,"robots_max_videopreview":null,"robots_max_imagepreview":"large","priority":null,"frequency":null,"location":null,"local_seo":null,"seo_analyzer_scan_date":"2025-08-27 08:21:13","breadcrumb_settings":null,"limit_modified_date":false,"reviewed_by":null,"open_ai":null,"ai":null,"created":"2020-12-21 11:48:57","updated":"2025-08-27 08:21:13"},"aioseo_breadcrumb":"<div class=\"aioseo-breadcrumbs\"><span class=\"aioseo-breadcrumb\">\n\t<a href=\"https:\/\/candas365.es\/noticias\" title=\"Home\">Home<\/a>\n<\/span><span class=\"aioseo-breadcrumb-separator\">&ndash;<\/span><span class=\"aioseo-breadcrumb\">\n\t<a href=\"https:\/\/candas365.es\/noticias\/category\/asturias\/\" title=\"Asturias\">Asturias<\/a>\n<\/span><span class=\"aioseo-breadcrumb-separator\">&ndash;<\/span><span class=\"aioseo-breadcrumb\">\n\tCampa\u00f1a para erradicar el \u201cplumero de la Pampa\u201d en Asturias\n<\/span><\/div>","aioseo_breadcrumb_json":[{"label":"Home","link":"https:\/\/candas365.es\/noticias"},{"label":"Asturias","link":"https:\/\/candas365.es\/noticias\/category\/asturias\/"},{"label":"Campa\u00f1a para erradicar el \u201cplumero de la Pampa\u201d en Asturias","link":"https:\/\/candas365.es\/noticias\/campana-para-erradicar-el-plumero-de-la-pampa-en-asturias\/"}],"_links":{"self":[{"href":"https:\/\/candas365.es\/noticias\/wp-json\/wp\/v2\/posts\/100268","targetHints":{"allow":["GET"]}}],"collection":[{"href":"https:\/\/candas365.es\/noticias\/wp-json\/wp\/v2\/posts"}],"about":[{"href":"https:\/\/candas365.es\/noticias\/wp-json\/wp\/v2\/types\/post"}],"author":[{"embeddable":true,"href":"https:\/\/candas365.es\/noticias\/wp-json\/wp\/v2\/users\/1"}],"replies":[{"embeddable":true,"href":"https:\/\/candas365.es\/noticias\/wp-json\/wp\/v2\/comments?post=100268"}],"version-history":[{"count":0,"href":"https:\/\/candas365.es\/noticias\/wp-json\/wp\/v2\/posts\/100268\/revisions"}],"wp:featuredmedia":[{"embeddable":true,"href":"https:\/\/candas365.es\/noticias\/wp-json\/wp\/v2\/media\/100269"}],"wp:attachment":[{"href":"https:\/\/candas365.es\/noticias\/wp-json\/wp\/v2\/media?parent=100268"}],"wp:term":[{"taxonomy":"category","embeddable":true,"href":"https:\/\/candas365.es\/noticias\/wp-json\/wp\/v2\/categories?post=100268"},{"taxonomy":"post_tag","embeddable":true,"href":"https:\/\/candas365.es\/noticias\/wp-json\/wp\/v2\/tags?post=100268"}],"curies":[{"name":"wp","href":"https:\/\/api.w.org\/{rel}","templated":true}]}}