{"id":100254,"date":"2018-07-12T12:29:26","date_gmt":"2018-07-12T12:29:26","guid":{"rendered":"http:\/\/candas365.es\/noticias\/?p=100254"},"modified":"2018-07-12T12:29:26","modified_gmt":"2018-07-12T12:29:26","slug":"carmen-fernandez-asturias-sigue-sin-un-plan-de-conectividad-de-internet","status":"publish","type":"post","link":"https:\/\/candas365.es\/noticias\/carmen-fernandez-asturias-sigue-sin-un-plan-de-conectividad-de-internet\/","title":{"rendered":"Carmen Fern\u00e1ndez: \u201cAsturias sigue sin un Plan de Conectividad de Internet\u00bb"},"content":{"rendered":"<p><img fetchpriority=\"high\" decoding=\"async\" class=\"alignleft size-medium wp-image-40786\" src=\"https:\/\/candas365.es\/noticias\/wp-content\/uploads\/2017\/01\/carmen-fdz-FORO-360x198.jpg\" alt=\"\" width=\"360\" height=\"198\" srcset=\"https:\/\/candas365.es\/noticias\/wp-content\/uploads\/2017\/01\/carmen-fdz-FORO-360x198.jpg 360w, https:\/\/candas365.es\/noticias\/wp-content\/uploads\/2017\/01\/carmen-fdz-FORO-650x357.jpg 650w, https:\/\/candas365.es\/noticias\/wp-content\/uploads\/2017\/01\/carmen-fdz-FORO-150x82.jpg 150w, https:\/\/candas365.es\/noticias\/wp-content\/uploads\/2017\/01\/carmen-fdz-FORO-450x247.jpg 450w, https:\/\/candas365.es\/noticias\/wp-content\/uploads\/2017\/01\/carmen-fdz-FORO.jpg 655w\" sizes=\"(max-width: 360px) 100vw, 360px\" \/>La diputada de FORO y portavoz de Industria en la Junta General, Carmen Fern\u00e1ndez, ha manifestado su preocupaci\u00f3n por el incumplimiento por parte del Gobierno de Asturias de la Moci\u00f3n aprobada en la C\u00e1mara el pasado 23 de febrero de este a\u00f1o por la que se instaba al Consejo de Gobierno a la presentaci\u00f3n, para su debate y aprobaci\u00f3n por la C\u00e1mara antes del 30 de junio, del Plan de Conectividad de Internet as\u00ed como de la cobertura de se\u00f1al de televisi\u00f3n en todo el territorio asturiano, que haga desaparecer las actuales zonas blancas, que incluya la correspondiente memoria econ\u00f3mica de las versiones anuales a realizar, as\u00ed como un calendario que garantice los menores plazos de ejecuci\u00f3n con las mejores alternativas t\u00e9cnicas disponibles en la actualidad. Ante ello, Carmen Fern\u00e1ndez ha manifestado que \u201cAsturias sigue sin un Plan de Conectividad de Internet por el incumplimiento del gobierno socialista al mandato de la C\u00e1mara\u201d, a lo que ha a\u00f1adido que \u201ces lamentable tener un gobierno de espaldas a la petici\u00f3n de todos los grupos pol\u00edticos de conectar Asturias a la mayor brevedad y con la mejor tecnolog\u00eda\u201d, recordando que \u201cla Moci\u00f3n presentada por FORO fue refrendada por todos los grupos de la C\u00e1mara\u201d.<\/p>\n<p>Para Carmen Fern\u00e1ndez, \u201ces imprescindible que el Consejero de Empleo, Comercio y Turismo explique a los asturianos qu\u00e9 est\u00e1 haciendo al respecto, m\u00e1xime cuando Asturias dispone de una partida en el Presupuesto General del Estado de cuatro millones de euros tras una enmienda de FORO, y rentabilizar esta cuant\u00eda necesariamente pasa por una buena planificaci\u00f3n. Isaac Pola debe explicar c\u00f3mo va a garantizar que los 4 M\u20ac que FORO consigui\u00f3 del Gobierno Central para dotar de conexi\u00f3n Asturias se gasten en menos de seis meses con la mejor tecnolog\u00eda\u201d.<\/p>\n<p>Y es que, para Carmen Fern\u00e1ndez, \u201cestamos ante un gobierno vago e incumplidor, algo que es muy preocupante cuando se trata de una necesidad real para el mundo rural que clama a gritos poder tener una buena conexi\u00f3n a internet tanto para fijar poblaci\u00f3n como para desarrollar empresas. La desidia socialista mantiene abandonados a vecinos y empresarios de la zona rural asturiana, sin una conectividad en 6.458 zonas blancas. Existen muchos anuncios grandilocuentes pero nula gesti\u00f3n; desconocemos qu\u00e9 alternativas t\u00e9cnicas baraja la Administraci\u00f3n para incrementar la conectividad\u201d, apuntill\u00f3 la diputada.<\/p>\n","protected":false},"excerpt":{"rendered":"<p>La diputada de FORO y portavoz de Industria en la Junta General, Carmen Fern\u00e1ndez, ha manifestado su preocupaci\u00f3n por el incumplimiento por parte del Gobierno de Asturias de la Moci\u00f3n aprobada en la C\u00e1mara el pasado 23 de febrero de este a\u00f1o por la que se instaba al Consejo de Gobierno a la presentaci\u00f3n, para<\/p>\n","protected":false},"author":1,"featured_media":40786,"comment_status":"closed","ping_status":"closed","sticky":false,"template":"","format":"standard","meta":{"footnotes":""},"categories":[7],"tags":[],"class_list":{"0":"post-100254","1":"post","2":"type-post","3":"status-publish","4":"format-standard","5":"has-post-thumbnail","7":"category-asturias"},"aioseo_notices":[],"aioseo_head":"\n\t\t<!-- All in One SEO Pro 4.9.6.2 - aioseo.com -->\n\t<meta name=\"description\" content=\"La diputada de FORO y portavoz de Industria en la Junta General, Carmen Fern\u00e1ndez, ha manifestado su preocupaci\u00f3n por el incumplimiento por parte del Gobierno de Asturias de la Moci\u00f3n aprobada en la C\u00e1mara el pasado 23 de febrero de este a\u00f1o por la que se instaba al Consejo de Gobierno a la presentaci\u00f3n, para\" \/>\n\t<meta name=\"robots\" content=\"max-image-preview:large\" \/>\n\t<meta name=\"author\" content=\"Cand\u00e1s 365\"\/>\n\t<meta name=\"google-site-verification\" content=\"UA-32230408-1\" \/>\n\t<meta name=\"msvalidate.01\" content=\"354F3CDFB2DA171B47FBE9ABF1F88D5\" \/>\n\t<meta name=\"keywords\" content=\"asturias\" \/>\n\t<link rel=\"canonical\" href=\"https:\/\/candas365.es\/noticias\/carmen-fernandez-asturias-sigue-sin-un-plan-de-conectividad-de-internet\/\" \/>\n\t<meta name=\"generator\" content=\"All in One SEO Pro (AIOSEO) 4.9.6.2\" \/>\n\t\t<meta property=\"og:locale\" content=\"es_ES\" \/>\n\t\t<meta property=\"og:site_name\" content=\"Cand\u00e1s 365\" \/>\n\t\t<meta property=\"og:type\" content=\"article\" \/>\n\t\t<meta property=\"og:title\" content=\"Carmen Fern\u00e1ndez: \u201cAsturias sigue sin un Plan de Conectividad de Internet\u00bb | Cand\u00e1s 365\" \/>\n\t\t<meta property=\"og:description\" content=\"La diputada de FORO y portavoz de Industria en la Junta General, Carmen Fern\u00e1ndez, ha manifestado su preocupaci\u00f3n por el incumplimiento por parte del Gobierno de Asturias de la Moci\u00f3n aprobada en la C\u00e1mara el pasado 23 de febrero de este a\u00f1o por la que se instaba al Consejo de Gobierno a la presentaci\u00f3n, para\" \/>\n\t\t<meta property=\"og:url\" content=\"https:\/\/candas365.es\/noticias\/carmen-fernandez-asturias-sigue-sin-un-plan-de-conectividad-de-internet\/\" \/>\n\t\t<meta property=\"og:image\" content=\"https:\/\/candas365.es\/noticias\/wp-content\/uploads\/2017\/01\/carmen-fdz-FORO.jpg\" \/>\n\t\t<meta property=\"og:image:secure_url\" content=\"https:\/\/candas365.es\/noticias\/wp-content\/uploads\/2017\/01\/carmen-fdz-FORO.jpg\" \/>\n\t\t<meta property=\"og:image:width\" content=\"655\" \/>\n\t\t<meta property=\"og:image:height\" content=\"360\" \/>\n\t\t<meta property=\"article:published_time\" content=\"2018-07-12T12:29:26+00:00\" \/>\n\t\t<meta property=\"article:modified_time\" content=\"2018-07-12T12:29:26+00:00\" \/>\n\t\t<meta property=\"article:publisher\" content=\"https:\/\/www.facebook.com\/Nachofdezber\" \/>\n\t\t<meta property=\"article:author\" content=\"https:\/\/www.facebook.com\/carrenoactualidad\" \/>\n\t\t<meta name=\"twitter:card\" content=\"summary_large_image\" \/>\n\t\t<meta name=\"twitter:site\" content=\"@NabercoDigital\" \/>\n\t\t<meta name=\"twitter:title\" content=\"Carmen Fern\u00e1ndez: \u201cAsturias sigue sin un Plan de Conectividad de Internet\u00bb | Cand\u00e1s 365\" \/>\n\t\t<meta name=\"twitter:description\" content=\"La diputada de FORO y portavoz de Industria en la Junta General, Carmen Fern\u00e1ndez, ha manifestado su preocupaci\u00f3n por el incumplimiento por parte del Gobierno de Asturias de la Moci\u00f3n aprobada en la C\u00e1mara el pasado 23 de febrero de este a\u00f1o por la que se instaba al Consejo de Gobierno a la presentaci\u00f3n, para\" \/>\n\t\t<meta name=\"twitter:creator\" content=\"@nbasturias\" \/>\n\t\t<meta name=\"twitter:image\" content=\"https:\/\/candas365.es\/noticias\/wp-content\/uploads\/2017\/01\/carmen-fdz-FORO.jpg\" \/>\n\t\t<meta name=\"twitter:label1\" content=\"Escrito por\" \/>\n\t\t<meta name=\"twitter:data1\" content=\"Cand\u00e1s 365\" \/>\n\t\t<meta name=\"twitter:label2\" content=\"Tiempo de lectura estimado\" \/>\n\t\t<meta name=\"twitter:data2\" content=\"2 minutos\" \/>\n\t\t<script type=\"application\/ld+json\" class=\"aioseo-schema\">\n\t\t\t{\"@context\":\"https:\\\/\\\/schema.org\",\"@graph\":[{\"@type\":\"BreadcrumbList\",\"@id\":\"https:\\\/\\\/candas365.es\\\/noticias\\\/carmen-fernandez-asturias-sigue-sin-un-plan-de-conectividad-de-internet\\\/#breadcrumblist\",\"itemListElement\":[{\"@type\":\"ListItem\",\"@id\":\"https:\\\/\\\/candas365.es\\\/noticias#listItem\",\"position\":1,\"name\":\"Home\",\"item\":\"https:\\\/\\\/candas365.es\\\/noticias\",\"nextItem\":{\"@type\":\"ListItem\",\"@id\":\"https:\\\/\\\/candas365.es\\\/noticias\\\/category\\\/asturias\\\/#listItem\",\"name\":\"Asturias\"}},{\"@type\":\"ListItem\",\"@id\":\"https:\\\/\\\/candas365.es\\\/noticias\\\/category\\\/asturias\\\/#listItem\",\"position\":2,\"name\":\"Asturias\",\"item\":\"https:\\\/\\\/candas365.es\\\/noticias\\\/category\\\/asturias\\\/\",\"nextItem\":{\"@type\":\"ListItem\",\"@id\":\"https:\\\/\\\/candas365.es\\\/noticias\\\/carmen-fernandez-asturias-sigue-sin-un-plan-de-conectividad-de-internet\\\/#listItem\",\"name\":\"Carmen Fern\\u00e1ndez: \\u201cAsturias sigue sin un Plan de Conectividad de Internet\\u00bb\"},\"previousItem\":{\"@type\":\"ListItem\",\"@id\":\"https:\\\/\\\/candas365.es\\\/noticias#listItem\",\"name\":\"Home\"}},{\"@type\":\"ListItem\",\"@id\":\"https:\\\/\\\/candas365.es\\\/noticias\\\/carmen-fernandez-asturias-sigue-sin-un-plan-de-conectividad-de-internet\\\/#listItem\",\"position\":3,\"name\":\"Carmen Fern\\u00e1ndez: \\u201cAsturias sigue sin un Plan de Conectividad de Internet\\u00bb\",\"previousItem\":{\"@type\":\"ListItem\",\"@id\":\"https:\\\/\\\/candas365.es\\\/noticias\\\/category\\\/asturias\\\/#listItem\",\"name\":\"Asturias\"}}]},{\"@type\":\"NewsArticle\",\"@id\":\"https:\\\/\\\/candas365.es\\\/noticias\\\/carmen-fernandez-asturias-sigue-sin-un-plan-de-conectividad-de-internet\\\/#newsarticle\",\"name\":\"Carmen Fern\\u00e1ndez: \\u201cAsturias sigue sin un Plan de Conectividad de Internet\\u00bb | Cand\\u00e1s 365\",\"headline\":\"Carmen Fern\\u00e1ndez: \\u201cAsturias sigue sin un Plan de Conectividad de Internet\\u00bb\",\"author\":{\"@id\":\"https:\\\/\\\/candas365.es\\\/noticias\\\/author\\\/admin\\\/#author\"},\"publisher\":{\"@id\":\"https:\\\/\\\/candas365.es\\\/noticias\\\/#organization\"},\"image\":{\"@type\":\"ImageObject\",\"url\":\"https:\\\/\\\/candas365.es\\\/noticias\\\/wp-content\\\/uploads\\\/2017\\\/01\\\/carmen-fdz-FORO.jpg\",\"width\":655,\"height\":360},\"datePublished\":\"2018-07-12T12:29:26+02:00\",\"dateModified\":\"2018-07-12T12:29:26+02:00\",\"inLanguage\":\"es-ES\",\"mainEntityOfPage\":{\"@id\":\"https:\\\/\\\/candas365.es\\\/noticias\\\/carmen-fernandez-asturias-sigue-sin-un-plan-de-conectividad-de-internet\\\/#webpage\"},\"isPartOf\":{\"@id\":\"https:\\\/\\\/candas365.es\\\/noticias\\\/carmen-fernandez-asturias-sigue-sin-un-plan-de-conectividad-de-internet\\\/#webpage\"},\"articleSection\":\"Asturias\",\"dateline\":\"Publicado el julio 12, 2018.\"},{\"@type\":\"Organization\",\"@id\":\"https:\\\/\\\/candas365.es\\\/noticias\\\/#organization\",\"name\":\"Cand\\u00e1s 365\",\"description\":\"Cand\\u00e1s 365 es un diario digital independiente, fundado en 2012, con base en Asturias. Informamos con rigor sobre actualidad, sociedad, cultura y ocio, con una mirada local y global.\",\"url\":\"https:\\\/\\\/candas365.es\\\/noticias\\\/\",\"email\":\"info@candas365.es\",\"telephone\":\"+34652131393\",\"foundingDate\":\"2012-06-10\",\"logo\":{\"@type\":\"ImageObject\",\"url\":\"https:\\\/\\\/candas365.es\\\/noticias\\\/wp-content\\\/uploads\\\/2024\\\/09\\\/Candas-365-Redes.jpg\",\"@id\":\"https:\\\/\\\/candas365.es\\\/noticias\\\/carmen-fernandez-asturias-sigue-sin-un-plan-de-conectividad-de-internet\\\/#organizationLogo\",\"width\":1152,\"height\":864,\"caption\":\"Cand\\u00e1s 365 Redes\"},\"image\":{\"@id\":\"https:\\\/\\\/candas365.es\\\/noticias\\\/carmen-fernandez-asturias-sigue-sin-un-plan-de-conectividad-de-internet\\\/#organizationLogo\"},\"sameAs\":[\"https:\\\/\\\/www.facebook.com\\\/Nachofdezber\",\"https:\\\/\\\/x.com\\\/NabercoDigital\",\"https:\\\/\\\/www.instagram.com\\\/nachofdezber\\\/\",\"https:\\\/\\\/www.youtube.com\\\/channel\\\/UCZP-2wLEB9Rv6erhFmqVnvg\"],\"address\":{\"@id\":\"https:\\\/\\\/candas365.es\\\/noticias\\\/#postaladdress\",\"@type\":\"PostalAddress\",\"streetAddress\":\"san antonio 4, san antonio 4\",\"postalCode\":\"33430\",\"addressLocality\":\"Cand\\u00e1s\",\"addressRegion\":\"Asturias\",\"addressCountry\":\"ES\"}},{\"@type\":\"Person\",\"@id\":\"https:\\\/\\\/candas365.es\\\/noticias\\\/author\\\/admin\\\/#author\",\"url\":\"https:\\\/\\\/candas365.es\\\/noticias\\\/author\\\/admin\\\/\",\"name\":\"Cand\\u00e1s 365\",\"image\":{\"@type\":\"ImageObject\",\"@id\":\"https:\\\/\\\/candas365.es\\\/noticias\\\/carmen-fernandez-asturias-sigue-sin-un-plan-de-conectividad-de-internet\\\/#authorImage\",\"url\":\"https:\\\/\\\/secure.gravatar.com\\\/avatar\\\/496a8e03d0c493ede1718b7934145dbdf8d89be1036b0eec9544e1094c9de390?s=96&d=mm&r=g\",\"width\":96,\"height\":96,\"caption\":\"Cand\\u00e1s 365\"},\"sameAs\":[\"https:\\\/\\\/www.facebook.com\\\/carrenoactualidad\",\"https:\\\/\\\/twitter.com\\\/nbasturias\",\"https:\\\/\\\/www.instagram.com\\\/nachofdezber\\\/\",\"https:\\\/\\\/www.youtube.com\\\/channel\\\/UCZP-2wLEB9Rv6erhFmqVnvg\"]},{\"@type\":\"WebPage\",\"@id\":\"https:\\\/\\\/candas365.es\\\/noticias\\\/carmen-fernandez-asturias-sigue-sin-un-plan-de-conectividad-de-internet\\\/#webpage\",\"url\":\"https:\\\/\\\/candas365.es\\\/noticias\\\/carmen-fernandez-asturias-sigue-sin-un-plan-de-conectividad-de-internet\\\/\",\"name\":\"Carmen Fern\\u00e1ndez: \\u201cAsturias sigue sin un Plan de Conectividad de Internet\\u00bb | Cand\\u00e1s 365\",\"description\":\"La diputada de FORO y portavoz de Industria en la Junta General, Carmen Fern\\u00e1ndez, ha manifestado su preocupaci\\u00f3n por el incumplimiento por parte del Gobierno de Asturias de la Moci\\u00f3n aprobada en la C\\u00e1mara el pasado 23 de febrero de este a\\u00f1o por la que se instaba al Consejo de Gobierno a la presentaci\\u00f3n, para\",\"inLanguage\":\"es-ES\",\"isPartOf\":{\"@id\":\"https:\\\/\\\/candas365.es\\\/noticias\\\/#website\"},\"breadcrumb\":{\"@id\":\"https:\\\/\\\/candas365.es\\\/noticias\\\/carmen-fernandez-asturias-sigue-sin-un-plan-de-conectividad-de-internet\\\/#breadcrumblist\"},\"author\":{\"@id\":\"https:\\\/\\\/candas365.es\\\/noticias\\\/author\\\/admin\\\/#author\"},\"creator\":{\"@id\":\"https:\\\/\\\/candas365.es\\\/noticias\\\/author\\\/admin\\\/#author\"},\"image\":{\"@type\":\"ImageObject\",\"url\":\"https:\\\/\\\/candas365.es\\\/noticias\\\/wp-content\\\/uploads\\\/2017\\\/01\\\/carmen-fdz-FORO.jpg\",\"@id\":\"https:\\\/\\\/candas365.es\\\/noticias\\\/carmen-fernandez-asturias-sigue-sin-un-plan-de-conectividad-de-internet\\\/#mainImage\",\"width\":655,\"height\":360},\"primaryImageOfPage\":{\"@id\":\"https:\\\/\\\/candas365.es\\\/noticias\\\/carmen-fernandez-asturias-sigue-sin-un-plan-de-conectividad-de-internet\\\/#mainImage\"},\"datePublished\":\"2018-07-12T12:29:26+02:00\",\"dateModified\":\"2018-07-12T12:29:26+02:00\"},{\"@type\":\"WebSite\",\"@id\":\"https:\\\/\\\/candas365.es\\\/noticias\\\/#website\",\"url\":\"https:\\\/\\\/candas365.es\\\/noticias\\\/\",\"name\":\"Cand\\u00e1s 365\",\"alternateName\":\"Cand\\u00e1s 365 Noticias\",\"description\":\"Actualidad desde Carre\\u00f1o para el mundo\",\"inLanguage\":\"es-ES\",\"publisher\":{\"@id\":\"https:\\\/\\\/candas365.es\\\/noticias\\\/#organization\"}}]}\n\t\t<\/script>\n\t\t<!-- All in One SEO Pro -->\r\n\t\t<title>Carmen Fern\u00e1ndez: \u201cAsturias sigue sin un Plan de Conectividad de Internet\u00bb | Cand\u00e1s 365<\/title>\n\n","aioseo_head_json":{"title":"Carmen Fern\u00e1ndez: \u201cAsturias sigue sin un Plan de Conectividad de Internet\u00bb | Cand\u00e1s 365","description":"La diputada de FORO y portavoz de Industria en la Junta General, Carmen Fern\u00e1ndez, ha manifestado su preocupaci\u00f3n por el incumplimiento por parte del Gobierno de Asturias de la Moci\u00f3n aprobada en la C\u00e1mara el pasado 23 de febrero de este a\u00f1o por la que se instaba al Consejo de Gobierno a la presentaci\u00f3n, para","canonical_url":"https:\/\/candas365.es\/noticias\/carmen-fernandez-asturias-sigue-sin-un-plan-de-conectividad-de-internet\/","robots":"max-image-preview:large","keywords":"asturias","webmasterTools":{"google-site-verification":"UA-32230408-1","msvalidate.01":"354F3CDFB2DA171B47FBE9ABF1F88D5","miscellaneous":""},"schema":{"@context":"https:\/\/schema.org","@graph":[{"@type":"BreadcrumbList","@id":"https:\/\/candas365.es\/noticias\/carmen-fernandez-asturias-sigue-sin-un-plan-de-conectividad-de-internet\/#breadcrumblist","itemListElement":[{"@type":"ListItem","@id":"https:\/\/candas365.es\/noticias#listItem","position":1,"name":"Home","item":"https:\/\/candas365.es\/noticias","nextItem":{"@type":"ListItem","@id":"https:\/\/candas365.es\/noticias\/category\/asturias\/#listItem","name":"Asturias"}},{"@type":"ListItem","@id":"https:\/\/candas365.es\/noticias\/category\/asturias\/#listItem","position":2,"name":"Asturias","item":"https:\/\/candas365.es\/noticias\/category\/asturias\/","nextItem":{"@type":"ListItem","@id":"https:\/\/candas365.es\/noticias\/carmen-fernandez-asturias-sigue-sin-un-plan-de-conectividad-de-internet\/#listItem","name":"Carmen Fern\u00e1ndez: \u201cAsturias sigue sin un Plan de Conectividad de Internet\u00bb"},"previousItem":{"@type":"ListItem","@id":"https:\/\/candas365.es\/noticias#listItem","name":"Home"}},{"@type":"ListItem","@id":"https:\/\/candas365.es\/noticias\/carmen-fernandez-asturias-sigue-sin-un-plan-de-conectividad-de-internet\/#listItem","position":3,"name":"Carmen Fern\u00e1ndez: \u201cAsturias sigue sin un Plan de Conectividad de Internet\u00bb","previousItem":{"@type":"ListItem","@id":"https:\/\/candas365.es\/noticias\/category\/asturias\/#listItem","name":"Asturias"}}]},{"@type":"NewsArticle","@id":"https:\/\/candas365.es\/noticias\/carmen-fernandez-asturias-sigue-sin-un-plan-de-conectividad-de-internet\/#newsarticle","name":"Carmen Fern\u00e1ndez: \u201cAsturias sigue sin un Plan de Conectividad de Internet\u00bb | Cand\u00e1s 365","headline":"Carmen Fern\u00e1ndez: \u201cAsturias sigue sin un Plan de Conectividad de Internet\u00bb","author":{"@id":"https:\/\/candas365.es\/noticias\/author\/admin\/#author"},"publisher":{"@id":"https:\/\/candas365.es\/noticias\/#organization"},"image":{"@type":"ImageObject","url":"https:\/\/candas365.es\/noticias\/wp-content\/uploads\/2017\/01\/carmen-fdz-FORO.jpg","width":655,"height":360},"datePublished":"2018-07-12T12:29:26+02:00","dateModified":"2018-07-12T12:29:26+02:00","inLanguage":"es-ES","mainEntityOfPage":{"@id":"https:\/\/candas365.es\/noticias\/carmen-fernandez-asturias-sigue-sin-un-plan-de-conectividad-de-internet\/#webpage"},"isPartOf":{"@id":"https:\/\/candas365.es\/noticias\/carmen-fernandez-asturias-sigue-sin-un-plan-de-conectividad-de-internet\/#webpage"},"articleSection":"Asturias","dateline":"Publicado el julio 12, 2018."},{"@type":"Organization","@id":"https:\/\/candas365.es\/noticias\/#organization","name":"Cand\u00e1s 365","description":"Cand\u00e1s 365 es un diario digital independiente, fundado en 2012, con base en Asturias. Informamos con rigor sobre actualidad, sociedad, cultura y ocio, con una mirada local y global.","url":"https:\/\/candas365.es\/noticias\/","email":"info@candas365.es","telephone":"+34652131393","foundingDate":"2012-06-10","logo":{"@type":"ImageObject","url":"https:\/\/candas365.es\/noticias\/wp-content\/uploads\/2024\/09\/Candas-365-Redes.jpg","@id":"https:\/\/candas365.es\/noticias\/carmen-fernandez-asturias-sigue-sin-un-plan-de-conectividad-de-internet\/#organizationLogo","width":1152,"height":864,"caption":"Cand\u00e1s 365 Redes"},"image":{"@id":"https:\/\/candas365.es\/noticias\/carmen-fernandez-asturias-sigue-sin-un-plan-de-conectividad-de-internet\/#organizationLogo"},"sameAs":["https:\/\/www.facebook.com\/Nachofdezber","https:\/\/x.com\/NabercoDigital","https:\/\/www.instagram.com\/nachofdezber\/","https:\/\/www.youtube.com\/channel\/UCZP-2wLEB9Rv6erhFmqVnvg"],"address":{"@id":"https:\/\/candas365.es\/noticias\/#postaladdress","@type":"PostalAddress","streetAddress":"san antonio 4, san antonio 4","postalCode":"33430","addressLocality":"Cand\u00e1s","addressRegion":"Asturias","addressCountry":"ES"}},{"@type":"Person","@id":"https:\/\/candas365.es\/noticias\/author\/admin\/#author","url":"https:\/\/candas365.es\/noticias\/author\/admin\/","name":"Cand\u00e1s 365","image":{"@type":"ImageObject","@id":"https:\/\/candas365.es\/noticias\/carmen-fernandez-asturias-sigue-sin-un-plan-de-conectividad-de-internet\/#authorImage","url":"https:\/\/secure.gravatar.com\/avatar\/496a8e03d0c493ede1718b7934145dbdf8d89be1036b0eec9544e1094c9de390?s=96&d=mm&r=g","width":96,"height":96,"caption":"Cand\u00e1s 365"},"sameAs":["https:\/\/www.facebook.com\/carrenoactualidad","https:\/\/twitter.com\/nbasturias","https:\/\/www.instagram.com\/nachofdezber\/","https:\/\/www.youtube.com\/channel\/UCZP-2wLEB9Rv6erhFmqVnvg"]},{"@type":"WebPage","@id":"https:\/\/candas365.es\/noticias\/carmen-fernandez-asturias-sigue-sin-un-plan-de-conectividad-de-internet\/#webpage","url":"https:\/\/candas365.es\/noticias\/carmen-fernandez-asturias-sigue-sin-un-plan-de-conectividad-de-internet\/","name":"Carmen Fern\u00e1ndez: \u201cAsturias sigue sin un Plan de Conectividad de Internet\u00bb | Cand\u00e1s 365","description":"La diputada de FORO y portavoz de Industria en la Junta General, Carmen Fern\u00e1ndez, ha manifestado su preocupaci\u00f3n por el incumplimiento por parte del Gobierno de Asturias de la Moci\u00f3n aprobada en la C\u00e1mara el pasado 23 de febrero de este a\u00f1o por la que se instaba al Consejo de Gobierno a la presentaci\u00f3n, para","inLanguage":"es-ES","isPartOf":{"@id":"https:\/\/candas365.es\/noticias\/#website"},"breadcrumb":{"@id":"https:\/\/candas365.es\/noticias\/carmen-fernandez-asturias-sigue-sin-un-plan-de-conectividad-de-internet\/#breadcrumblist"},"author":{"@id":"https:\/\/candas365.es\/noticias\/author\/admin\/#author"},"creator":{"@id":"https:\/\/candas365.es\/noticias\/author\/admin\/#author"},"image":{"@type":"ImageObject","url":"https:\/\/candas365.es\/noticias\/wp-content\/uploads\/2017\/01\/carmen-fdz-FORO.jpg","@id":"https:\/\/candas365.es\/noticias\/carmen-fernandez-asturias-sigue-sin-un-plan-de-conectividad-de-internet\/#mainImage","width":655,"height":360},"primaryImageOfPage":{"@id":"https:\/\/candas365.es\/noticias\/carmen-fernandez-asturias-sigue-sin-un-plan-de-conectividad-de-internet\/#mainImage"},"datePublished":"2018-07-12T12:29:26+02:00","dateModified":"2018-07-12T12:29:26+02:00"},{"@type":"WebSite","@id":"https:\/\/candas365.es\/noticias\/#website","url":"https:\/\/candas365.es\/noticias\/","name":"Cand\u00e1s 365","alternateName":"Cand\u00e1s 365 Noticias","description":"Actualidad desde Carre\u00f1o para el mundo","inLanguage":"es-ES","publisher":{"@id":"https:\/\/candas365.es\/noticias\/#organization"}}]},"og:locale":"es_ES","og:site_name":"Cand\u00e1s 365","og:type":"article","og:title":"Carmen Fern\u00e1ndez: \u201cAsturias sigue sin un Plan de Conectividad de Internet\u00bb | Cand\u00e1s 365","og:description":"La diputada de FORO y portavoz de Industria en la Junta General, Carmen Fern\u00e1ndez, ha manifestado su preocupaci\u00f3n por el incumplimiento por parte del Gobierno de Asturias de la Moci\u00f3n aprobada en la C\u00e1mara el pasado 23 de febrero de este a\u00f1o por la que se instaba al Consejo de Gobierno a la presentaci\u00f3n, para","og:url":"https:\/\/candas365.es\/noticias\/carmen-fernandez-asturias-sigue-sin-un-plan-de-conectividad-de-internet\/","og:image":"https:\/\/candas365.es\/noticias\/wp-content\/uploads\/2017\/01\/carmen-fdz-FORO.jpg","og:image:secure_url":"https:\/\/candas365.es\/noticias\/wp-content\/uploads\/2017\/01\/carmen-fdz-FORO.jpg","og:image:width":655,"og:image:height":360,"article:published_time":"2018-07-12T12:29:26+00:00","article:modified_time":"2018-07-12T12:29:26+00:00","article:publisher":"https:\/\/www.facebook.com\/Nachofdezber","article:author":"https:\/\/www.facebook.com\/carrenoactualidad","twitter:card":"summary_large_image","twitter:site":"@NabercoDigital","twitter:title":"Carmen Fern\u00e1ndez: \u201cAsturias sigue sin un Plan de Conectividad de Internet\u00bb | Cand\u00e1s 365","twitter:description":"La diputada de FORO y portavoz de Industria en la Junta General, Carmen Fern\u00e1ndez, ha manifestado su preocupaci\u00f3n por el incumplimiento por parte del Gobierno de Asturias de la Moci\u00f3n aprobada en la C\u00e1mara el pasado 23 de febrero de este a\u00f1o por la que se instaba al Consejo de Gobierno a la presentaci\u00f3n, para","twitter:creator":"@nbasturias","twitter:image":"https:\/\/candas365.es\/noticias\/wp-content\/uploads\/2017\/01\/carmen-fdz-FORO.jpg","twitter:label1":"Escrito por","twitter:data1":"Cand\u00e1s 365","twitter:label2":"Tiempo de lectura estimado","twitter:data2":"2 minutos"},"aioseo_meta_data":{"post_id":"100254","title":null,"description":null,"keywords":null,"keyphrases":null,"primary_term":null,"canonical_url":null,"og_title":null,"og_description":null,"og_object_type":"default","og_image_type":"default","og_image_url":null,"og_image_width":null,"og_image_height":null,"og_image_custom_url":null,"og_image_custom_fields":null,"og_video":null,"og_custom_url":null,"og_article_section":null,"og_article_tags":null,"twitter_use_og":false,"twitter_card":"default","twitter_image_type":"default","twitter_image_url":null,"twitter_image_custom_url":null,"twitter_image_custom_fields":null,"twitter_title":null,"twitter_description":null,"schema":{"blockGraphs":[],"customGraphs":[],"default":{"data":{"Article":[],"Course":[],"Dataset":[],"FAQPage":[],"Movie":[],"Person":[],"Product":[],"ProductReview":[],"Car":[],"Recipe":[],"Service":[],"SoftwareApplication":[],"WebPage":[]},"graphName":"","isEnabled":true},"graphs":[],"defaultGraph":"","defaultPostTypeGraph":""},"schema_type":null,"schema_type_options":null,"pillar_content":false,"robots_default":true,"robots_noindex":false,"robots_noarchive":false,"robots_nosnippet":false,"robots_nofollow":false,"robots_noimageindex":false,"robots_noodp":false,"robots_notranslate":false,"robots_max_snippet":null,"robots_max_videopreview":null,"robots_max_imagepreview":"large","priority":null,"frequency":null,"location":null,"local_seo":null,"seo_analyzer_scan_date":"2025-08-27 08:19:13","breadcrumb_settings":null,"limit_modified_date":false,"reviewed_by":null,"open_ai":null,"ai":null,"created":"2020-12-21 11:48:57","updated":"2025-08-27 08:19:13"},"aioseo_breadcrumb":"<div class=\"aioseo-breadcrumbs\"><span class=\"aioseo-breadcrumb\">\n\t<a href=\"https:\/\/candas365.es\/noticias\" title=\"Home\">Home<\/a>\n<\/span><span class=\"aioseo-breadcrumb-separator\">&ndash;<\/span><span class=\"aioseo-breadcrumb\">\n\t<a href=\"https:\/\/candas365.es\/noticias\/category\/asturias\/\" title=\"Asturias\">Asturias<\/a>\n<\/span><span class=\"aioseo-breadcrumb-separator\">&ndash;<\/span><span class=\"aioseo-breadcrumb\">\n\tCarmen Fern\u00e1ndez: \u201cAsturias sigue sin un Plan de Conectividad de Internet\u00bb\n<\/span><\/div>","aioseo_breadcrumb_json":[{"label":"Home","link":"https:\/\/candas365.es\/noticias"},{"label":"Asturias","link":"https:\/\/candas365.es\/noticias\/category\/asturias\/"},{"label":"Carmen Fern\u00e1ndez: \u201cAsturias sigue sin un Plan de Conectividad de Internet\u00bb","link":"https:\/\/candas365.es\/noticias\/carmen-fernandez-asturias-sigue-sin-un-plan-de-conectividad-de-internet\/"}],"_links":{"self":[{"href":"https:\/\/candas365.es\/noticias\/wp-json\/wp\/v2\/posts\/100254","targetHints":{"allow":["GET"]}}],"collection":[{"href":"https:\/\/candas365.es\/noticias\/wp-json\/wp\/v2\/posts"}],"about":[{"href":"https:\/\/candas365.es\/noticias\/wp-json\/wp\/v2\/types\/post"}],"author":[{"embeddable":true,"href":"https:\/\/candas365.es\/noticias\/wp-json\/wp\/v2\/users\/1"}],"replies":[{"embeddable":true,"href":"https:\/\/candas365.es\/noticias\/wp-json\/wp\/v2\/comments?post=100254"}],"version-history":[{"count":0,"href":"https:\/\/candas365.es\/noticias\/wp-json\/wp\/v2\/posts\/100254\/revisions"}],"wp:featuredmedia":[{"embeddable":true,"href":"https:\/\/candas365.es\/noticias\/wp-json\/wp\/v2\/media\/40786"}],"wp:attachment":[{"href":"https:\/\/candas365.es\/noticias\/wp-json\/wp\/v2\/media?parent=100254"}],"wp:term":[{"taxonomy":"category","embeddable":true,"href":"https:\/\/candas365.es\/noticias\/wp-json\/wp\/v2\/categories?post=100254"},{"taxonomy":"post_tag","embeddable":true,"href":"https:\/\/candas365.es\/noticias\/wp-json\/wp\/v2\/tags?post=100254"}],"curies":[{"name":"wp","href":"https:\/\/api.w.org\/{rel}","templated":true}]}}