{"id":100252,"date":"2018-07-12T12:25:49","date_gmt":"2018-07-12T12:25:49","guid":{"rendered":"http:\/\/candas365.es\/noticias\/?p=100252"},"modified":"2018-07-12T12:25:49","modified_gmt":"2018-07-12T12:25:49","slug":"ciudadanos-pide-que-el-principado-se-implique-con-la-actividad-cientifica-del-botanico","status":"publish","type":"post","link":"https:\/\/candas365.es\/noticias\/ciudadanos-pide-que-el-principado-se-implique-con-la-actividad-cientifica-del-botanico\/","title":{"rendered":"Ciudadanos pide que el Principado se implique con la actividad cient\u00edfica del Bot\u00e1nico"},"content":{"rendered":"<p><img fetchpriority=\"high\" decoding=\"async\" class=\"alignleft size-medium wp-image-36778\" src=\"https:\/\/candas365.es\/noticias\/wp-content\/uploads\/2016\/11\/gijon-ayto-360x198.jpg\" alt=\"\" width=\"360\" height=\"198\" srcset=\"https:\/\/candas365.es\/noticias\/wp-content\/uploads\/2016\/11\/gijon-ayto-360x198.jpg 360w, https:\/\/candas365.es\/noticias\/wp-content\/uploads\/2016\/11\/gijon-ayto-650x357.jpg 650w, https:\/\/candas365.es\/noticias\/wp-content\/uploads\/2016\/11\/gijon-ayto-150x82.jpg 150w, https:\/\/candas365.es\/noticias\/wp-content\/uploads\/2016\/11\/gijon-ayto-450x247.jpg 450w, https:\/\/candas365.es\/noticias\/wp-content\/uploads\/2016\/11\/gijon-ayto.jpg 655w\" sizes=\"(max-width: 360px) 100vw, 360px\" \/>El portavoz del grupo municipal de Ciudadanos, Jos\u00e9 Carlos Fern\u00e1ndez, ha anunciado que su formaci\u00f3n a trav\u00e9s del portavoz de su Grupo Parlamentario en la Junta General del Principado, Nicanor Garc\u00eda, ha registrado una iniciativa con la que pretenden conocer si la Consejer\u00eda de Desarrollo Rural y Recursos Naturales tiene previsto colaborar con la actividad cient\u00edfica que se desarrolla en el Banco de Germoplasma del Jard\u00edn Bot\u00e1nico.<\/p>\n<p>As\u00ed, se\u00f1al\u00f3 la importancia que tiene este equipamiento cient\u00edfico, \u00fanico en Asturias, para la investigaci\u00f3n bot\u00e1nica y para la conservaci\u00f3n de semillas de gran valor para la preservaci\u00f3n de especies amenazadas o end\u00e9micas, principalmente de la Cordillera Cant\u00e1brica, y por lo tanto en la conservaci\u00f3n de la biodiversidad.<\/p>\n<p>Si bien record\u00f3 que su puesta en marcha fue fruto de un convenio entre el Ayuntamiento de Gij\u00f3n y el Gobierno del Principado de Asturias en el a\u00f1o 2004. Este pronto se desentendi\u00f3 del mismo dejando su financiaci\u00f3n y mantenimiento en manos \u00fanicamente del Ayuntamiento.<\/p>\n<p>Una labor que, adem\u00e1s, a juicio de Ciudadanos, no se est\u00e1 efectuando adecuadamente tal y como pusieron de manifiesto las sucesivas inundaciones que ha venido sufriendo y que han podido causar importantes da\u00f1os en la colecci\u00f3n, sin que se haya aportado ninguna soluci\u00f3n.<\/p>\n<p>Por eso, han vuelto a insistir en la necesidad de una nueva ubicaci\u00f3n para este equipamiento, lo que pasar\u00eda necesariamente por la construcci\u00f3n de un nuevo edificio en el Bot\u00e1nico para albergarlo, una inversi\u00f3n que el Ayuntamiento no puede asumir en solitario.<\/p>\n<p>Es por ello por lo que reclaman que el Gobierno del Principado vuelva a implicarse, se\u00f1alando que es, adem\u00e1s, la administraci\u00f3n que tiene las competencias en materia de investigaci\u00f3n y de conservaci\u00f3n de las especies y mantenimiento de la biodiversidad, \u201cpor lo que no hay ninguna excusa para su falta de implicaci\u00f3n\u201d.<\/p>\n<p>Por \u00faltimo, se lamentaron de que no se est\u00e9 cumpliendo con los t\u00e9rminos del convenio suscrito con la Universidad en abril del a\u00f1o pasado para el mantenimiento de su actividad cient\u00edfica, \u201cya que a fecha de hoy todav\u00eda no se ha seleccionado de forma definitiva ni a la direcci\u00f3n del equipo cient\u00edfico ni al conservador de acuerdo a los criterios establecidos en el propio convenio, puestos de trabajo clave para poder desarrollar con normalidad la actividad cient\u00edfica en este equipamiento\u201d.<\/p>\n<p>Todas estas cuestiones ponen de manifiesto para la formaci\u00f3n naranja la falta de compromiso tanto del Gobierno Local como del Auton\u00f3mico con la actividad investigadora y de conservaci\u00f3n que se ha venido desarrollando en el Jard\u00edn Bot\u00e1nico.<\/p>\n","protected":false},"excerpt":{"rendered":"<p>El portavoz del grupo municipal de Ciudadanos, Jos\u00e9 Carlos Fern\u00e1ndez, ha anunciado que su formaci\u00f3n a trav\u00e9s del portavoz de su Grupo Parlamentario en la Junta General del Principado, Nicanor Garc\u00eda, ha registrado una iniciativa con la que pretenden conocer si la Consejer\u00eda de Desarrollo Rural y Recursos Naturales tiene previsto colaborar con la actividad<\/p>\n","protected":false},"author":1,"featured_media":36778,"comment_status":"closed","ping_status":"closed","sticky":false,"template":"","format":"standard","meta":{"footnotes":""},"categories":[7],"tags":[],"class_list":{"0":"post-100252","1":"post","2":"type-post","3":"status-publish","4":"format-standard","5":"has-post-thumbnail","7":"category-asturias"},"aioseo_notices":[],"aioseo_head":"\n\t\t<!-- All in One SEO Pro 4.9.6.2 - aioseo.com -->\n\t<meta name=\"description\" content=\"El portavoz del grupo municipal de Ciudadanos, Jos\u00e9 Carlos Fern\u00e1ndez, ha anunciado que su formaci\u00f3n a trav\u00e9s del portavoz de su Grupo Parlamentario en la Junta General del Principado, Nicanor Garc\u00eda, ha registrado una iniciativa con la que pretenden conocer si la Consejer\u00eda de Desarrollo Rural y Recursos Naturales tiene previsto colaborar con la actividad\" \/>\n\t<meta name=\"robots\" content=\"max-image-preview:large\" \/>\n\t<meta name=\"author\" content=\"Cand\u00e1s 365\"\/>\n\t<meta name=\"google-site-verification\" content=\"UA-32230408-1\" \/>\n\t<meta name=\"msvalidate.01\" content=\"354F3CDFB2DA171B47FBE9ABF1F88D5\" \/>\n\t<meta name=\"keywords\" content=\"asturias\" \/>\n\t<link rel=\"canonical\" href=\"https:\/\/candas365.es\/noticias\/ciudadanos-pide-que-el-principado-se-implique-con-la-actividad-cientifica-del-botanico\/\" \/>\n\t<meta name=\"generator\" content=\"All in One SEO Pro (AIOSEO) 4.9.6.2\" \/>\n\t\t<meta property=\"og:locale\" content=\"es_ES\" \/>\n\t\t<meta property=\"og:site_name\" content=\"Cand\u00e1s 365\" \/>\n\t\t<meta property=\"og:type\" content=\"article\" \/>\n\t\t<meta property=\"og:title\" content=\"Ciudadanos pide que el Principado se implique con la actividad cient\u00edfica del Bot\u00e1nico | Cand\u00e1s 365\" \/>\n\t\t<meta property=\"og:description\" content=\"El portavoz del grupo municipal de Ciudadanos, Jos\u00e9 Carlos Fern\u00e1ndez, ha anunciado que su formaci\u00f3n a trav\u00e9s del portavoz de su Grupo Parlamentario en la Junta General del Principado, Nicanor Garc\u00eda, ha registrado una iniciativa con la que pretenden conocer si la Consejer\u00eda de Desarrollo Rural y Recursos Naturales tiene previsto colaborar con la actividad\" \/>\n\t\t<meta property=\"og:url\" content=\"https:\/\/candas365.es\/noticias\/ciudadanos-pide-que-el-principado-se-implique-con-la-actividad-cientifica-del-botanico\/\" \/>\n\t\t<meta property=\"og:image\" content=\"https:\/\/candas365.es\/noticias\/wp-content\/uploads\/2016\/11\/gijon-ayto.jpg\" \/>\n\t\t<meta property=\"og:image:secure_url\" content=\"https:\/\/candas365.es\/noticias\/wp-content\/uploads\/2016\/11\/gijon-ayto.jpg\" \/>\n\t\t<meta property=\"og:image:width\" content=\"655\" \/>\n\t\t<meta property=\"og:image:height\" content=\"360\" \/>\n\t\t<meta property=\"article:published_time\" content=\"2018-07-12T12:25:49+00:00\" \/>\n\t\t<meta property=\"article:modified_time\" content=\"2018-07-12T12:25:49+00:00\" \/>\n\t\t<meta property=\"article:publisher\" content=\"https:\/\/www.facebook.com\/Nachofdezber\" \/>\n\t\t<meta property=\"article:author\" content=\"https:\/\/www.facebook.com\/carrenoactualidad\" \/>\n\t\t<meta name=\"twitter:card\" content=\"summary_large_image\" \/>\n\t\t<meta name=\"twitter:site\" content=\"@NabercoDigital\" \/>\n\t\t<meta name=\"twitter:title\" content=\"Ciudadanos pide que el Principado se implique con la actividad cient\u00edfica del Bot\u00e1nico | Cand\u00e1s 365\" \/>\n\t\t<meta name=\"twitter:description\" content=\"El portavoz del grupo municipal de Ciudadanos, Jos\u00e9 Carlos Fern\u00e1ndez, ha anunciado que su formaci\u00f3n a trav\u00e9s del portavoz de su Grupo Parlamentario en la Junta General del Principado, Nicanor Garc\u00eda, ha registrado una iniciativa con la que pretenden conocer si la Consejer\u00eda de Desarrollo Rural y Recursos Naturales tiene previsto colaborar con la actividad\" \/>\n\t\t<meta name=\"twitter:creator\" content=\"@nbasturias\" \/>\n\t\t<meta name=\"twitter:image\" content=\"https:\/\/candas365.es\/noticias\/wp-content\/uploads\/2016\/11\/gijon-ayto.jpg\" \/>\n\t\t<meta name=\"twitter:label1\" content=\"Escrito por\" \/>\n\t\t<meta name=\"twitter:data1\" content=\"Cand\u00e1s 365\" \/>\n\t\t<meta name=\"twitter:label2\" content=\"Tiempo de lectura estimado\" \/>\n\t\t<meta name=\"twitter:data2\" content=\"2 minutos\" \/>\n\t\t<script type=\"application\/ld+json\" class=\"aioseo-schema\">\n\t\t\t{\"@context\":\"https:\\\/\\\/schema.org\",\"@graph\":[{\"@type\":\"BreadcrumbList\",\"@id\":\"https:\\\/\\\/candas365.es\\\/noticias\\\/ciudadanos-pide-que-el-principado-se-implique-con-la-actividad-cientifica-del-botanico\\\/#breadcrumblist\",\"itemListElement\":[{\"@type\":\"ListItem\",\"@id\":\"https:\\\/\\\/candas365.es\\\/noticias#listItem\",\"position\":1,\"name\":\"Home\",\"item\":\"https:\\\/\\\/candas365.es\\\/noticias\",\"nextItem\":{\"@type\":\"ListItem\",\"@id\":\"https:\\\/\\\/candas365.es\\\/noticias\\\/category\\\/asturias\\\/#listItem\",\"name\":\"Asturias\"}},{\"@type\":\"ListItem\",\"@id\":\"https:\\\/\\\/candas365.es\\\/noticias\\\/category\\\/asturias\\\/#listItem\",\"position\":2,\"name\":\"Asturias\",\"item\":\"https:\\\/\\\/candas365.es\\\/noticias\\\/category\\\/asturias\\\/\",\"nextItem\":{\"@type\":\"ListItem\",\"@id\":\"https:\\\/\\\/candas365.es\\\/noticias\\\/ciudadanos-pide-que-el-principado-se-implique-con-la-actividad-cientifica-del-botanico\\\/#listItem\",\"name\":\"Ciudadanos pide que el Principado se implique con la actividad cient\\u00edfica del Bot\\u00e1nico\"},\"previousItem\":{\"@type\":\"ListItem\",\"@id\":\"https:\\\/\\\/candas365.es\\\/noticias#listItem\",\"name\":\"Home\"}},{\"@type\":\"ListItem\",\"@id\":\"https:\\\/\\\/candas365.es\\\/noticias\\\/ciudadanos-pide-que-el-principado-se-implique-con-la-actividad-cientifica-del-botanico\\\/#listItem\",\"position\":3,\"name\":\"Ciudadanos pide que el Principado se implique con la actividad cient\\u00edfica del Bot\\u00e1nico\",\"previousItem\":{\"@type\":\"ListItem\",\"@id\":\"https:\\\/\\\/candas365.es\\\/noticias\\\/category\\\/asturias\\\/#listItem\",\"name\":\"Asturias\"}}]},{\"@type\":\"NewsArticle\",\"@id\":\"https:\\\/\\\/candas365.es\\\/noticias\\\/ciudadanos-pide-que-el-principado-se-implique-con-la-actividad-cientifica-del-botanico\\\/#newsarticle\",\"name\":\"Ciudadanos pide que el Principado se implique con la actividad cient\\u00edfica del Bot\\u00e1nico | Cand\\u00e1s 365\",\"headline\":\"Ciudadanos pide que el Principado se implique con la actividad cient\\u00edfica del Bot\\u00e1nico\",\"author\":{\"@id\":\"https:\\\/\\\/candas365.es\\\/noticias\\\/author\\\/admin\\\/#author\"},\"publisher\":{\"@id\":\"https:\\\/\\\/candas365.es\\\/noticias\\\/#organization\"},\"image\":{\"@type\":\"ImageObject\",\"url\":\"https:\\\/\\\/candas365.es\\\/noticias\\\/wp-content\\\/uploads\\\/2016\\\/11\\\/gijon-ayto.jpg\",\"width\":655,\"height\":360},\"datePublished\":\"2018-07-12T12:25:49+02:00\",\"dateModified\":\"2018-07-12T12:25:49+02:00\",\"inLanguage\":\"es-ES\",\"mainEntityOfPage\":{\"@id\":\"https:\\\/\\\/candas365.es\\\/noticias\\\/ciudadanos-pide-que-el-principado-se-implique-con-la-actividad-cientifica-del-botanico\\\/#webpage\"},\"isPartOf\":{\"@id\":\"https:\\\/\\\/candas365.es\\\/noticias\\\/ciudadanos-pide-que-el-principado-se-implique-con-la-actividad-cientifica-del-botanico\\\/#webpage\"},\"articleSection\":\"Asturias\",\"dateline\":\"Publicado el julio 12, 2018.\"},{\"@type\":\"Organization\",\"@id\":\"https:\\\/\\\/candas365.es\\\/noticias\\\/#organization\",\"name\":\"Cand\\u00e1s 365\",\"description\":\"Cand\\u00e1s 365 es un diario digital independiente, fundado en 2012, con base en Asturias. Informamos con rigor sobre actualidad, sociedad, cultura y ocio, con una mirada local y global.\",\"url\":\"https:\\\/\\\/candas365.es\\\/noticias\\\/\",\"email\":\"info@candas365.es\",\"telephone\":\"+34652131393\",\"foundingDate\":\"2012-06-10\",\"logo\":{\"@type\":\"ImageObject\",\"url\":\"https:\\\/\\\/candas365.es\\\/noticias\\\/wp-content\\\/uploads\\\/2024\\\/09\\\/Candas-365-Redes.jpg\",\"@id\":\"https:\\\/\\\/candas365.es\\\/noticias\\\/ciudadanos-pide-que-el-principado-se-implique-con-la-actividad-cientifica-del-botanico\\\/#organizationLogo\",\"width\":1152,\"height\":864,\"caption\":\"Cand\\u00e1s 365 Redes\"},\"image\":{\"@id\":\"https:\\\/\\\/candas365.es\\\/noticias\\\/ciudadanos-pide-que-el-principado-se-implique-con-la-actividad-cientifica-del-botanico\\\/#organizationLogo\"},\"sameAs\":[\"https:\\\/\\\/www.facebook.com\\\/Nachofdezber\",\"https:\\\/\\\/x.com\\\/NabercoDigital\",\"https:\\\/\\\/www.instagram.com\\\/nachofdezber\\\/\",\"https:\\\/\\\/www.youtube.com\\\/channel\\\/UCZP-2wLEB9Rv6erhFmqVnvg\"],\"address\":{\"@id\":\"https:\\\/\\\/candas365.es\\\/noticias\\\/#postaladdress\",\"@type\":\"PostalAddress\",\"streetAddress\":\"san antonio 4, san antonio 4\",\"postalCode\":\"33430\",\"addressLocality\":\"Cand\\u00e1s\",\"addressRegion\":\"Asturias\",\"addressCountry\":\"ES\"}},{\"@type\":\"Person\",\"@id\":\"https:\\\/\\\/candas365.es\\\/noticias\\\/author\\\/admin\\\/#author\",\"url\":\"https:\\\/\\\/candas365.es\\\/noticias\\\/author\\\/admin\\\/\",\"name\":\"Cand\\u00e1s 365\",\"image\":{\"@type\":\"ImageObject\",\"@id\":\"https:\\\/\\\/candas365.es\\\/noticias\\\/ciudadanos-pide-que-el-principado-se-implique-con-la-actividad-cientifica-del-botanico\\\/#authorImage\",\"url\":\"https:\\\/\\\/secure.gravatar.com\\\/avatar\\\/496a8e03d0c493ede1718b7934145dbdf8d89be1036b0eec9544e1094c9de390?s=96&d=mm&r=g\",\"width\":96,\"height\":96,\"caption\":\"Cand\\u00e1s 365\"},\"sameAs\":[\"https:\\\/\\\/www.facebook.com\\\/carrenoactualidad\",\"https:\\\/\\\/twitter.com\\\/nbasturias\",\"https:\\\/\\\/www.instagram.com\\\/nachofdezber\\\/\",\"https:\\\/\\\/www.youtube.com\\\/channel\\\/UCZP-2wLEB9Rv6erhFmqVnvg\"]},{\"@type\":\"WebPage\",\"@id\":\"https:\\\/\\\/candas365.es\\\/noticias\\\/ciudadanos-pide-que-el-principado-se-implique-con-la-actividad-cientifica-del-botanico\\\/#webpage\",\"url\":\"https:\\\/\\\/candas365.es\\\/noticias\\\/ciudadanos-pide-que-el-principado-se-implique-con-la-actividad-cientifica-del-botanico\\\/\",\"name\":\"Ciudadanos pide que el Principado se implique con la actividad cient\\u00edfica del Bot\\u00e1nico | Cand\\u00e1s 365\",\"description\":\"El portavoz del grupo municipal de Ciudadanos, Jos\\u00e9 Carlos Fern\\u00e1ndez, ha anunciado que su formaci\\u00f3n a trav\\u00e9s del portavoz de su Grupo Parlamentario en la Junta General del Principado, Nicanor Garc\\u00eda, ha registrado una iniciativa con la que pretenden conocer si la Consejer\\u00eda de Desarrollo Rural y Recursos Naturales tiene previsto colaborar con la actividad\",\"inLanguage\":\"es-ES\",\"isPartOf\":{\"@id\":\"https:\\\/\\\/candas365.es\\\/noticias\\\/#website\"},\"breadcrumb\":{\"@id\":\"https:\\\/\\\/candas365.es\\\/noticias\\\/ciudadanos-pide-que-el-principado-se-implique-con-la-actividad-cientifica-del-botanico\\\/#breadcrumblist\"},\"author\":{\"@id\":\"https:\\\/\\\/candas365.es\\\/noticias\\\/author\\\/admin\\\/#author\"},\"creator\":{\"@id\":\"https:\\\/\\\/candas365.es\\\/noticias\\\/author\\\/admin\\\/#author\"},\"image\":{\"@type\":\"ImageObject\",\"url\":\"https:\\\/\\\/candas365.es\\\/noticias\\\/wp-content\\\/uploads\\\/2016\\\/11\\\/gijon-ayto.jpg\",\"@id\":\"https:\\\/\\\/candas365.es\\\/noticias\\\/ciudadanos-pide-que-el-principado-se-implique-con-la-actividad-cientifica-del-botanico\\\/#mainImage\",\"width\":655,\"height\":360},\"primaryImageOfPage\":{\"@id\":\"https:\\\/\\\/candas365.es\\\/noticias\\\/ciudadanos-pide-que-el-principado-se-implique-con-la-actividad-cientifica-del-botanico\\\/#mainImage\"},\"datePublished\":\"2018-07-12T12:25:49+02:00\",\"dateModified\":\"2018-07-12T12:25:49+02:00\"},{\"@type\":\"WebSite\",\"@id\":\"https:\\\/\\\/candas365.es\\\/noticias\\\/#website\",\"url\":\"https:\\\/\\\/candas365.es\\\/noticias\\\/\",\"name\":\"Cand\\u00e1s 365\",\"alternateName\":\"Cand\\u00e1s 365 Noticias\",\"description\":\"Actualidad desde Carre\\u00f1o para el mundo\",\"inLanguage\":\"es-ES\",\"publisher\":{\"@id\":\"https:\\\/\\\/candas365.es\\\/noticias\\\/#organization\"}}]}\n\t\t<\/script>\n\t\t<!-- All in One SEO Pro -->\r\n\t\t<title>Ciudadanos pide que el Principado se implique con la actividad cient\u00edfica del Bot\u00e1nico | Cand\u00e1s 365<\/title>\n\n","aioseo_head_json":{"title":"Ciudadanos pide que el Principado se implique con la actividad cient\u00edfica del Bot\u00e1nico | Cand\u00e1s 365","description":"El portavoz del grupo municipal de Ciudadanos, Jos\u00e9 Carlos Fern\u00e1ndez, ha anunciado que su formaci\u00f3n a trav\u00e9s del portavoz de su Grupo Parlamentario en la Junta General del Principado, Nicanor Garc\u00eda, ha registrado una iniciativa con la que pretenden conocer si la Consejer\u00eda de Desarrollo Rural y Recursos Naturales tiene previsto colaborar con la actividad","canonical_url":"https:\/\/candas365.es\/noticias\/ciudadanos-pide-que-el-principado-se-implique-con-la-actividad-cientifica-del-botanico\/","robots":"max-image-preview:large","keywords":"asturias","webmasterTools":{"google-site-verification":"UA-32230408-1","msvalidate.01":"354F3CDFB2DA171B47FBE9ABF1F88D5","miscellaneous":""},"schema":{"@context":"https:\/\/schema.org","@graph":[{"@type":"BreadcrumbList","@id":"https:\/\/candas365.es\/noticias\/ciudadanos-pide-que-el-principado-se-implique-con-la-actividad-cientifica-del-botanico\/#breadcrumblist","itemListElement":[{"@type":"ListItem","@id":"https:\/\/candas365.es\/noticias#listItem","position":1,"name":"Home","item":"https:\/\/candas365.es\/noticias","nextItem":{"@type":"ListItem","@id":"https:\/\/candas365.es\/noticias\/category\/asturias\/#listItem","name":"Asturias"}},{"@type":"ListItem","@id":"https:\/\/candas365.es\/noticias\/category\/asturias\/#listItem","position":2,"name":"Asturias","item":"https:\/\/candas365.es\/noticias\/category\/asturias\/","nextItem":{"@type":"ListItem","@id":"https:\/\/candas365.es\/noticias\/ciudadanos-pide-que-el-principado-se-implique-con-la-actividad-cientifica-del-botanico\/#listItem","name":"Ciudadanos pide que el Principado se implique con la actividad cient\u00edfica del Bot\u00e1nico"},"previousItem":{"@type":"ListItem","@id":"https:\/\/candas365.es\/noticias#listItem","name":"Home"}},{"@type":"ListItem","@id":"https:\/\/candas365.es\/noticias\/ciudadanos-pide-que-el-principado-se-implique-con-la-actividad-cientifica-del-botanico\/#listItem","position":3,"name":"Ciudadanos pide que el Principado se implique con la actividad cient\u00edfica del Bot\u00e1nico","previousItem":{"@type":"ListItem","@id":"https:\/\/candas365.es\/noticias\/category\/asturias\/#listItem","name":"Asturias"}}]},{"@type":"NewsArticle","@id":"https:\/\/candas365.es\/noticias\/ciudadanos-pide-que-el-principado-se-implique-con-la-actividad-cientifica-del-botanico\/#newsarticle","name":"Ciudadanos pide que el Principado se implique con la actividad cient\u00edfica del Bot\u00e1nico | Cand\u00e1s 365","headline":"Ciudadanos pide que el Principado se implique con la actividad cient\u00edfica del Bot\u00e1nico","author":{"@id":"https:\/\/candas365.es\/noticias\/author\/admin\/#author"},"publisher":{"@id":"https:\/\/candas365.es\/noticias\/#organization"},"image":{"@type":"ImageObject","url":"https:\/\/candas365.es\/noticias\/wp-content\/uploads\/2016\/11\/gijon-ayto.jpg","width":655,"height":360},"datePublished":"2018-07-12T12:25:49+02:00","dateModified":"2018-07-12T12:25:49+02:00","inLanguage":"es-ES","mainEntityOfPage":{"@id":"https:\/\/candas365.es\/noticias\/ciudadanos-pide-que-el-principado-se-implique-con-la-actividad-cientifica-del-botanico\/#webpage"},"isPartOf":{"@id":"https:\/\/candas365.es\/noticias\/ciudadanos-pide-que-el-principado-se-implique-con-la-actividad-cientifica-del-botanico\/#webpage"},"articleSection":"Asturias","dateline":"Publicado el julio 12, 2018."},{"@type":"Organization","@id":"https:\/\/candas365.es\/noticias\/#organization","name":"Cand\u00e1s 365","description":"Cand\u00e1s 365 es un diario digital independiente, fundado en 2012, con base en Asturias. Informamos con rigor sobre actualidad, sociedad, cultura y ocio, con una mirada local y global.","url":"https:\/\/candas365.es\/noticias\/","email":"info@candas365.es","telephone":"+34652131393","foundingDate":"2012-06-10","logo":{"@type":"ImageObject","url":"https:\/\/candas365.es\/noticias\/wp-content\/uploads\/2024\/09\/Candas-365-Redes.jpg","@id":"https:\/\/candas365.es\/noticias\/ciudadanos-pide-que-el-principado-se-implique-con-la-actividad-cientifica-del-botanico\/#organizationLogo","width":1152,"height":864,"caption":"Cand\u00e1s 365 Redes"},"image":{"@id":"https:\/\/candas365.es\/noticias\/ciudadanos-pide-que-el-principado-se-implique-con-la-actividad-cientifica-del-botanico\/#organizationLogo"},"sameAs":["https:\/\/www.facebook.com\/Nachofdezber","https:\/\/x.com\/NabercoDigital","https:\/\/www.instagram.com\/nachofdezber\/","https:\/\/www.youtube.com\/channel\/UCZP-2wLEB9Rv6erhFmqVnvg"],"address":{"@id":"https:\/\/candas365.es\/noticias\/#postaladdress","@type":"PostalAddress","streetAddress":"san antonio 4, san antonio 4","postalCode":"33430","addressLocality":"Cand\u00e1s","addressRegion":"Asturias","addressCountry":"ES"}},{"@type":"Person","@id":"https:\/\/candas365.es\/noticias\/author\/admin\/#author","url":"https:\/\/candas365.es\/noticias\/author\/admin\/","name":"Cand\u00e1s 365","image":{"@type":"ImageObject","@id":"https:\/\/candas365.es\/noticias\/ciudadanos-pide-que-el-principado-se-implique-con-la-actividad-cientifica-del-botanico\/#authorImage","url":"https:\/\/secure.gravatar.com\/avatar\/496a8e03d0c493ede1718b7934145dbdf8d89be1036b0eec9544e1094c9de390?s=96&d=mm&r=g","width":96,"height":96,"caption":"Cand\u00e1s 365"},"sameAs":["https:\/\/www.facebook.com\/carrenoactualidad","https:\/\/twitter.com\/nbasturias","https:\/\/www.instagram.com\/nachofdezber\/","https:\/\/www.youtube.com\/channel\/UCZP-2wLEB9Rv6erhFmqVnvg"]},{"@type":"WebPage","@id":"https:\/\/candas365.es\/noticias\/ciudadanos-pide-que-el-principado-se-implique-con-la-actividad-cientifica-del-botanico\/#webpage","url":"https:\/\/candas365.es\/noticias\/ciudadanos-pide-que-el-principado-se-implique-con-la-actividad-cientifica-del-botanico\/","name":"Ciudadanos pide que el Principado se implique con la actividad cient\u00edfica del Bot\u00e1nico | Cand\u00e1s 365","description":"El portavoz del grupo municipal de Ciudadanos, Jos\u00e9 Carlos Fern\u00e1ndez, ha anunciado que su formaci\u00f3n a trav\u00e9s del portavoz de su Grupo Parlamentario en la Junta General del Principado, Nicanor Garc\u00eda, ha registrado una iniciativa con la que pretenden conocer si la Consejer\u00eda de Desarrollo Rural y Recursos Naturales tiene previsto colaborar con la actividad","inLanguage":"es-ES","isPartOf":{"@id":"https:\/\/candas365.es\/noticias\/#website"},"breadcrumb":{"@id":"https:\/\/candas365.es\/noticias\/ciudadanos-pide-que-el-principado-se-implique-con-la-actividad-cientifica-del-botanico\/#breadcrumblist"},"author":{"@id":"https:\/\/candas365.es\/noticias\/author\/admin\/#author"},"creator":{"@id":"https:\/\/candas365.es\/noticias\/author\/admin\/#author"},"image":{"@type":"ImageObject","url":"https:\/\/candas365.es\/noticias\/wp-content\/uploads\/2016\/11\/gijon-ayto.jpg","@id":"https:\/\/candas365.es\/noticias\/ciudadanos-pide-que-el-principado-se-implique-con-la-actividad-cientifica-del-botanico\/#mainImage","width":655,"height":360},"primaryImageOfPage":{"@id":"https:\/\/candas365.es\/noticias\/ciudadanos-pide-que-el-principado-se-implique-con-la-actividad-cientifica-del-botanico\/#mainImage"},"datePublished":"2018-07-12T12:25:49+02:00","dateModified":"2018-07-12T12:25:49+02:00"},{"@type":"WebSite","@id":"https:\/\/candas365.es\/noticias\/#website","url":"https:\/\/candas365.es\/noticias\/","name":"Cand\u00e1s 365","alternateName":"Cand\u00e1s 365 Noticias","description":"Actualidad desde Carre\u00f1o para el mundo","inLanguage":"es-ES","publisher":{"@id":"https:\/\/candas365.es\/noticias\/#organization"}}]},"og:locale":"es_ES","og:site_name":"Cand\u00e1s 365","og:type":"article","og:title":"Ciudadanos pide que el Principado se implique con la actividad cient\u00edfica del Bot\u00e1nico | Cand\u00e1s 365","og:description":"El portavoz del grupo municipal de Ciudadanos, Jos\u00e9 Carlos Fern\u00e1ndez, ha anunciado que su formaci\u00f3n a trav\u00e9s del portavoz de su Grupo Parlamentario en la Junta General del Principado, Nicanor Garc\u00eda, ha registrado una iniciativa con la que pretenden conocer si la Consejer\u00eda de Desarrollo Rural y Recursos Naturales tiene previsto colaborar con la actividad","og:url":"https:\/\/candas365.es\/noticias\/ciudadanos-pide-que-el-principado-se-implique-con-la-actividad-cientifica-del-botanico\/","og:image":"https:\/\/candas365.es\/noticias\/wp-content\/uploads\/2016\/11\/gijon-ayto.jpg","og:image:secure_url":"https:\/\/candas365.es\/noticias\/wp-content\/uploads\/2016\/11\/gijon-ayto.jpg","og:image:width":655,"og:image:height":360,"article:published_time":"2018-07-12T12:25:49+00:00","article:modified_time":"2018-07-12T12:25:49+00:00","article:publisher":"https:\/\/www.facebook.com\/Nachofdezber","article:author":"https:\/\/www.facebook.com\/carrenoactualidad","twitter:card":"summary_large_image","twitter:site":"@NabercoDigital","twitter:title":"Ciudadanos pide que el Principado se implique con la actividad cient\u00edfica del Bot\u00e1nico | Cand\u00e1s 365","twitter:description":"El portavoz del grupo municipal de Ciudadanos, Jos\u00e9 Carlos Fern\u00e1ndez, ha anunciado que su formaci\u00f3n a trav\u00e9s del portavoz de su Grupo Parlamentario en la Junta General del Principado, Nicanor Garc\u00eda, ha registrado una iniciativa con la que pretenden conocer si la Consejer\u00eda de Desarrollo Rural y Recursos Naturales tiene previsto colaborar con la actividad","twitter:creator":"@nbasturias","twitter:image":"https:\/\/candas365.es\/noticias\/wp-content\/uploads\/2016\/11\/gijon-ayto.jpg","twitter:label1":"Escrito por","twitter:data1":"Cand\u00e1s 365","twitter:label2":"Tiempo de lectura estimado","twitter:data2":"2 minutos"},"aioseo_meta_data":{"post_id":"100252","title":null,"description":null,"keywords":null,"keyphrases":null,"primary_term":null,"canonical_url":null,"og_title":null,"og_description":null,"og_object_type":"default","og_image_type":"default","og_image_url":null,"og_image_width":null,"og_image_height":null,"og_image_custom_url":null,"og_image_custom_fields":null,"og_video":null,"og_custom_url":null,"og_article_section":null,"og_article_tags":null,"twitter_use_og":false,"twitter_card":"default","twitter_image_type":"default","twitter_image_url":null,"twitter_image_custom_url":null,"twitter_image_custom_fields":null,"twitter_title":null,"twitter_description":null,"schema":{"blockGraphs":[],"customGraphs":[],"default":{"data":{"Article":[],"Course":[],"Dataset":[],"FAQPage":[],"Movie":[],"Person":[],"Product":[],"ProductReview":[],"Car":[],"Recipe":[],"Service":[],"SoftwareApplication":[],"WebPage":[]},"graphName":"","isEnabled":true},"graphs":[],"defaultGraph":"","defaultPostTypeGraph":""},"schema_type":null,"schema_type_options":null,"pillar_content":false,"robots_default":true,"robots_noindex":false,"robots_noarchive":false,"robots_nosnippet":false,"robots_nofollow":false,"robots_noimageindex":false,"robots_noodp":false,"robots_notranslate":false,"robots_max_snippet":null,"robots_max_videopreview":null,"robots_max_imagepreview":"large","priority":null,"frequency":null,"location":null,"local_seo":null,"seo_analyzer_scan_date":"2025-08-27 08:17:26","breadcrumb_settings":null,"limit_modified_date":false,"reviewed_by":null,"open_ai":null,"ai":null,"created":"2020-12-21 11:48:57","updated":"2025-08-27 08:17:26"},"aioseo_breadcrumb":"<div class=\"aioseo-breadcrumbs\"><span class=\"aioseo-breadcrumb\">\n\t<a href=\"https:\/\/candas365.es\/noticias\" title=\"Home\">Home<\/a>\n<\/span><span class=\"aioseo-breadcrumb-separator\">&ndash;<\/span><span class=\"aioseo-breadcrumb\">\n\t<a href=\"https:\/\/candas365.es\/noticias\/category\/asturias\/\" title=\"Asturias\">Asturias<\/a>\n<\/span><span class=\"aioseo-breadcrumb-separator\">&ndash;<\/span><span class=\"aioseo-breadcrumb\">\n\tCiudadanos pide que el Principado se implique con la actividad cient\u00edfica del Bot\u00e1nico\n<\/span><\/div>","aioseo_breadcrumb_json":[{"label":"Home","link":"https:\/\/candas365.es\/noticias"},{"label":"Asturias","link":"https:\/\/candas365.es\/noticias\/category\/asturias\/"},{"label":"Ciudadanos pide que el Principado se implique con la actividad cient\u00edfica del Bot\u00e1nico","link":"https:\/\/candas365.es\/noticias\/ciudadanos-pide-que-el-principado-se-implique-con-la-actividad-cientifica-del-botanico\/"}],"_links":{"self":[{"href":"https:\/\/candas365.es\/noticias\/wp-json\/wp\/v2\/posts\/100252","targetHints":{"allow":["GET"]}}],"collection":[{"href":"https:\/\/candas365.es\/noticias\/wp-json\/wp\/v2\/posts"}],"about":[{"href":"https:\/\/candas365.es\/noticias\/wp-json\/wp\/v2\/types\/post"}],"author":[{"embeddable":true,"href":"https:\/\/candas365.es\/noticias\/wp-json\/wp\/v2\/users\/1"}],"replies":[{"embeddable":true,"href":"https:\/\/candas365.es\/noticias\/wp-json\/wp\/v2\/comments?post=100252"}],"version-history":[{"count":0,"href":"https:\/\/candas365.es\/noticias\/wp-json\/wp\/v2\/posts\/100252\/revisions"}],"wp:featuredmedia":[{"embeddable":true,"href":"https:\/\/candas365.es\/noticias\/wp-json\/wp\/v2\/media\/36778"}],"wp:attachment":[{"href":"https:\/\/candas365.es\/noticias\/wp-json\/wp\/v2\/media?parent=100252"}],"wp:term":[{"taxonomy":"category","embeddable":true,"href":"https:\/\/candas365.es\/noticias\/wp-json\/wp\/v2\/categories?post=100252"},{"taxonomy":"post_tag","embeddable":true,"href":"https:\/\/candas365.es\/noticias\/wp-json\/wp\/v2\/tags?post=100252"}],"curies":[{"name":"wp","href":"https:\/\/api.w.org\/{rel}","templated":true}]}}