{"id":100242,"date":"2018-07-12T03:36:53","date_gmt":"2018-07-12T03:36:53","guid":{"rendered":"http:\/\/candas365.es\/noticias\/?p=100242"},"modified":"2018-07-12T03:36:53","modified_gmt":"2018-07-12T03:36:53","slug":"nuevos-controles-para-los-piensos-y-alimentos-asturianos","status":"publish","type":"post","link":"https:\/\/candas365.es\/noticias\/nuevos-controles-para-los-piensos-y-alimentos-asturianos\/","title":{"rendered":"Nuevos controles para los piensos y alimentos asturianos"},"content":{"rendered":"<p><img fetchpriority=\"high\" decoding=\"async\" class=\"alignleft size-medium wp-image-100243\" src=\"https:\/\/candas365.es\/noticias\/wp-content\/uploads\/2018\/07\/Reunion-consejo-calidad-y-seguridad-alimentaria-360x270.jpg\" alt=\"\" width=\"360\" height=\"270\" srcset=\"https:\/\/candas365.es\/noticias\/wp-content\/uploads\/2018\/07\/Reunion-consejo-calidad-y-seguridad-alimentaria-360x270.jpg 360w, https:\/\/candas365.es\/noticias\/wp-content\/uploads\/2018\/07\/Reunion-consejo-calidad-y-seguridad-alimentaria-768x576.jpg 768w, https:\/\/candas365.es\/noticias\/wp-content\/uploads\/2018\/07\/Reunion-consejo-calidad-y-seguridad-alimentaria-640x480.jpg 640w, https:\/\/candas365.es\/noticias\/wp-content\/uploads\/2018\/07\/Reunion-consejo-calidad-y-seguridad-alimentaria-80x60.jpg 80w, https:\/\/candas365.es\/noticias\/wp-content\/uploads\/2018\/07\/Reunion-consejo-calidad-y-seguridad-alimentaria-265x198.jpg 265w, https:\/\/candas365.es\/noticias\/wp-content\/uploads\/2018\/07\/Reunion-consejo-calidad-y-seguridad-alimentaria-696x522.jpg 696w, https:\/\/candas365.es\/noticias\/wp-content\/uploads\/2018\/07\/Reunion-consejo-calidad-y-seguridad-alimentaria-1068x801.jpg 1068w, https:\/\/candas365.es\/noticias\/wp-content\/uploads\/2018\/07\/Reunion-consejo-calidad-y-seguridad-alimentaria-560x420.jpg 560w, https:\/\/candas365.es\/noticias\/wp-content\/uploads\/2018\/07\/Reunion-consejo-calidad-y-seguridad-alimentaria.jpg 1280w\" sizes=\"(max-width: 360px) 100vw, 360px\" \/>El II Plan Coordinado de Control de la Cadena Alimentaria 2018-2020 permitir\u00e1 al Principado reforzar los controles sobre los alimentos y los piensos que se comercializan, desde la producci\u00f3n primaria hasta el consumo. El documento, cuya finalidad es mejorar la protecci\u00f3n de la salud y los intereses de los consumidores, contribuye a reforzar los mecanismos de cooperaci\u00f3n y coordinaci\u00f3n entre administraciones.<\/p>\n<p>El texto recoge las l\u00edneas generales de actuaci\u00f3n del Gobierno de Asturias en materia de seguridad y calidad alimentaria para los pr\u00f3ximos a\u00f1os e incorpora las pol\u00edticas y estrategias auton\u00f3micas en este \u00e1mbito. Adem\u00e1s, adapta a la realidad asturiana las directrices establecidas a nivel europeo y las previstas en el III Plan Nacional del Control de la Cadena Alimentaria de Espa\u00f1a 2016-2020.<\/p>\n<p>El plan fija los controles y mecanismos necesarios para verificar el cumplimiento de la legislaci\u00f3n relacionada con los alimentos, los piensos, la sanidad animal y vegetal, el bienestar de los animales, la gesti\u00f3n de subproductos de animales no destinados al consumo humano, la calidad comercial de los alimentos y la calidad diferenciada, as\u00ed como la agricultura ecol\u00f3gica. Tambi\u00e9n incorpora actuaciones encaminadas a la promoci\u00f3n de la salud y el fomento de h\u00e1bitos saludables, adem\u00e1s de actividades de formaci\u00f3n de los consumidores sobre temas alimentaci\u00f3n.<\/p>\n<p>En la elaboraci\u00f3n del documento han participado todos los organismos y entidades dependientes de las consejer\u00edas de Sanidad y Desarrollo Rural y Recursos Naturales que intervienen, directa o indirectamente, en la seguridad y calidad de los alimentos y los piensos en Asturias.<\/p>\n<p>Un censo de 12.000 empresas alimentarias<\/p>\n<p>En el Principado existen m\u00e1s de 12.000 empresas alimentarias -incluidos comercios minoristas y hosteler\u00eda y restauraci\u00f3n-, de las que m\u00e1s del 90% son microempresas. Estas firmas dan trabajo a m\u00e1s de 50.000 personas, lo que supone, aproximadamente, el 25% del empleo regional. Se trata de uno de los sectores m\u00e1s importantes de la comunidad, junto con los servicios y la industria, y genera un volumen de negocio pr\u00f3ximo a los 2.000 millones. Esto supone el 14% de las ventas de la industria asturiana y, a nivel nacional, el 2% de las ventas de la industria alimentaria.<\/p>\n<p>El nuevo plan ha sido uno de los asuntos analizados por el Consejo de Calidad y Seguridad Alimentaria, que esta tarde ha celebrado su reuni\u00f3n constitutiva. Este \u00f3rgano colegiado de participaci\u00f3n, asesoramiento y consulta est\u00e1 integrado por representantes de todos los sectores de la cadena alimentaria y las autoridades encargadas de su control.<\/p>\n<p>Tambi\u00e9n se han presentado al consejo los primeros datos de evaluaci\u00f3n del I Plan Coordinado 2015, que recoge que se sometieron a controles 46.712 operadores de la cadena alimentaria. De ellos, 10.102 fueron empresas alimentarias sobre las que se efectuaron 13.120 inspecciones oficiales y se tomaron 1.039 muestras para su an\u00e1lisis en el laboratorio.<\/p>\n<p>La informaci\u00f3n detallada sobre las actuaciones realizadas en cada sector y el grado de cumplimiento de la normativa se recoge en el informe que se encuentra disponible en el portal de seguridad alimentaria<\/p>\n","protected":false},"excerpt":{"rendered":"<p>El II Plan Coordinado de Control de la Cadena Alimentaria 2018-2020 permitir\u00e1 al Principado reforzar los controles sobre los alimentos y los piensos que se comercializan, desde la producci\u00f3n primaria hasta el consumo. El documento, cuya finalidad es mejorar la protecci\u00f3n de la salud y los intereses de los consumidores, contribuye a reforzar los mecanismos<\/p>\n","protected":false},"author":1,"featured_media":100243,"comment_status":"closed","ping_status":"closed","sticky":false,"template":"","format":"standard","meta":{"footnotes":""},"categories":[7],"tags":[],"class_list":{"0":"post-100242","1":"post","2":"type-post","3":"status-publish","4":"format-standard","5":"has-post-thumbnail","7":"category-asturias"},"aioseo_notices":[],"aioseo_head":"\n\t\t<!-- All in One SEO Pro 4.9.6.2 - aioseo.com -->\n\t<meta name=\"description\" content=\"El II Plan Coordinado de Control de la Cadena Alimentaria 2018-2020 permitir\u00e1 al Principado reforzar los controles sobre los alimentos y los piensos que se comercializan, desde la producci\u00f3n primaria hasta el consumo. El documento, cuya finalidad es mejorar la protecci\u00f3n de la salud y los intereses de los consumidores, contribuye a reforzar los mecanismos\" \/>\n\t<meta name=\"robots\" content=\"max-image-preview:large\" \/>\n\t<meta name=\"author\" content=\"Cand\u00e1s 365\"\/>\n\t<meta name=\"google-site-verification\" content=\"UA-32230408-1\" \/>\n\t<meta name=\"msvalidate.01\" content=\"354F3CDFB2DA171B47FBE9ABF1F88D5\" \/>\n\t<meta name=\"keywords\" content=\"asturias\" \/>\n\t<link rel=\"canonical\" href=\"https:\/\/candas365.es\/noticias\/nuevos-controles-para-los-piensos-y-alimentos-asturianos\/\" \/>\n\t<meta name=\"generator\" content=\"All in One SEO Pro (AIOSEO) 4.9.6.2\" \/>\n\t\t<meta property=\"og:locale\" content=\"es_ES\" \/>\n\t\t<meta property=\"og:site_name\" content=\"Cand\u00e1s 365\" \/>\n\t\t<meta property=\"og:type\" content=\"article\" \/>\n\t\t<meta property=\"og:title\" content=\"Nuevos controles para los piensos y alimentos asturianos | Cand\u00e1s 365\" \/>\n\t\t<meta property=\"og:description\" content=\"El II Plan Coordinado de Control de la Cadena Alimentaria 2018-2020 permitir\u00e1 al Principado reforzar los controles sobre los alimentos y los piensos que se comercializan, desde la producci\u00f3n primaria hasta el consumo. El documento, cuya finalidad es mejorar la protecci\u00f3n de la salud y los intereses de los consumidores, contribuye a reforzar los mecanismos\" \/>\n\t\t<meta property=\"og:url\" content=\"https:\/\/candas365.es\/noticias\/nuevos-controles-para-los-piensos-y-alimentos-asturianos\/\" \/>\n\t\t<meta property=\"og:image\" content=\"https:\/\/candas365.es\/noticias\/wp-content\/uploads\/2018\/07\/Reunion-consejo-calidad-y-seguridad-alimentaria.jpg\" \/>\n\t\t<meta property=\"og:image:secure_url\" content=\"https:\/\/candas365.es\/noticias\/wp-content\/uploads\/2018\/07\/Reunion-consejo-calidad-y-seguridad-alimentaria.jpg\" \/>\n\t\t<meta property=\"og:image:width\" content=\"1280\" \/>\n\t\t<meta property=\"og:image:height\" content=\"960\" \/>\n\t\t<meta property=\"article:published_time\" content=\"2018-07-12T03:36:53+00:00\" \/>\n\t\t<meta property=\"article:modified_time\" content=\"2018-07-12T03:36:53+00:00\" \/>\n\t\t<meta property=\"article:publisher\" content=\"https:\/\/www.facebook.com\/Nachofdezber\" \/>\n\t\t<meta property=\"article:author\" content=\"https:\/\/www.facebook.com\/carrenoactualidad\" \/>\n\t\t<meta name=\"twitter:card\" content=\"summary_large_image\" \/>\n\t\t<meta name=\"twitter:site\" content=\"@NabercoDigital\" \/>\n\t\t<meta name=\"twitter:title\" content=\"Nuevos controles para los piensos y alimentos asturianos | Cand\u00e1s 365\" \/>\n\t\t<meta name=\"twitter:description\" content=\"El II Plan Coordinado de Control de la Cadena Alimentaria 2018-2020 permitir\u00e1 al Principado reforzar los controles sobre los alimentos y los piensos que se comercializan, desde la producci\u00f3n primaria hasta el consumo. El documento, cuya finalidad es mejorar la protecci\u00f3n de la salud y los intereses de los consumidores, contribuye a reforzar los mecanismos\" \/>\n\t\t<meta name=\"twitter:creator\" content=\"@nbasturias\" \/>\n\t\t<meta name=\"twitter:image\" content=\"https:\/\/candas365.es\/noticias\/wp-content\/uploads\/2018\/07\/Reunion-consejo-calidad-y-seguridad-alimentaria.jpg\" \/>\n\t\t<meta name=\"twitter:label1\" content=\"Escrito por\" \/>\n\t\t<meta name=\"twitter:data1\" content=\"Cand\u00e1s 365\" \/>\n\t\t<meta name=\"twitter:label2\" content=\"Tiempo de lectura estimado\" \/>\n\t\t<meta name=\"twitter:data2\" content=\"3 minutos\" \/>\n\t\t<script type=\"application\/ld+json\" class=\"aioseo-schema\">\n\t\t\t{\"@context\":\"https:\\\/\\\/schema.org\",\"@graph\":[{\"@type\":\"BreadcrumbList\",\"@id\":\"https:\\\/\\\/candas365.es\\\/noticias\\\/nuevos-controles-para-los-piensos-y-alimentos-asturianos\\\/#breadcrumblist\",\"itemListElement\":[{\"@type\":\"ListItem\",\"@id\":\"https:\\\/\\\/candas365.es\\\/noticias#listItem\",\"position\":1,\"name\":\"Home\",\"item\":\"https:\\\/\\\/candas365.es\\\/noticias\",\"nextItem\":{\"@type\":\"ListItem\",\"@id\":\"https:\\\/\\\/candas365.es\\\/noticias\\\/category\\\/asturias\\\/#listItem\",\"name\":\"Asturias\"}},{\"@type\":\"ListItem\",\"@id\":\"https:\\\/\\\/candas365.es\\\/noticias\\\/category\\\/asturias\\\/#listItem\",\"position\":2,\"name\":\"Asturias\",\"item\":\"https:\\\/\\\/candas365.es\\\/noticias\\\/category\\\/asturias\\\/\",\"nextItem\":{\"@type\":\"ListItem\",\"@id\":\"https:\\\/\\\/candas365.es\\\/noticias\\\/nuevos-controles-para-los-piensos-y-alimentos-asturianos\\\/#listItem\",\"name\":\"Nuevos controles para los piensos y alimentos asturianos\"},\"previousItem\":{\"@type\":\"ListItem\",\"@id\":\"https:\\\/\\\/candas365.es\\\/noticias#listItem\",\"name\":\"Home\"}},{\"@type\":\"ListItem\",\"@id\":\"https:\\\/\\\/candas365.es\\\/noticias\\\/nuevos-controles-para-los-piensos-y-alimentos-asturianos\\\/#listItem\",\"position\":3,\"name\":\"Nuevos controles para los piensos y alimentos asturianos\",\"previousItem\":{\"@type\":\"ListItem\",\"@id\":\"https:\\\/\\\/candas365.es\\\/noticias\\\/category\\\/asturias\\\/#listItem\",\"name\":\"Asturias\"}}]},{\"@type\":\"NewsArticle\",\"@id\":\"https:\\\/\\\/candas365.es\\\/noticias\\\/nuevos-controles-para-los-piensos-y-alimentos-asturianos\\\/#newsarticle\",\"name\":\"Nuevos controles para los piensos y alimentos asturianos | Cand\\u00e1s 365\",\"headline\":\"Nuevos controles para los piensos y alimentos asturianos\",\"author\":{\"@id\":\"https:\\\/\\\/candas365.es\\\/noticias\\\/author\\\/admin\\\/#author\"},\"publisher\":{\"@id\":\"https:\\\/\\\/candas365.es\\\/noticias\\\/#organization\"},\"image\":{\"@type\":\"ImageObject\",\"url\":\"https:\\\/\\\/candas365.es\\\/noticias\\\/wp-content\\\/uploads\\\/2018\\\/07\\\/Reunion-consejo-calidad-y-seguridad-alimentaria.jpg\",\"width\":1280,\"height\":960},\"datePublished\":\"2018-07-12T03:36:53+02:00\",\"dateModified\":\"2018-07-12T03:36:53+02:00\",\"inLanguage\":\"es-ES\",\"mainEntityOfPage\":{\"@id\":\"https:\\\/\\\/candas365.es\\\/noticias\\\/nuevos-controles-para-los-piensos-y-alimentos-asturianos\\\/#webpage\"},\"isPartOf\":{\"@id\":\"https:\\\/\\\/candas365.es\\\/noticias\\\/nuevos-controles-para-los-piensos-y-alimentos-asturianos\\\/#webpage\"},\"articleSection\":\"Asturias\",\"dateline\":\"Publicado el julio 12, 2018.\"},{\"@type\":\"Organization\",\"@id\":\"https:\\\/\\\/candas365.es\\\/noticias\\\/#organization\",\"name\":\"Cand\\u00e1s 365\",\"description\":\"Cand\\u00e1s 365 es un diario digital independiente, fundado en 2012, con base en Asturias. Informamos con rigor sobre actualidad, sociedad, cultura y ocio, con una mirada local y global.\",\"url\":\"https:\\\/\\\/candas365.es\\\/noticias\\\/\",\"email\":\"info@candas365.es\",\"telephone\":\"+34652131393\",\"foundingDate\":\"2012-06-10\",\"logo\":{\"@type\":\"ImageObject\",\"url\":\"https:\\\/\\\/candas365.es\\\/noticias\\\/wp-content\\\/uploads\\\/2024\\\/09\\\/Candas-365-Redes.jpg\",\"@id\":\"https:\\\/\\\/candas365.es\\\/noticias\\\/nuevos-controles-para-los-piensos-y-alimentos-asturianos\\\/#organizationLogo\",\"width\":1152,\"height\":864,\"caption\":\"Cand\\u00e1s 365 Redes\"},\"image\":{\"@id\":\"https:\\\/\\\/candas365.es\\\/noticias\\\/nuevos-controles-para-los-piensos-y-alimentos-asturianos\\\/#organizationLogo\"},\"sameAs\":[\"https:\\\/\\\/www.facebook.com\\\/Nachofdezber\",\"https:\\\/\\\/x.com\\\/NabercoDigital\",\"https:\\\/\\\/www.instagram.com\\\/nachofdezber\\\/\",\"https:\\\/\\\/www.youtube.com\\\/channel\\\/UCZP-2wLEB9Rv6erhFmqVnvg\"],\"address\":{\"@id\":\"https:\\\/\\\/candas365.es\\\/noticias\\\/#postaladdress\",\"@type\":\"PostalAddress\",\"streetAddress\":\"san antonio 4, san antonio 4\",\"postalCode\":\"33430\",\"addressLocality\":\"Cand\\u00e1s\",\"addressRegion\":\"Asturias\",\"addressCountry\":\"ES\"}},{\"@type\":\"Person\",\"@id\":\"https:\\\/\\\/candas365.es\\\/noticias\\\/author\\\/admin\\\/#author\",\"url\":\"https:\\\/\\\/candas365.es\\\/noticias\\\/author\\\/admin\\\/\",\"name\":\"Cand\\u00e1s 365\",\"image\":{\"@type\":\"ImageObject\",\"@id\":\"https:\\\/\\\/candas365.es\\\/noticias\\\/nuevos-controles-para-los-piensos-y-alimentos-asturianos\\\/#authorImage\",\"url\":\"https:\\\/\\\/secure.gravatar.com\\\/avatar\\\/496a8e03d0c493ede1718b7934145dbdf8d89be1036b0eec9544e1094c9de390?s=96&d=mm&r=g\",\"width\":96,\"height\":96,\"caption\":\"Cand\\u00e1s 365\"},\"sameAs\":[\"https:\\\/\\\/www.facebook.com\\\/carrenoactualidad\",\"https:\\\/\\\/twitter.com\\\/nbasturias\",\"https:\\\/\\\/www.instagram.com\\\/nachofdezber\\\/\",\"https:\\\/\\\/www.youtube.com\\\/channel\\\/UCZP-2wLEB9Rv6erhFmqVnvg\"]},{\"@type\":\"WebPage\",\"@id\":\"https:\\\/\\\/candas365.es\\\/noticias\\\/nuevos-controles-para-los-piensos-y-alimentos-asturianos\\\/#webpage\",\"url\":\"https:\\\/\\\/candas365.es\\\/noticias\\\/nuevos-controles-para-los-piensos-y-alimentos-asturianos\\\/\",\"name\":\"Nuevos controles para los piensos y alimentos asturianos | Cand\\u00e1s 365\",\"description\":\"El II Plan Coordinado de Control de la Cadena Alimentaria 2018-2020 permitir\\u00e1 al Principado reforzar los controles sobre los alimentos y los piensos que se comercializan, desde la producci\\u00f3n primaria hasta el consumo. El documento, cuya finalidad es mejorar la protecci\\u00f3n de la salud y los intereses de los consumidores, contribuye a reforzar los mecanismos\",\"inLanguage\":\"es-ES\",\"isPartOf\":{\"@id\":\"https:\\\/\\\/candas365.es\\\/noticias\\\/#website\"},\"breadcrumb\":{\"@id\":\"https:\\\/\\\/candas365.es\\\/noticias\\\/nuevos-controles-para-los-piensos-y-alimentos-asturianos\\\/#breadcrumblist\"},\"author\":{\"@id\":\"https:\\\/\\\/candas365.es\\\/noticias\\\/author\\\/admin\\\/#author\"},\"creator\":{\"@id\":\"https:\\\/\\\/candas365.es\\\/noticias\\\/author\\\/admin\\\/#author\"},\"image\":{\"@type\":\"ImageObject\",\"url\":\"https:\\\/\\\/candas365.es\\\/noticias\\\/wp-content\\\/uploads\\\/2018\\\/07\\\/Reunion-consejo-calidad-y-seguridad-alimentaria.jpg\",\"@id\":\"https:\\\/\\\/candas365.es\\\/noticias\\\/nuevos-controles-para-los-piensos-y-alimentos-asturianos\\\/#mainImage\",\"width\":1280,\"height\":960},\"primaryImageOfPage\":{\"@id\":\"https:\\\/\\\/candas365.es\\\/noticias\\\/nuevos-controles-para-los-piensos-y-alimentos-asturianos\\\/#mainImage\"},\"datePublished\":\"2018-07-12T03:36:53+02:00\",\"dateModified\":\"2018-07-12T03:36:53+02:00\"},{\"@type\":\"WebSite\",\"@id\":\"https:\\\/\\\/candas365.es\\\/noticias\\\/#website\",\"url\":\"https:\\\/\\\/candas365.es\\\/noticias\\\/\",\"name\":\"Cand\\u00e1s 365\",\"alternateName\":\"Cand\\u00e1s 365 Noticias\",\"description\":\"Actualidad desde Carre\\u00f1o para el mundo\",\"inLanguage\":\"es-ES\",\"publisher\":{\"@id\":\"https:\\\/\\\/candas365.es\\\/noticias\\\/#organization\"}}]}\n\t\t<\/script>\n\t\t<!-- All in One SEO Pro -->\r\n\t\t<title>Nuevos controles para los piensos y alimentos asturianos | Cand\u00e1s 365<\/title>\n\n","aioseo_head_json":{"title":"Nuevos controles para los piensos y alimentos asturianos | Cand\u00e1s 365","description":"El II Plan Coordinado de Control de la Cadena Alimentaria 2018-2020 permitir\u00e1 al Principado reforzar los controles sobre los alimentos y los piensos que se comercializan, desde la producci\u00f3n primaria hasta el consumo. El documento, cuya finalidad es mejorar la protecci\u00f3n de la salud y los intereses de los consumidores, contribuye a reforzar los mecanismos","canonical_url":"https:\/\/candas365.es\/noticias\/nuevos-controles-para-los-piensos-y-alimentos-asturianos\/","robots":"max-image-preview:large","keywords":"asturias","webmasterTools":{"google-site-verification":"UA-32230408-1","msvalidate.01":"354F3CDFB2DA171B47FBE9ABF1F88D5","miscellaneous":""},"schema":{"@context":"https:\/\/schema.org","@graph":[{"@type":"BreadcrumbList","@id":"https:\/\/candas365.es\/noticias\/nuevos-controles-para-los-piensos-y-alimentos-asturianos\/#breadcrumblist","itemListElement":[{"@type":"ListItem","@id":"https:\/\/candas365.es\/noticias#listItem","position":1,"name":"Home","item":"https:\/\/candas365.es\/noticias","nextItem":{"@type":"ListItem","@id":"https:\/\/candas365.es\/noticias\/category\/asturias\/#listItem","name":"Asturias"}},{"@type":"ListItem","@id":"https:\/\/candas365.es\/noticias\/category\/asturias\/#listItem","position":2,"name":"Asturias","item":"https:\/\/candas365.es\/noticias\/category\/asturias\/","nextItem":{"@type":"ListItem","@id":"https:\/\/candas365.es\/noticias\/nuevos-controles-para-los-piensos-y-alimentos-asturianos\/#listItem","name":"Nuevos controles para los piensos y alimentos asturianos"},"previousItem":{"@type":"ListItem","@id":"https:\/\/candas365.es\/noticias#listItem","name":"Home"}},{"@type":"ListItem","@id":"https:\/\/candas365.es\/noticias\/nuevos-controles-para-los-piensos-y-alimentos-asturianos\/#listItem","position":3,"name":"Nuevos controles para los piensos y alimentos asturianos","previousItem":{"@type":"ListItem","@id":"https:\/\/candas365.es\/noticias\/category\/asturias\/#listItem","name":"Asturias"}}]},{"@type":"NewsArticle","@id":"https:\/\/candas365.es\/noticias\/nuevos-controles-para-los-piensos-y-alimentos-asturianos\/#newsarticle","name":"Nuevos controles para los piensos y alimentos asturianos | Cand\u00e1s 365","headline":"Nuevos controles para los piensos y alimentos asturianos","author":{"@id":"https:\/\/candas365.es\/noticias\/author\/admin\/#author"},"publisher":{"@id":"https:\/\/candas365.es\/noticias\/#organization"},"image":{"@type":"ImageObject","url":"https:\/\/candas365.es\/noticias\/wp-content\/uploads\/2018\/07\/Reunion-consejo-calidad-y-seguridad-alimentaria.jpg","width":1280,"height":960},"datePublished":"2018-07-12T03:36:53+02:00","dateModified":"2018-07-12T03:36:53+02:00","inLanguage":"es-ES","mainEntityOfPage":{"@id":"https:\/\/candas365.es\/noticias\/nuevos-controles-para-los-piensos-y-alimentos-asturianos\/#webpage"},"isPartOf":{"@id":"https:\/\/candas365.es\/noticias\/nuevos-controles-para-los-piensos-y-alimentos-asturianos\/#webpage"},"articleSection":"Asturias","dateline":"Publicado el julio 12, 2018."},{"@type":"Organization","@id":"https:\/\/candas365.es\/noticias\/#organization","name":"Cand\u00e1s 365","description":"Cand\u00e1s 365 es un diario digital independiente, fundado en 2012, con base en Asturias. Informamos con rigor sobre actualidad, sociedad, cultura y ocio, con una mirada local y global.","url":"https:\/\/candas365.es\/noticias\/","email":"info@candas365.es","telephone":"+34652131393","foundingDate":"2012-06-10","logo":{"@type":"ImageObject","url":"https:\/\/candas365.es\/noticias\/wp-content\/uploads\/2024\/09\/Candas-365-Redes.jpg","@id":"https:\/\/candas365.es\/noticias\/nuevos-controles-para-los-piensos-y-alimentos-asturianos\/#organizationLogo","width":1152,"height":864,"caption":"Cand\u00e1s 365 Redes"},"image":{"@id":"https:\/\/candas365.es\/noticias\/nuevos-controles-para-los-piensos-y-alimentos-asturianos\/#organizationLogo"},"sameAs":["https:\/\/www.facebook.com\/Nachofdezber","https:\/\/x.com\/NabercoDigital","https:\/\/www.instagram.com\/nachofdezber\/","https:\/\/www.youtube.com\/channel\/UCZP-2wLEB9Rv6erhFmqVnvg"],"address":{"@id":"https:\/\/candas365.es\/noticias\/#postaladdress","@type":"PostalAddress","streetAddress":"san antonio 4, san antonio 4","postalCode":"33430","addressLocality":"Cand\u00e1s","addressRegion":"Asturias","addressCountry":"ES"}},{"@type":"Person","@id":"https:\/\/candas365.es\/noticias\/author\/admin\/#author","url":"https:\/\/candas365.es\/noticias\/author\/admin\/","name":"Cand\u00e1s 365","image":{"@type":"ImageObject","@id":"https:\/\/candas365.es\/noticias\/nuevos-controles-para-los-piensos-y-alimentos-asturianos\/#authorImage","url":"https:\/\/secure.gravatar.com\/avatar\/496a8e03d0c493ede1718b7934145dbdf8d89be1036b0eec9544e1094c9de390?s=96&d=mm&r=g","width":96,"height":96,"caption":"Cand\u00e1s 365"},"sameAs":["https:\/\/www.facebook.com\/carrenoactualidad","https:\/\/twitter.com\/nbasturias","https:\/\/www.instagram.com\/nachofdezber\/","https:\/\/www.youtube.com\/channel\/UCZP-2wLEB9Rv6erhFmqVnvg"]},{"@type":"WebPage","@id":"https:\/\/candas365.es\/noticias\/nuevos-controles-para-los-piensos-y-alimentos-asturianos\/#webpage","url":"https:\/\/candas365.es\/noticias\/nuevos-controles-para-los-piensos-y-alimentos-asturianos\/","name":"Nuevos controles para los piensos y alimentos asturianos | Cand\u00e1s 365","description":"El II Plan Coordinado de Control de la Cadena Alimentaria 2018-2020 permitir\u00e1 al Principado reforzar los controles sobre los alimentos y los piensos que se comercializan, desde la producci\u00f3n primaria hasta el consumo. El documento, cuya finalidad es mejorar la protecci\u00f3n de la salud y los intereses de los consumidores, contribuye a reforzar los mecanismos","inLanguage":"es-ES","isPartOf":{"@id":"https:\/\/candas365.es\/noticias\/#website"},"breadcrumb":{"@id":"https:\/\/candas365.es\/noticias\/nuevos-controles-para-los-piensos-y-alimentos-asturianos\/#breadcrumblist"},"author":{"@id":"https:\/\/candas365.es\/noticias\/author\/admin\/#author"},"creator":{"@id":"https:\/\/candas365.es\/noticias\/author\/admin\/#author"},"image":{"@type":"ImageObject","url":"https:\/\/candas365.es\/noticias\/wp-content\/uploads\/2018\/07\/Reunion-consejo-calidad-y-seguridad-alimentaria.jpg","@id":"https:\/\/candas365.es\/noticias\/nuevos-controles-para-los-piensos-y-alimentos-asturianos\/#mainImage","width":1280,"height":960},"primaryImageOfPage":{"@id":"https:\/\/candas365.es\/noticias\/nuevos-controles-para-los-piensos-y-alimentos-asturianos\/#mainImage"},"datePublished":"2018-07-12T03:36:53+02:00","dateModified":"2018-07-12T03:36:53+02:00"},{"@type":"WebSite","@id":"https:\/\/candas365.es\/noticias\/#website","url":"https:\/\/candas365.es\/noticias\/","name":"Cand\u00e1s 365","alternateName":"Cand\u00e1s 365 Noticias","description":"Actualidad desde Carre\u00f1o para el mundo","inLanguage":"es-ES","publisher":{"@id":"https:\/\/candas365.es\/noticias\/#organization"}}]},"og:locale":"es_ES","og:site_name":"Cand\u00e1s 365","og:type":"article","og:title":"Nuevos controles para los piensos y alimentos asturianos | Cand\u00e1s 365","og:description":"El II Plan Coordinado de Control de la Cadena Alimentaria 2018-2020 permitir\u00e1 al Principado reforzar los controles sobre los alimentos y los piensos que se comercializan, desde la producci\u00f3n primaria hasta el consumo. El documento, cuya finalidad es mejorar la protecci\u00f3n de la salud y los intereses de los consumidores, contribuye a reforzar los mecanismos","og:url":"https:\/\/candas365.es\/noticias\/nuevos-controles-para-los-piensos-y-alimentos-asturianos\/","og:image":"https:\/\/candas365.es\/noticias\/wp-content\/uploads\/2018\/07\/Reunion-consejo-calidad-y-seguridad-alimentaria.jpg","og:image:secure_url":"https:\/\/candas365.es\/noticias\/wp-content\/uploads\/2018\/07\/Reunion-consejo-calidad-y-seguridad-alimentaria.jpg","og:image:width":1280,"og:image:height":960,"article:published_time":"2018-07-12T03:36:53+00:00","article:modified_time":"2018-07-12T03:36:53+00:00","article:publisher":"https:\/\/www.facebook.com\/Nachofdezber","article:author":"https:\/\/www.facebook.com\/carrenoactualidad","twitter:card":"summary_large_image","twitter:site":"@NabercoDigital","twitter:title":"Nuevos controles para los piensos y alimentos asturianos | Cand\u00e1s 365","twitter:description":"El II Plan Coordinado de Control de la Cadena Alimentaria 2018-2020 permitir\u00e1 al Principado reforzar los controles sobre los alimentos y los piensos que se comercializan, desde la producci\u00f3n primaria hasta el consumo. El documento, cuya finalidad es mejorar la protecci\u00f3n de la salud y los intereses de los consumidores, contribuye a reforzar los mecanismos","twitter:creator":"@nbasturias","twitter:image":"https:\/\/candas365.es\/noticias\/wp-content\/uploads\/2018\/07\/Reunion-consejo-calidad-y-seguridad-alimentaria.jpg","twitter:label1":"Escrito por","twitter:data1":"Cand\u00e1s 365","twitter:label2":"Tiempo de lectura estimado","twitter:data2":"3 minutos"},"aioseo_meta_data":{"post_id":"100242","title":null,"description":null,"keywords":null,"keyphrases":null,"primary_term":null,"canonical_url":null,"og_title":null,"og_description":null,"og_object_type":"default","og_image_type":"default","og_image_url":null,"og_image_width":null,"og_image_height":null,"og_image_custom_url":null,"og_image_custom_fields":null,"og_video":null,"og_custom_url":null,"og_article_section":null,"og_article_tags":null,"twitter_use_og":false,"twitter_card":"default","twitter_image_type":"default","twitter_image_url":null,"twitter_image_custom_url":null,"twitter_image_custom_fields":null,"twitter_title":null,"twitter_description":null,"schema":{"blockGraphs":[],"customGraphs":[],"default":{"data":{"Article":[],"Course":[],"Dataset":[],"FAQPage":[],"Movie":[],"Person":[],"Product":[],"ProductReview":[],"Car":[],"Recipe":[],"Service":[],"SoftwareApplication":[],"WebPage":[]},"graphName":"","isEnabled":true},"graphs":[]},"schema_type":null,"schema_type_options":null,"pillar_content":false,"robots_default":true,"robots_noindex":false,"robots_noarchive":false,"robots_nosnippet":false,"robots_nofollow":false,"robots_noimageindex":false,"robots_noodp":false,"robots_notranslate":false,"robots_max_snippet":null,"robots_max_videopreview":null,"robots_max_imagepreview":"large","priority":null,"frequency":null,"location":null,"local_seo":null,"seo_analyzer_scan_date":"2025-08-27 08:17:21","breadcrumb_settings":null,"limit_modified_date":false,"reviewed_by":null,"open_ai":null,"ai":null,"created":"2020-12-21 11:48:57","updated":"2025-08-27 08:17:21"},"aioseo_breadcrumb":"<div class=\"aioseo-breadcrumbs\"><span class=\"aioseo-breadcrumb\">\n\t<a href=\"https:\/\/candas365.es\/noticias\" title=\"Home\">Home<\/a>\n<\/span><span class=\"aioseo-breadcrumb-separator\">&ndash;<\/span><span class=\"aioseo-breadcrumb\">\n\t<a href=\"https:\/\/candas365.es\/noticias\/category\/asturias\/\" title=\"Asturias\">Asturias<\/a>\n<\/span><span class=\"aioseo-breadcrumb-separator\">&ndash;<\/span><span class=\"aioseo-breadcrumb\">\n\tNuevos controles para los piensos y alimentos asturianos\n<\/span><\/div>","aioseo_breadcrumb_json":[{"label":"Home","link":"https:\/\/candas365.es\/noticias"},{"label":"Asturias","link":"https:\/\/candas365.es\/noticias\/category\/asturias\/"},{"label":"Nuevos controles para los piensos y alimentos asturianos","link":"https:\/\/candas365.es\/noticias\/nuevos-controles-para-los-piensos-y-alimentos-asturianos\/"}],"_links":{"self":[{"href":"https:\/\/candas365.es\/noticias\/wp-json\/wp\/v2\/posts\/100242","targetHints":{"allow":["GET"]}}],"collection":[{"href":"https:\/\/candas365.es\/noticias\/wp-json\/wp\/v2\/posts"}],"about":[{"href":"https:\/\/candas365.es\/noticias\/wp-json\/wp\/v2\/types\/post"}],"author":[{"embeddable":true,"href":"https:\/\/candas365.es\/noticias\/wp-json\/wp\/v2\/users\/1"}],"replies":[{"embeddable":true,"href":"https:\/\/candas365.es\/noticias\/wp-json\/wp\/v2\/comments?post=100242"}],"version-history":[{"count":0,"href":"https:\/\/candas365.es\/noticias\/wp-json\/wp\/v2\/posts\/100242\/revisions"}],"wp:featuredmedia":[{"embeddable":true,"href":"https:\/\/candas365.es\/noticias\/wp-json\/wp\/v2\/media\/100243"}],"wp:attachment":[{"href":"https:\/\/candas365.es\/noticias\/wp-json\/wp\/v2\/media?parent=100242"}],"wp:term":[{"taxonomy":"category","embeddable":true,"href":"https:\/\/candas365.es\/noticias\/wp-json\/wp\/v2\/categories?post=100242"},{"taxonomy":"post_tag","embeddable":true,"href":"https:\/\/candas365.es\/noticias\/wp-json\/wp\/v2\/tags?post=100242"}],"curies":[{"name":"wp","href":"https:\/\/api.w.org\/{rel}","templated":true}]}}