{"id":100237,"date":"2018-07-11T23:17:36","date_gmt":"2018-07-11T23:17:36","guid":{"rendered":"http:\/\/candas365.es\/noticias\/?p=100237"},"modified":"2018-07-11T23:17:36","modified_gmt":"2018-07-11T23:17:36","slug":"del-potro-se-despide-de-wimbledon-dejandolo-todo","status":"publish","type":"post","link":"https:\/\/candas365.es\/noticias\/del-potro-se-despide-de-wimbledon-dejandolo-todo\/","title":{"rendered":"Del Potro se despide de Wimbledon \u00abdej\u00e1ndolo todo\u00bb"},"content":{"rendered":"<p><img fetchpriority=\"high\" decoding=\"async\" class=\"alignleft size-medium wp-image-95170\" src=\"https:\/\/candas365.es\/noticias\/wp-content\/uploads\/2018\/05\/tennis-2891306_960_720-360x203.jpg\" alt=\"\" width=\"360\" height=\"203\" srcset=\"https:\/\/candas365.es\/noticias\/wp-content\/uploads\/2018\/05\/tennis-2891306_960_720-360x203.jpg 360w, https:\/\/candas365.es\/noticias\/wp-content\/uploads\/2018\/05\/tennis-2891306_960_720-768x432.jpg 768w, https:\/\/candas365.es\/noticias\/wp-content\/uploads\/2018\/05\/tennis-2891306_960_720-655x368.jpg 655w, https:\/\/candas365.es\/noticias\/wp-content\/uploads\/2018\/05\/tennis-2891306_960_720-696x392.jpg 696w, https:\/\/candas365.es\/noticias\/wp-content\/uploads\/2018\/05\/tennis-2891306_960_720-747x420.jpg 747w, https:\/\/candas365.es\/noticias\/wp-content\/uploads\/2018\/05\/tennis-2891306_960_720.jpg 960w\" sizes=\"(max-width: 360px) 100vw, 360px\" \/>Londres, 11 jul (dpa) &#8211; Rafael Nadal puso punto y final a la aventura de Juan Mart\u00edn del Potro hoy en los cuartos de final de Wimbledon, un d\u00eda en el que el argentino asegur\u00f3 que se marcha \u00abdej\u00e1ndolo todo\u00bb en la Centre Court del All England Lawn Tennis and Croquet Club.<\/p>\n<p>Fue una batalla hist\u00f3rica, de esas que quedan guardadas para siempre. El espa\u00f1ol y el argentino libraron un cap\u00edtulo \u00e9pico sobre el verde londinense que concluy\u00f3 en cuatro horas y 47 minutos por 7-5, 6-7 (7-5), 4-6, 6-4 y 6-4.<\/p>\n<p>\u00abLa tristeza de perder un partido as\u00ed tras tanta lucha y entrega no es el mejor final\u00bb, se resign\u00f3 el de Tandil. \u00abPero esa es la tranquilidad que me queda para irme de este torneo satisfecho\u00bb.<\/p>\n<p>Del Potro persegu\u00eda en Londres algo m\u00e1s que retornar a las semifinales de Wimbledon cinco a\u00f1os m\u00e1s tarde. En juego, adem\u00e1s, estaba asegurarse ser el pr\u00f3ximo lunes 16 de julio el n\u00famero 3 del mundo por primera vez y derrotar a la mejor raqueta del momento.<\/p>\n<p>\u00abTengo cosas buenas para rescatar y mejorar. Las analizar\u00e9 cuando est\u00e9 un poco m\u00e1s tranquilo\u00bb, asegur\u00f3 el n\u00famero cuatro del ranking de la ATP.<\/p>\n<p>El quinto cabeza de serie super\u00f3 a su rival en puntos ganados con el primer servicio con un 77 por ciento, frente al 74 por ciento de Nadal. Tambi\u00e9n en golpes ganadores con 77 winners frente a 66. Y complet\u00f3 su cuenta con un total de 33 aces.<\/p>\n<p>\u00abHa sido muy igualado durante todo el encuentro\u00bb, valor\u00f3 Del Potro. \u00abNunca sent\u00ed diferencia en el marcador\u00bb.<\/p>\n<p>Lo cierto es que el campe\u00f3n en el Abierto de Estados Unidos en 2009 fue por delante en el marcador, qued\u00e1ndose a s\u00f3lo un set de cerrar su billete para semifinales. El cansancio acumulado y el coloso que se levant\u00f3 al otro lado de la red marcaron la diferencia.<\/p>\n<p>Sobre todo, en el quinto set. Cuando Nadal tom\u00f3 la ventaja (4-2), el argentino trat\u00f3 de rescatar la diferencia en cada juego al resto. Lleg\u00f3 a disfrutar de cinco oportunidades de break, pero el mallorqu\u00edn las salv\u00f3 todas.<\/p>\n<p>\u00abCuando tuve mis opciones de break en el quinto set para recuperarme, Nadal jug\u00f3 como el n\u00famero uno que es. Ah\u00ed estuvo la peque\u00f1a diferencia del partido\u00bb, radiografi\u00f3 el jugador de 1,98 metros.<\/p>\n<p>\u00abEl quinto set, quiz\u00e1s fue el mejor set a nivel ten\u00edstico por parte de los dos, de puntos fant\u00e1sticos. Conseguir eso tras casi cuatro horas no es f\u00e1cil\u00bb, confes\u00f3. \u00abLa gente ha disfrutado del partido, a m\u00ed me toc\u00f3 perder y por eso la sensaci\u00f3n no es tan buena\u00bb.<\/p>\n<p>A medida que avanz\u00f3 el duelo, el cansancio fue castigando al hombre que m\u00e1s tiempo hab\u00eda estado en pista. Si bien el balear llegaba con 8 horas y 8 minutos de juego, el de Tandil elev\u00f3 la cuenta a 10 horas y 13 minutos, jugando durante tres d\u00edas seguidos sin descanso debido a la lluvia.<\/p>\n<p>\u00abHonestamente, en algunos momentos lo disfrute\u00bb, reconoci\u00f3 el argentino. \u00abEn otros estaba demasiado cansado para disfrutar. Tambi\u00e9n sabemos que el nivel del tenis es bueno, cuando estamos jugando bien los dos, cuando los puntos son buenos\u00bb.<\/p>\n<p>Del Potro ha vuelto a las rondas finales de los Grand Slam, despu\u00e9s de firmar las semifinales en Roland Garros y esta vez los cuartos de final en Wimbledon. La temporada adem\u00e1s est\u00e1 decorada con dos t\u00edtulos en Acapulco e Indian Wells. Por todo esto hace una \u00faltima aclaraci\u00f3n: \u00abM\u00e1s all\u00e1 de la derrota, las sensaciones son un poco agradables\u00bb.<\/p>\n<p>Por Alberto Becerra (dpa)<\/p>\n","protected":false},"excerpt":{"rendered":"<p>Londres, 11 jul (dpa) &#8211; Rafael Nadal puso punto y final a la aventura de Juan Mart\u00edn del Potro hoy en los cuartos de final de Wimbledon, un d\u00eda en el que el argentino asegur\u00f3 que se marcha \u00abdej\u00e1ndolo todo\u00bb en la Centre Court del All England Lawn Tennis and Croquet Club. Fue una batalla<\/p>\n","protected":false},"author":1,"featured_media":95170,"comment_status":"closed","ping_status":"closed","sticky":false,"template":"","format":"standard","meta":{"footnotes":""},"categories":[319],"tags":[],"class_list":{"0":"post-100237","1":"post","2":"type-post","3":"status-publish","4":"format-standard","5":"has-post-thumbnail","7":"category-deporte"},"aioseo_notices":[],"aioseo_head":"\n\t\t<!-- All in One SEO Pro 4.9.6.2 - aioseo.com -->\n\t<meta name=\"description\" content=\"Londres, 11 jul (dpa) - Rafael Nadal puso punto y final a la aventura de Juan Mart\u00edn del Potro hoy en los cuartos de final de Wimbledon, un d\u00eda en el que el argentino asegur\u00f3 que se marcha &quot;dej\u00e1ndolo todo&quot; en la Centre Court del All England Lawn Tennis and Croquet Club. Fue una batalla\" \/>\n\t<meta name=\"robots\" content=\"max-image-preview:large\" \/>\n\t<meta name=\"author\" content=\"Cand\u00e1s 365\"\/>\n\t<meta name=\"google-site-verification\" content=\"UA-32230408-1\" \/>\n\t<meta name=\"msvalidate.01\" content=\"354F3CDFB2DA171B47FBE9ABF1F88D5\" \/>\n\t<meta name=\"keywords\" content=\"deporte\" \/>\n\t<link rel=\"canonical\" href=\"https:\/\/candas365.es\/noticias\/del-potro-se-despide-de-wimbledon-dejandolo-todo\/\" \/>\n\t<meta name=\"generator\" content=\"All in One SEO Pro (AIOSEO) 4.9.6.2\" \/>\n\t\t<meta property=\"og:locale\" content=\"es_ES\" \/>\n\t\t<meta property=\"og:site_name\" content=\"Cand\u00e1s 365\" \/>\n\t\t<meta property=\"og:type\" content=\"article\" \/>\n\t\t<meta property=\"og:title\" content=\"Del Potro se despide de Wimbledon \u00abdej\u00e1ndolo todo\u00bb | Cand\u00e1s 365\" \/>\n\t\t<meta property=\"og:description\" content=\"Londres, 11 jul (dpa) - Rafael Nadal puso punto y final a la aventura de Juan Mart\u00edn del Potro hoy en los cuartos de final de Wimbledon, un d\u00eda en el que el argentino asegur\u00f3 que se marcha &quot;dej\u00e1ndolo todo&quot; en la Centre Court del All England Lawn Tennis and Croquet Club. Fue una batalla\" \/>\n\t\t<meta property=\"og:url\" content=\"https:\/\/candas365.es\/noticias\/del-potro-se-despide-de-wimbledon-dejandolo-todo\/\" \/>\n\t\t<meta property=\"og:image\" content=\"https:\/\/candas365.es\/noticias\/wp-content\/uploads\/2018\/05\/tennis-2891306_960_720.jpg\" \/>\n\t\t<meta property=\"og:image:secure_url\" content=\"https:\/\/candas365.es\/noticias\/wp-content\/uploads\/2018\/05\/tennis-2891306_960_720.jpg\" \/>\n\t\t<meta property=\"og:image:width\" content=\"960\" \/>\n\t\t<meta property=\"og:image:height\" content=\"540\" \/>\n\t\t<meta property=\"article:published_time\" content=\"2018-07-11T23:17:36+00:00\" \/>\n\t\t<meta property=\"article:modified_time\" content=\"2018-07-11T23:17:36+00:00\" \/>\n\t\t<meta property=\"article:publisher\" content=\"https:\/\/www.facebook.com\/Nachofdezber\" \/>\n\t\t<meta property=\"article:author\" content=\"https:\/\/www.facebook.com\/carrenoactualidad\" \/>\n\t\t<meta name=\"twitter:card\" content=\"summary_large_image\" \/>\n\t\t<meta name=\"twitter:site\" content=\"@NabercoDigital\" \/>\n\t\t<meta name=\"twitter:title\" content=\"Del Potro se despide de Wimbledon \u00abdej\u00e1ndolo todo\u00bb | Cand\u00e1s 365\" \/>\n\t\t<meta name=\"twitter:description\" content=\"Londres, 11 jul (dpa) - Rafael Nadal puso punto y final a la aventura de Juan Mart\u00edn del Potro hoy en los cuartos de final de Wimbledon, un d\u00eda en el que el argentino asegur\u00f3 que se marcha &quot;dej\u00e1ndolo todo&quot; en la Centre Court del All England Lawn Tennis and Croquet Club. Fue una batalla\" \/>\n\t\t<meta name=\"twitter:creator\" content=\"@nbasturias\" \/>\n\t\t<meta name=\"twitter:image\" content=\"https:\/\/candas365.es\/noticias\/wp-content\/uploads\/2018\/05\/tennis-2891306_960_720.jpg\" \/>\n\t\t<meta name=\"twitter:label1\" content=\"Escrito por\" \/>\n\t\t<meta name=\"twitter:data1\" content=\"Cand\u00e1s 365\" \/>\n\t\t<meta name=\"twitter:label2\" content=\"Tiempo de lectura estimado\" \/>\n\t\t<meta name=\"twitter:data2\" content=\"3 minutos\" \/>\n\t\t<script type=\"application\/ld+json\" class=\"aioseo-schema\">\n\t\t\t{\"@context\":\"https:\\\/\\\/schema.org\",\"@graph\":[{\"@type\":\"BreadcrumbList\",\"@id\":\"https:\\\/\\\/candas365.es\\\/noticias\\\/del-potro-se-despide-de-wimbledon-dejandolo-todo\\\/#breadcrumblist\",\"itemListElement\":[{\"@type\":\"ListItem\",\"@id\":\"https:\\\/\\\/candas365.es\\\/noticias#listItem\",\"position\":1,\"name\":\"Home\",\"item\":\"https:\\\/\\\/candas365.es\\\/noticias\",\"nextItem\":{\"@type\":\"ListItem\",\"@id\":\"https:\\\/\\\/candas365.es\\\/noticias\\\/category\\\/deporte\\\/#listItem\",\"name\":\"Deporte\"}},{\"@type\":\"ListItem\",\"@id\":\"https:\\\/\\\/candas365.es\\\/noticias\\\/category\\\/deporte\\\/#listItem\",\"position\":2,\"name\":\"Deporte\",\"item\":\"https:\\\/\\\/candas365.es\\\/noticias\\\/category\\\/deporte\\\/\",\"nextItem\":{\"@type\":\"ListItem\",\"@id\":\"https:\\\/\\\/candas365.es\\\/noticias\\\/del-potro-se-despide-de-wimbledon-dejandolo-todo\\\/#listItem\",\"name\":\"Del Potro se despide de Wimbledon \\u00abdej\\u00e1ndolo todo\\u00bb\"},\"previousItem\":{\"@type\":\"ListItem\",\"@id\":\"https:\\\/\\\/candas365.es\\\/noticias#listItem\",\"name\":\"Home\"}},{\"@type\":\"ListItem\",\"@id\":\"https:\\\/\\\/candas365.es\\\/noticias\\\/del-potro-se-despide-de-wimbledon-dejandolo-todo\\\/#listItem\",\"position\":3,\"name\":\"Del Potro se despide de Wimbledon \\u00abdej\\u00e1ndolo todo\\u00bb\",\"previousItem\":{\"@type\":\"ListItem\",\"@id\":\"https:\\\/\\\/candas365.es\\\/noticias\\\/category\\\/deporte\\\/#listItem\",\"name\":\"Deporte\"}}]},{\"@type\":\"NewsArticle\",\"@id\":\"https:\\\/\\\/candas365.es\\\/noticias\\\/del-potro-se-despide-de-wimbledon-dejandolo-todo\\\/#newsarticle\",\"name\":\"Del Potro se despide de Wimbledon \\u00abdej\\u00e1ndolo todo\\u00bb | Cand\\u00e1s 365\",\"headline\":\"Del Potro se despide de Wimbledon \\u00abdej\\u00e1ndolo todo\\u00bb\",\"author\":{\"@id\":\"https:\\\/\\\/candas365.es\\\/noticias\\\/author\\\/admin\\\/#author\"},\"publisher\":{\"@id\":\"https:\\\/\\\/candas365.es\\\/noticias\\\/#organization\"},\"image\":{\"@type\":\"ImageObject\",\"url\":\"https:\\\/\\\/candas365.es\\\/noticias\\\/wp-content\\\/uploads\\\/2018\\\/05\\\/tennis-2891306_960_720.jpg\",\"width\":960,\"height\":540},\"datePublished\":\"2018-07-11T23:17:36+02:00\",\"dateModified\":\"2018-07-11T23:17:36+02:00\",\"inLanguage\":\"es-ES\",\"mainEntityOfPage\":{\"@id\":\"https:\\\/\\\/candas365.es\\\/noticias\\\/del-potro-se-despide-de-wimbledon-dejandolo-todo\\\/#webpage\"},\"isPartOf\":{\"@id\":\"https:\\\/\\\/candas365.es\\\/noticias\\\/del-potro-se-despide-de-wimbledon-dejandolo-todo\\\/#webpage\"},\"articleSection\":\"Deporte\",\"dateline\":\"Publicado el julio 11, 2018.\"},{\"@type\":\"Organization\",\"@id\":\"https:\\\/\\\/candas365.es\\\/noticias\\\/#organization\",\"name\":\"Cand\\u00e1s 365\",\"description\":\"Cand\\u00e1s 365 es un diario digital independiente, fundado en 2012, con base en Asturias. Informamos con rigor sobre actualidad, sociedad, cultura y ocio, con una mirada local y global.\",\"url\":\"https:\\\/\\\/candas365.es\\\/noticias\\\/\",\"email\":\"info@candas365.es\",\"telephone\":\"+34652131393\",\"foundingDate\":\"2012-06-10\",\"logo\":{\"@type\":\"ImageObject\",\"url\":\"https:\\\/\\\/candas365.es\\\/noticias\\\/wp-content\\\/uploads\\\/2024\\\/09\\\/Candas-365-Redes.jpg\",\"@id\":\"https:\\\/\\\/candas365.es\\\/noticias\\\/del-potro-se-despide-de-wimbledon-dejandolo-todo\\\/#organizationLogo\",\"width\":1152,\"height\":864,\"caption\":\"Cand\\u00e1s 365 Redes\"},\"image\":{\"@id\":\"https:\\\/\\\/candas365.es\\\/noticias\\\/del-potro-se-despide-de-wimbledon-dejandolo-todo\\\/#organizationLogo\"},\"sameAs\":[\"https:\\\/\\\/www.facebook.com\\\/Nachofdezber\",\"https:\\\/\\\/x.com\\\/NabercoDigital\",\"https:\\\/\\\/www.instagram.com\\\/nachofdezber\\\/\",\"https:\\\/\\\/www.youtube.com\\\/channel\\\/UCZP-2wLEB9Rv6erhFmqVnvg\"],\"address\":{\"@id\":\"https:\\\/\\\/candas365.es\\\/noticias\\\/#postaladdress\",\"@type\":\"PostalAddress\",\"streetAddress\":\"san antonio 4, san antonio 4\",\"postalCode\":\"33430\",\"addressLocality\":\"Cand\\u00e1s\",\"addressRegion\":\"Asturias\",\"addressCountry\":\"ES\"}},{\"@type\":\"Person\",\"@id\":\"https:\\\/\\\/candas365.es\\\/noticias\\\/author\\\/admin\\\/#author\",\"url\":\"https:\\\/\\\/candas365.es\\\/noticias\\\/author\\\/admin\\\/\",\"name\":\"Cand\\u00e1s 365\",\"image\":{\"@type\":\"ImageObject\",\"@id\":\"https:\\\/\\\/candas365.es\\\/noticias\\\/del-potro-se-despide-de-wimbledon-dejandolo-todo\\\/#authorImage\",\"url\":\"https:\\\/\\\/secure.gravatar.com\\\/avatar\\\/496a8e03d0c493ede1718b7934145dbdf8d89be1036b0eec9544e1094c9de390?s=96&d=mm&r=g\",\"width\":96,\"height\":96,\"caption\":\"Cand\\u00e1s 365\"},\"sameAs\":[\"https:\\\/\\\/www.facebook.com\\\/carrenoactualidad\",\"https:\\\/\\\/twitter.com\\\/nbasturias\",\"https:\\\/\\\/www.instagram.com\\\/nachofdezber\\\/\",\"https:\\\/\\\/www.youtube.com\\\/channel\\\/UCZP-2wLEB9Rv6erhFmqVnvg\"]},{\"@type\":\"WebPage\",\"@id\":\"https:\\\/\\\/candas365.es\\\/noticias\\\/del-potro-se-despide-de-wimbledon-dejandolo-todo\\\/#webpage\",\"url\":\"https:\\\/\\\/candas365.es\\\/noticias\\\/del-potro-se-despide-de-wimbledon-dejandolo-todo\\\/\",\"name\":\"Del Potro se despide de Wimbledon \\u00abdej\\u00e1ndolo todo\\u00bb | Cand\\u00e1s 365\",\"description\":\"Londres, 11 jul (dpa) - Rafael Nadal puso punto y final a la aventura de Juan Mart\\u00edn del Potro hoy en los cuartos de final de Wimbledon, un d\\u00eda en el que el argentino asegur\\u00f3 que se marcha \\\"dej\\u00e1ndolo todo\\\" en la Centre Court del All England Lawn Tennis and Croquet Club. Fue una batalla\",\"inLanguage\":\"es-ES\",\"isPartOf\":{\"@id\":\"https:\\\/\\\/candas365.es\\\/noticias\\\/#website\"},\"breadcrumb\":{\"@id\":\"https:\\\/\\\/candas365.es\\\/noticias\\\/del-potro-se-despide-de-wimbledon-dejandolo-todo\\\/#breadcrumblist\"},\"author\":{\"@id\":\"https:\\\/\\\/candas365.es\\\/noticias\\\/author\\\/admin\\\/#author\"},\"creator\":{\"@id\":\"https:\\\/\\\/candas365.es\\\/noticias\\\/author\\\/admin\\\/#author\"},\"image\":{\"@type\":\"ImageObject\",\"url\":\"https:\\\/\\\/candas365.es\\\/noticias\\\/wp-content\\\/uploads\\\/2018\\\/05\\\/tennis-2891306_960_720.jpg\",\"@id\":\"https:\\\/\\\/candas365.es\\\/noticias\\\/del-potro-se-despide-de-wimbledon-dejandolo-todo\\\/#mainImage\",\"width\":960,\"height\":540},\"primaryImageOfPage\":{\"@id\":\"https:\\\/\\\/candas365.es\\\/noticias\\\/del-potro-se-despide-de-wimbledon-dejandolo-todo\\\/#mainImage\"},\"datePublished\":\"2018-07-11T23:17:36+02:00\",\"dateModified\":\"2018-07-11T23:17:36+02:00\"},{\"@type\":\"WebSite\",\"@id\":\"https:\\\/\\\/candas365.es\\\/noticias\\\/#website\",\"url\":\"https:\\\/\\\/candas365.es\\\/noticias\\\/\",\"name\":\"Cand\\u00e1s 365\",\"alternateName\":\"Cand\\u00e1s 365 Noticias\",\"description\":\"Actualidad desde Carre\\u00f1o para el mundo\",\"inLanguage\":\"es-ES\",\"publisher\":{\"@id\":\"https:\\\/\\\/candas365.es\\\/noticias\\\/#organization\"}}]}\n\t\t<\/script>\n\t\t<!-- All in One SEO Pro -->\r\n\t\t<title>Del Potro se despide de Wimbledon \u00abdej\u00e1ndolo todo\u00bb | Cand\u00e1s 365<\/title>\n\n","aioseo_head_json":{"title":"Del Potro se despide de Wimbledon \u00abdej\u00e1ndolo todo\u00bb | Cand\u00e1s 365","description":"Londres, 11 jul (dpa) - Rafael Nadal puso punto y final a la aventura de Juan Mart\u00edn del Potro hoy en los cuartos de final de Wimbledon, un d\u00eda en el que el argentino asegur\u00f3 que se marcha \"dej\u00e1ndolo todo\" en la Centre Court del All England Lawn Tennis and Croquet Club. Fue una batalla","canonical_url":"https:\/\/candas365.es\/noticias\/del-potro-se-despide-de-wimbledon-dejandolo-todo\/","robots":"max-image-preview:large","keywords":"deporte","webmasterTools":{"google-site-verification":"UA-32230408-1","msvalidate.01":"354F3CDFB2DA171B47FBE9ABF1F88D5","miscellaneous":""},"schema":{"@context":"https:\/\/schema.org","@graph":[{"@type":"BreadcrumbList","@id":"https:\/\/candas365.es\/noticias\/del-potro-se-despide-de-wimbledon-dejandolo-todo\/#breadcrumblist","itemListElement":[{"@type":"ListItem","@id":"https:\/\/candas365.es\/noticias#listItem","position":1,"name":"Home","item":"https:\/\/candas365.es\/noticias","nextItem":{"@type":"ListItem","@id":"https:\/\/candas365.es\/noticias\/category\/deporte\/#listItem","name":"Deporte"}},{"@type":"ListItem","@id":"https:\/\/candas365.es\/noticias\/category\/deporte\/#listItem","position":2,"name":"Deporte","item":"https:\/\/candas365.es\/noticias\/category\/deporte\/","nextItem":{"@type":"ListItem","@id":"https:\/\/candas365.es\/noticias\/del-potro-se-despide-de-wimbledon-dejandolo-todo\/#listItem","name":"Del Potro se despide de Wimbledon \u00abdej\u00e1ndolo todo\u00bb"},"previousItem":{"@type":"ListItem","@id":"https:\/\/candas365.es\/noticias#listItem","name":"Home"}},{"@type":"ListItem","@id":"https:\/\/candas365.es\/noticias\/del-potro-se-despide-de-wimbledon-dejandolo-todo\/#listItem","position":3,"name":"Del Potro se despide de Wimbledon \u00abdej\u00e1ndolo todo\u00bb","previousItem":{"@type":"ListItem","@id":"https:\/\/candas365.es\/noticias\/category\/deporte\/#listItem","name":"Deporte"}}]},{"@type":"NewsArticle","@id":"https:\/\/candas365.es\/noticias\/del-potro-se-despide-de-wimbledon-dejandolo-todo\/#newsarticle","name":"Del Potro se despide de Wimbledon \u00abdej\u00e1ndolo todo\u00bb | Cand\u00e1s 365","headline":"Del Potro se despide de Wimbledon \u00abdej\u00e1ndolo todo\u00bb","author":{"@id":"https:\/\/candas365.es\/noticias\/author\/admin\/#author"},"publisher":{"@id":"https:\/\/candas365.es\/noticias\/#organization"},"image":{"@type":"ImageObject","url":"https:\/\/candas365.es\/noticias\/wp-content\/uploads\/2018\/05\/tennis-2891306_960_720.jpg","width":960,"height":540},"datePublished":"2018-07-11T23:17:36+02:00","dateModified":"2018-07-11T23:17:36+02:00","inLanguage":"es-ES","mainEntityOfPage":{"@id":"https:\/\/candas365.es\/noticias\/del-potro-se-despide-de-wimbledon-dejandolo-todo\/#webpage"},"isPartOf":{"@id":"https:\/\/candas365.es\/noticias\/del-potro-se-despide-de-wimbledon-dejandolo-todo\/#webpage"},"articleSection":"Deporte","dateline":"Publicado el julio 11, 2018."},{"@type":"Organization","@id":"https:\/\/candas365.es\/noticias\/#organization","name":"Cand\u00e1s 365","description":"Cand\u00e1s 365 es un diario digital independiente, fundado en 2012, con base en Asturias. Informamos con rigor sobre actualidad, sociedad, cultura y ocio, con una mirada local y global.","url":"https:\/\/candas365.es\/noticias\/","email":"info@candas365.es","telephone":"+34652131393","foundingDate":"2012-06-10","logo":{"@type":"ImageObject","url":"https:\/\/candas365.es\/noticias\/wp-content\/uploads\/2024\/09\/Candas-365-Redes.jpg","@id":"https:\/\/candas365.es\/noticias\/del-potro-se-despide-de-wimbledon-dejandolo-todo\/#organizationLogo","width":1152,"height":864,"caption":"Cand\u00e1s 365 Redes"},"image":{"@id":"https:\/\/candas365.es\/noticias\/del-potro-se-despide-de-wimbledon-dejandolo-todo\/#organizationLogo"},"sameAs":["https:\/\/www.facebook.com\/Nachofdezber","https:\/\/x.com\/NabercoDigital","https:\/\/www.instagram.com\/nachofdezber\/","https:\/\/www.youtube.com\/channel\/UCZP-2wLEB9Rv6erhFmqVnvg"],"address":{"@id":"https:\/\/candas365.es\/noticias\/#postaladdress","@type":"PostalAddress","streetAddress":"san antonio 4, san antonio 4","postalCode":"33430","addressLocality":"Cand\u00e1s","addressRegion":"Asturias","addressCountry":"ES"}},{"@type":"Person","@id":"https:\/\/candas365.es\/noticias\/author\/admin\/#author","url":"https:\/\/candas365.es\/noticias\/author\/admin\/","name":"Cand\u00e1s 365","image":{"@type":"ImageObject","@id":"https:\/\/candas365.es\/noticias\/del-potro-se-despide-de-wimbledon-dejandolo-todo\/#authorImage","url":"https:\/\/secure.gravatar.com\/avatar\/496a8e03d0c493ede1718b7934145dbdf8d89be1036b0eec9544e1094c9de390?s=96&d=mm&r=g","width":96,"height":96,"caption":"Cand\u00e1s 365"},"sameAs":["https:\/\/www.facebook.com\/carrenoactualidad","https:\/\/twitter.com\/nbasturias","https:\/\/www.instagram.com\/nachofdezber\/","https:\/\/www.youtube.com\/channel\/UCZP-2wLEB9Rv6erhFmqVnvg"]},{"@type":"WebPage","@id":"https:\/\/candas365.es\/noticias\/del-potro-se-despide-de-wimbledon-dejandolo-todo\/#webpage","url":"https:\/\/candas365.es\/noticias\/del-potro-se-despide-de-wimbledon-dejandolo-todo\/","name":"Del Potro se despide de Wimbledon \u00abdej\u00e1ndolo todo\u00bb | Cand\u00e1s 365","description":"Londres, 11 jul (dpa) - Rafael Nadal puso punto y final a la aventura de Juan Mart\u00edn del Potro hoy en los cuartos de final de Wimbledon, un d\u00eda en el que el argentino asegur\u00f3 que se marcha \"dej\u00e1ndolo todo\" en la Centre Court del All England Lawn Tennis and Croquet Club. Fue una batalla","inLanguage":"es-ES","isPartOf":{"@id":"https:\/\/candas365.es\/noticias\/#website"},"breadcrumb":{"@id":"https:\/\/candas365.es\/noticias\/del-potro-se-despide-de-wimbledon-dejandolo-todo\/#breadcrumblist"},"author":{"@id":"https:\/\/candas365.es\/noticias\/author\/admin\/#author"},"creator":{"@id":"https:\/\/candas365.es\/noticias\/author\/admin\/#author"},"image":{"@type":"ImageObject","url":"https:\/\/candas365.es\/noticias\/wp-content\/uploads\/2018\/05\/tennis-2891306_960_720.jpg","@id":"https:\/\/candas365.es\/noticias\/del-potro-se-despide-de-wimbledon-dejandolo-todo\/#mainImage","width":960,"height":540},"primaryImageOfPage":{"@id":"https:\/\/candas365.es\/noticias\/del-potro-se-despide-de-wimbledon-dejandolo-todo\/#mainImage"},"datePublished":"2018-07-11T23:17:36+02:00","dateModified":"2018-07-11T23:17:36+02:00"},{"@type":"WebSite","@id":"https:\/\/candas365.es\/noticias\/#website","url":"https:\/\/candas365.es\/noticias\/","name":"Cand\u00e1s 365","alternateName":"Cand\u00e1s 365 Noticias","description":"Actualidad desde Carre\u00f1o para el mundo","inLanguage":"es-ES","publisher":{"@id":"https:\/\/candas365.es\/noticias\/#organization"}}]},"og:locale":"es_ES","og:site_name":"Cand\u00e1s 365","og:type":"article","og:title":"Del Potro se despide de Wimbledon \u00abdej\u00e1ndolo todo\u00bb | Cand\u00e1s 365","og:description":"Londres, 11 jul (dpa) - Rafael Nadal puso punto y final a la aventura de Juan Mart\u00edn del Potro hoy en los cuartos de final de Wimbledon, un d\u00eda en el que el argentino asegur\u00f3 que se marcha &quot;dej\u00e1ndolo todo&quot; en la Centre Court del All England Lawn Tennis and Croquet Club. Fue una batalla","og:url":"https:\/\/candas365.es\/noticias\/del-potro-se-despide-de-wimbledon-dejandolo-todo\/","og:image":"https:\/\/candas365.es\/noticias\/wp-content\/uploads\/2018\/05\/tennis-2891306_960_720.jpg","og:image:secure_url":"https:\/\/candas365.es\/noticias\/wp-content\/uploads\/2018\/05\/tennis-2891306_960_720.jpg","og:image:width":960,"og:image:height":540,"article:published_time":"2018-07-11T23:17:36+00:00","article:modified_time":"2018-07-11T23:17:36+00:00","article:publisher":"https:\/\/www.facebook.com\/Nachofdezber","article:author":"https:\/\/www.facebook.com\/carrenoactualidad","twitter:card":"summary_large_image","twitter:site":"@NabercoDigital","twitter:title":"Del Potro se despide de Wimbledon \u00abdej\u00e1ndolo todo\u00bb | Cand\u00e1s 365","twitter:description":"Londres, 11 jul (dpa) - Rafael Nadal puso punto y final a la aventura de Juan Mart\u00edn del Potro hoy en los cuartos de final de Wimbledon, un d\u00eda en el que el argentino asegur\u00f3 que se marcha &quot;dej\u00e1ndolo todo&quot; en la Centre Court del All England Lawn Tennis and Croquet Club. Fue una batalla","twitter:creator":"@nbasturias","twitter:image":"https:\/\/candas365.es\/noticias\/wp-content\/uploads\/2018\/05\/tennis-2891306_960_720.jpg","twitter:label1":"Escrito por","twitter:data1":"Cand\u00e1s 365","twitter:label2":"Tiempo de lectura estimado","twitter:data2":"3 minutos"},"aioseo_meta_data":{"post_id":"100237","title":null,"description":null,"keywords":null,"keyphrases":null,"primary_term":null,"canonical_url":null,"og_title":null,"og_description":null,"og_object_type":"default","og_image_type":"default","og_image_url":null,"og_image_width":null,"og_image_height":null,"og_image_custom_url":null,"og_image_custom_fields":null,"og_video":null,"og_custom_url":null,"og_article_section":null,"og_article_tags":null,"twitter_use_og":false,"twitter_card":"default","twitter_image_type":"default","twitter_image_url":null,"twitter_image_custom_url":null,"twitter_image_custom_fields":null,"twitter_title":null,"twitter_description":null,"schema":{"blockGraphs":[],"customGraphs":[],"default":{"data":{"Article":[],"Course":[],"Dataset":[],"FAQPage":[],"Movie":[],"Person":[],"Product":[],"ProductReview":[],"Car":[],"Recipe":[],"Service":[],"SoftwareApplication":[],"WebPage":[]},"graphName":"","isEnabled":true},"graphs":[],"defaultGraph":"","defaultPostTypeGraph":""},"schema_type":null,"schema_type_options":null,"pillar_content":false,"robots_default":true,"robots_noindex":false,"robots_noarchive":false,"robots_nosnippet":false,"robots_nofollow":false,"robots_noimageindex":false,"robots_noodp":false,"robots_notranslate":false,"robots_max_snippet":null,"robots_max_videopreview":null,"robots_max_imagepreview":"large","priority":null,"frequency":null,"location":null,"local_seo":null,"seo_analyzer_scan_date":"2025-08-27 08:15:21","breadcrumb_settings":null,"limit_modified_date":false,"reviewed_by":null,"open_ai":null,"ai":null,"created":"2020-12-21 11:48:57","updated":"2025-08-27 08:15:21"},"aioseo_breadcrumb":"<div class=\"aioseo-breadcrumbs\"><span class=\"aioseo-breadcrumb\">\n\t<a href=\"https:\/\/candas365.es\/noticias\" title=\"Home\">Home<\/a>\n<\/span><span class=\"aioseo-breadcrumb-separator\">&ndash;<\/span><span class=\"aioseo-breadcrumb\">\n\t<a href=\"https:\/\/candas365.es\/noticias\/category\/deporte\/\" title=\"Deporte\">Deporte<\/a>\n<\/span><span class=\"aioseo-breadcrumb-separator\">&ndash;<\/span><span class=\"aioseo-breadcrumb\">\n\tDel Potro se despide de Wimbledon \u00abdej\u00e1ndolo todo\u00bb\n<\/span><\/div>","aioseo_breadcrumb_json":[{"label":"Home","link":"https:\/\/candas365.es\/noticias"},{"label":"Deporte","link":"https:\/\/candas365.es\/noticias\/category\/deporte\/"},{"label":"Del Potro se despide de Wimbledon \u00abdej\u00e1ndolo todo\u00bb","link":"https:\/\/candas365.es\/noticias\/del-potro-se-despide-de-wimbledon-dejandolo-todo\/"}],"_links":{"self":[{"href":"https:\/\/candas365.es\/noticias\/wp-json\/wp\/v2\/posts\/100237","targetHints":{"allow":["GET"]}}],"collection":[{"href":"https:\/\/candas365.es\/noticias\/wp-json\/wp\/v2\/posts"}],"about":[{"href":"https:\/\/candas365.es\/noticias\/wp-json\/wp\/v2\/types\/post"}],"author":[{"embeddable":true,"href":"https:\/\/candas365.es\/noticias\/wp-json\/wp\/v2\/users\/1"}],"replies":[{"embeddable":true,"href":"https:\/\/candas365.es\/noticias\/wp-json\/wp\/v2\/comments?post=100237"}],"version-history":[{"count":0,"href":"https:\/\/candas365.es\/noticias\/wp-json\/wp\/v2\/posts\/100237\/revisions"}],"wp:featuredmedia":[{"embeddable":true,"href":"https:\/\/candas365.es\/noticias\/wp-json\/wp\/v2\/media\/95170"}],"wp:attachment":[{"href":"https:\/\/candas365.es\/noticias\/wp-json\/wp\/v2\/media?parent=100237"}],"wp:term":[{"taxonomy":"category","embeddable":true,"href":"https:\/\/candas365.es\/noticias\/wp-json\/wp\/v2\/categories?post=100237"},{"taxonomy":"post_tag","embeddable":true,"href":"https:\/\/candas365.es\/noticias\/wp-json\/wp\/v2\/tags?post=100237"}],"curies":[{"name":"wp","href":"https:\/\/api.w.org\/{rel}","templated":true}]}}