{"id":100230,"date":"2018-07-11T22:07:37","date_gmt":"2018-07-11T22:07:37","guid":{"rendered":"http:\/\/candas365.es\/noticias\/?p=100230"},"modified":"2018-07-11T22:07:37","modified_gmt":"2018-07-11T22:07:37","slug":"deschamps-quiere-unirse-al-club-mas-exclusivo-del-futbol","status":"publish","type":"post","link":"https:\/\/candas365.es\/noticias\/deschamps-quiere-unirse-al-club-mas-exclusivo-del-futbol\/","title":{"rendered":"Deschamps quiere unirse al club m\u00e1s exclusivo del f\u00fatbol"},"content":{"rendered":"<p><img fetchpriority=\"high\" decoding=\"async\" class=\"alignleft size-medium wp-image-99406\" src=\"https:\/\/candas365.es\/noticias\/wp-content\/uploads\/2018\/06\/trophy-3472245_960_720-360x198.jpg\" alt=\"\" width=\"360\" height=\"198\" srcset=\"https:\/\/candas365.es\/noticias\/wp-content\/uploads\/2018\/06\/trophy-3472245_960_720-360x198.jpg 360w, https:\/\/candas365.es\/noticias\/wp-content\/uploads\/2018\/06\/trophy-3472245_960_720-768x422.jpg 768w, https:\/\/candas365.es\/noticias\/wp-content\/uploads\/2018\/06\/trophy-3472245_960_720-655x360.jpg 655w, https:\/\/candas365.es\/noticias\/wp-content\/uploads\/2018\/06\/trophy-3472245_960_720-696x385.jpg 696w, https:\/\/candas365.es\/noticias\/wp-content\/uploads\/2018\/06\/trophy-3472245_960_720-764x420.jpg 764w, https:\/\/candas365.es\/noticias\/wp-content\/uploads\/2018\/06\/trophy-3472245_960_720.jpg 960w\" sizes=\"(max-width: 360px) 100vw, 360px\" \/>San Petersburgo, 11 jul (dpa) &#8211; Ser campe\u00f3n del mundo es un \u00e9xito al alcance de pocos, pero conseguirlo como jugador y entrenador es un hito de m\u00e1xima exclusividad. Tanto es as\u00ed que, en la historia del f\u00fatbol, s\u00f3lo dos personas lo lograron: Mario Zagallo y Franz Beckenbauer. El domingo, Didier Deschamps tendr\u00e1 la posibilidad de unirse a esa lista privilegiada.<\/p>\n<p>El entrenador franc\u00e9s se encuentra a un partido de repetir el t\u00edtulo que alz\u00f3 como capit\u00e1n del combinado galo en el Mundial de 1998. Y emular as\u00ed lo hecho por Zagallo, campe\u00f3n como jugador con Brasil en 1958 y 1962 y como entrenador en 1970, y Beckenbauer, que alz\u00f3 el trofeo en 1974 y despu\u00e9s fue el t\u00e9cnico de la Alemania campeona de 1990.<\/p>\n<p>\u00abYo todav\u00eda estoy en un club m\u00e1s grande\u00bb, dijo con una sonrisa antes de la semifinal que Francia gan\u00f3 a B\u00e9lgica. Tras el partido, insisti\u00f3 con su discurso. \u00abTodav\u00eda no somos campeones mundiales\u00bb, se\u00f1al\u00f3 de cara a una final que tendr\u00e1 a los \u00abbleus\u00bb como favoritos en el estadio Luzhniki de Mosc\u00fa.<\/p>\n<p>El recuerdo del Mundial de 1998 se repite una y otra vez en las preguntas de los periodistas, pero el mariscal franc\u00e9s insiste en que cada historia es diferente.<\/p>\n<p>\u00abNo se puede comparar. Estamos aqu\u00ed para escribir una nueva p\u00e1gina en la historia, una p\u00e1gina bonita\u00bb, dijo el martes por la noche en San Petersburgo. \u00abLo que hicimos hace 20 a\u00f1os quedar\u00e1 en la historia, nadie lo borrar\u00e1. Pero debemos vivir nuestro tiempo, no podemos estar mirando el espejo retrovisor\u00bb.<\/p>\n<p>El entrenador record\u00f3 adem\u00e1s que muchos de los jugadores de la actual generaci\u00f3n no hab\u00edan nacido cuando Francia logr\u00f3 su primer t\u00edtulo mundial en 1998. \u00abEs algo que pertenece a muchos franceses que lo vivieron, pero no a la generaci\u00f3n m\u00e1s joven\u00bb.<\/p>\n<p>Deschamps acaricia ya la gloria, un t\u00edtulo que podr\u00eda colocar su nombre a\u00fan m\u00e1s alto en la historia del f\u00fatbol franc\u00e9s e internacional. Pero el duelo del domingo tambi\u00e9n es un arma de doble filo: una nueva ca\u00edda en una final tras haber dejado escapar en casa la Eurocopa hace dos a\u00f1os ser\u00eda un golpe terrible.<\/p>\n<p>\u00abFue tan doloroso aquello. No es irrelevante haber llegado a otra final despu\u00e9s de ello\u00bb, record\u00f3 el t\u00e9cnico de 49 a\u00f1os, que s\u00ed pudo ganar la Eurocopa como jugador en 2000.<\/p>\n<p>Deschamps asegura creer en el destino, aunque eso no implica ning\u00fan tipo de relajaci\u00f3n o confianza. \u00abTodos tenemos destinos\u00bb, dijo filos\u00f3fico. \u00abPero siempre andamos buscando comparaciones. Esperemos estar del lado correcto del destino esta vez\u00bb.<\/p>\n<p>Tras una notable carrera como futbolista, Deschamps asumi\u00f3 el mando de la selecci\u00f3n francesa en 2012. Logr\u00f3 llevar a los \u00abbleus\u00bb a los cuartos de final del Mundial de Brasil, donde cayeron ante Alemania, y a la final de la Eurocopa de 2016, en la que Portugal fue el verdugo.<\/p>\n<p>No le tembl\u00f3 el pulso a la hora de borrar a nombres como el de Karim Benzema, imponer su disciplina y renovar el plantel. Y los resultados se est\u00e1n viendo en Rusia, donde Francia logr\u00f3 dejar en el camino, con m\u00e1s pragmatismo que brillo, a rivales del calibre de Argentina, Uruguay y B\u00e9lgica. Sin embargo, a Deschamps le falta a\u00fan un t\u00edtulo a su curr\u00edculum como entrenador \u00abbleu\u00bb y el domingo tendr\u00e1 la posibilidad de conseguirlo.<\/p>\n<p>Por Tom\u00e1s Rudich (dpa)<\/p>\n","protected":false},"excerpt":{"rendered":"<p>San Petersburgo, 11 jul (dpa) &#8211; Ser campe\u00f3n del mundo es un \u00e9xito al alcance de pocos, pero conseguirlo como jugador y entrenador es un hito de m\u00e1xima exclusividad. Tanto es as\u00ed que, en la historia del f\u00fatbol, s\u00f3lo dos personas lo lograron: Mario Zagallo y Franz Beckenbauer. El domingo, Didier Deschamps tendr\u00e1 la posibilidad<\/p>\n","protected":false},"author":1,"featured_media":99406,"comment_status":"closed","ping_status":"closed","sticky":false,"template":"","format":"standard","meta":{"footnotes":""},"categories":[319],"tags":[],"class_list":{"0":"post-100230","1":"post","2":"type-post","3":"status-publish","4":"format-standard","5":"has-post-thumbnail","7":"category-deporte"},"aioseo_notices":[],"aioseo_head":"\n\t\t<!-- All in One SEO Pro 4.9.6.2 - aioseo.com -->\n\t<meta name=\"description\" content=\"San Petersburgo, 11 jul (dpa) - Ser campe\u00f3n del mundo es un \u00e9xito al alcance de pocos, pero conseguirlo como jugador y entrenador es un hito de m\u00e1xima exclusividad. Tanto es as\u00ed que, en la historia del f\u00fatbol, s\u00f3lo dos personas lo lograron: Mario Zagallo y Franz Beckenbauer. El domingo, Didier Deschamps tendr\u00e1 la posibilidad\" \/>\n\t<meta name=\"robots\" content=\"max-image-preview:large\" \/>\n\t<meta name=\"author\" content=\"Cand\u00e1s 365\"\/>\n\t<meta name=\"google-site-verification\" content=\"UA-32230408-1\" \/>\n\t<meta name=\"msvalidate.01\" content=\"354F3CDFB2DA171B47FBE9ABF1F88D5\" \/>\n\t<meta name=\"keywords\" content=\"deporte\" \/>\n\t<link rel=\"canonical\" href=\"https:\/\/candas365.es\/noticias\/deschamps-quiere-unirse-al-club-mas-exclusivo-del-futbol\/\" \/>\n\t<meta name=\"generator\" content=\"All in One SEO Pro (AIOSEO) 4.9.6.2\" \/>\n\t\t<meta property=\"og:locale\" content=\"es_ES\" \/>\n\t\t<meta property=\"og:site_name\" content=\"Cand\u00e1s 365\" \/>\n\t\t<meta property=\"og:type\" content=\"article\" \/>\n\t\t<meta property=\"og:title\" content=\"Deschamps quiere unirse al club m\u00e1s exclusivo del f\u00fatbol | Cand\u00e1s 365\" \/>\n\t\t<meta property=\"og:description\" content=\"San Petersburgo, 11 jul (dpa) - Ser campe\u00f3n del mundo es un \u00e9xito al alcance de pocos, pero conseguirlo como jugador y entrenador es un hito de m\u00e1xima exclusividad. Tanto es as\u00ed que, en la historia del f\u00fatbol, s\u00f3lo dos personas lo lograron: Mario Zagallo y Franz Beckenbauer. El domingo, Didier Deschamps tendr\u00e1 la posibilidad\" \/>\n\t\t<meta property=\"og:url\" content=\"https:\/\/candas365.es\/noticias\/deschamps-quiere-unirse-al-club-mas-exclusivo-del-futbol\/\" \/>\n\t\t<meta property=\"og:image\" content=\"https:\/\/candas365.es\/noticias\/wp-content\/uploads\/2018\/06\/trophy-3472245_960_720.jpg\" \/>\n\t\t<meta property=\"og:image:secure_url\" content=\"https:\/\/candas365.es\/noticias\/wp-content\/uploads\/2018\/06\/trophy-3472245_960_720.jpg\" \/>\n\t\t<meta property=\"og:image:width\" content=\"960\" \/>\n\t\t<meta property=\"og:image:height\" content=\"528\" \/>\n\t\t<meta property=\"article:published_time\" content=\"2018-07-11T22:07:37+00:00\" \/>\n\t\t<meta property=\"article:modified_time\" content=\"2018-07-11T22:07:37+00:00\" \/>\n\t\t<meta property=\"article:publisher\" content=\"https:\/\/www.facebook.com\/Nachofdezber\" \/>\n\t\t<meta property=\"article:author\" content=\"https:\/\/www.facebook.com\/carrenoactualidad\" \/>\n\t\t<meta name=\"twitter:card\" content=\"summary_large_image\" \/>\n\t\t<meta name=\"twitter:site\" content=\"@NabercoDigital\" \/>\n\t\t<meta name=\"twitter:title\" content=\"Deschamps quiere unirse al club m\u00e1s exclusivo del f\u00fatbol | Cand\u00e1s 365\" \/>\n\t\t<meta name=\"twitter:description\" content=\"San Petersburgo, 11 jul (dpa) - Ser campe\u00f3n del mundo es un \u00e9xito al alcance de pocos, pero conseguirlo como jugador y entrenador es un hito de m\u00e1xima exclusividad. Tanto es as\u00ed que, en la historia del f\u00fatbol, s\u00f3lo dos personas lo lograron: Mario Zagallo y Franz Beckenbauer. El domingo, Didier Deschamps tendr\u00e1 la posibilidad\" \/>\n\t\t<meta name=\"twitter:creator\" content=\"@nbasturias\" \/>\n\t\t<meta name=\"twitter:image\" content=\"https:\/\/candas365.es\/noticias\/wp-content\/uploads\/2018\/06\/trophy-3472245_960_720.jpg\" \/>\n\t\t<meta name=\"twitter:label1\" content=\"Escrito por\" \/>\n\t\t<meta name=\"twitter:data1\" content=\"Cand\u00e1s 365\" \/>\n\t\t<meta name=\"twitter:label2\" content=\"Tiempo de lectura estimado\" \/>\n\t\t<meta name=\"twitter:data2\" content=\"3 minutos\" \/>\n\t\t<script type=\"application\/ld+json\" class=\"aioseo-schema\">\n\t\t\t{\"@context\":\"https:\\\/\\\/schema.org\",\"@graph\":[{\"@type\":\"BreadcrumbList\",\"@id\":\"https:\\\/\\\/candas365.es\\\/noticias\\\/deschamps-quiere-unirse-al-club-mas-exclusivo-del-futbol\\\/#breadcrumblist\",\"itemListElement\":[{\"@type\":\"ListItem\",\"@id\":\"https:\\\/\\\/candas365.es\\\/noticias#listItem\",\"position\":1,\"name\":\"Home\",\"item\":\"https:\\\/\\\/candas365.es\\\/noticias\",\"nextItem\":{\"@type\":\"ListItem\",\"@id\":\"https:\\\/\\\/candas365.es\\\/noticias\\\/category\\\/deporte\\\/#listItem\",\"name\":\"Deporte\"}},{\"@type\":\"ListItem\",\"@id\":\"https:\\\/\\\/candas365.es\\\/noticias\\\/category\\\/deporte\\\/#listItem\",\"position\":2,\"name\":\"Deporte\",\"item\":\"https:\\\/\\\/candas365.es\\\/noticias\\\/category\\\/deporte\\\/\",\"nextItem\":{\"@type\":\"ListItem\",\"@id\":\"https:\\\/\\\/candas365.es\\\/noticias\\\/deschamps-quiere-unirse-al-club-mas-exclusivo-del-futbol\\\/#listItem\",\"name\":\"Deschamps quiere unirse al club m\\u00e1s exclusivo del f\\u00fatbol\"},\"previousItem\":{\"@type\":\"ListItem\",\"@id\":\"https:\\\/\\\/candas365.es\\\/noticias#listItem\",\"name\":\"Home\"}},{\"@type\":\"ListItem\",\"@id\":\"https:\\\/\\\/candas365.es\\\/noticias\\\/deschamps-quiere-unirse-al-club-mas-exclusivo-del-futbol\\\/#listItem\",\"position\":3,\"name\":\"Deschamps quiere unirse al club m\\u00e1s exclusivo del f\\u00fatbol\",\"previousItem\":{\"@type\":\"ListItem\",\"@id\":\"https:\\\/\\\/candas365.es\\\/noticias\\\/category\\\/deporte\\\/#listItem\",\"name\":\"Deporte\"}}]},{\"@type\":\"NewsArticle\",\"@id\":\"https:\\\/\\\/candas365.es\\\/noticias\\\/deschamps-quiere-unirse-al-club-mas-exclusivo-del-futbol\\\/#newsarticle\",\"name\":\"Deschamps quiere unirse al club m\\u00e1s exclusivo del f\\u00fatbol | Cand\\u00e1s 365\",\"headline\":\"Deschamps quiere unirse al club m\\u00e1s exclusivo del f\\u00fatbol\",\"author\":{\"@id\":\"https:\\\/\\\/candas365.es\\\/noticias\\\/author\\\/admin\\\/#author\"},\"publisher\":{\"@id\":\"https:\\\/\\\/candas365.es\\\/noticias\\\/#organization\"},\"image\":{\"@type\":\"ImageObject\",\"url\":\"https:\\\/\\\/candas365.es\\\/noticias\\\/wp-content\\\/uploads\\\/2018\\\/06\\\/trophy-3472245_960_720.jpg\",\"width\":960,\"height\":528},\"datePublished\":\"2018-07-11T22:07:37+02:00\",\"dateModified\":\"2018-07-11T22:07:37+02:00\",\"inLanguage\":\"es-ES\",\"mainEntityOfPage\":{\"@id\":\"https:\\\/\\\/candas365.es\\\/noticias\\\/deschamps-quiere-unirse-al-club-mas-exclusivo-del-futbol\\\/#webpage\"},\"isPartOf\":{\"@id\":\"https:\\\/\\\/candas365.es\\\/noticias\\\/deschamps-quiere-unirse-al-club-mas-exclusivo-del-futbol\\\/#webpage\"},\"articleSection\":\"Deporte\",\"dateline\":\"Publicado el julio 11, 2018.\"},{\"@type\":\"Organization\",\"@id\":\"https:\\\/\\\/candas365.es\\\/noticias\\\/#organization\",\"name\":\"Cand\\u00e1s 365\",\"description\":\"Cand\\u00e1s 365 es un diario digital independiente, fundado en 2012, con base en Asturias. Informamos con rigor sobre actualidad, sociedad, cultura y ocio, con una mirada local y global.\",\"url\":\"https:\\\/\\\/candas365.es\\\/noticias\\\/\",\"email\":\"info@candas365.es\",\"telephone\":\"+34652131393\",\"foundingDate\":\"2012-06-10\",\"logo\":{\"@type\":\"ImageObject\",\"url\":\"https:\\\/\\\/candas365.es\\\/noticias\\\/wp-content\\\/uploads\\\/2024\\\/09\\\/Candas-365-Redes.jpg\",\"@id\":\"https:\\\/\\\/candas365.es\\\/noticias\\\/deschamps-quiere-unirse-al-club-mas-exclusivo-del-futbol\\\/#organizationLogo\",\"width\":1152,\"height\":864,\"caption\":\"Cand\\u00e1s 365 Redes\"},\"image\":{\"@id\":\"https:\\\/\\\/candas365.es\\\/noticias\\\/deschamps-quiere-unirse-al-club-mas-exclusivo-del-futbol\\\/#organizationLogo\"},\"sameAs\":[\"https:\\\/\\\/www.facebook.com\\\/Nachofdezber\",\"https:\\\/\\\/x.com\\\/NabercoDigital\",\"https:\\\/\\\/www.instagram.com\\\/nachofdezber\\\/\",\"https:\\\/\\\/www.youtube.com\\\/channel\\\/UCZP-2wLEB9Rv6erhFmqVnvg\"],\"address\":{\"@id\":\"https:\\\/\\\/candas365.es\\\/noticias\\\/#postaladdress\",\"@type\":\"PostalAddress\",\"streetAddress\":\"san antonio 4, san antonio 4\",\"postalCode\":\"33430\",\"addressLocality\":\"Cand\\u00e1s\",\"addressRegion\":\"Asturias\",\"addressCountry\":\"ES\"}},{\"@type\":\"Person\",\"@id\":\"https:\\\/\\\/candas365.es\\\/noticias\\\/author\\\/admin\\\/#author\",\"url\":\"https:\\\/\\\/candas365.es\\\/noticias\\\/author\\\/admin\\\/\",\"name\":\"Cand\\u00e1s 365\",\"image\":{\"@type\":\"ImageObject\",\"@id\":\"https:\\\/\\\/candas365.es\\\/noticias\\\/deschamps-quiere-unirse-al-club-mas-exclusivo-del-futbol\\\/#authorImage\",\"url\":\"https:\\\/\\\/secure.gravatar.com\\\/avatar\\\/496a8e03d0c493ede1718b7934145dbdf8d89be1036b0eec9544e1094c9de390?s=96&d=mm&r=g\",\"width\":96,\"height\":96,\"caption\":\"Cand\\u00e1s 365\"},\"sameAs\":[\"https:\\\/\\\/www.facebook.com\\\/carrenoactualidad\",\"https:\\\/\\\/twitter.com\\\/nbasturias\",\"https:\\\/\\\/www.instagram.com\\\/nachofdezber\\\/\",\"https:\\\/\\\/www.youtube.com\\\/channel\\\/UCZP-2wLEB9Rv6erhFmqVnvg\"]},{\"@type\":\"WebPage\",\"@id\":\"https:\\\/\\\/candas365.es\\\/noticias\\\/deschamps-quiere-unirse-al-club-mas-exclusivo-del-futbol\\\/#webpage\",\"url\":\"https:\\\/\\\/candas365.es\\\/noticias\\\/deschamps-quiere-unirse-al-club-mas-exclusivo-del-futbol\\\/\",\"name\":\"Deschamps quiere unirse al club m\\u00e1s exclusivo del f\\u00fatbol | Cand\\u00e1s 365\",\"description\":\"San Petersburgo, 11 jul (dpa) - Ser campe\\u00f3n del mundo es un \\u00e9xito al alcance de pocos, pero conseguirlo como jugador y entrenador es un hito de m\\u00e1xima exclusividad. Tanto es as\\u00ed que, en la historia del f\\u00fatbol, s\\u00f3lo dos personas lo lograron: Mario Zagallo y Franz Beckenbauer. El domingo, Didier Deschamps tendr\\u00e1 la posibilidad\",\"inLanguage\":\"es-ES\",\"isPartOf\":{\"@id\":\"https:\\\/\\\/candas365.es\\\/noticias\\\/#website\"},\"breadcrumb\":{\"@id\":\"https:\\\/\\\/candas365.es\\\/noticias\\\/deschamps-quiere-unirse-al-club-mas-exclusivo-del-futbol\\\/#breadcrumblist\"},\"author\":{\"@id\":\"https:\\\/\\\/candas365.es\\\/noticias\\\/author\\\/admin\\\/#author\"},\"creator\":{\"@id\":\"https:\\\/\\\/candas365.es\\\/noticias\\\/author\\\/admin\\\/#author\"},\"image\":{\"@type\":\"ImageObject\",\"url\":\"https:\\\/\\\/candas365.es\\\/noticias\\\/wp-content\\\/uploads\\\/2018\\\/06\\\/trophy-3472245_960_720.jpg\",\"@id\":\"https:\\\/\\\/candas365.es\\\/noticias\\\/deschamps-quiere-unirse-al-club-mas-exclusivo-del-futbol\\\/#mainImage\",\"width\":960,\"height\":528},\"primaryImageOfPage\":{\"@id\":\"https:\\\/\\\/candas365.es\\\/noticias\\\/deschamps-quiere-unirse-al-club-mas-exclusivo-del-futbol\\\/#mainImage\"},\"datePublished\":\"2018-07-11T22:07:37+02:00\",\"dateModified\":\"2018-07-11T22:07:37+02:00\"},{\"@type\":\"WebSite\",\"@id\":\"https:\\\/\\\/candas365.es\\\/noticias\\\/#website\",\"url\":\"https:\\\/\\\/candas365.es\\\/noticias\\\/\",\"name\":\"Cand\\u00e1s 365\",\"alternateName\":\"Cand\\u00e1s 365 Noticias\",\"description\":\"Actualidad desde Carre\\u00f1o para el mundo\",\"inLanguage\":\"es-ES\",\"publisher\":{\"@id\":\"https:\\\/\\\/candas365.es\\\/noticias\\\/#organization\"}}]}\n\t\t<\/script>\n\t\t<!-- All in One SEO Pro -->\r\n\t\t<title>Deschamps quiere unirse al club m\u00e1s exclusivo del f\u00fatbol | Cand\u00e1s 365<\/title>\n\n","aioseo_head_json":{"title":"Deschamps quiere unirse al club m\u00e1s exclusivo del f\u00fatbol | Cand\u00e1s 365","description":"San Petersburgo, 11 jul (dpa) - Ser campe\u00f3n del mundo es un \u00e9xito al alcance de pocos, pero conseguirlo como jugador y entrenador es un hito de m\u00e1xima exclusividad. Tanto es as\u00ed que, en la historia del f\u00fatbol, s\u00f3lo dos personas lo lograron: Mario Zagallo y Franz Beckenbauer. El domingo, Didier Deschamps tendr\u00e1 la posibilidad","canonical_url":"https:\/\/candas365.es\/noticias\/deschamps-quiere-unirse-al-club-mas-exclusivo-del-futbol\/","robots":"max-image-preview:large","keywords":"deporte","webmasterTools":{"google-site-verification":"UA-32230408-1","msvalidate.01":"354F3CDFB2DA171B47FBE9ABF1F88D5","miscellaneous":""},"schema":{"@context":"https:\/\/schema.org","@graph":[{"@type":"BreadcrumbList","@id":"https:\/\/candas365.es\/noticias\/deschamps-quiere-unirse-al-club-mas-exclusivo-del-futbol\/#breadcrumblist","itemListElement":[{"@type":"ListItem","@id":"https:\/\/candas365.es\/noticias#listItem","position":1,"name":"Home","item":"https:\/\/candas365.es\/noticias","nextItem":{"@type":"ListItem","@id":"https:\/\/candas365.es\/noticias\/category\/deporte\/#listItem","name":"Deporte"}},{"@type":"ListItem","@id":"https:\/\/candas365.es\/noticias\/category\/deporte\/#listItem","position":2,"name":"Deporte","item":"https:\/\/candas365.es\/noticias\/category\/deporte\/","nextItem":{"@type":"ListItem","@id":"https:\/\/candas365.es\/noticias\/deschamps-quiere-unirse-al-club-mas-exclusivo-del-futbol\/#listItem","name":"Deschamps quiere unirse al club m\u00e1s exclusivo del f\u00fatbol"},"previousItem":{"@type":"ListItem","@id":"https:\/\/candas365.es\/noticias#listItem","name":"Home"}},{"@type":"ListItem","@id":"https:\/\/candas365.es\/noticias\/deschamps-quiere-unirse-al-club-mas-exclusivo-del-futbol\/#listItem","position":3,"name":"Deschamps quiere unirse al club m\u00e1s exclusivo del f\u00fatbol","previousItem":{"@type":"ListItem","@id":"https:\/\/candas365.es\/noticias\/category\/deporte\/#listItem","name":"Deporte"}}]},{"@type":"NewsArticle","@id":"https:\/\/candas365.es\/noticias\/deschamps-quiere-unirse-al-club-mas-exclusivo-del-futbol\/#newsarticle","name":"Deschamps quiere unirse al club m\u00e1s exclusivo del f\u00fatbol | Cand\u00e1s 365","headline":"Deschamps quiere unirse al club m\u00e1s exclusivo del f\u00fatbol","author":{"@id":"https:\/\/candas365.es\/noticias\/author\/admin\/#author"},"publisher":{"@id":"https:\/\/candas365.es\/noticias\/#organization"},"image":{"@type":"ImageObject","url":"https:\/\/candas365.es\/noticias\/wp-content\/uploads\/2018\/06\/trophy-3472245_960_720.jpg","width":960,"height":528},"datePublished":"2018-07-11T22:07:37+02:00","dateModified":"2018-07-11T22:07:37+02:00","inLanguage":"es-ES","mainEntityOfPage":{"@id":"https:\/\/candas365.es\/noticias\/deschamps-quiere-unirse-al-club-mas-exclusivo-del-futbol\/#webpage"},"isPartOf":{"@id":"https:\/\/candas365.es\/noticias\/deschamps-quiere-unirse-al-club-mas-exclusivo-del-futbol\/#webpage"},"articleSection":"Deporte","dateline":"Publicado el julio 11, 2018."},{"@type":"Organization","@id":"https:\/\/candas365.es\/noticias\/#organization","name":"Cand\u00e1s 365","description":"Cand\u00e1s 365 es un diario digital independiente, fundado en 2012, con base en Asturias. Informamos con rigor sobre actualidad, sociedad, cultura y ocio, con una mirada local y global.","url":"https:\/\/candas365.es\/noticias\/","email":"info@candas365.es","telephone":"+34652131393","foundingDate":"2012-06-10","logo":{"@type":"ImageObject","url":"https:\/\/candas365.es\/noticias\/wp-content\/uploads\/2024\/09\/Candas-365-Redes.jpg","@id":"https:\/\/candas365.es\/noticias\/deschamps-quiere-unirse-al-club-mas-exclusivo-del-futbol\/#organizationLogo","width":1152,"height":864,"caption":"Cand\u00e1s 365 Redes"},"image":{"@id":"https:\/\/candas365.es\/noticias\/deschamps-quiere-unirse-al-club-mas-exclusivo-del-futbol\/#organizationLogo"},"sameAs":["https:\/\/www.facebook.com\/Nachofdezber","https:\/\/x.com\/NabercoDigital","https:\/\/www.instagram.com\/nachofdezber\/","https:\/\/www.youtube.com\/channel\/UCZP-2wLEB9Rv6erhFmqVnvg"],"address":{"@id":"https:\/\/candas365.es\/noticias\/#postaladdress","@type":"PostalAddress","streetAddress":"san antonio 4, san antonio 4","postalCode":"33430","addressLocality":"Cand\u00e1s","addressRegion":"Asturias","addressCountry":"ES"}},{"@type":"Person","@id":"https:\/\/candas365.es\/noticias\/author\/admin\/#author","url":"https:\/\/candas365.es\/noticias\/author\/admin\/","name":"Cand\u00e1s 365","image":{"@type":"ImageObject","@id":"https:\/\/candas365.es\/noticias\/deschamps-quiere-unirse-al-club-mas-exclusivo-del-futbol\/#authorImage","url":"https:\/\/secure.gravatar.com\/avatar\/496a8e03d0c493ede1718b7934145dbdf8d89be1036b0eec9544e1094c9de390?s=96&d=mm&r=g","width":96,"height":96,"caption":"Cand\u00e1s 365"},"sameAs":["https:\/\/www.facebook.com\/carrenoactualidad","https:\/\/twitter.com\/nbasturias","https:\/\/www.instagram.com\/nachofdezber\/","https:\/\/www.youtube.com\/channel\/UCZP-2wLEB9Rv6erhFmqVnvg"]},{"@type":"WebPage","@id":"https:\/\/candas365.es\/noticias\/deschamps-quiere-unirse-al-club-mas-exclusivo-del-futbol\/#webpage","url":"https:\/\/candas365.es\/noticias\/deschamps-quiere-unirse-al-club-mas-exclusivo-del-futbol\/","name":"Deschamps quiere unirse al club m\u00e1s exclusivo del f\u00fatbol | Cand\u00e1s 365","description":"San Petersburgo, 11 jul (dpa) - Ser campe\u00f3n del mundo es un \u00e9xito al alcance de pocos, pero conseguirlo como jugador y entrenador es un hito de m\u00e1xima exclusividad. Tanto es as\u00ed que, en la historia del f\u00fatbol, s\u00f3lo dos personas lo lograron: Mario Zagallo y Franz Beckenbauer. El domingo, Didier Deschamps tendr\u00e1 la posibilidad","inLanguage":"es-ES","isPartOf":{"@id":"https:\/\/candas365.es\/noticias\/#website"},"breadcrumb":{"@id":"https:\/\/candas365.es\/noticias\/deschamps-quiere-unirse-al-club-mas-exclusivo-del-futbol\/#breadcrumblist"},"author":{"@id":"https:\/\/candas365.es\/noticias\/author\/admin\/#author"},"creator":{"@id":"https:\/\/candas365.es\/noticias\/author\/admin\/#author"},"image":{"@type":"ImageObject","url":"https:\/\/candas365.es\/noticias\/wp-content\/uploads\/2018\/06\/trophy-3472245_960_720.jpg","@id":"https:\/\/candas365.es\/noticias\/deschamps-quiere-unirse-al-club-mas-exclusivo-del-futbol\/#mainImage","width":960,"height":528},"primaryImageOfPage":{"@id":"https:\/\/candas365.es\/noticias\/deschamps-quiere-unirse-al-club-mas-exclusivo-del-futbol\/#mainImage"},"datePublished":"2018-07-11T22:07:37+02:00","dateModified":"2018-07-11T22:07:37+02:00"},{"@type":"WebSite","@id":"https:\/\/candas365.es\/noticias\/#website","url":"https:\/\/candas365.es\/noticias\/","name":"Cand\u00e1s 365","alternateName":"Cand\u00e1s 365 Noticias","description":"Actualidad desde Carre\u00f1o para el mundo","inLanguage":"es-ES","publisher":{"@id":"https:\/\/candas365.es\/noticias\/#organization"}}]},"og:locale":"es_ES","og:site_name":"Cand\u00e1s 365","og:type":"article","og:title":"Deschamps quiere unirse al club m\u00e1s exclusivo del f\u00fatbol | Cand\u00e1s 365","og:description":"San Petersburgo, 11 jul (dpa) - Ser campe\u00f3n del mundo es un \u00e9xito al alcance de pocos, pero conseguirlo como jugador y entrenador es un hito de m\u00e1xima exclusividad. Tanto es as\u00ed que, en la historia del f\u00fatbol, s\u00f3lo dos personas lo lograron: Mario Zagallo y Franz Beckenbauer. El domingo, Didier Deschamps tendr\u00e1 la posibilidad","og:url":"https:\/\/candas365.es\/noticias\/deschamps-quiere-unirse-al-club-mas-exclusivo-del-futbol\/","og:image":"https:\/\/candas365.es\/noticias\/wp-content\/uploads\/2018\/06\/trophy-3472245_960_720.jpg","og:image:secure_url":"https:\/\/candas365.es\/noticias\/wp-content\/uploads\/2018\/06\/trophy-3472245_960_720.jpg","og:image:width":960,"og:image:height":528,"article:published_time":"2018-07-11T22:07:37+00:00","article:modified_time":"2018-07-11T22:07:37+00:00","article:publisher":"https:\/\/www.facebook.com\/Nachofdezber","article:author":"https:\/\/www.facebook.com\/carrenoactualidad","twitter:card":"summary_large_image","twitter:site":"@NabercoDigital","twitter:title":"Deschamps quiere unirse al club m\u00e1s exclusivo del f\u00fatbol | Cand\u00e1s 365","twitter:description":"San Petersburgo, 11 jul (dpa) - Ser campe\u00f3n del mundo es un \u00e9xito al alcance de pocos, pero conseguirlo como jugador y entrenador es un hito de m\u00e1xima exclusividad. Tanto es as\u00ed que, en la historia del f\u00fatbol, s\u00f3lo dos personas lo lograron: Mario Zagallo y Franz Beckenbauer. El domingo, Didier Deschamps tendr\u00e1 la posibilidad","twitter:creator":"@nbasturias","twitter:image":"https:\/\/candas365.es\/noticias\/wp-content\/uploads\/2018\/06\/trophy-3472245_960_720.jpg","twitter:label1":"Escrito por","twitter:data1":"Cand\u00e1s 365","twitter:label2":"Tiempo de lectura estimado","twitter:data2":"3 minutos"},"aioseo_meta_data":{"post_id":"100230","title":null,"description":null,"keywords":null,"keyphrases":null,"primary_term":null,"canonical_url":null,"og_title":null,"og_description":null,"og_object_type":"default","og_image_type":"default","og_image_url":null,"og_image_width":null,"og_image_height":null,"og_image_custom_url":null,"og_image_custom_fields":null,"og_video":null,"og_custom_url":null,"og_article_section":null,"og_article_tags":null,"twitter_use_og":false,"twitter_card":"default","twitter_image_type":"default","twitter_image_url":null,"twitter_image_custom_url":null,"twitter_image_custom_fields":null,"twitter_title":null,"twitter_description":null,"schema":{"blockGraphs":[],"customGraphs":[],"default":{"data":{"Article":[],"Course":[],"Dataset":[],"FAQPage":[],"Movie":[],"Person":[],"Product":[],"ProductReview":[],"Car":[],"Recipe":[],"Service":[],"SoftwareApplication":[],"WebPage":[]},"graphName":"","isEnabled":true},"graphs":[]},"schema_type":null,"schema_type_options":null,"pillar_content":false,"robots_default":true,"robots_noindex":false,"robots_noarchive":false,"robots_nosnippet":false,"robots_nofollow":false,"robots_noimageindex":false,"robots_noodp":false,"robots_notranslate":false,"robots_max_snippet":null,"robots_max_videopreview":null,"robots_max_imagepreview":"large","priority":null,"frequency":null,"location":null,"local_seo":null,"seo_analyzer_scan_date":"2025-08-27 08:15:17","breadcrumb_settings":null,"limit_modified_date":false,"reviewed_by":null,"open_ai":null,"ai":null,"created":"2020-12-21 11:48:57","updated":"2025-08-27 08:15:17"},"aioseo_breadcrumb":"<div class=\"aioseo-breadcrumbs\"><span class=\"aioseo-breadcrumb\">\n\t<a href=\"https:\/\/candas365.es\/noticias\" title=\"Home\">Home<\/a>\n<\/span><span class=\"aioseo-breadcrumb-separator\">&ndash;<\/span><span class=\"aioseo-breadcrumb\">\n\t<a href=\"https:\/\/candas365.es\/noticias\/category\/deporte\/\" title=\"Deporte\">Deporte<\/a>\n<\/span><span class=\"aioseo-breadcrumb-separator\">&ndash;<\/span><span class=\"aioseo-breadcrumb\">\n\tDeschamps quiere unirse al club m\u00e1s exclusivo del f\u00fatbol\n<\/span><\/div>","aioseo_breadcrumb_json":[{"label":"Home","link":"https:\/\/candas365.es\/noticias"},{"label":"Deporte","link":"https:\/\/candas365.es\/noticias\/category\/deporte\/"},{"label":"Deschamps quiere unirse al club m\u00e1s exclusivo del f\u00fatbol","link":"https:\/\/candas365.es\/noticias\/deschamps-quiere-unirse-al-club-mas-exclusivo-del-futbol\/"}],"_links":{"self":[{"href":"https:\/\/candas365.es\/noticias\/wp-json\/wp\/v2\/posts\/100230","targetHints":{"allow":["GET"]}}],"collection":[{"href":"https:\/\/candas365.es\/noticias\/wp-json\/wp\/v2\/posts"}],"about":[{"href":"https:\/\/candas365.es\/noticias\/wp-json\/wp\/v2\/types\/post"}],"author":[{"embeddable":true,"href":"https:\/\/candas365.es\/noticias\/wp-json\/wp\/v2\/users\/1"}],"replies":[{"embeddable":true,"href":"https:\/\/candas365.es\/noticias\/wp-json\/wp\/v2\/comments?post=100230"}],"version-history":[{"count":0,"href":"https:\/\/candas365.es\/noticias\/wp-json\/wp\/v2\/posts\/100230\/revisions"}],"wp:featuredmedia":[{"embeddable":true,"href":"https:\/\/candas365.es\/noticias\/wp-json\/wp\/v2\/media\/99406"}],"wp:attachment":[{"href":"https:\/\/candas365.es\/noticias\/wp-json\/wp\/v2\/media?parent=100230"}],"wp:term":[{"taxonomy":"category","embeddable":true,"href":"https:\/\/candas365.es\/noticias\/wp-json\/wp\/v2\/categories?post=100230"},{"taxonomy":"post_tag","embeddable":true,"href":"https:\/\/candas365.es\/noticias\/wp-json\/wp\/v2\/tags?post=100230"}],"curies":[{"name":"wp","href":"https:\/\/api.w.org\/{rel}","templated":true}]}}