{"id":100222,"date":"2018-07-11T21:11:23","date_gmt":"2018-07-11T21:11:23","guid":{"rendered":"http:\/\/candas365.es\/noticias\/?p=100222"},"modified":"2018-07-11T21:11:23","modified_gmt":"2018-07-11T21:11:23","slug":"merkel-rechaza-las-criticas-de-trump","status":"publish","type":"post","link":"https:\/\/candas365.es\/noticias\/merkel-rechaza-las-criticas-de-trump\/","title":{"rendered":"Merkel rechaza las cr\u00edticas de Trump"},"content":{"rendered":"<p><img fetchpriority=\"high\" decoding=\"async\" class=\"alignleft size-medium wp-image-14622\" src=\"https:\/\/candas365.es\/noticias\/wp-content\/uploads\/2015\/08\/merkel-360x198.jpg\" alt=\"\" width=\"360\" height=\"198\" srcset=\"https:\/\/candas365.es\/noticias\/wp-content\/uploads\/2015\/08\/merkel-360x198.jpg 360w, https:\/\/candas365.es\/noticias\/wp-content\/uploads\/2015\/08\/merkel-650x357.jpg 650w, https:\/\/candas365.es\/noticias\/wp-content\/uploads\/2015\/08\/merkel-150x82.jpg 150w, https:\/\/candas365.es\/noticias\/wp-content\/uploads\/2015\/08\/merkel-450x247.jpg 450w, https:\/\/candas365.es\/noticias\/wp-content\/uploads\/2015\/08\/merkel.jpg 655w\" sizes=\"(max-width: 360px) 100vw, 360px\" \/>Bruselas, 11 jul (dpa) &#8211; La canciller alemana, Angela Merkel, rechaz\u00f3 hoy las cr\u00edticas del presidente estadounidense, Donald Trump, quien afirm\u00f3 que Alemania est\u00e1 \u00abtotalmente bajo control de Rusia\u00bb por su acuerdo para la construcci\u00f3n del gasoducto Nord Stream 2.<\/p>\n<p>Es bueno que Alemania pueda hacer una \u00abpol\u00edtica independiente\u00bb, dijo Merkel al inicio de la cumbre de la OTAN en Bruselas.<\/p>\n<p>\u00abEs triste que Alemania cierre un acuerdo a gran escala de petr\u00f3leo y gas con Rusia cuando se supone que debes estar alerta ante Rusia y Alemania va y le paga miles y miles de millones de d\u00f3lares al a\u00f1o a Rusia\u00bb, hab\u00eda dicho Trump previamente en un encuentro bilateral con el secretario general de la Organizaci\u00f3n del Tratado del Atl\u00e1ntico Norte (OTAN), Jens Stoltenberg.<\/p>\n<p>Merkel aprovech\u00f3 su respuesta para recordar que ella misma vivi\u00f3 una \u00e9poca \u00aben la que parte de Alemania estaba controlada por la Uni\u00f3n Sovi\u00e9tica\u00bb, en referencia a la extinta Rep\u00fablica Democ\u00e1trica Alemana (RDA).<\/p>\n<p>\u00abMe alegra que hoy estemos unidos en libertad como Rep\u00fablica Federal de Alemania y que por eso podamos decir que podemos hacer una pol\u00edtica independiente y tomar decisiones independientes\u00bb, dijo la canciller.<\/p>\n<p>Trump tambi\u00e9n volvi\u00f3 a criticar que el Gobierno de Merkel no aumente su gasto en defensa.<\/p>\n<p>Estados Unidos est\u00e1 \u00abpagando un mont\u00f3n de dinero\u00bb para proteger a Francia, Alemania y a todo el mundo en el marco de la Alianza Atl\u00e1ntica, dijo desde Bruselas. \u00abAlemania es un pa\u00eds rico&#8230; puede aumentar [sus gastos en defensa] de inmediato, ma\u00f1ana, sin ning\u00fan problema\u00bb, a\u00f1adi\u00f3.<\/p>\n<p>El presidente estadounidense lleva tiempo criticando a Alemania y a otros pa\u00edses, como Espa\u00f1a, por no cumplir con el objetivo de gasto de un dos por ciento de su producto interior bruto (PIB) en defensa.<\/p>\n<p>Tras estas cr\u00edticas, Trump y Merkel mantendr\u00e1n hoy una reuni\u00f3n bilateral a las 13:15 GMT, antes de un encuentro con el presidente fracn\u00e9s, Emmanuel Macron, a las 14:00 GMT, inform\u00f3 la portavoz del mandatario estadounidense, Sarah Sanders.<\/p>\n","protected":false},"excerpt":{"rendered":"<p>Bruselas, 11 jul (dpa) &#8211; La canciller alemana, Angela Merkel, rechaz\u00f3 hoy las cr\u00edticas del presidente estadounidense, Donald Trump, quien afirm\u00f3 que Alemania est\u00e1 \u00abtotalmente bajo control de Rusia\u00bb por su acuerdo para la construcci\u00f3n del gasoducto Nord Stream 2. Es bueno que Alemania pueda hacer una \u00abpol\u00edtica independiente\u00bb, dijo Merkel al inicio de la<\/p>\n","protected":false},"author":1,"featured_media":14622,"comment_status":"closed","ping_status":"closed","sticky":false,"template":"","format":"standard","meta":{"footnotes":""},"categories":[343],"tags":[],"class_list":{"0":"post-100222","1":"post","2":"type-post","3":"status-publish","4":"format-standard","5":"has-post-thumbnail","7":"category-actualidad"},"aioseo_notices":[],"aioseo_head":"\n\t\t<!-- All in One SEO Pro 4.9.6.2 - aioseo.com -->\n\t<meta name=\"description\" content=\"Bruselas, 11 jul (dpa) - La canciller alemana, Angela Merkel, rechaz\u00f3 hoy las cr\u00edticas del presidente estadounidense, Donald Trump, quien afirm\u00f3 que Alemania est\u00e1 &quot;totalmente bajo control de Rusia&quot; por su acuerdo para la construcci\u00f3n del gasoducto Nord Stream 2. Es bueno que Alemania pueda hacer una &quot;pol\u00edtica independiente&quot;, dijo Merkel al inicio de la\" \/>\n\t<meta name=\"robots\" content=\"max-image-preview:large\" \/>\n\t<meta name=\"author\" content=\"Cand\u00e1s 365\"\/>\n\t<meta name=\"google-site-verification\" content=\"UA-32230408-1\" \/>\n\t<meta name=\"msvalidate.01\" content=\"354F3CDFB2DA171B47FBE9ABF1F88D5\" \/>\n\t<meta name=\"keywords\" content=\"actualidad\" \/>\n\t<link rel=\"canonical\" href=\"https:\/\/candas365.es\/noticias\/merkel-rechaza-las-criticas-de-trump\/\" \/>\n\t<meta name=\"generator\" content=\"All in One SEO Pro (AIOSEO) 4.9.6.2\" \/>\n\t\t<meta property=\"og:locale\" content=\"es_ES\" \/>\n\t\t<meta property=\"og:site_name\" content=\"Cand\u00e1s 365\" \/>\n\t\t<meta property=\"og:type\" content=\"article\" \/>\n\t\t<meta property=\"og:title\" content=\"Merkel rechaza las cr\u00edticas de Trump | Cand\u00e1s 365\" \/>\n\t\t<meta property=\"og:description\" content=\"Bruselas, 11 jul (dpa) - La canciller alemana, Angela Merkel, rechaz\u00f3 hoy las cr\u00edticas del presidente estadounidense, Donald Trump, quien afirm\u00f3 que Alemania est\u00e1 &quot;totalmente bajo control de Rusia&quot; por su acuerdo para la construcci\u00f3n del gasoducto Nord Stream 2. Es bueno que Alemania pueda hacer una &quot;pol\u00edtica independiente&quot;, dijo Merkel al inicio de la\" \/>\n\t\t<meta property=\"og:url\" content=\"https:\/\/candas365.es\/noticias\/merkel-rechaza-las-criticas-de-trump\/\" \/>\n\t\t<meta property=\"og:image\" content=\"https:\/\/candas365.es\/noticias\/wp-content\/uploads\/2015\/08\/merkel.jpg\" \/>\n\t\t<meta property=\"og:image:secure_url\" content=\"https:\/\/candas365.es\/noticias\/wp-content\/uploads\/2015\/08\/merkel.jpg\" \/>\n\t\t<meta property=\"og:image:width\" content=\"655\" \/>\n\t\t<meta property=\"og:image:height\" content=\"360\" \/>\n\t\t<meta property=\"article:published_time\" content=\"2018-07-11T21:11:23+00:00\" \/>\n\t\t<meta property=\"article:modified_time\" content=\"2018-07-11T21:11:23+00:00\" \/>\n\t\t<meta property=\"article:publisher\" content=\"https:\/\/www.facebook.com\/Nachofdezber\" \/>\n\t\t<meta property=\"article:author\" content=\"https:\/\/www.facebook.com\/carrenoactualidad\" \/>\n\t\t<meta name=\"twitter:card\" content=\"summary_large_image\" \/>\n\t\t<meta name=\"twitter:site\" content=\"@NabercoDigital\" \/>\n\t\t<meta name=\"twitter:title\" content=\"Merkel rechaza las cr\u00edticas de Trump | Cand\u00e1s 365\" \/>\n\t\t<meta name=\"twitter:description\" content=\"Bruselas, 11 jul (dpa) - La canciller alemana, Angela Merkel, rechaz\u00f3 hoy las cr\u00edticas del presidente estadounidense, Donald Trump, quien afirm\u00f3 que Alemania est\u00e1 &quot;totalmente bajo control de Rusia&quot; por su acuerdo para la construcci\u00f3n del gasoducto Nord Stream 2. Es bueno que Alemania pueda hacer una &quot;pol\u00edtica independiente&quot;, dijo Merkel al inicio de la\" \/>\n\t\t<meta name=\"twitter:creator\" content=\"@nbasturias\" \/>\n\t\t<meta name=\"twitter:image\" content=\"https:\/\/candas365.es\/noticias\/wp-content\/uploads\/2015\/08\/merkel.jpg\" \/>\n\t\t<meta name=\"twitter:label1\" content=\"Escrito por\" \/>\n\t\t<meta name=\"twitter:data1\" content=\"Cand\u00e1s 365\" \/>\n\t\t<meta name=\"twitter:label2\" content=\"Tiempo de lectura estimado\" \/>\n\t\t<meta name=\"twitter:data2\" content=\"2 minutos\" \/>\n\t\t<script type=\"application\/ld+json\" class=\"aioseo-schema\">\n\t\t\t{\"@context\":\"https:\\\/\\\/schema.org\",\"@graph\":[{\"@type\":\"BreadcrumbList\",\"@id\":\"https:\\\/\\\/candas365.es\\\/noticias\\\/merkel-rechaza-las-criticas-de-trump\\\/#breadcrumblist\",\"itemListElement\":[{\"@type\":\"ListItem\",\"@id\":\"https:\\\/\\\/candas365.es\\\/noticias#listItem\",\"position\":1,\"name\":\"Home\",\"item\":\"https:\\\/\\\/candas365.es\\\/noticias\",\"nextItem\":{\"@type\":\"ListItem\",\"@id\":\"https:\\\/\\\/candas365.es\\\/noticias\\\/category\\\/actualidad\\\/#listItem\",\"name\":\"Actualidad\"}},{\"@type\":\"ListItem\",\"@id\":\"https:\\\/\\\/candas365.es\\\/noticias\\\/category\\\/actualidad\\\/#listItem\",\"position\":2,\"name\":\"Actualidad\",\"item\":\"https:\\\/\\\/candas365.es\\\/noticias\\\/category\\\/actualidad\\\/\",\"nextItem\":{\"@type\":\"ListItem\",\"@id\":\"https:\\\/\\\/candas365.es\\\/noticias\\\/merkel-rechaza-las-criticas-de-trump\\\/#listItem\",\"name\":\"Merkel rechaza las cr\\u00edticas de Trump\"},\"previousItem\":{\"@type\":\"ListItem\",\"@id\":\"https:\\\/\\\/candas365.es\\\/noticias#listItem\",\"name\":\"Home\"}},{\"@type\":\"ListItem\",\"@id\":\"https:\\\/\\\/candas365.es\\\/noticias\\\/merkel-rechaza-las-criticas-de-trump\\\/#listItem\",\"position\":3,\"name\":\"Merkel rechaza las cr\\u00edticas de Trump\",\"previousItem\":{\"@type\":\"ListItem\",\"@id\":\"https:\\\/\\\/candas365.es\\\/noticias\\\/category\\\/actualidad\\\/#listItem\",\"name\":\"Actualidad\"}}]},{\"@type\":\"NewsArticle\",\"@id\":\"https:\\\/\\\/candas365.es\\\/noticias\\\/merkel-rechaza-las-criticas-de-trump\\\/#newsarticle\",\"name\":\"Merkel rechaza las cr\\u00edticas de Trump | Cand\\u00e1s 365\",\"headline\":\"Merkel rechaza las cr\\u00edticas de Trump\",\"author\":{\"@id\":\"https:\\\/\\\/candas365.es\\\/noticias\\\/author\\\/admin\\\/#author\"},\"publisher\":{\"@id\":\"https:\\\/\\\/candas365.es\\\/noticias\\\/#organization\"},\"image\":{\"@type\":\"ImageObject\",\"url\":\"https:\\\/\\\/candas365.es\\\/noticias\\\/wp-content\\\/uploads\\\/2015\\\/08\\\/merkel.jpg\",\"width\":655,\"height\":360},\"datePublished\":\"2018-07-11T21:11:23+02:00\",\"dateModified\":\"2018-07-11T21:11:23+02:00\",\"inLanguage\":\"es-ES\",\"mainEntityOfPage\":{\"@id\":\"https:\\\/\\\/candas365.es\\\/noticias\\\/merkel-rechaza-las-criticas-de-trump\\\/#webpage\"},\"isPartOf\":{\"@id\":\"https:\\\/\\\/candas365.es\\\/noticias\\\/merkel-rechaza-las-criticas-de-trump\\\/#webpage\"},\"articleSection\":\"Actualidad\",\"dateline\":\"Publicado el julio 11, 2018.\"},{\"@type\":\"Organization\",\"@id\":\"https:\\\/\\\/candas365.es\\\/noticias\\\/#organization\",\"name\":\"Cand\\u00e1s 365\",\"description\":\"Cand\\u00e1s 365 es un diario digital independiente, fundado en 2012, con base en Asturias. Informamos con rigor sobre actualidad, sociedad, cultura y ocio, con una mirada local y global.\",\"url\":\"https:\\\/\\\/candas365.es\\\/noticias\\\/\",\"email\":\"info@candas365.es\",\"telephone\":\"+34652131393\",\"foundingDate\":\"2012-06-10\",\"logo\":{\"@type\":\"ImageObject\",\"url\":\"https:\\\/\\\/candas365.es\\\/noticias\\\/wp-content\\\/uploads\\\/2024\\\/09\\\/Candas-365-Redes.jpg\",\"@id\":\"https:\\\/\\\/candas365.es\\\/noticias\\\/merkel-rechaza-las-criticas-de-trump\\\/#organizationLogo\",\"width\":1152,\"height\":864,\"caption\":\"Cand\\u00e1s 365 Redes\"},\"image\":{\"@id\":\"https:\\\/\\\/candas365.es\\\/noticias\\\/merkel-rechaza-las-criticas-de-trump\\\/#organizationLogo\"},\"sameAs\":[\"https:\\\/\\\/www.facebook.com\\\/Nachofdezber\",\"https:\\\/\\\/x.com\\\/NabercoDigital\",\"https:\\\/\\\/www.instagram.com\\\/nachofdezber\\\/\",\"https:\\\/\\\/www.youtube.com\\\/channel\\\/UCZP-2wLEB9Rv6erhFmqVnvg\"],\"address\":{\"@id\":\"https:\\\/\\\/candas365.es\\\/noticias\\\/#postaladdress\",\"@type\":\"PostalAddress\",\"streetAddress\":\"san antonio 4, san antonio 4\",\"postalCode\":\"33430\",\"addressLocality\":\"Cand\\u00e1s\",\"addressRegion\":\"Asturias\",\"addressCountry\":\"ES\"}},{\"@type\":\"Person\",\"@id\":\"https:\\\/\\\/candas365.es\\\/noticias\\\/author\\\/admin\\\/#author\",\"url\":\"https:\\\/\\\/candas365.es\\\/noticias\\\/author\\\/admin\\\/\",\"name\":\"Cand\\u00e1s 365\",\"image\":{\"@type\":\"ImageObject\",\"@id\":\"https:\\\/\\\/candas365.es\\\/noticias\\\/merkel-rechaza-las-criticas-de-trump\\\/#authorImage\",\"url\":\"https:\\\/\\\/secure.gravatar.com\\\/avatar\\\/496a8e03d0c493ede1718b7934145dbdf8d89be1036b0eec9544e1094c9de390?s=96&d=mm&r=g\",\"width\":96,\"height\":96,\"caption\":\"Cand\\u00e1s 365\"},\"sameAs\":[\"https:\\\/\\\/www.facebook.com\\\/carrenoactualidad\",\"https:\\\/\\\/twitter.com\\\/nbasturias\",\"https:\\\/\\\/www.instagram.com\\\/nachofdezber\\\/\",\"https:\\\/\\\/www.youtube.com\\\/channel\\\/UCZP-2wLEB9Rv6erhFmqVnvg\"]},{\"@type\":\"WebPage\",\"@id\":\"https:\\\/\\\/candas365.es\\\/noticias\\\/merkel-rechaza-las-criticas-de-trump\\\/#webpage\",\"url\":\"https:\\\/\\\/candas365.es\\\/noticias\\\/merkel-rechaza-las-criticas-de-trump\\\/\",\"name\":\"Merkel rechaza las cr\\u00edticas de Trump | Cand\\u00e1s 365\",\"description\":\"Bruselas, 11 jul (dpa) - La canciller alemana, Angela Merkel, rechaz\\u00f3 hoy las cr\\u00edticas del presidente estadounidense, Donald Trump, quien afirm\\u00f3 que Alemania est\\u00e1 \\\"totalmente bajo control de Rusia\\\" por su acuerdo para la construcci\\u00f3n del gasoducto Nord Stream 2. Es bueno que Alemania pueda hacer una \\\"pol\\u00edtica independiente\\\", dijo Merkel al inicio de la\",\"inLanguage\":\"es-ES\",\"isPartOf\":{\"@id\":\"https:\\\/\\\/candas365.es\\\/noticias\\\/#website\"},\"breadcrumb\":{\"@id\":\"https:\\\/\\\/candas365.es\\\/noticias\\\/merkel-rechaza-las-criticas-de-trump\\\/#breadcrumblist\"},\"author\":{\"@id\":\"https:\\\/\\\/candas365.es\\\/noticias\\\/author\\\/admin\\\/#author\"},\"creator\":{\"@id\":\"https:\\\/\\\/candas365.es\\\/noticias\\\/author\\\/admin\\\/#author\"},\"image\":{\"@type\":\"ImageObject\",\"url\":\"https:\\\/\\\/candas365.es\\\/noticias\\\/wp-content\\\/uploads\\\/2015\\\/08\\\/merkel.jpg\",\"@id\":\"https:\\\/\\\/candas365.es\\\/noticias\\\/merkel-rechaza-las-criticas-de-trump\\\/#mainImage\",\"width\":655,\"height\":360},\"primaryImageOfPage\":{\"@id\":\"https:\\\/\\\/candas365.es\\\/noticias\\\/merkel-rechaza-las-criticas-de-trump\\\/#mainImage\"},\"datePublished\":\"2018-07-11T21:11:23+02:00\",\"dateModified\":\"2018-07-11T21:11:23+02:00\"},{\"@type\":\"WebSite\",\"@id\":\"https:\\\/\\\/candas365.es\\\/noticias\\\/#website\",\"url\":\"https:\\\/\\\/candas365.es\\\/noticias\\\/\",\"name\":\"Cand\\u00e1s 365\",\"alternateName\":\"Cand\\u00e1s 365 Noticias\",\"description\":\"Actualidad desde Carre\\u00f1o para el mundo\",\"inLanguage\":\"es-ES\",\"publisher\":{\"@id\":\"https:\\\/\\\/candas365.es\\\/noticias\\\/#organization\"}}]}\n\t\t<\/script>\n\t\t<!-- All in One SEO Pro -->\r\n\t\t<title>Merkel rechaza las cr\u00edticas de Trump | Cand\u00e1s 365<\/title>\n\n","aioseo_head_json":{"title":"Merkel rechaza las cr\u00edticas de Trump | Cand\u00e1s 365","description":"Bruselas, 11 jul (dpa) - La canciller alemana, Angela Merkel, rechaz\u00f3 hoy las cr\u00edticas del presidente estadounidense, Donald Trump, quien afirm\u00f3 que Alemania est\u00e1 \"totalmente bajo control de Rusia\" por su acuerdo para la construcci\u00f3n del gasoducto Nord Stream 2. Es bueno que Alemania pueda hacer una \"pol\u00edtica independiente\", dijo Merkel al inicio de la","canonical_url":"https:\/\/candas365.es\/noticias\/merkel-rechaza-las-criticas-de-trump\/","robots":"max-image-preview:large","keywords":"actualidad","webmasterTools":{"google-site-verification":"UA-32230408-1","msvalidate.01":"354F3CDFB2DA171B47FBE9ABF1F88D5","miscellaneous":""},"schema":{"@context":"https:\/\/schema.org","@graph":[{"@type":"BreadcrumbList","@id":"https:\/\/candas365.es\/noticias\/merkel-rechaza-las-criticas-de-trump\/#breadcrumblist","itemListElement":[{"@type":"ListItem","@id":"https:\/\/candas365.es\/noticias#listItem","position":1,"name":"Home","item":"https:\/\/candas365.es\/noticias","nextItem":{"@type":"ListItem","@id":"https:\/\/candas365.es\/noticias\/category\/actualidad\/#listItem","name":"Actualidad"}},{"@type":"ListItem","@id":"https:\/\/candas365.es\/noticias\/category\/actualidad\/#listItem","position":2,"name":"Actualidad","item":"https:\/\/candas365.es\/noticias\/category\/actualidad\/","nextItem":{"@type":"ListItem","@id":"https:\/\/candas365.es\/noticias\/merkel-rechaza-las-criticas-de-trump\/#listItem","name":"Merkel rechaza las cr\u00edticas de Trump"},"previousItem":{"@type":"ListItem","@id":"https:\/\/candas365.es\/noticias#listItem","name":"Home"}},{"@type":"ListItem","@id":"https:\/\/candas365.es\/noticias\/merkel-rechaza-las-criticas-de-trump\/#listItem","position":3,"name":"Merkel rechaza las cr\u00edticas de Trump","previousItem":{"@type":"ListItem","@id":"https:\/\/candas365.es\/noticias\/category\/actualidad\/#listItem","name":"Actualidad"}}]},{"@type":"NewsArticle","@id":"https:\/\/candas365.es\/noticias\/merkel-rechaza-las-criticas-de-trump\/#newsarticle","name":"Merkel rechaza las cr\u00edticas de Trump | Cand\u00e1s 365","headline":"Merkel rechaza las cr\u00edticas de Trump","author":{"@id":"https:\/\/candas365.es\/noticias\/author\/admin\/#author"},"publisher":{"@id":"https:\/\/candas365.es\/noticias\/#organization"},"image":{"@type":"ImageObject","url":"https:\/\/candas365.es\/noticias\/wp-content\/uploads\/2015\/08\/merkel.jpg","width":655,"height":360},"datePublished":"2018-07-11T21:11:23+02:00","dateModified":"2018-07-11T21:11:23+02:00","inLanguage":"es-ES","mainEntityOfPage":{"@id":"https:\/\/candas365.es\/noticias\/merkel-rechaza-las-criticas-de-trump\/#webpage"},"isPartOf":{"@id":"https:\/\/candas365.es\/noticias\/merkel-rechaza-las-criticas-de-trump\/#webpage"},"articleSection":"Actualidad","dateline":"Publicado el julio 11, 2018."},{"@type":"Organization","@id":"https:\/\/candas365.es\/noticias\/#organization","name":"Cand\u00e1s 365","description":"Cand\u00e1s 365 es un diario digital independiente, fundado en 2012, con base en Asturias. Informamos con rigor sobre actualidad, sociedad, cultura y ocio, con una mirada local y global.","url":"https:\/\/candas365.es\/noticias\/","email":"info@candas365.es","telephone":"+34652131393","foundingDate":"2012-06-10","logo":{"@type":"ImageObject","url":"https:\/\/candas365.es\/noticias\/wp-content\/uploads\/2024\/09\/Candas-365-Redes.jpg","@id":"https:\/\/candas365.es\/noticias\/merkel-rechaza-las-criticas-de-trump\/#organizationLogo","width":1152,"height":864,"caption":"Cand\u00e1s 365 Redes"},"image":{"@id":"https:\/\/candas365.es\/noticias\/merkel-rechaza-las-criticas-de-trump\/#organizationLogo"},"sameAs":["https:\/\/www.facebook.com\/Nachofdezber","https:\/\/x.com\/NabercoDigital","https:\/\/www.instagram.com\/nachofdezber\/","https:\/\/www.youtube.com\/channel\/UCZP-2wLEB9Rv6erhFmqVnvg"],"address":{"@id":"https:\/\/candas365.es\/noticias\/#postaladdress","@type":"PostalAddress","streetAddress":"san antonio 4, san antonio 4","postalCode":"33430","addressLocality":"Cand\u00e1s","addressRegion":"Asturias","addressCountry":"ES"}},{"@type":"Person","@id":"https:\/\/candas365.es\/noticias\/author\/admin\/#author","url":"https:\/\/candas365.es\/noticias\/author\/admin\/","name":"Cand\u00e1s 365","image":{"@type":"ImageObject","@id":"https:\/\/candas365.es\/noticias\/merkel-rechaza-las-criticas-de-trump\/#authorImage","url":"https:\/\/secure.gravatar.com\/avatar\/496a8e03d0c493ede1718b7934145dbdf8d89be1036b0eec9544e1094c9de390?s=96&d=mm&r=g","width":96,"height":96,"caption":"Cand\u00e1s 365"},"sameAs":["https:\/\/www.facebook.com\/carrenoactualidad","https:\/\/twitter.com\/nbasturias","https:\/\/www.instagram.com\/nachofdezber\/","https:\/\/www.youtube.com\/channel\/UCZP-2wLEB9Rv6erhFmqVnvg"]},{"@type":"WebPage","@id":"https:\/\/candas365.es\/noticias\/merkel-rechaza-las-criticas-de-trump\/#webpage","url":"https:\/\/candas365.es\/noticias\/merkel-rechaza-las-criticas-de-trump\/","name":"Merkel rechaza las cr\u00edticas de Trump | Cand\u00e1s 365","description":"Bruselas, 11 jul (dpa) - La canciller alemana, Angela Merkel, rechaz\u00f3 hoy las cr\u00edticas del presidente estadounidense, Donald Trump, quien afirm\u00f3 que Alemania est\u00e1 \"totalmente bajo control de Rusia\" por su acuerdo para la construcci\u00f3n del gasoducto Nord Stream 2. Es bueno que Alemania pueda hacer una \"pol\u00edtica independiente\", dijo Merkel al inicio de la","inLanguage":"es-ES","isPartOf":{"@id":"https:\/\/candas365.es\/noticias\/#website"},"breadcrumb":{"@id":"https:\/\/candas365.es\/noticias\/merkel-rechaza-las-criticas-de-trump\/#breadcrumblist"},"author":{"@id":"https:\/\/candas365.es\/noticias\/author\/admin\/#author"},"creator":{"@id":"https:\/\/candas365.es\/noticias\/author\/admin\/#author"},"image":{"@type":"ImageObject","url":"https:\/\/candas365.es\/noticias\/wp-content\/uploads\/2015\/08\/merkel.jpg","@id":"https:\/\/candas365.es\/noticias\/merkel-rechaza-las-criticas-de-trump\/#mainImage","width":655,"height":360},"primaryImageOfPage":{"@id":"https:\/\/candas365.es\/noticias\/merkel-rechaza-las-criticas-de-trump\/#mainImage"},"datePublished":"2018-07-11T21:11:23+02:00","dateModified":"2018-07-11T21:11:23+02:00"},{"@type":"WebSite","@id":"https:\/\/candas365.es\/noticias\/#website","url":"https:\/\/candas365.es\/noticias\/","name":"Cand\u00e1s 365","alternateName":"Cand\u00e1s 365 Noticias","description":"Actualidad desde Carre\u00f1o para el mundo","inLanguage":"es-ES","publisher":{"@id":"https:\/\/candas365.es\/noticias\/#organization"}}]},"og:locale":"es_ES","og:site_name":"Cand\u00e1s 365","og:type":"article","og:title":"Merkel rechaza las cr\u00edticas de Trump | Cand\u00e1s 365","og:description":"Bruselas, 11 jul (dpa) - La canciller alemana, Angela Merkel, rechaz\u00f3 hoy las cr\u00edticas del presidente estadounidense, Donald Trump, quien afirm\u00f3 que Alemania est\u00e1 &quot;totalmente bajo control de Rusia&quot; por su acuerdo para la construcci\u00f3n del gasoducto Nord Stream 2. Es bueno que Alemania pueda hacer una &quot;pol\u00edtica independiente&quot;, dijo Merkel al inicio de la","og:url":"https:\/\/candas365.es\/noticias\/merkel-rechaza-las-criticas-de-trump\/","og:image":"https:\/\/candas365.es\/noticias\/wp-content\/uploads\/2015\/08\/merkel.jpg","og:image:secure_url":"https:\/\/candas365.es\/noticias\/wp-content\/uploads\/2015\/08\/merkel.jpg","og:image:width":655,"og:image:height":360,"article:published_time":"2018-07-11T21:11:23+00:00","article:modified_time":"2018-07-11T21:11:23+00:00","article:publisher":"https:\/\/www.facebook.com\/Nachofdezber","article:author":"https:\/\/www.facebook.com\/carrenoactualidad","twitter:card":"summary_large_image","twitter:site":"@NabercoDigital","twitter:title":"Merkel rechaza las cr\u00edticas de Trump | Cand\u00e1s 365","twitter:description":"Bruselas, 11 jul (dpa) - La canciller alemana, Angela Merkel, rechaz\u00f3 hoy las cr\u00edticas del presidente estadounidense, Donald Trump, quien afirm\u00f3 que Alemania est\u00e1 &quot;totalmente bajo control de Rusia&quot; por su acuerdo para la construcci\u00f3n del gasoducto Nord Stream 2. Es bueno que Alemania pueda hacer una &quot;pol\u00edtica independiente&quot;, dijo Merkel al inicio de la","twitter:creator":"@nbasturias","twitter:image":"https:\/\/candas365.es\/noticias\/wp-content\/uploads\/2015\/08\/merkel.jpg","twitter:label1":"Escrito por","twitter:data1":"Cand\u00e1s 365","twitter:label2":"Tiempo de lectura estimado","twitter:data2":"2 minutos"},"aioseo_meta_data":{"post_id":"100222","title":null,"description":null,"keywords":null,"keyphrases":null,"primary_term":null,"canonical_url":null,"og_title":null,"og_description":null,"og_object_type":"default","og_image_type":"default","og_image_url":null,"og_image_width":null,"og_image_height":null,"og_image_custom_url":null,"og_image_custom_fields":null,"og_video":null,"og_custom_url":null,"og_article_section":null,"og_article_tags":null,"twitter_use_og":false,"twitter_card":"default","twitter_image_type":"default","twitter_image_url":null,"twitter_image_custom_url":null,"twitter_image_custom_fields":null,"twitter_title":null,"twitter_description":null,"schema":{"blockGraphs":[],"customGraphs":[],"default":{"data":{"Article":[],"Course":[],"Dataset":[],"FAQPage":[],"Movie":[],"Person":[],"Product":[],"ProductReview":[],"Car":[],"Recipe":[],"Service":[],"SoftwareApplication":[],"WebPage":[]},"graphName":"","isEnabled":true},"graphs":[],"defaultGraph":"","defaultPostTypeGraph":""},"schema_type":null,"schema_type_options":null,"pillar_content":false,"robots_default":true,"robots_noindex":false,"robots_noarchive":false,"robots_nosnippet":false,"robots_nofollow":false,"robots_noimageindex":false,"robots_noodp":false,"robots_notranslate":false,"robots_max_snippet":null,"robots_max_videopreview":null,"robots_max_imagepreview":"large","priority":null,"frequency":null,"location":null,"local_seo":null,"seo_analyzer_scan_date":"2025-08-27 08:13:30","breadcrumb_settings":null,"limit_modified_date":false,"reviewed_by":null,"open_ai":null,"ai":null,"created":"2020-12-21 11:48:57","updated":"2025-08-27 08:13:30"},"aioseo_breadcrumb":"<div class=\"aioseo-breadcrumbs\"><span class=\"aioseo-breadcrumb\">\n\t<a href=\"https:\/\/candas365.es\/noticias\" title=\"Home\">Home<\/a>\n<\/span><span class=\"aioseo-breadcrumb-separator\">&ndash;<\/span><span class=\"aioseo-breadcrumb\">\n\t<a href=\"https:\/\/candas365.es\/noticias\/category\/actualidad\/\" title=\"Actualidad\">Actualidad<\/a>\n<\/span><span class=\"aioseo-breadcrumb-separator\">&ndash;<\/span><span class=\"aioseo-breadcrumb\">\n\tMerkel rechaza las cr\u00edticas de Trump\n<\/span><\/div>","aioseo_breadcrumb_json":[{"label":"Home","link":"https:\/\/candas365.es\/noticias"},{"label":"Actualidad","link":"https:\/\/candas365.es\/noticias\/category\/actualidad\/"},{"label":"Merkel rechaza las cr\u00edticas de Trump","link":"https:\/\/candas365.es\/noticias\/merkel-rechaza-las-criticas-de-trump\/"}],"_links":{"self":[{"href":"https:\/\/candas365.es\/noticias\/wp-json\/wp\/v2\/posts\/100222","targetHints":{"allow":["GET"]}}],"collection":[{"href":"https:\/\/candas365.es\/noticias\/wp-json\/wp\/v2\/posts"}],"about":[{"href":"https:\/\/candas365.es\/noticias\/wp-json\/wp\/v2\/types\/post"}],"author":[{"embeddable":true,"href":"https:\/\/candas365.es\/noticias\/wp-json\/wp\/v2\/users\/1"}],"replies":[{"embeddable":true,"href":"https:\/\/candas365.es\/noticias\/wp-json\/wp\/v2\/comments?post=100222"}],"version-history":[{"count":0,"href":"https:\/\/candas365.es\/noticias\/wp-json\/wp\/v2\/posts\/100222\/revisions"}],"wp:featuredmedia":[{"embeddable":true,"href":"https:\/\/candas365.es\/noticias\/wp-json\/wp\/v2\/media\/14622"}],"wp:attachment":[{"href":"https:\/\/candas365.es\/noticias\/wp-json\/wp\/v2\/media?parent=100222"}],"wp:term":[{"taxonomy":"category","embeddable":true,"href":"https:\/\/candas365.es\/noticias\/wp-json\/wp\/v2\/categories?post=100222"},{"taxonomy":"post_tag","embeddable":true,"href":"https:\/\/candas365.es\/noticias\/wp-json\/wp\/v2\/tags?post=100222"}],"curies":[{"name":"wp","href":"https:\/\/api.w.org\/{rel}","templated":true}]}}