{"id":100029,"date":"2018-07-09T11:33:46","date_gmt":"2018-07-09T11:33:46","guid":{"rendered":"http:\/\/candas365.es\/noticias\/?p=100029"},"modified":"2018-07-09T11:33:46","modified_gmt":"2018-07-09T11:33:46","slug":"un-verano-mas-verde-con-envases-del-mediterraneo","status":"publish","type":"post","link":"https:\/\/candas365.es\/noticias\/un-verano-mas-verde-con-envases-del-mediterraneo\/","title":{"rendered":"Un verano m\u00e1s verde con Envases del mediterr\u00e1neo"},"content":{"rendered":"<p><img fetchpriority=\"high\" decoding=\"async\" class=\"alignleft size-medium wp-image-100030\" src=\"https:\/\/candas365.es\/noticias\/wp-content\/uploads\/2018\/07\/envases_del_mediterraneo-360x144.jpg\" alt=\"\" width=\"360\" height=\"144\" srcset=\"https:\/\/candas365.es\/noticias\/wp-content\/uploads\/2018\/07\/envases_del_mediterraneo-360x144.jpg 360w, https:\/\/candas365.es\/noticias\/wp-content\/uploads\/2018\/07\/envases_del_mediterraneo-768x306.jpg 768w, https:\/\/candas365.es\/noticias\/wp-content\/uploads\/2018\/07\/envases_del_mediterraneo-655x261.jpg 655w, https:\/\/candas365.es\/noticias\/wp-content\/uploads\/2018\/07\/envases_del_mediterraneo-696x278.jpg 696w, https:\/\/candas365.es\/noticias\/wp-content\/uploads\/2018\/07\/envases_del_mediterraneo-1068x426.jpg 1068w, https:\/\/candas365.es\/noticias\/wp-content\/uploads\/2018\/07\/envases_del_mediterraneo-1053x420.jpg 1053w, https:\/\/candas365.es\/noticias\/wp-content\/uploads\/2018\/07\/envases_del_mediterraneo.jpg 1920w\" sizes=\"(max-width: 360px) 100vw, 360px\" \/>Empresas como\u00a0<a href=\"https:\/\/www.envasesdelmediterraneo.com\/\" target=\"_blank\" rel=\"noopener\"><span style=\"color: #ff6600;\"><strong>Envases del mediterr\u00e1neo<\/strong><\/span><\/a>\u00a0empiezan a ofrecer alternativas ecol\u00f3gicas como los envases reciclados.<\/p>\n<p><strong>Una isla de pl\u00e1stico del tama\u00f1o de Espa\u00f1a, Francia y Alemania<\/strong><br \/>\nSituada a medio camino entre Hawaii y California, est\u00e1 formada por casi dos billones de piezas de pl\u00e1stico que ocupan\u00a0<strong>1.6 millones de kil\u00f3metros<\/strong>\u00a0cuadrados. Toda esta cantidad de material, que tarda alrededor de 150 a\u00f1os en degradarse, genera unos graves problemas que repercuten directamente en el equilibrio natural y en la propia salud.<\/p>\n<p><strong>Un problema global<\/strong><\/p>\n<p>Con una econom\u00eda basada en el consumo constante de productos de usar y tirar, los pl\u00e1sticos que sirven para proteger y aislar durante todo el proceso de transporte y almacenaje constituyen hoy d\u00eda uno de los componentes m\u00e1s contaminantes de los ecosistemas.<\/p>\n<p>Al a\u00f1o, se generan unos 300 millones de toneladas de pl\u00e1stico de los cuales unos 8 millones terminan en el mar. Estos pl\u00e1sticos son arrastrados por las mareas y quedan atrapados en los ciclos mar\u00edtimos donde poco a poco se van desmenuzando hasta convertirse en micropart\u00edculas que pasan a las cadenas tr\u00f3ficas. Es por esa raz\u00f3n por lo que cient\u00edficos afiliados a la fundaci\u00f3n The Ocean Cleanup Fundationhan dado la voz de alarma para actuar lo antes posible contra este problema global.<\/p>\n<p><strong>Envases reciclados para el d\u00eda a d\u00eda<\/strong><\/p>\n<p>Concienciados ante la necesidad de actuar frente al problema creciente de los residuos pl\u00e1sticos en los mares y oc\u00e9anos, existen empresas como \u00e9sta situada en Murcia,\u00a0<strong>Envases del Mediterr\u00e1neo<\/strong>, que luchan por ofrecer una alternativa m\u00e1s limpia, ecol\u00f3gica y sostenible para el d\u00eda a d\u00eda.<br \/>\nCumpliendo la m\u00e1s estricta normativa referente al uso de materiales y procesado, estas empresas procuran ofrecer a sus clientes envases que mantengan todas las prestaciones de protecci\u00f3n, aislamiento y facilidad de uso que otorgan los cl\u00e1sicos envases pl\u00e1sticos, pero con materiales reciclados o de f\u00e1cil biodegradaci\u00f3n en el medio ambiente.<\/p>\n<p><strong>Envases biodegradables para take away<\/strong><\/p>\n<p>Debido al ajetreado ritmo de vida que se lleva en la sociedad actual, cada vez m\u00e1s gente toma la iniciativa de comprar comida preparada, por ello los locales de comida para llevar se han convertido en algo m\u00e1s en la vida de las personas. Por consiguiente, tambi\u00e9n ha aumentado la cantidad de residuos pl\u00e1sticos que se generan, en consecuencia, se hace m\u00e1s necesario si cabe, contar con empresas que den una alternativa m\u00e1s limpia en la que poder transportar los alimentos.<\/p>\n<p>Para solventar esta necesidad existen gran variedad de envases biodegradables, como envases de papel, bandejas de cart\u00f3n y bolsas de papel. Sin olvidar la gama de cajas para pizza, vasos de papel y platos biodegradables.<\/p>\n<p><strong>Envases reciclados para el camping o la playa<\/strong><\/p>\n<p>Los envases reciclados se convierten as\u00ed en el aliado perfecto para disfrutar del verano sin aumentar la huella de contaminaci\u00f3n. Gracias a la oferta de envases a partir de pl\u00e1stico reciclado, de cart\u00f3n y papel biodegradable, se puede disfrutar de las vacaciones al aire libre, llevando los alimentos al campo o a la playa sin contaminar y conservando todo el sabor y la m\u00e1xima calidad de estos.<\/p>\n","protected":false},"excerpt":{"rendered":"<p>Empresas como\u00a0Envases del mediterr\u00e1neo\u00a0empiezan a ofrecer alternativas ecol\u00f3gicas como los envases reciclados. Una isla de pl\u00e1stico del tama\u00f1o de Espa\u00f1a, Francia y Alemania Situada a medio camino entre Hawaii y California, est\u00e1 formada por casi dos billones de piezas de pl\u00e1stico que ocupan\u00a01.6 millones de kil\u00f3metros\u00a0cuadrados. Toda esta cantidad de material, que tarda alrededor de<\/p>\n","protected":false},"author":1,"featured_media":100030,"comment_status":"closed","ping_status":"closed","sticky":false,"template":"","format":"standard","meta":{"footnotes":""},"categories":[142],"tags":[],"class_list":{"0":"post-100029","1":"post","2":"type-post","3":"status-publish","4":"format-standard","5":"has-post-thumbnail","7":"category-revista"},"aioseo_notices":[],"aioseo_head":"\n\t\t<!-- All in One SEO Pro 4.9.6.2 - aioseo.com -->\n\t<meta name=\"description\" content=\"Empresas como Envases del mediterr\u00e1neo empiezan a ofrecer alternativas ecol\u00f3gicas como los envases reciclados. Una isla de pl\u00e1stico del tama\u00f1o de Espa\u00f1a, Francia y Alemania Situada a medio camino entre Hawaii y California, est\u00e1 formada por casi dos billones de piezas de pl\u00e1stico que ocupan 1.6 millones de kil\u00f3metros cuadrados. Toda esta cantidad de material, que tarda alrededor de\" \/>\n\t<meta name=\"robots\" content=\"max-image-preview:large\" \/>\n\t<meta name=\"author\" content=\"Cand\u00e1s 365\"\/>\n\t<meta name=\"google-site-verification\" content=\"UA-32230408-1\" \/>\n\t<meta name=\"msvalidate.01\" content=\"354F3CDFB2DA171B47FBE9ABF1F88D5\" \/>\n\t<meta name=\"keywords\" content=\"revista\" \/>\n\t<link rel=\"canonical\" href=\"https:\/\/candas365.es\/noticias\/un-verano-mas-verde-con-envases-del-mediterraneo\/\" \/>\n\t<meta name=\"generator\" content=\"All in One SEO Pro (AIOSEO) 4.9.6.2\" \/>\n\t\t<meta property=\"og:locale\" content=\"es_ES\" \/>\n\t\t<meta property=\"og:site_name\" content=\"Cand\u00e1s 365\" \/>\n\t\t<meta property=\"og:type\" content=\"article\" \/>\n\t\t<meta property=\"og:title\" content=\"Un verano m\u00e1s verde con Envases del mediterr\u00e1neo | Cand\u00e1s 365\" \/>\n\t\t<meta property=\"og:description\" content=\"Empresas como Envases del mediterr\u00e1neo empiezan a ofrecer alternativas ecol\u00f3gicas como los envases reciclados. Una isla de pl\u00e1stico del tama\u00f1o de Espa\u00f1a, Francia y Alemania Situada a medio camino entre Hawaii y California, est\u00e1 formada por casi dos billones de piezas de pl\u00e1stico que ocupan 1.6 millones de kil\u00f3metros cuadrados. Toda esta cantidad de material, que tarda alrededor de\" \/>\n\t\t<meta property=\"og:url\" content=\"https:\/\/candas365.es\/noticias\/un-verano-mas-verde-con-envases-del-mediterraneo\/\" \/>\n\t\t<meta property=\"og:image\" content=\"https:\/\/candas365.es\/noticias\/wp-content\/uploads\/2018\/07\/envases_del_mediterraneo.jpg\" \/>\n\t\t<meta property=\"og:image:secure_url\" content=\"https:\/\/candas365.es\/noticias\/wp-content\/uploads\/2018\/07\/envases_del_mediterraneo.jpg\" \/>\n\t\t<meta property=\"og:image:width\" content=\"1920\" \/>\n\t\t<meta property=\"og:image:height\" content=\"766\" \/>\n\t\t<meta property=\"article:published_time\" content=\"2018-07-09T11:33:46+00:00\" \/>\n\t\t<meta property=\"article:modified_time\" content=\"2018-07-09T11:33:46+00:00\" \/>\n\t\t<meta property=\"article:publisher\" content=\"https:\/\/www.facebook.com\/Nachofdezber\" \/>\n\t\t<meta property=\"article:author\" content=\"https:\/\/www.facebook.com\/carrenoactualidad\" \/>\n\t\t<meta name=\"twitter:card\" content=\"summary_large_image\" \/>\n\t\t<meta name=\"twitter:site\" content=\"@NabercoDigital\" \/>\n\t\t<meta name=\"twitter:title\" content=\"Un verano m\u00e1s verde con Envases del mediterr\u00e1neo | Cand\u00e1s 365\" \/>\n\t\t<meta name=\"twitter:description\" content=\"Empresas como Envases del mediterr\u00e1neo empiezan a ofrecer alternativas ecol\u00f3gicas como los envases reciclados. Una isla de pl\u00e1stico del tama\u00f1o de Espa\u00f1a, Francia y Alemania Situada a medio camino entre Hawaii y California, est\u00e1 formada por casi dos billones de piezas de pl\u00e1stico que ocupan 1.6 millones de kil\u00f3metros cuadrados. Toda esta cantidad de material, que tarda alrededor de\" \/>\n\t\t<meta name=\"twitter:creator\" content=\"@nbasturias\" \/>\n\t\t<meta name=\"twitter:image\" content=\"https:\/\/candas365.es\/noticias\/wp-content\/uploads\/2018\/07\/envases_del_mediterraneo.jpg\" \/>\n\t\t<meta name=\"twitter:label1\" content=\"Escrito por\" \/>\n\t\t<meta name=\"twitter:data1\" content=\"Cand\u00e1s 365\" \/>\n\t\t<meta name=\"twitter:label2\" content=\"Tiempo de lectura estimado\" \/>\n\t\t<meta name=\"twitter:data2\" content=\"3 minutos\" \/>\n\t\t<script type=\"application\/ld+json\" class=\"aioseo-schema\">\n\t\t\t{\"@context\":\"https:\\\/\\\/schema.org\",\"@graph\":[{\"@type\":\"BreadcrumbList\",\"@id\":\"https:\\\/\\\/candas365.es\\\/noticias\\\/un-verano-mas-verde-con-envases-del-mediterraneo\\\/#breadcrumblist\",\"itemListElement\":[{\"@type\":\"ListItem\",\"@id\":\"https:\\\/\\\/candas365.es\\\/noticias#listItem\",\"position\":1,\"name\":\"Home\",\"item\":\"https:\\\/\\\/candas365.es\\\/noticias\",\"nextItem\":{\"@type\":\"ListItem\",\"@id\":\"https:\\\/\\\/candas365.es\\\/noticias\\\/category\\\/revista\\\/#listItem\",\"name\":\"Revista\"}},{\"@type\":\"ListItem\",\"@id\":\"https:\\\/\\\/candas365.es\\\/noticias\\\/category\\\/revista\\\/#listItem\",\"position\":2,\"name\":\"Revista\",\"item\":\"https:\\\/\\\/candas365.es\\\/noticias\\\/category\\\/revista\\\/\",\"nextItem\":{\"@type\":\"ListItem\",\"@id\":\"https:\\\/\\\/candas365.es\\\/noticias\\\/un-verano-mas-verde-con-envases-del-mediterraneo\\\/#listItem\",\"name\":\"Un verano m\\u00e1s verde con Envases del mediterr\\u00e1neo\"},\"previousItem\":{\"@type\":\"ListItem\",\"@id\":\"https:\\\/\\\/candas365.es\\\/noticias#listItem\",\"name\":\"Home\"}},{\"@type\":\"ListItem\",\"@id\":\"https:\\\/\\\/candas365.es\\\/noticias\\\/un-verano-mas-verde-con-envases-del-mediterraneo\\\/#listItem\",\"position\":3,\"name\":\"Un verano m\\u00e1s verde con Envases del mediterr\\u00e1neo\",\"previousItem\":{\"@type\":\"ListItem\",\"@id\":\"https:\\\/\\\/candas365.es\\\/noticias\\\/category\\\/revista\\\/#listItem\",\"name\":\"Revista\"}}]},{\"@type\":\"NewsArticle\",\"@id\":\"https:\\\/\\\/candas365.es\\\/noticias\\\/un-verano-mas-verde-con-envases-del-mediterraneo\\\/#newsarticle\",\"name\":\"Un verano m\\u00e1s verde con Envases del mediterr\\u00e1neo | Cand\\u00e1s 365\",\"headline\":\"Un verano m\\u00e1s verde con Envases del mediterr\\u00e1neo\",\"author\":{\"@id\":\"https:\\\/\\\/candas365.es\\\/noticias\\\/author\\\/admin\\\/#author\"},\"publisher\":{\"@id\":\"https:\\\/\\\/candas365.es\\\/noticias\\\/#organization\"},\"image\":{\"@type\":\"ImageObject\",\"url\":\"https:\\\/\\\/candas365.es\\\/noticias\\\/wp-content\\\/uploads\\\/2018\\\/07\\\/envases_del_mediterraneo.jpg\",\"width\":1920,\"height\":766},\"datePublished\":\"2018-07-09T11:33:46+02:00\",\"dateModified\":\"2018-07-09T11:33:46+02:00\",\"inLanguage\":\"es-ES\",\"mainEntityOfPage\":{\"@id\":\"https:\\\/\\\/candas365.es\\\/noticias\\\/un-verano-mas-verde-con-envases-del-mediterraneo\\\/#webpage\"},\"isPartOf\":{\"@id\":\"https:\\\/\\\/candas365.es\\\/noticias\\\/un-verano-mas-verde-con-envases-del-mediterraneo\\\/#webpage\"},\"articleSection\":\"Revista\",\"dateline\":\"Publicado el julio 9, 2018.\"},{\"@type\":\"Organization\",\"@id\":\"https:\\\/\\\/candas365.es\\\/noticias\\\/#organization\",\"name\":\"Cand\\u00e1s 365\",\"description\":\"Cand\\u00e1s 365 es un diario digital independiente, fundado en 2012, con base en Asturias. Informamos con rigor sobre actualidad, sociedad, cultura y ocio, con una mirada local y global.\",\"url\":\"https:\\\/\\\/candas365.es\\\/noticias\\\/\",\"email\":\"info@candas365.es\",\"telephone\":\"+34652131393\",\"foundingDate\":\"2012-06-10\",\"logo\":{\"@type\":\"ImageObject\",\"url\":\"https:\\\/\\\/candas365.es\\\/noticias\\\/wp-content\\\/uploads\\\/2024\\\/09\\\/Candas-365-Redes.jpg\",\"@id\":\"https:\\\/\\\/candas365.es\\\/noticias\\\/un-verano-mas-verde-con-envases-del-mediterraneo\\\/#organizationLogo\",\"width\":1152,\"height\":864,\"caption\":\"Cand\\u00e1s 365 Redes\"},\"image\":{\"@id\":\"https:\\\/\\\/candas365.es\\\/noticias\\\/un-verano-mas-verde-con-envases-del-mediterraneo\\\/#organizationLogo\"},\"sameAs\":[\"https:\\\/\\\/www.facebook.com\\\/Nachofdezber\",\"https:\\\/\\\/x.com\\\/NabercoDigital\",\"https:\\\/\\\/www.instagram.com\\\/nachofdezber\\\/\",\"https:\\\/\\\/www.youtube.com\\\/channel\\\/UCZP-2wLEB9Rv6erhFmqVnvg\"],\"address\":{\"@id\":\"https:\\\/\\\/candas365.es\\\/noticias\\\/#postaladdress\",\"@type\":\"PostalAddress\",\"streetAddress\":\"san antonio 4, san antonio 4\",\"postalCode\":\"33430\",\"addressLocality\":\"Cand\\u00e1s\",\"addressRegion\":\"Asturias\",\"addressCountry\":\"ES\"}},{\"@type\":\"Person\",\"@id\":\"https:\\\/\\\/candas365.es\\\/noticias\\\/author\\\/admin\\\/#author\",\"url\":\"https:\\\/\\\/candas365.es\\\/noticias\\\/author\\\/admin\\\/\",\"name\":\"Cand\\u00e1s 365\",\"image\":{\"@type\":\"ImageObject\",\"@id\":\"https:\\\/\\\/candas365.es\\\/noticias\\\/un-verano-mas-verde-con-envases-del-mediterraneo\\\/#authorImage\",\"url\":\"https:\\\/\\\/secure.gravatar.com\\\/avatar\\\/496a8e03d0c493ede1718b7934145dbdf8d89be1036b0eec9544e1094c9de390?s=96&d=mm&r=g\",\"width\":96,\"height\":96,\"caption\":\"Cand\\u00e1s 365\"},\"sameAs\":[\"https:\\\/\\\/www.facebook.com\\\/carrenoactualidad\",\"https:\\\/\\\/twitter.com\\\/nbasturias\",\"https:\\\/\\\/www.instagram.com\\\/nachofdezber\\\/\",\"https:\\\/\\\/www.youtube.com\\\/channel\\\/UCZP-2wLEB9Rv6erhFmqVnvg\"]},{\"@type\":\"WebPage\",\"@id\":\"https:\\\/\\\/candas365.es\\\/noticias\\\/un-verano-mas-verde-con-envases-del-mediterraneo\\\/#webpage\",\"url\":\"https:\\\/\\\/candas365.es\\\/noticias\\\/un-verano-mas-verde-con-envases-del-mediterraneo\\\/\",\"name\":\"Un verano m\\u00e1s verde con Envases del mediterr\\u00e1neo | Cand\\u00e1s 365\",\"description\":\"Empresas como Envases del mediterr\\u00e1neo empiezan a ofrecer alternativas ecol\\u00f3gicas como los envases reciclados. Una isla de pl\\u00e1stico del tama\\u00f1o de Espa\\u00f1a, Francia y Alemania Situada a medio camino entre Hawaii y California, est\\u00e1 formada por casi dos billones de piezas de pl\\u00e1stico que ocupan 1.6 millones de kil\\u00f3metros cuadrados. Toda esta cantidad de material, que tarda alrededor de\",\"inLanguage\":\"es-ES\",\"isPartOf\":{\"@id\":\"https:\\\/\\\/candas365.es\\\/noticias\\\/#website\"},\"breadcrumb\":{\"@id\":\"https:\\\/\\\/candas365.es\\\/noticias\\\/un-verano-mas-verde-con-envases-del-mediterraneo\\\/#breadcrumblist\"},\"author\":{\"@id\":\"https:\\\/\\\/candas365.es\\\/noticias\\\/author\\\/admin\\\/#author\"},\"creator\":{\"@id\":\"https:\\\/\\\/candas365.es\\\/noticias\\\/author\\\/admin\\\/#author\"},\"image\":{\"@type\":\"ImageObject\",\"url\":\"https:\\\/\\\/candas365.es\\\/noticias\\\/wp-content\\\/uploads\\\/2018\\\/07\\\/envases_del_mediterraneo.jpg\",\"@id\":\"https:\\\/\\\/candas365.es\\\/noticias\\\/un-verano-mas-verde-con-envases-del-mediterraneo\\\/#mainImage\",\"width\":1920,\"height\":766},\"primaryImageOfPage\":{\"@id\":\"https:\\\/\\\/candas365.es\\\/noticias\\\/un-verano-mas-verde-con-envases-del-mediterraneo\\\/#mainImage\"},\"datePublished\":\"2018-07-09T11:33:46+02:00\",\"dateModified\":\"2018-07-09T11:33:46+02:00\"},{\"@type\":\"WebSite\",\"@id\":\"https:\\\/\\\/candas365.es\\\/noticias\\\/#website\",\"url\":\"https:\\\/\\\/candas365.es\\\/noticias\\\/\",\"name\":\"Cand\\u00e1s 365\",\"alternateName\":\"Cand\\u00e1s 365 Noticias\",\"description\":\"Actualidad desde Carre\\u00f1o para el mundo\",\"inLanguage\":\"es-ES\",\"publisher\":{\"@id\":\"https:\\\/\\\/candas365.es\\\/noticias\\\/#organization\"}}]}\n\t\t<\/script>\n\t\t<!-- All in One SEO Pro -->\r\n\t\t<title>Un verano m\u00e1s verde con Envases del mediterr\u00e1neo | Cand\u00e1s 365<\/title>\n\n","aioseo_head_json":{"title":"Un verano m\u00e1s verde con Envases del mediterr\u00e1neo | Cand\u00e1s 365","description":"Empresas como Envases del mediterr\u00e1neo empiezan a ofrecer alternativas ecol\u00f3gicas como los envases reciclados. Una isla de pl\u00e1stico del tama\u00f1o de Espa\u00f1a, Francia y Alemania Situada a medio camino entre Hawaii y California, est\u00e1 formada por casi dos billones de piezas de pl\u00e1stico que ocupan 1.6 millones de kil\u00f3metros cuadrados. Toda esta cantidad de material, que tarda alrededor de","canonical_url":"https:\/\/candas365.es\/noticias\/un-verano-mas-verde-con-envases-del-mediterraneo\/","robots":"max-image-preview:large","keywords":"revista","webmasterTools":{"google-site-verification":"UA-32230408-1","msvalidate.01":"354F3CDFB2DA171B47FBE9ABF1F88D5","miscellaneous":""},"schema":{"@context":"https:\/\/schema.org","@graph":[{"@type":"BreadcrumbList","@id":"https:\/\/candas365.es\/noticias\/un-verano-mas-verde-con-envases-del-mediterraneo\/#breadcrumblist","itemListElement":[{"@type":"ListItem","@id":"https:\/\/candas365.es\/noticias#listItem","position":1,"name":"Home","item":"https:\/\/candas365.es\/noticias","nextItem":{"@type":"ListItem","@id":"https:\/\/candas365.es\/noticias\/category\/revista\/#listItem","name":"Revista"}},{"@type":"ListItem","@id":"https:\/\/candas365.es\/noticias\/category\/revista\/#listItem","position":2,"name":"Revista","item":"https:\/\/candas365.es\/noticias\/category\/revista\/","nextItem":{"@type":"ListItem","@id":"https:\/\/candas365.es\/noticias\/un-verano-mas-verde-con-envases-del-mediterraneo\/#listItem","name":"Un verano m\u00e1s verde con Envases del mediterr\u00e1neo"},"previousItem":{"@type":"ListItem","@id":"https:\/\/candas365.es\/noticias#listItem","name":"Home"}},{"@type":"ListItem","@id":"https:\/\/candas365.es\/noticias\/un-verano-mas-verde-con-envases-del-mediterraneo\/#listItem","position":3,"name":"Un verano m\u00e1s verde con Envases del mediterr\u00e1neo","previousItem":{"@type":"ListItem","@id":"https:\/\/candas365.es\/noticias\/category\/revista\/#listItem","name":"Revista"}}]},{"@type":"NewsArticle","@id":"https:\/\/candas365.es\/noticias\/un-verano-mas-verde-con-envases-del-mediterraneo\/#newsarticle","name":"Un verano m\u00e1s verde con Envases del mediterr\u00e1neo | Cand\u00e1s 365","headline":"Un verano m\u00e1s verde con Envases del mediterr\u00e1neo","author":{"@id":"https:\/\/candas365.es\/noticias\/author\/admin\/#author"},"publisher":{"@id":"https:\/\/candas365.es\/noticias\/#organization"},"image":{"@type":"ImageObject","url":"https:\/\/candas365.es\/noticias\/wp-content\/uploads\/2018\/07\/envases_del_mediterraneo.jpg","width":1920,"height":766},"datePublished":"2018-07-09T11:33:46+02:00","dateModified":"2018-07-09T11:33:46+02:00","inLanguage":"es-ES","mainEntityOfPage":{"@id":"https:\/\/candas365.es\/noticias\/un-verano-mas-verde-con-envases-del-mediterraneo\/#webpage"},"isPartOf":{"@id":"https:\/\/candas365.es\/noticias\/un-verano-mas-verde-con-envases-del-mediterraneo\/#webpage"},"articleSection":"Revista","dateline":"Publicado el julio 9, 2018."},{"@type":"Organization","@id":"https:\/\/candas365.es\/noticias\/#organization","name":"Cand\u00e1s 365","description":"Cand\u00e1s 365 es un diario digital independiente, fundado en 2012, con base en Asturias. Informamos con rigor sobre actualidad, sociedad, cultura y ocio, con una mirada local y global.","url":"https:\/\/candas365.es\/noticias\/","email":"info@candas365.es","telephone":"+34652131393","foundingDate":"2012-06-10","logo":{"@type":"ImageObject","url":"https:\/\/candas365.es\/noticias\/wp-content\/uploads\/2024\/09\/Candas-365-Redes.jpg","@id":"https:\/\/candas365.es\/noticias\/un-verano-mas-verde-con-envases-del-mediterraneo\/#organizationLogo","width":1152,"height":864,"caption":"Cand\u00e1s 365 Redes"},"image":{"@id":"https:\/\/candas365.es\/noticias\/un-verano-mas-verde-con-envases-del-mediterraneo\/#organizationLogo"},"sameAs":["https:\/\/www.facebook.com\/Nachofdezber","https:\/\/x.com\/NabercoDigital","https:\/\/www.instagram.com\/nachofdezber\/","https:\/\/www.youtube.com\/channel\/UCZP-2wLEB9Rv6erhFmqVnvg"],"address":{"@id":"https:\/\/candas365.es\/noticias\/#postaladdress","@type":"PostalAddress","streetAddress":"san antonio 4, san antonio 4","postalCode":"33430","addressLocality":"Cand\u00e1s","addressRegion":"Asturias","addressCountry":"ES"}},{"@type":"Person","@id":"https:\/\/candas365.es\/noticias\/author\/admin\/#author","url":"https:\/\/candas365.es\/noticias\/author\/admin\/","name":"Cand\u00e1s 365","image":{"@type":"ImageObject","@id":"https:\/\/candas365.es\/noticias\/un-verano-mas-verde-con-envases-del-mediterraneo\/#authorImage","url":"https:\/\/secure.gravatar.com\/avatar\/496a8e03d0c493ede1718b7934145dbdf8d89be1036b0eec9544e1094c9de390?s=96&d=mm&r=g","width":96,"height":96,"caption":"Cand\u00e1s 365"},"sameAs":["https:\/\/www.facebook.com\/carrenoactualidad","https:\/\/twitter.com\/nbasturias","https:\/\/www.instagram.com\/nachofdezber\/","https:\/\/www.youtube.com\/channel\/UCZP-2wLEB9Rv6erhFmqVnvg"]},{"@type":"WebPage","@id":"https:\/\/candas365.es\/noticias\/un-verano-mas-verde-con-envases-del-mediterraneo\/#webpage","url":"https:\/\/candas365.es\/noticias\/un-verano-mas-verde-con-envases-del-mediterraneo\/","name":"Un verano m\u00e1s verde con Envases del mediterr\u00e1neo | Cand\u00e1s 365","description":"Empresas como Envases del mediterr\u00e1neo empiezan a ofrecer alternativas ecol\u00f3gicas como los envases reciclados. Una isla de pl\u00e1stico del tama\u00f1o de Espa\u00f1a, Francia y Alemania Situada a medio camino entre Hawaii y California, est\u00e1 formada por casi dos billones de piezas de pl\u00e1stico que ocupan 1.6 millones de kil\u00f3metros cuadrados. Toda esta cantidad de material, que tarda alrededor de","inLanguage":"es-ES","isPartOf":{"@id":"https:\/\/candas365.es\/noticias\/#website"},"breadcrumb":{"@id":"https:\/\/candas365.es\/noticias\/un-verano-mas-verde-con-envases-del-mediterraneo\/#breadcrumblist"},"author":{"@id":"https:\/\/candas365.es\/noticias\/author\/admin\/#author"},"creator":{"@id":"https:\/\/candas365.es\/noticias\/author\/admin\/#author"},"image":{"@type":"ImageObject","url":"https:\/\/candas365.es\/noticias\/wp-content\/uploads\/2018\/07\/envases_del_mediterraneo.jpg","@id":"https:\/\/candas365.es\/noticias\/un-verano-mas-verde-con-envases-del-mediterraneo\/#mainImage","width":1920,"height":766},"primaryImageOfPage":{"@id":"https:\/\/candas365.es\/noticias\/un-verano-mas-verde-con-envases-del-mediterraneo\/#mainImage"},"datePublished":"2018-07-09T11:33:46+02:00","dateModified":"2018-07-09T11:33:46+02:00"},{"@type":"WebSite","@id":"https:\/\/candas365.es\/noticias\/#website","url":"https:\/\/candas365.es\/noticias\/","name":"Cand\u00e1s 365","alternateName":"Cand\u00e1s 365 Noticias","description":"Actualidad desde Carre\u00f1o para el mundo","inLanguage":"es-ES","publisher":{"@id":"https:\/\/candas365.es\/noticias\/#organization"}}]},"og:locale":"es_ES","og:site_name":"Cand\u00e1s 365","og:type":"article","og:title":"Un verano m\u00e1s verde con Envases del mediterr\u00e1neo | Cand\u00e1s 365","og:description":"Empresas como Envases del mediterr\u00e1neo empiezan a ofrecer alternativas ecol\u00f3gicas como los envases reciclados. Una isla de pl\u00e1stico del tama\u00f1o de Espa\u00f1a, Francia y Alemania Situada a medio camino entre Hawaii y California, est\u00e1 formada por casi dos billones de piezas de pl\u00e1stico que ocupan 1.6 millones de kil\u00f3metros cuadrados. Toda esta cantidad de material, que tarda alrededor de","og:url":"https:\/\/candas365.es\/noticias\/un-verano-mas-verde-con-envases-del-mediterraneo\/","og:image":"https:\/\/candas365.es\/noticias\/wp-content\/uploads\/2018\/07\/envases_del_mediterraneo.jpg","og:image:secure_url":"https:\/\/candas365.es\/noticias\/wp-content\/uploads\/2018\/07\/envases_del_mediterraneo.jpg","og:image:width":1920,"og:image:height":766,"article:published_time":"2018-07-09T11:33:46+00:00","article:modified_time":"2018-07-09T11:33:46+00:00","article:publisher":"https:\/\/www.facebook.com\/Nachofdezber","article:author":"https:\/\/www.facebook.com\/carrenoactualidad","twitter:card":"summary_large_image","twitter:site":"@NabercoDigital","twitter:title":"Un verano m\u00e1s verde con Envases del mediterr\u00e1neo | Cand\u00e1s 365","twitter:description":"Empresas como Envases del mediterr\u00e1neo empiezan a ofrecer alternativas ecol\u00f3gicas como los envases reciclados. Una isla de pl\u00e1stico del tama\u00f1o de Espa\u00f1a, Francia y Alemania Situada a medio camino entre Hawaii y California, est\u00e1 formada por casi dos billones de piezas de pl\u00e1stico que ocupan 1.6 millones de kil\u00f3metros cuadrados. Toda esta cantidad de material, que tarda alrededor de","twitter:creator":"@nbasturias","twitter:image":"https:\/\/candas365.es\/noticias\/wp-content\/uploads\/2018\/07\/envases_del_mediterraneo.jpg","twitter:label1":"Escrito por","twitter:data1":"Cand\u00e1s 365","twitter:label2":"Tiempo de lectura estimado","twitter:data2":"3 minutos"},"aioseo_meta_data":{"post_id":"100029","title":null,"description":null,"keywords":null,"keyphrases":null,"primary_term":null,"canonical_url":null,"og_title":null,"og_description":null,"og_object_type":"default","og_image_type":"default","og_image_url":null,"og_image_width":null,"og_image_height":null,"og_image_custom_url":null,"og_image_custom_fields":null,"og_video":null,"og_custom_url":null,"og_article_section":null,"og_article_tags":null,"twitter_use_og":false,"twitter_card":"default","twitter_image_type":"default","twitter_image_url":null,"twitter_image_custom_url":null,"twitter_image_custom_fields":null,"twitter_title":null,"twitter_description":null,"schema":{"blockGraphs":[],"customGraphs":[],"default":{"data":{"Article":[],"Course":[],"Dataset":[],"FAQPage":[],"Movie":[],"Person":[],"Product":[],"ProductReview":[],"Car":[],"Recipe":[],"Service":[],"SoftwareApplication":[],"WebPage":[]},"graphName":"","isEnabled":true},"graphs":[],"defaultGraph":"","defaultPostTypeGraph":""},"schema_type":null,"schema_type_options":null,"pillar_content":false,"robots_default":true,"robots_noindex":false,"robots_noarchive":false,"robots_nosnippet":false,"robots_nofollow":false,"robots_noimageindex":false,"robots_noodp":false,"robots_notranslate":false,"robots_max_snippet":null,"robots_max_videopreview":null,"robots_max_imagepreview":"large","priority":null,"frequency":null,"location":null,"local_seo":null,"seo_analyzer_scan_date":"2025-08-27 07:44:59","breadcrumb_settings":null,"limit_modified_date":false,"reviewed_by":null,"open_ai":null,"ai":null,"created":"2020-12-21 11:49:03","updated":"2025-08-27 07:44:59"},"aioseo_breadcrumb":"<div class=\"aioseo-breadcrumbs\"><span class=\"aioseo-breadcrumb\">\n\t<a href=\"https:\/\/candas365.es\/noticias\" title=\"Home\">Home<\/a>\n<\/span><span class=\"aioseo-breadcrumb-separator\">&ndash;<\/span><span class=\"aioseo-breadcrumb\">\n\t<a href=\"https:\/\/candas365.es\/noticias\/category\/revista\/\" title=\"Revista\">Revista<\/a>\n<\/span><span class=\"aioseo-breadcrumb-separator\">&ndash;<\/span><span class=\"aioseo-breadcrumb\">\n\tUn verano m\u00e1s verde con Envases del mediterr\u00e1neo\n<\/span><\/div>","aioseo_breadcrumb_json":[{"label":"Home","link":"https:\/\/candas365.es\/noticias"},{"label":"Revista","link":"https:\/\/candas365.es\/noticias\/category\/revista\/"},{"label":"Un verano m\u00e1s verde con Envases del mediterr\u00e1neo","link":"https:\/\/candas365.es\/noticias\/un-verano-mas-verde-con-envases-del-mediterraneo\/"}],"_links":{"self":[{"href":"https:\/\/candas365.es\/noticias\/wp-json\/wp\/v2\/posts\/100029","targetHints":{"allow":["GET"]}}],"collection":[{"href":"https:\/\/candas365.es\/noticias\/wp-json\/wp\/v2\/posts"}],"about":[{"href":"https:\/\/candas365.es\/noticias\/wp-json\/wp\/v2\/types\/post"}],"author":[{"embeddable":true,"href":"https:\/\/candas365.es\/noticias\/wp-json\/wp\/v2\/users\/1"}],"replies":[{"embeddable":true,"href":"https:\/\/candas365.es\/noticias\/wp-json\/wp\/v2\/comments?post=100029"}],"version-history":[{"count":0,"href":"https:\/\/candas365.es\/noticias\/wp-json\/wp\/v2\/posts\/100029\/revisions"}],"wp:featuredmedia":[{"embeddable":true,"href":"https:\/\/candas365.es\/noticias\/wp-json\/wp\/v2\/media\/100030"}],"wp:attachment":[{"href":"https:\/\/candas365.es\/noticias\/wp-json\/wp\/v2\/media?parent=100029"}],"wp:term":[{"taxonomy":"category","embeddable":true,"href":"https:\/\/candas365.es\/noticias\/wp-json\/wp\/v2\/categories?post=100029"},{"taxonomy":"post_tag","embeddable":true,"href":"https:\/\/candas365.es\/noticias\/wp-json\/wp\/v2\/tags?post=100029"}],"curies":[{"name":"wp","href":"https:\/\/api.w.org\/{rel}","templated":true}]}}