{"id":100027,"date":"2018-07-09T11:32:07","date_gmt":"2018-07-09T11:32:07","guid":{"rendered":"http:\/\/candas365.es\/noticias\/?p=100027"},"modified":"2018-07-09T11:32:07","modified_gmt":"2018-07-09T11:32:07","slug":"el-grupo-fleet-foxes-actua-este-miercoles-en-la-laboral","status":"publish","type":"post","link":"https:\/\/candas365.es\/noticias\/el-grupo-fleet-foxes-actua-este-miercoles-en-la-laboral\/","title":{"rendered":"El grupo Fleet Foxes act\u00faa este mi\u00e9rcoles en la Laboral"},"content":{"rendered":"<p><img fetchpriority=\"high\" decoding=\"async\" class=\"alignleft size-medium wp-image-80268\" src=\"https:\/\/candas365.es\/noticias\/wp-content\/uploads\/2017\/09\/Laboral-360x239.jpg\" alt=\"\" width=\"360\" height=\"239\" srcset=\"https:\/\/candas365.es\/noticias\/wp-content\/uploads\/2017\/09\/Laboral-360x239.jpg 360w, https:\/\/candas365.es\/noticias\/wp-content\/uploads\/2017\/09\/Laboral-768x511.jpg 768w, https:\/\/candas365.es\/noticias\/wp-content\/uploads\/2017\/09\/Laboral-655x435.jpg 655w, https:\/\/candas365.es\/noticias\/wp-content\/uploads\/2017\/09\/Laboral-696x463.jpg 696w, https:\/\/candas365.es\/noticias\/wp-content\/uploads\/2017\/09\/Laboral-1068x710.jpg 1068w, https:\/\/candas365.es\/noticias\/wp-content\/uploads\/2017\/09\/Laboral-632x420.jpg 632w, https:\/\/candas365.es\/noticias\/wp-content\/uploads\/2017\/09\/Laboral-84x55.jpg 84w, https:\/\/candas365.es\/noticias\/wp-content\/uploads\/2017\/09\/Laboral.jpg 1280w\" sizes=\"(max-width: 360px) 100vw, 360px\" \/>El grupo Fleet Foxes act\u00faa este mi\u00e9rcoles 11 de julio, a las 21:00 horas, en el Teatro de la Laboral.<\/p>\n<p>El quinteto, que se describe a s\u00ed mismo como \u201cuna jam de pop arm\u00f3nico barroco\u201d, destaca por sus armon\u00edas vocales y sus letras. Formados en 2006 en Seattle, Fleet Foxes salta a la fama en 2008 tras el lanzamiento del EP Sun Giant y su \u00e1lbum hom\u00f3nimo, recibiendo ambos grandes elogios por parte de la cr\u00edtica.<\/p>\n<p>Tras firmar con la filial de Warner Music, Sub Pop, su \u00e1lbum debut tuvo un profundo impacto en el panorama musical internacional, gan\u00e1ndose el primer Premio de M\u00fasica de Uncut y superando las listas de \u00abLo mejor de\u00bb de Rolling Stone, incluidos los 100 Mejores \u00c1lbumes de los 2000 y los 50 Mejores \u00c1lbumes de Pitchfork. Mientras, la banda llenaba all\u00e1 donde actuaba, reafirmando su creciente popularidad.<\/p>\n<p>Los \u00e9xitos continuar\u00edan con su segundo \u00e1lbum Helplessness Blues, lanzado en 2011, y ahora llegan a Gij\u00f3n con un tercer y esperado \u00e1lbum bajo el brazo, Crack-Up.<\/p>\n<p>Las localidades tienen un precio de 50 euros en foso, 35 euros en patio de butacas y palcos y 30 euros en anfiteatro. Las entradas est\u00e1n disponibles en la Recepci\u00f3n de la Laboral, en el Centro Niemeyer en Avil\u00e9s, en la Oficina de Informaci\u00f3n Tur\u00edstica de Asturias en Oviedo, en la web entradas.liberbank.es, en el tel\u00e9fono 902 106 601 y en la red de cajeros Liberbank.<\/p>\n","protected":false},"excerpt":{"rendered":"<p>El grupo Fleet Foxes act\u00faa este mi\u00e9rcoles 11 de julio, a las 21:00 horas, en el Teatro de la Laboral. El quinteto, que se describe a s\u00ed mismo como \u201cuna jam de pop arm\u00f3nico barroco\u201d, destaca por sus armon\u00edas vocales y sus letras. Formados en 2006 en Seattle, Fleet Foxes salta a la fama en<\/p>\n","protected":false},"author":1,"featured_media":80268,"comment_status":"closed","ping_status":"closed","sticky":false,"template":"","format":"standard","meta":{"footnotes":""},"categories":[1],"tags":[],"class_list":{"0":"post-100027","1":"post","2":"type-post","3":"status-publish","4":"format-standard","5":"has-post-thumbnail","7":"category-agenda"},"aioseo_notices":[],"aioseo_head":"\n\t\t<!-- All in One SEO Pro 4.9.6.2 - aioseo.com -->\n\t<meta name=\"description\" content=\"El grupo Fleet Foxes act\u00faa este mi\u00e9rcoles 11 de julio, a las 21:00 horas, en el Teatro de la Laboral. El quinteto, que se describe a s\u00ed mismo como \u201cuna jam de pop arm\u00f3nico barroco\u201d, destaca por sus armon\u00edas vocales y sus letras. Formados en 2006 en Seattle, Fleet Foxes salta a la fama en\" \/>\n\t<meta name=\"robots\" content=\"max-image-preview:large\" \/>\n\t<meta name=\"author\" content=\"Cand\u00e1s 365\"\/>\n\t<meta name=\"google-site-verification\" content=\"UA-32230408-1\" \/>\n\t<meta name=\"msvalidate.01\" content=\"354F3CDFB2DA171B47FBE9ABF1F88D5\" \/>\n\t<meta name=\"keywords\" content=\"agenda\" \/>\n\t<link rel=\"canonical\" href=\"https:\/\/candas365.es\/noticias\/el-grupo-fleet-foxes-actua-este-miercoles-en-la-laboral\/\" \/>\n\t<meta name=\"generator\" content=\"All in One SEO Pro (AIOSEO) 4.9.6.2\" \/>\n\t\t<meta property=\"og:locale\" content=\"es_ES\" \/>\n\t\t<meta property=\"og:site_name\" content=\"Cand\u00e1s 365\" \/>\n\t\t<meta property=\"og:type\" content=\"article\" \/>\n\t\t<meta property=\"og:title\" content=\"El grupo Fleet Foxes act\u00faa este mi\u00e9rcoles en la Laboral | Cand\u00e1s 365\" \/>\n\t\t<meta property=\"og:description\" content=\"El grupo Fleet Foxes act\u00faa este mi\u00e9rcoles 11 de julio, a las 21:00 horas, en el Teatro de la Laboral. El quinteto, que se describe a s\u00ed mismo como \u201cuna jam de pop arm\u00f3nico barroco\u201d, destaca por sus armon\u00edas vocales y sus letras. Formados en 2006 en Seattle, Fleet Foxes salta a la fama en\" \/>\n\t\t<meta property=\"og:url\" content=\"https:\/\/candas365.es\/noticias\/el-grupo-fleet-foxes-actua-este-miercoles-en-la-laboral\/\" \/>\n\t\t<meta property=\"og:image\" content=\"https:\/\/candas365.es\/noticias\/wp-content\/uploads\/2017\/09\/Laboral.jpg\" \/>\n\t\t<meta property=\"og:image:secure_url\" content=\"https:\/\/candas365.es\/noticias\/wp-content\/uploads\/2017\/09\/Laboral.jpg\" \/>\n\t\t<meta property=\"og:image:width\" content=\"1280\" \/>\n\t\t<meta property=\"og:image:height\" content=\"851\" \/>\n\t\t<meta property=\"article:published_time\" content=\"2018-07-09T11:32:07+00:00\" \/>\n\t\t<meta property=\"article:modified_time\" content=\"2018-07-09T11:32:07+00:00\" \/>\n\t\t<meta property=\"article:publisher\" content=\"https:\/\/www.facebook.com\/Nachofdezber\" \/>\n\t\t<meta property=\"article:author\" content=\"https:\/\/www.facebook.com\/carrenoactualidad\" \/>\n\t\t<meta name=\"twitter:card\" content=\"summary_large_image\" \/>\n\t\t<meta name=\"twitter:site\" content=\"@NabercoDigital\" \/>\n\t\t<meta name=\"twitter:title\" content=\"El grupo Fleet Foxes act\u00faa este mi\u00e9rcoles en la Laboral | Cand\u00e1s 365\" \/>\n\t\t<meta name=\"twitter:description\" content=\"El grupo Fleet Foxes act\u00faa este mi\u00e9rcoles 11 de julio, a las 21:00 horas, en el Teatro de la Laboral. El quinteto, que se describe a s\u00ed mismo como \u201cuna jam de pop arm\u00f3nico barroco\u201d, destaca por sus armon\u00edas vocales y sus letras. Formados en 2006 en Seattle, Fleet Foxes salta a la fama en\" \/>\n\t\t<meta name=\"twitter:creator\" content=\"@nbasturias\" \/>\n\t\t<meta name=\"twitter:image\" content=\"https:\/\/candas365.es\/noticias\/wp-content\/uploads\/2017\/09\/Laboral.jpg\" \/>\n\t\t<meta name=\"twitter:label1\" content=\"Escrito por\" \/>\n\t\t<meta name=\"twitter:data1\" content=\"Cand\u00e1s 365\" \/>\n\t\t<meta name=\"twitter:label2\" content=\"Tiempo de lectura estimado\" \/>\n\t\t<meta name=\"twitter:data2\" content=\"1 minuto\" \/>\n\t\t<script type=\"application\/ld+json\" class=\"aioseo-schema\">\n\t\t\t{\"@context\":\"https:\\\/\\\/schema.org\",\"@graph\":[{\"@type\":\"BreadcrumbList\",\"@id\":\"https:\\\/\\\/candas365.es\\\/noticias\\\/el-grupo-fleet-foxes-actua-este-miercoles-en-la-laboral\\\/#breadcrumblist\",\"itemListElement\":[{\"@type\":\"ListItem\",\"@id\":\"https:\\\/\\\/candas365.es\\\/noticias#listItem\",\"position\":1,\"name\":\"Home\",\"item\":\"https:\\\/\\\/candas365.es\\\/noticias\",\"nextItem\":{\"@type\":\"ListItem\",\"@id\":\"https:\\\/\\\/candas365.es\\\/noticias\\\/category\\\/agenda\\\/#listItem\",\"name\":\"Agenda\"}},{\"@type\":\"ListItem\",\"@id\":\"https:\\\/\\\/candas365.es\\\/noticias\\\/category\\\/agenda\\\/#listItem\",\"position\":2,\"name\":\"Agenda\",\"item\":\"https:\\\/\\\/candas365.es\\\/noticias\\\/category\\\/agenda\\\/\",\"nextItem\":{\"@type\":\"ListItem\",\"@id\":\"https:\\\/\\\/candas365.es\\\/noticias\\\/el-grupo-fleet-foxes-actua-este-miercoles-en-la-laboral\\\/#listItem\",\"name\":\"El grupo Fleet Foxes act\\u00faa este mi\\u00e9rcoles en la Laboral\"},\"previousItem\":{\"@type\":\"ListItem\",\"@id\":\"https:\\\/\\\/candas365.es\\\/noticias#listItem\",\"name\":\"Home\"}},{\"@type\":\"ListItem\",\"@id\":\"https:\\\/\\\/candas365.es\\\/noticias\\\/el-grupo-fleet-foxes-actua-este-miercoles-en-la-laboral\\\/#listItem\",\"position\":3,\"name\":\"El grupo Fleet Foxes act\\u00faa este mi\\u00e9rcoles en la Laboral\",\"previousItem\":{\"@type\":\"ListItem\",\"@id\":\"https:\\\/\\\/candas365.es\\\/noticias\\\/category\\\/agenda\\\/#listItem\",\"name\":\"Agenda\"}}]},{\"@type\":\"NewsArticle\",\"@id\":\"https:\\\/\\\/candas365.es\\\/noticias\\\/el-grupo-fleet-foxes-actua-este-miercoles-en-la-laboral\\\/#newsarticle\",\"name\":\"El grupo Fleet Foxes act\\u00faa este mi\\u00e9rcoles en la Laboral | Cand\\u00e1s 365\",\"headline\":\"El grupo Fleet Foxes act\\u00faa este mi\\u00e9rcoles en la Laboral\",\"author\":{\"@id\":\"https:\\\/\\\/candas365.es\\\/noticias\\\/author\\\/admin\\\/#author\"},\"publisher\":{\"@id\":\"https:\\\/\\\/candas365.es\\\/noticias\\\/#organization\"},\"image\":{\"@type\":\"ImageObject\",\"url\":\"https:\\\/\\\/candas365.es\\\/noticias\\\/wp-content\\\/uploads\\\/2017\\\/09\\\/Laboral.jpg\",\"width\":1280,\"height\":851},\"datePublished\":\"2018-07-09T11:32:07+02:00\",\"dateModified\":\"2018-07-09T11:32:07+02:00\",\"inLanguage\":\"es-ES\",\"mainEntityOfPage\":{\"@id\":\"https:\\\/\\\/candas365.es\\\/noticias\\\/el-grupo-fleet-foxes-actua-este-miercoles-en-la-laboral\\\/#webpage\"},\"isPartOf\":{\"@id\":\"https:\\\/\\\/candas365.es\\\/noticias\\\/el-grupo-fleet-foxes-actua-este-miercoles-en-la-laboral\\\/#webpage\"},\"articleSection\":\"Agenda\",\"dateline\":\"Publicado el julio 9, 2018.\"},{\"@type\":\"Organization\",\"@id\":\"https:\\\/\\\/candas365.es\\\/noticias\\\/#organization\",\"name\":\"Cand\\u00e1s 365\",\"description\":\"Cand\\u00e1s 365 es un diario digital independiente, fundado en 2012, con base en Asturias. Informamos con rigor sobre actualidad, sociedad, cultura y ocio, con una mirada local y global.\",\"url\":\"https:\\\/\\\/candas365.es\\\/noticias\\\/\",\"email\":\"info@candas365.es\",\"telephone\":\"+34652131393\",\"foundingDate\":\"2012-06-10\",\"logo\":{\"@type\":\"ImageObject\",\"url\":\"https:\\\/\\\/candas365.es\\\/noticias\\\/wp-content\\\/uploads\\\/2024\\\/09\\\/Candas-365-Redes.jpg\",\"@id\":\"https:\\\/\\\/candas365.es\\\/noticias\\\/el-grupo-fleet-foxes-actua-este-miercoles-en-la-laboral\\\/#organizationLogo\",\"width\":1152,\"height\":864,\"caption\":\"Cand\\u00e1s 365 Redes\"},\"image\":{\"@id\":\"https:\\\/\\\/candas365.es\\\/noticias\\\/el-grupo-fleet-foxes-actua-este-miercoles-en-la-laboral\\\/#organizationLogo\"},\"sameAs\":[\"https:\\\/\\\/www.facebook.com\\\/Nachofdezber\",\"https:\\\/\\\/x.com\\\/NabercoDigital\",\"https:\\\/\\\/www.instagram.com\\\/nachofdezber\\\/\",\"https:\\\/\\\/www.youtube.com\\\/channel\\\/UCZP-2wLEB9Rv6erhFmqVnvg\"],\"address\":{\"@id\":\"https:\\\/\\\/candas365.es\\\/noticias\\\/#postaladdress\",\"@type\":\"PostalAddress\",\"streetAddress\":\"san antonio 4, san antonio 4\",\"postalCode\":\"33430\",\"addressLocality\":\"Cand\\u00e1s\",\"addressRegion\":\"Asturias\",\"addressCountry\":\"ES\"}},{\"@type\":\"Person\",\"@id\":\"https:\\\/\\\/candas365.es\\\/noticias\\\/author\\\/admin\\\/#author\",\"url\":\"https:\\\/\\\/candas365.es\\\/noticias\\\/author\\\/admin\\\/\",\"name\":\"Cand\\u00e1s 365\",\"image\":{\"@type\":\"ImageObject\",\"@id\":\"https:\\\/\\\/candas365.es\\\/noticias\\\/el-grupo-fleet-foxes-actua-este-miercoles-en-la-laboral\\\/#authorImage\",\"url\":\"https:\\\/\\\/secure.gravatar.com\\\/avatar\\\/496a8e03d0c493ede1718b7934145dbdf8d89be1036b0eec9544e1094c9de390?s=96&d=mm&r=g\",\"width\":96,\"height\":96,\"caption\":\"Cand\\u00e1s 365\"},\"sameAs\":[\"https:\\\/\\\/www.facebook.com\\\/carrenoactualidad\",\"https:\\\/\\\/twitter.com\\\/nbasturias\",\"https:\\\/\\\/www.instagram.com\\\/nachofdezber\\\/\",\"https:\\\/\\\/www.youtube.com\\\/channel\\\/UCZP-2wLEB9Rv6erhFmqVnvg\"]},{\"@type\":\"WebPage\",\"@id\":\"https:\\\/\\\/candas365.es\\\/noticias\\\/el-grupo-fleet-foxes-actua-este-miercoles-en-la-laboral\\\/#webpage\",\"url\":\"https:\\\/\\\/candas365.es\\\/noticias\\\/el-grupo-fleet-foxes-actua-este-miercoles-en-la-laboral\\\/\",\"name\":\"El grupo Fleet Foxes act\\u00faa este mi\\u00e9rcoles en la Laboral | Cand\\u00e1s 365\",\"description\":\"El grupo Fleet Foxes act\\u00faa este mi\\u00e9rcoles 11 de julio, a las 21:00 horas, en el Teatro de la Laboral. El quinteto, que se describe a s\\u00ed mismo como \\u201cuna jam de pop arm\\u00f3nico barroco\\u201d, destaca por sus armon\\u00edas vocales y sus letras. Formados en 2006 en Seattle, Fleet Foxes salta a la fama en\",\"inLanguage\":\"es-ES\",\"isPartOf\":{\"@id\":\"https:\\\/\\\/candas365.es\\\/noticias\\\/#website\"},\"breadcrumb\":{\"@id\":\"https:\\\/\\\/candas365.es\\\/noticias\\\/el-grupo-fleet-foxes-actua-este-miercoles-en-la-laboral\\\/#breadcrumblist\"},\"author\":{\"@id\":\"https:\\\/\\\/candas365.es\\\/noticias\\\/author\\\/admin\\\/#author\"},\"creator\":{\"@id\":\"https:\\\/\\\/candas365.es\\\/noticias\\\/author\\\/admin\\\/#author\"},\"image\":{\"@type\":\"ImageObject\",\"url\":\"https:\\\/\\\/candas365.es\\\/noticias\\\/wp-content\\\/uploads\\\/2017\\\/09\\\/Laboral.jpg\",\"@id\":\"https:\\\/\\\/candas365.es\\\/noticias\\\/el-grupo-fleet-foxes-actua-este-miercoles-en-la-laboral\\\/#mainImage\",\"width\":1280,\"height\":851},\"primaryImageOfPage\":{\"@id\":\"https:\\\/\\\/candas365.es\\\/noticias\\\/el-grupo-fleet-foxes-actua-este-miercoles-en-la-laboral\\\/#mainImage\"},\"datePublished\":\"2018-07-09T11:32:07+02:00\",\"dateModified\":\"2018-07-09T11:32:07+02:00\"},{\"@type\":\"WebSite\",\"@id\":\"https:\\\/\\\/candas365.es\\\/noticias\\\/#website\",\"url\":\"https:\\\/\\\/candas365.es\\\/noticias\\\/\",\"name\":\"Cand\\u00e1s 365\",\"alternateName\":\"Cand\\u00e1s 365 Noticias\",\"description\":\"Actualidad desde Carre\\u00f1o para el mundo\",\"inLanguage\":\"es-ES\",\"publisher\":{\"@id\":\"https:\\\/\\\/candas365.es\\\/noticias\\\/#organization\"}}]}\n\t\t<\/script>\n\t\t<!-- All in One SEO Pro -->\r\n\t\t<title>El grupo Fleet Foxes act\u00faa este mi\u00e9rcoles en la Laboral | Cand\u00e1s 365<\/title>\n\n","aioseo_head_json":{"title":"El grupo Fleet Foxes act\u00faa este mi\u00e9rcoles en la Laboral | Cand\u00e1s 365","description":"El grupo Fleet Foxes act\u00faa este mi\u00e9rcoles 11 de julio, a las 21:00 horas, en el Teatro de la Laboral. El quinteto, que se describe a s\u00ed mismo como \u201cuna jam de pop arm\u00f3nico barroco\u201d, destaca por sus armon\u00edas vocales y sus letras. Formados en 2006 en Seattle, Fleet Foxes salta a la fama en","canonical_url":"https:\/\/candas365.es\/noticias\/el-grupo-fleet-foxes-actua-este-miercoles-en-la-laboral\/","robots":"max-image-preview:large","keywords":"agenda","webmasterTools":{"google-site-verification":"UA-32230408-1","msvalidate.01":"354F3CDFB2DA171B47FBE9ABF1F88D5","miscellaneous":""},"schema":{"@context":"https:\/\/schema.org","@graph":[{"@type":"BreadcrumbList","@id":"https:\/\/candas365.es\/noticias\/el-grupo-fleet-foxes-actua-este-miercoles-en-la-laboral\/#breadcrumblist","itemListElement":[{"@type":"ListItem","@id":"https:\/\/candas365.es\/noticias#listItem","position":1,"name":"Home","item":"https:\/\/candas365.es\/noticias","nextItem":{"@type":"ListItem","@id":"https:\/\/candas365.es\/noticias\/category\/agenda\/#listItem","name":"Agenda"}},{"@type":"ListItem","@id":"https:\/\/candas365.es\/noticias\/category\/agenda\/#listItem","position":2,"name":"Agenda","item":"https:\/\/candas365.es\/noticias\/category\/agenda\/","nextItem":{"@type":"ListItem","@id":"https:\/\/candas365.es\/noticias\/el-grupo-fleet-foxes-actua-este-miercoles-en-la-laboral\/#listItem","name":"El grupo Fleet Foxes act\u00faa este mi\u00e9rcoles en la Laboral"},"previousItem":{"@type":"ListItem","@id":"https:\/\/candas365.es\/noticias#listItem","name":"Home"}},{"@type":"ListItem","@id":"https:\/\/candas365.es\/noticias\/el-grupo-fleet-foxes-actua-este-miercoles-en-la-laboral\/#listItem","position":3,"name":"El grupo Fleet Foxes act\u00faa este mi\u00e9rcoles en la Laboral","previousItem":{"@type":"ListItem","@id":"https:\/\/candas365.es\/noticias\/category\/agenda\/#listItem","name":"Agenda"}}]},{"@type":"NewsArticle","@id":"https:\/\/candas365.es\/noticias\/el-grupo-fleet-foxes-actua-este-miercoles-en-la-laboral\/#newsarticle","name":"El grupo Fleet Foxes act\u00faa este mi\u00e9rcoles en la Laboral | Cand\u00e1s 365","headline":"El grupo Fleet Foxes act\u00faa este mi\u00e9rcoles en la Laboral","author":{"@id":"https:\/\/candas365.es\/noticias\/author\/admin\/#author"},"publisher":{"@id":"https:\/\/candas365.es\/noticias\/#organization"},"image":{"@type":"ImageObject","url":"https:\/\/candas365.es\/noticias\/wp-content\/uploads\/2017\/09\/Laboral.jpg","width":1280,"height":851},"datePublished":"2018-07-09T11:32:07+02:00","dateModified":"2018-07-09T11:32:07+02:00","inLanguage":"es-ES","mainEntityOfPage":{"@id":"https:\/\/candas365.es\/noticias\/el-grupo-fleet-foxes-actua-este-miercoles-en-la-laboral\/#webpage"},"isPartOf":{"@id":"https:\/\/candas365.es\/noticias\/el-grupo-fleet-foxes-actua-este-miercoles-en-la-laboral\/#webpage"},"articleSection":"Agenda","dateline":"Publicado el julio 9, 2018."},{"@type":"Organization","@id":"https:\/\/candas365.es\/noticias\/#organization","name":"Cand\u00e1s 365","description":"Cand\u00e1s 365 es un diario digital independiente, fundado en 2012, con base en Asturias. Informamos con rigor sobre actualidad, sociedad, cultura y ocio, con una mirada local y global.","url":"https:\/\/candas365.es\/noticias\/","email":"info@candas365.es","telephone":"+34652131393","foundingDate":"2012-06-10","logo":{"@type":"ImageObject","url":"https:\/\/candas365.es\/noticias\/wp-content\/uploads\/2024\/09\/Candas-365-Redes.jpg","@id":"https:\/\/candas365.es\/noticias\/el-grupo-fleet-foxes-actua-este-miercoles-en-la-laboral\/#organizationLogo","width":1152,"height":864,"caption":"Cand\u00e1s 365 Redes"},"image":{"@id":"https:\/\/candas365.es\/noticias\/el-grupo-fleet-foxes-actua-este-miercoles-en-la-laboral\/#organizationLogo"},"sameAs":["https:\/\/www.facebook.com\/Nachofdezber","https:\/\/x.com\/NabercoDigital","https:\/\/www.instagram.com\/nachofdezber\/","https:\/\/www.youtube.com\/channel\/UCZP-2wLEB9Rv6erhFmqVnvg"],"address":{"@id":"https:\/\/candas365.es\/noticias\/#postaladdress","@type":"PostalAddress","streetAddress":"san antonio 4, san antonio 4","postalCode":"33430","addressLocality":"Cand\u00e1s","addressRegion":"Asturias","addressCountry":"ES"}},{"@type":"Person","@id":"https:\/\/candas365.es\/noticias\/author\/admin\/#author","url":"https:\/\/candas365.es\/noticias\/author\/admin\/","name":"Cand\u00e1s 365","image":{"@type":"ImageObject","@id":"https:\/\/candas365.es\/noticias\/el-grupo-fleet-foxes-actua-este-miercoles-en-la-laboral\/#authorImage","url":"https:\/\/secure.gravatar.com\/avatar\/496a8e03d0c493ede1718b7934145dbdf8d89be1036b0eec9544e1094c9de390?s=96&d=mm&r=g","width":96,"height":96,"caption":"Cand\u00e1s 365"},"sameAs":["https:\/\/www.facebook.com\/carrenoactualidad","https:\/\/twitter.com\/nbasturias","https:\/\/www.instagram.com\/nachofdezber\/","https:\/\/www.youtube.com\/channel\/UCZP-2wLEB9Rv6erhFmqVnvg"]},{"@type":"WebPage","@id":"https:\/\/candas365.es\/noticias\/el-grupo-fleet-foxes-actua-este-miercoles-en-la-laboral\/#webpage","url":"https:\/\/candas365.es\/noticias\/el-grupo-fleet-foxes-actua-este-miercoles-en-la-laboral\/","name":"El grupo Fleet Foxes act\u00faa este mi\u00e9rcoles en la Laboral | Cand\u00e1s 365","description":"El grupo Fleet Foxes act\u00faa este mi\u00e9rcoles 11 de julio, a las 21:00 horas, en el Teatro de la Laboral. El quinteto, que se describe a s\u00ed mismo como \u201cuna jam de pop arm\u00f3nico barroco\u201d, destaca por sus armon\u00edas vocales y sus letras. Formados en 2006 en Seattle, Fleet Foxes salta a la fama en","inLanguage":"es-ES","isPartOf":{"@id":"https:\/\/candas365.es\/noticias\/#website"},"breadcrumb":{"@id":"https:\/\/candas365.es\/noticias\/el-grupo-fleet-foxes-actua-este-miercoles-en-la-laboral\/#breadcrumblist"},"author":{"@id":"https:\/\/candas365.es\/noticias\/author\/admin\/#author"},"creator":{"@id":"https:\/\/candas365.es\/noticias\/author\/admin\/#author"},"image":{"@type":"ImageObject","url":"https:\/\/candas365.es\/noticias\/wp-content\/uploads\/2017\/09\/Laboral.jpg","@id":"https:\/\/candas365.es\/noticias\/el-grupo-fleet-foxes-actua-este-miercoles-en-la-laboral\/#mainImage","width":1280,"height":851},"primaryImageOfPage":{"@id":"https:\/\/candas365.es\/noticias\/el-grupo-fleet-foxes-actua-este-miercoles-en-la-laboral\/#mainImage"},"datePublished":"2018-07-09T11:32:07+02:00","dateModified":"2018-07-09T11:32:07+02:00"},{"@type":"WebSite","@id":"https:\/\/candas365.es\/noticias\/#website","url":"https:\/\/candas365.es\/noticias\/","name":"Cand\u00e1s 365","alternateName":"Cand\u00e1s 365 Noticias","description":"Actualidad desde Carre\u00f1o para el mundo","inLanguage":"es-ES","publisher":{"@id":"https:\/\/candas365.es\/noticias\/#organization"}}]},"og:locale":"es_ES","og:site_name":"Cand\u00e1s 365","og:type":"article","og:title":"El grupo Fleet Foxes act\u00faa este mi\u00e9rcoles en la Laboral | Cand\u00e1s 365","og:description":"El grupo Fleet Foxes act\u00faa este mi\u00e9rcoles 11 de julio, a las 21:00 horas, en el Teatro de la Laboral. El quinteto, que se describe a s\u00ed mismo como \u201cuna jam de pop arm\u00f3nico barroco\u201d, destaca por sus armon\u00edas vocales y sus letras. Formados en 2006 en Seattle, Fleet Foxes salta a la fama en","og:url":"https:\/\/candas365.es\/noticias\/el-grupo-fleet-foxes-actua-este-miercoles-en-la-laboral\/","og:image":"https:\/\/candas365.es\/noticias\/wp-content\/uploads\/2017\/09\/Laboral.jpg","og:image:secure_url":"https:\/\/candas365.es\/noticias\/wp-content\/uploads\/2017\/09\/Laboral.jpg","og:image:width":1280,"og:image:height":851,"article:published_time":"2018-07-09T11:32:07+00:00","article:modified_time":"2018-07-09T11:32:07+00:00","article:publisher":"https:\/\/www.facebook.com\/Nachofdezber","article:author":"https:\/\/www.facebook.com\/carrenoactualidad","twitter:card":"summary_large_image","twitter:site":"@NabercoDigital","twitter:title":"El grupo Fleet Foxes act\u00faa este mi\u00e9rcoles en la Laboral | Cand\u00e1s 365","twitter:description":"El grupo Fleet Foxes act\u00faa este mi\u00e9rcoles 11 de julio, a las 21:00 horas, en el Teatro de la Laboral. El quinteto, que se describe a s\u00ed mismo como \u201cuna jam de pop arm\u00f3nico barroco\u201d, destaca por sus armon\u00edas vocales y sus letras. Formados en 2006 en Seattle, Fleet Foxes salta a la fama en","twitter:creator":"@nbasturias","twitter:image":"https:\/\/candas365.es\/noticias\/wp-content\/uploads\/2017\/09\/Laboral.jpg","twitter:label1":"Escrito por","twitter:data1":"Cand\u00e1s 365","twitter:label2":"Tiempo de lectura estimado","twitter:data2":"1 minuto"},"aioseo_meta_data":{"post_id":"100027","title":null,"description":null,"keywords":null,"keyphrases":null,"primary_term":null,"canonical_url":null,"og_title":null,"og_description":null,"og_object_type":"default","og_image_type":"default","og_image_url":null,"og_image_width":null,"og_image_height":null,"og_image_custom_url":null,"og_image_custom_fields":null,"og_video":null,"og_custom_url":null,"og_article_section":null,"og_article_tags":null,"twitter_use_og":false,"twitter_card":"default","twitter_image_type":"default","twitter_image_url":null,"twitter_image_custom_url":null,"twitter_image_custom_fields":null,"twitter_title":null,"twitter_description":null,"schema":{"blockGraphs":[],"customGraphs":[],"default":{"data":{"Article":[],"Course":[],"Dataset":[],"FAQPage":[],"Movie":[],"Person":[],"Product":[],"ProductReview":[],"Car":[],"Recipe":[],"Service":[],"SoftwareApplication":[],"WebPage":[]},"graphName":"","isEnabled":true},"graphs":[],"defaultGraph":"","defaultPostTypeGraph":""},"schema_type":null,"schema_type_options":null,"pillar_content":false,"robots_default":true,"robots_noindex":false,"robots_noarchive":false,"robots_nosnippet":false,"robots_nofollow":false,"robots_noimageindex":false,"robots_noodp":false,"robots_notranslate":false,"robots_max_snippet":null,"robots_max_videopreview":null,"robots_max_imagepreview":"large","priority":null,"frequency":null,"location":null,"local_seo":null,"seo_analyzer_scan_date":"2025-08-27 07:44:58","breadcrumb_settings":null,"limit_modified_date":false,"reviewed_by":null,"open_ai":null,"ai":null,"created":"2020-12-21 11:49:03","updated":"2025-08-27 07:44:58"},"aioseo_breadcrumb":"<div class=\"aioseo-breadcrumbs\"><span class=\"aioseo-breadcrumb\">\n\t<a href=\"https:\/\/candas365.es\/noticias\" title=\"Home\">Home<\/a>\n<\/span><span class=\"aioseo-breadcrumb-separator\">&ndash;<\/span><span class=\"aioseo-breadcrumb\">\n\t<a href=\"https:\/\/candas365.es\/noticias\/category\/agenda\/\" title=\"Agenda\">Agenda<\/a>\n<\/span><span class=\"aioseo-breadcrumb-separator\">&ndash;<\/span><span class=\"aioseo-breadcrumb\">\n\tEl grupo Fleet Foxes act\u00faa este mi\u00e9rcoles en la Laboral\n<\/span><\/div>","aioseo_breadcrumb_json":[{"label":"Home","link":"https:\/\/candas365.es\/noticias"},{"label":"Agenda","link":"https:\/\/candas365.es\/noticias\/category\/agenda\/"},{"label":"El grupo Fleet Foxes act\u00faa este mi\u00e9rcoles en la Laboral","link":"https:\/\/candas365.es\/noticias\/el-grupo-fleet-foxes-actua-este-miercoles-en-la-laboral\/"}],"_links":{"self":[{"href":"https:\/\/candas365.es\/noticias\/wp-json\/wp\/v2\/posts\/100027","targetHints":{"allow":["GET"]}}],"collection":[{"href":"https:\/\/candas365.es\/noticias\/wp-json\/wp\/v2\/posts"}],"about":[{"href":"https:\/\/candas365.es\/noticias\/wp-json\/wp\/v2\/types\/post"}],"author":[{"embeddable":true,"href":"https:\/\/candas365.es\/noticias\/wp-json\/wp\/v2\/users\/1"}],"replies":[{"embeddable":true,"href":"https:\/\/candas365.es\/noticias\/wp-json\/wp\/v2\/comments?post=100027"}],"version-history":[{"count":0,"href":"https:\/\/candas365.es\/noticias\/wp-json\/wp\/v2\/posts\/100027\/revisions"}],"wp:featuredmedia":[{"embeddable":true,"href":"https:\/\/candas365.es\/noticias\/wp-json\/wp\/v2\/media\/80268"}],"wp:attachment":[{"href":"https:\/\/candas365.es\/noticias\/wp-json\/wp\/v2\/media?parent=100027"}],"wp:term":[{"taxonomy":"category","embeddable":true,"href":"https:\/\/candas365.es\/noticias\/wp-json\/wp\/v2\/categories?post=100027"},{"taxonomy":"post_tag","embeddable":true,"href":"https:\/\/candas365.es\/noticias\/wp-json\/wp\/v2\/tags?post=100027"}],"curies":[{"name":"wp","href":"https:\/\/api.w.org\/{rel}","templated":true}]}}