{"id":100025,"date":"2018-07-09T11:09:44","date_gmt":"2018-07-09T11:09:44","guid":{"rendered":"http:\/\/candas365.es\/noticias\/?p=100025"},"modified":"2018-07-09T11:09:44","modified_gmt":"2018-07-09T11:09:44","slug":"candas-iluminara-sus-calles-con-tecnologia-led","status":"publish","type":"post","link":"https:\/\/candas365.es\/noticias\/candas-iluminara-sus-calles-con-tecnologia-led\/","title":{"rendered":"Cand\u00e1s iluminar\u00e1 sus calles con tecnolog\u00eda LED"},"content":{"rendered":"<p><img fetchpriority=\"high\" decoding=\"async\" class=\"alignleft size-medium wp-image-15547\" src=\"https:\/\/candas365.es\/noticias\/wp-content\/uploads\/2015\/09\/baraga-360x244.jpg\" alt=\"\" width=\"360\" height=\"244\" srcset=\"https:\/\/candas365.es\/noticias\/wp-content\/uploads\/2015\/09\/baraga-360x244.jpg 360w, https:\/\/candas365.es\/noticias\/wp-content\/uploads\/2015\/09\/baraga-650x440.jpg 650w, https:\/\/candas365.es\/noticias\/wp-content\/uploads\/2015\/09\/baraga-150x101.jpg 150w, https:\/\/candas365.es\/noticias\/wp-content\/uploads\/2015\/09\/baraga-450x304.jpg 450w, https:\/\/candas365.es\/noticias\/wp-content\/uploads\/2015\/09\/baraga-655x443.jpg 655w, https:\/\/candas365.es\/noticias\/wp-content\/uploads\/2015\/09\/baraga-696x471.jpg 696w, https:\/\/candas365.es\/noticias\/wp-content\/uploads\/2015\/09\/baraga-621x420.jpg 621w, https:\/\/candas365.es\/noticias\/wp-content\/uploads\/2015\/09\/baraga.jpg 714w\" sizes=\"(max-width: 360px) 100vw, 360px\" \/>El Ayuntamiento de Carre\u00f1o ha sido seleccionado para la implantaci\u00f3n de un proyecto singular para facilitar el paso a una econom\u00eda baja en carbono en el \u00e1mbito de las Entidades locales espa\u00f1olas.<\/p>\n<p>El proyecto, para el que se acaba de aprobar una subvenci\u00f3n de 798.588 \u20ac (equivalente al 80% de la inversi\u00f3n total prevista), consistir\u00e1 en las sustituci\u00f3n de las luminarias existentes en el alumbrado p\u00fablico de la villa de Cand\u00e1s por luminarias LED (1.819 puntos de luz), y en la actualizaci\u00f3n de 44 cuadros de mando de dicho alumbrado. Se estima que con estas actuaciones se lograr\u00e1 un ahorro energ\u00e9tico del 77%.<\/p>\n<p>El proceso de sustituci\u00f3n de las luminarias tendr\u00e1 una duraci\u00f3n m\u00e1xima de 30 meses, y se prev\u00e9 que suponga una inversi\u00f3n total de 998.234,70 \u20ac.<\/p>\n<p>Este proyecto ser\u00e1 financiado por el Instituto para la Diversificaci\u00f3n y el Ahorro Energ\u00e9tico (IDAE), organismo adscrito al Ministerio para la Transici\u00f3n Ecol\u00f3gica, a trav\u00e9s de la Secretar\u00eda de Estado de Energ\u00eda, de quien depende org\u00e1nicamente. La ayuda que se le concede a Carre\u00f1o se enmarca dentro del Programa Operativo de Crecimiento Sostenible 2014-2020, financiado por el Fondo Comunitario FEDER. Mediante la puesta en marcha de este tipo de proyectos singulares, se pretende conseguir una reducci\u00f3n de las emisiones de di\u00f3xido de carbono a la atm\u00f3sfera, mediante la mejora de la eficiencia energ\u00e9tica (como en el caso del proyecto de Carre\u00f1o), la movilidad urbana sostenible, o la utilizaci\u00f3n de fuentes de energ\u00eda renovables.<\/p>\n<p>El Ayuntamiento tiene que financiar el 20 % del proyecto, que asciende a 199.646,70.-\u20ac. Se trata de una inversi\u00f3n que se puede financiar como inversi\u00f3n sostenible.<\/p>\n<p>La ayuda tiene que ser aceptada en el plazo m\u00e1ximo de 30 d\u00edas naturales desde la fecha de recepci\u00f3n de la resoluci\u00f3n. En el plazo m\u00e1ximo de 6 meses, desde la notificaci\u00f3n de la resoluci\u00f3n de concesi\u00f3n de la ayuda, el consistorio deber\u00e1 acreditar haber iniciado la tramitaci\u00f3n de los procedimientos de contrataci\u00f3n de los suministros, obras y servicios necesarios para la ejecuci\u00f3n de las actuaciones previstas.<\/p>\n","protected":false},"excerpt":{"rendered":"<p>El Ayuntamiento de Carre\u00f1o ha sido seleccionado para la implantaci\u00f3n de un proyecto singular para facilitar el paso a una econom\u00eda baja en carbono en el \u00e1mbito de las Entidades locales espa\u00f1olas. El proyecto, para el que se acaba de aprobar una subvenci\u00f3n de 798.588 \u20ac (equivalente al 80% de la inversi\u00f3n total prevista), consistir\u00e1<\/p>\n","protected":false},"author":1,"featured_media":15547,"comment_status":"closed","ping_status":"closed","sticky":false,"template":"","format":"standard","meta":{"footnotes":""},"categories":[2],"tags":[],"class_list":{"0":"post-100025","1":"post","2":"type-post","3":"status-publish","4":"format-standard","5":"has-post-thumbnail","7":"category-noticias-carreno"},"aioseo_notices":[],"aioseo_head":"\n\t\t<!-- All in One SEO Pro 4.9.6.2 - aioseo.com -->\n\t<meta name=\"description\" content=\"El Ayuntamiento de Carre\u00f1o ha sido seleccionado para la implantaci\u00f3n de un proyecto singular para facilitar el paso a una econom\u00eda baja en carbono en el \u00e1mbito de las Entidades locales espa\u00f1olas. El proyecto, para el que se acaba de aprobar una subvenci\u00f3n de 798.588 \u20ac (equivalente al 80% de la inversi\u00f3n total prevista), consistir\u00e1\" \/>\n\t<meta name=\"robots\" content=\"max-image-preview:large\" \/>\n\t<meta name=\"author\" content=\"Cand\u00e1s 365\"\/>\n\t<meta name=\"google-site-verification\" content=\"UA-32230408-1\" \/>\n\t<meta name=\"msvalidate.01\" content=\"354F3CDFB2DA171B47FBE9ABF1F88D5\" \/>\n\t<meta name=\"keywords\" content=\"noticias carre\u00f1o\" \/>\n\t<link rel=\"canonical\" href=\"https:\/\/candas365.es\/noticias\/candas-iluminara-sus-calles-con-tecnologia-led\/\" \/>\n\t<meta name=\"generator\" content=\"All in One SEO Pro (AIOSEO) 4.9.6.2\" \/>\n\t\t<meta property=\"og:locale\" content=\"es_ES\" \/>\n\t\t<meta property=\"og:site_name\" content=\"Cand\u00e1s 365\" \/>\n\t\t<meta property=\"og:type\" content=\"article\" \/>\n\t\t<meta property=\"og:title\" content=\"Cand\u00e1s iluminar\u00e1 sus calles con tecnolog\u00eda LED | Cand\u00e1s 365\" \/>\n\t\t<meta property=\"og:description\" content=\"El Ayuntamiento de Carre\u00f1o ha sido seleccionado para la implantaci\u00f3n de un proyecto singular para facilitar el paso a una econom\u00eda baja en carbono en el \u00e1mbito de las Entidades locales espa\u00f1olas. El proyecto, para el que se acaba de aprobar una subvenci\u00f3n de 798.588 \u20ac (equivalente al 80% de la inversi\u00f3n total prevista), consistir\u00e1\" \/>\n\t\t<meta property=\"og:url\" content=\"https:\/\/candas365.es\/noticias\/candas-iluminara-sus-calles-con-tecnologia-led\/\" \/>\n\t\t<meta property=\"og:image\" content=\"https:\/\/candas365.es\/noticias\/wp-content\/uploads\/2015\/09\/baraga.jpg\" \/>\n\t\t<meta property=\"og:image:secure_url\" content=\"https:\/\/candas365.es\/noticias\/wp-content\/uploads\/2015\/09\/baraga.jpg\" \/>\n\t\t<meta property=\"og:image:width\" content=\"714\" \/>\n\t\t<meta property=\"og:image:height\" content=\"483\" \/>\n\t\t<meta property=\"article:published_time\" content=\"2018-07-09T11:09:44+00:00\" \/>\n\t\t<meta property=\"article:modified_time\" content=\"2018-07-09T11:09:44+00:00\" \/>\n\t\t<meta property=\"article:publisher\" content=\"https:\/\/www.facebook.com\/Nachofdezber\" \/>\n\t\t<meta property=\"article:author\" content=\"https:\/\/www.facebook.com\/carrenoactualidad\" \/>\n\t\t<meta name=\"twitter:card\" content=\"summary_large_image\" \/>\n\t\t<meta name=\"twitter:site\" content=\"@NabercoDigital\" \/>\n\t\t<meta name=\"twitter:title\" content=\"Cand\u00e1s iluminar\u00e1 sus calles con tecnolog\u00eda LED | Cand\u00e1s 365\" \/>\n\t\t<meta name=\"twitter:description\" content=\"El Ayuntamiento de Carre\u00f1o ha sido seleccionado para la implantaci\u00f3n de un proyecto singular para facilitar el paso a una econom\u00eda baja en carbono en el \u00e1mbito de las Entidades locales espa\u00f1olas. El proyecto, para el que se acaba de aprobar una subvenci\u00f3n de 798.588 \u20ac (equivalente al 80% de la inversi\u00f3n total prevista), consistir\u00e1\" \/>\n\t\t<meta name=\"twitter:creator\" content=\"@nbasturias\" \/>\n\t\t<meta name=\"twitter:image\" content=\"https:\/\/candas365.es\/noticias\/wp-content\/uploads\/2015\/09\/baraga.jpg\" \/>\n\t\t<meta name=\"twitter:label1\" content=\"Escrito por\" \/>\n\t\t<meta name=\"twitter:data1\" content=\"Cand\u00e1s 365\" \/>\n\t\t<meta name=\"twitter:label2\" content=\"Tiempo de lectura estimado\" \/>\n\t\t<meta name=\"twitter:data2\" content=\"2 minutos\" \/>\n\t\t<script type=\"application\/ld+json\" class=\"aioseo-schema\">\n\t\t\t{\"@context\":\"https:\\\/\\\/schema.org\",\"@graph\":[{\"@type\":\"BreadcrumbList\",\"@id\":\"https:\\\/\\\/candas365.es\\\/noticias\\\/candas-iluminara-sus-calles-con-tecnologia-led\\\/#breadcrumblist\",\"itemListElement\":[{\"@type\":\"ListItem\",\"@id\":\"https:\\\/\\\/candas365.es\\\/noticias#listItem\",\"position\":1,\"name\":\"Home\",\"item\":\"https:\\\/\\\/candas365.es\\\/noticias\",\"nextItem\":{\"@type\":\"ListItem\",\"@id\":\"https:\\\/\\\/candas365.es\\\/noticias\\\/category\\\/noticias-carreno\\\/#listItem\",\"name\":\"Noticias Carre\\u00f1o\"}},{\"@type\":\"ListItem\",\"@id\":\"https:\\\/\\\/candas365.es\\\/noticias\\\/category\\\/noticias-carreno\\\/#listItem\",\"position\":2,\"name\":\"Noticias Carre\\u00f1o\",\"item\":\"https:\\\/\\\/candas365.es\\\/noticias\\\/category\\\/noticias-carreno\\\/\",\"nextItem\":{\"@type\":\"ListItem\",\"@id\":\"https:\\\/\\\/candas365.es\\\/noticias\\\/candas-iluminara-sus-calles-con-tecnologia-led\\\/#listItem\",\"name\":\"Cand\\u00e1s iluminar\\u00e1 sus calles con tecnolog\\u00eda LED\"},\"previousItem\":{\"@type\":\"ListItem\",\"@id\":\"https:\\\/\\\/candas365.es\\\/noticias#listItem\",\"name\":\"Home\"}},{\"@type\":\"ListItem\",\"@id\":\"https:\\\/\\\/candas365.es\\\/noticias\\\/candas-iluminara-sus-calles-con-tecnologia-led\\\/#listItem\",\"position\":3,\"name\":\"Cand\\u00e1s iluminar\\u00e1 sus calles con tecnolog\\u00eda LED\",\"previousItem\":{\"@type\":\"ListItem\",\"@id\":\"https:\\\/\\\/candas365.es\\\/noticias\\\/category\\\/noticias-carreno\\\/#listItem\",\"name\":\"Noticias Carre\\u00f1o\"}}]},{\"@type\":\"NewsArticle\",\"@id\":\"https:\\\/\\\/candas365.es\\\/noticias\\\/candas-iluminara-sus-calles-con-tecnologia-led\\\/#newsarticle\",\"name\":\"Cand\\u00e1s iluminar\\u00e1 sus calles con tecnolog\\u00eda LED | Cand\\u00e1s 365\",\"headline\":\"Cand\\u00e1s iluminar\\u00e1 sus calles con tecnolog\\u00eda LED\",\"author\":{\"@id\":\"https:\\\/\\\/candas365.es\\\/noticias\\\/author\\\/admin\\\/#author\"},\"publisher\":{\"@id\":\"https:\\\/\\\/candas365.es\\\/noticias\\\/#organization\"},\"image\":{\"@type\":\"ImageObject\",\"url\":\"https:\\\/\\\/candas365.es\\\/noticias\\\/wp-content\\\/uploads\\\/2015\\\/09\\\/baraga.jpg\",\"width\":714,\"height\":483},\"datePublished\":\"2018-07-09T11:09:44+02:00\",\"dateModified\":\"2018-07-09T11:09:44+02:00\",\"inLanguage\":\"es-ES\",\"mainEntityOfPage\":{\"@id\":\"https:\\\/\\\/candas365.es\\\/noticias\\\/candas-iluminara-sus-calles-con-tecnologia-led\\\/#webpage\"},\"isPartOf\":{\"@id\":\"https:\\\/\\\/candas365.es\\\/noticias\\\/candas-iluminara-sus-calles-con-tecnologia-led\\\/#webpage\"},\"articleSection\":\"Noticias Carre\\u00f1o\",\"dateline\":\"Publicado el julio 9, 2018.\"},{\"@type\":\"Organization\",\"@id\":\"https:\\\/\\\/candas365.es\\\/noticias\\\/#organization\",\"name\":\"Cand\\u00e1s 365\",\"description\":\"Cand\\u00e1s 365 es un diario digital independiente, fundado en 2012, con base en Asturias. Informamos con rigor sobre actualidad, sociedad, cultura y ocio, con una mirada local y global.\",\"url\":\"https:\\\/\\\/candas365.es\\\/noticias\\\/\",\"email\":\"info@candas365.es\",\"telephone\":\"+34652131393\",\"foundingDate\":\"2012-06-10\",\"logo\":{\"@type\":\"ImageObject\",\"url\":\"https:\\\/\\\/candas365.es\\\/noticias\\\/wp-content\\\/uploads\\\/2024\\\/09\\\/Candas-365-Redes.jpg\",\"@id\":\"https:\\\/\\\/candas365.es\\\/noticias\\\/candas-iluminara-sus-calles-con-tecnologia-led\\\/#organizationLogo\",\"width\":1152,\"height\":864,\"caption\":\"Cand\\u00e1s 365 Redes\"},\"image\":{\"@id\":\"https:\\\/\\\/candas365.es\\\/noticias\\\/candas-iluminara-sus-calles-con-tecnologia-led\\\/#organizationLogo\"},\"sameAs\":[\"https:\\\/\\\/www.facebook.com\\\/Nachofdezber\",\"https:\\\/\\\/x.com\\\/NabercoDigital\",\"https:\\\/\\\/www.instagram.com\\\/nachofdezber\\\/\",\"https:\\\/\\\/www.youtube.com\\\/channel\\\/UCZP-2wLEB9Rv6erhFmqVnvg\"],\"address\":{\"@id\":\"https:\\\/\\\/candas365.es\\\/noticias\\\/#postaladdress\",\"@type\":\"PostalAddress\",\"streetAddress\":\"san antonio 4, san antonio 4\",\"postalCode\":\"33430\",\"addressLocality\":\"Cand\\u00e1s\",\"addressRegion\":\"Asturias\",\"addressCountry\":\"ES\"}},{\"@type\":\"Person\",\"@id\":\"https:\\\/\\\/candas365.es\\\/noticias\\\/author\\\/admin\\\/#author\",\"url\":\"https:\\\/\\\/candas365.es\\\/noticias\\\/author\\\/admin\\\/\",\"name\":\"Cand\\u00e1s 365\",\"image\":{\"@type\":\"ImageObject\",\"@id\":\"https:\\\/\\\/candas365.es\\\/noticias\\\/candas-iluminara-sus-calles-con-tecnologia-led\\\/#authorImage\",\"url\":\"https:\\\/\\\/secure.gravatar.com\\\/avatar\\\/496a8e03d0c493ede1718b7934145dbdf8d89be1036b0eec9544e1094c9de390?s=96&d=mm&r=g\",\"width\":96,\"height\":96,\"caption\":\"Cand\\u00e1s 365\"},\"sameAs\":[\"https:\\\/\\\/www.facebook.com\\\/carrenoactualidad\",\"https:\\\/\\\/twitter.com\\\/nbasturias\",\"https:\\\/\\\/www.instagram.com\\\/nachofdezber\\\/\",\"https:\\\/\\\/www.youtube.com\\\/channel\\\/UCZP-2wLEB9Rv6erhFmqVnvg\"]},{\"@type\":\"WebPage\",\"@id\":\"https:\\\/\\\/candas365.es\\\/noticias\\\/candas-iluminara-sus-calles-con-tecnologia-led\\\/#webpage\",\"url\":\"https:\\\/\\\/candas365.es\\\/noticias\\\/candas-iluminara-sus-calles-con-tecnologia-led\\\/\",\"name\":\"Cand\\u00e1s iluminar\\u00e1 sus calles con tecnolog\\u00eda LED | Cand\\u00e1s 365\",\"description\":\"El Ayuntamiento de Carre\\u00f1o ha sido seleccionado para la implantaci\\u00f3n de un proyecto singular para facilitar el paso a una econom\\u00eda baja en carbono en el \\u00e1mbito de las Entidades locales espa\\u00f1olas. El proyecto, para el que se acaba de aprobar una subvenci\\u00f3n de 798.588 \\u20ac (equivalente al 80% de la inversi\\u00f3n total prevista), consistir\\u00e1\",\"inLanguage\":\"es-ES\",\"isPartOf\":{\"@id\":\"https:\\\/\\\/candas365.es\\\/noticias\\\/#website\"},\"breadcrumb\":{\"@id\":\"https:\\\/\\\/candas365.es\\\/noticias\\\/candas-iluminara-sus-calles-con-tecnologia-led\\\/#breadcrumblist\"},\"author\":{\"@id\":\"https:\\\/\\\/candas365.es\\\/noticias\\\/author\\\/admin\\\/#author\"},\"creator\":{\"@id\":\"https:\\\/\\\/candas365.es\\\/noticias\\\/author\\\/admin\\\/#author\"},\"image\":{\"@type\":\"ImageObject\",\"url\":\"https:\\\/\\\/candas365.es\\\/noticias\\\/wp-content\\\/uploads\\\/2015\\\/09\\\/baraga.jpg\",\"@id\":\"https:\\\/\\\/candas365.es\\\/noticias\\\/candas-iluminara-sus-calles-con-tecnologia-led\\\/#mainImage\",\"width\":714,\"height\":483},\"primaryImageOfPage\":{\"@id\":\"https:\\\/\\\/candas365.es\\\/noticias\\\/candas-iluminara-sus-calles-con-tecnologia-led\\\/#mainImage\"},\"datePublished\":\"2018-07-09T11:09:44+02:00\",\"dateModified\":\"2018-07-09T11:09:44+02:00\"},{\"@type\":\"WebSite\",\"@id\":\"https:\\\/\\\/candas365.es\\\/noticias\\\/#website\",\"url\":\"https:\\\/\\\/candas365.es\\\/noticias\\\/\",\"name\":\"Cand\\u00e1s 365\",\"alternateName\":\"Cand\\u00e1s 365 Noticias\",\"description\":\"Actualidad desde Carre\\u00f1o para el mundo\",\"inLanguage\":\"es-ES\",\"publisher\":{\"@id\":\"https:\\\/\\\/candas365.es\\\/noticias\\\/#organization\"}}]}\n\t\t<\/script>\n\t\t<!-- All in One SEO Pro -->\r\n\t\t<title>Cand\u00e1s iluminar\u00e1 sus calles con tecnolog\u00eda LED | Cand\u00e1s 365<\/title>\n\n","aioseo_head_json":{"title":"Cand\u00e1s iluminar\u00e1 sus calles con tecnolog\u00eda LED | Cand\u00e1s 365","description":"El Ayuntamiento de Carre\u00f1o ha sido seleccionado para la implantaci\u00f3n de un proyecto singular para facilitar el paso a una econom\u00eda baja en carbono en el \u00e1mbito de las Entidades locales espa\u00f1olas. El proyecto, para el que se acaba de aprobar una subvenci\u00f3n de 798.588 \u20ac (equivalente al 80% de la inversi\u00f3n total prevista), consistir\u00e1","canonical_url":"https:\/\/candas365.es\/noticias\/candas-iluminara-sus-calles-con-tecnologia-led\/","robots":"max-image-preview:large","keywords":"noticias carre\u00f1o","webmasterTools":{"google-site-verification":"UA-32230408-1","msvalidate.01":"354F3CDFB2DA171B47FBE9ABF1F88D5","miscellaneous":""},"schema":{"@context":"https:\/\/schema.org","@graph":[{"@type":"BreadcrumbList","@id":"https:\/\/candas365.es\/noticias\/candas-iluminara-sus-calles-con-tecnologia-led\/#breadcrumblist","itemListElement":[{"@type":"ListItem","@id":"https:\/\/candas365.es\/noticias#listItem","position":1,"name":"Home","item":"https:\/\/candas365.es\/noticias","nextItem":{"@type":"ListItem","@id":"https:\/\/candas365.es\/noticias\/category\/noticias-carreno\/#listItem","name":"Noticias Carre\u00f1o"}},{"@type":"ListItem","@id":"https:\/\/candas365.es\/noticias\/category\/noticias-carreno\/#listItem","position":2,"name":"Noticias Carre\u00f1o","item":"https:\/\/candas365.es\/noticias\/category\/noticias-carreno\/","nextItem":{"@type":"ListItem","@id":"https:\/\/candas365.es\/noticias\/candas-iluminara-sus-calles-con-tecnologia-led\/#listItem","name":"Cand\u00e1s iluminar\u00e1 sus calles con tecnolog\u00eda LED"},"previousItem":{"@type":"ListItem","@id":"https:\/\/candas365.es\/noticias#listItem","name":"Home"}},{"@type":"ListItem","@id":"https:\/\/candas365.es\/noticias\/candas-iluminara-sus-calles-con-tecnologia-led\/#listItem","position":3,"name":"Cand\u00e1s iluminar\u00e1 sus calles con tecnolog\u00eda LED","previousItem":{"@type":"ListItem","@id":"https:\/\/candas365.es\/noticias\/category\/noticias-carreno\/#listItem","name":"Noticias Carre\u00f1o"}}]},{"@type":"NewsArticle","@id":"https:\/\/candas365.es\/noticias\/candas-iluminara-sus-calles-con-tecnologia-led\/#newsarticle","name":"Cand\u00e1s iluminar\u00e1 sus calles con tecnolog\u00eda LED | Cand\u00e1s 365","headline":"Cand\u00e1s iluminar\u00e1 sus calles con tecnolog\u00eda LED","author":{"@id":"https:\/\/candas365.es\/noticias\/author\/admin\/#author"},"publisher":{"@id":"https:\/\/candas365.es\/noticias\/#organization"},"image":{"@type":"ImageObject","url":"https:\/\/candas365.es\/noticias\/wp-content\/uploads\/2015\/09\/baraga.jpg","width":714,"height":483},"datePublished":"2018-07-09T11:09:44+02:00","dateModified":"2018-07-09T11:09:44+02:00","inLanguage":"es-ES","mainEntityOfPage":{"@id":"https:\/\/candas365.es\/noticias\/candas-iluminara-sus-calles-con-tecnologia-led\/#webpage"},"isPartOf":{"@id":"https:\/\/candas365.es\/noticias\/candas-iluminara-sus-calles-con-tecnologia-led\/#webpage"},"articleSection":"Noticias Carre\u00f1o","dateline":"Publicado el julio 9, 2018."},{"@type":"Organization","@id":"https:\/\/candas365.es\/noticias\/#organization","name":"Cand\u00e1s 365","description":"Cand\u00e1s 365 es un diario digital independiente, fundado en 2012, con base en Asturias. Informamos con rigor sobre actualidad, sociedad, cultura y ocio, con una mirada local y global.","url":"https:\/\/candas365.es\/noticias\/","email":"info@candas365.es","telephone":"+34652131393","foundingDate":"2012-06-10","logo":{"@type":"ImageObject","url":"https:\/\/candas365.es\/noticias\/wp-content\/uploads\/2024\/09\/Candas-365-Redes.jpg","@id":"https:\/\/candas365.es\/noticias\/candas-iluminara-sus-calles-con-tecnologia-led\/#organizationLogo","width":1152,"height":864,"caption":"Cand\u00e1s 365 Redes"},"image":{"@id":"https:\/\/candas365.es\/noticias\/candas-iluminara-sus-calles-con-tecnologia-led\/#organizationLogo"},"sameAs":["https:\/\/www.facebook.com\/Nachofdezber","https:\/\/x.com\/NabercoDigital","https:\/\/www.instagram.com\/nachofdezber\/","https:\/\/www.youtube.com\/channel\/UCZP-2wLEB9Rv6erhFmqVnvg"],"address":{"@id":"https:\/\/candas365.es\/noticias\/#postaladdress","@type":"PostalAddress","streetAddress":"san antonio 4, san antonio 4","postalCode":"33430","addressLocality":"Cand\u00e1s","addressRegion":"Asturias","addressCountry":"ES"}},{"@type":"Person","@id":"https:\/\/candas365.es\/noticias\/author\/admin\/#author","url":"https:\/\/candas365.es\/noticias\/author\/admin\/","name":"Cand\u00e1s 365","image":{"@type":"ImageObject","@id":"https:\/\/candas365.es\/noticias\/candas-iluminara-sus-calles-con-tecnologia-led\/#authorImage","url":"https:\/\/secure.gravatar.com\/avatar\/496a8e03d0c493ede1718b7934145dbdf8d89be1036b0eec9544e1094c9de390?s=96&d=mm&r=g","width":96,"height":96,"caption":"Cand\u00e1s 365"},"sameAs":["https:\/\/www.facebook.com\/carrenoactualidad","https:\/\/twitter.com\/nbasturias","https:\/\/www.instagram.com\/nachofdezber\/","https:\/\/www.youtube.com\/channel\/UCZP-2wLEB9Rv6erhFmqVnvg"]},{"@type":"WebPage","@id":"https:\/\/candas365.es\/noticias\/candas-iluminara-sus-calles-con-tecnologia-led\/#webpage","url":"https:\/\/candas365.es\/noticias\/candas-iluminara-sus-calles-con-tecnologia-led\/","name":"Cand\u00e1s iluminar\u00e1 sus calles con tecnolog\u00eda LED | Cand\u00e1s 365","description":"El Ayuntamiento de Carre\u00f1o ha sido seleccionado para la implantaci\u00f3n de un proyecto singular para facilitar el paso a una econom\u00eda baja en carbono en el \u00e1mbito de las Entidades locales espa\u00f1olas. El proyecto, para el que se acaba de aprobar una subvenci\u00f3n de 798.588 \u20ac (equivalente al 80% de la inversi\u00f3n total prevista), consistir\u00e1","inLanguage":"es-ES","isPartOf":{"@id":"https:\/\/candas365.es\/noticias\/#website"},"breadcrumb":{"@id":"https:\/\/candas365.es\/noticias\/candas-iluminara-sus-calles-con-tecnologia-led\/#breadcrumblist"},"author":{"@id":"https:\/\/candas365.es\/noticias\/author\/admin\/#author"},"creator":{"@id":"https:\/\/candas365.es\/noticias\/author\/admin\/#author"},"image":{"@type":"ImageObject","url":"https:\/\/candas365.es\/noticias\/wp-content\/uploads\/2015\/09\/baraga.jpg","@id":"https:\/\/candas365.es\/noticias\/candas-iluminara-sus-calles-con-tecnologia-led\/#mainImage","width":714,"height":483},"primaryImageOfPage":{"@id":"https:\/\/candas365.es\/noticias\/candas-iluminara-sus-calles-con-tecnologia-led\/#mainImage"},"datePublished":"2018-07-09T11:09:44+02:00","dateModified":"2018-07-09T11:09:44+02:00"},{"@type":"WebSite","@id":"https:\/\/candas365.es\/noticias\/#website","url":"https:\/\/candas365.es\/noticias\/","name":"Cand\u00e1s 365","alternateName":"Cand\u00e1s 365 Noticias","description":"Actualidad desde Carre\u00f1o para el mundo","inLanguage":"es-ES","publisher":{"@id":"https:\/\/candas365.es\/noticias\/#organization"}}]},"og:locale":"es_ES","og:site_name":"Cand\u00e1s 365","og:type":"article","og:title":"Cand\u00e1s iluminar\u00e1 sus calles con tecnolog\u00eda LED | Cand\u00e1s 365","og:description":"El Ayuntamiento de Carre\u00f1o ha sido seleccionado para la implantaci\u00f3n de un proyecto singular para facilitar el paso a una econom\u00eda baja en carbono en el \u00e1mbito de las Entidades locales espa\u00f1olas. El proyecto, para el que se acaba de aprobar una subvenci\u00f3n de 798.588 \u20ac (equivalente al 80% de la inversi\u00f3n total prevista), consistir\u00e1","og:url":"https:\/\/candas365.es\/noticias\/candas-iluminara-sus-calles-con-tecnologia-led\/","og:image":"https:\/\/candas365.es\/noticias\/wp-content\/uploads\/2015\/09\/baraga.jpg","og:image:secure_url":"https:\/\/candas365.es\/noticias\/wp-content\/uploads\/2015\/09\/baraga.jpg","og:image:width":714,"og:image:height":483,"article:published_time":"2018-07-09T11:09:44+00:00","article:modified_time":"2018-07-09T11:09:44+00:00","article:publisher":"https:\/\/www.facebook.com\/Nachofdezber","article:author":"https:\/\/www.facebook.com\/carrenoactualidad","twitter:card":"summary_large_image","twitter:site":"@NabercoDigital","twitter:title":"Cand\u00e1s iluminar\u00e1 sus calles con tecnolog\u00eda LED | Cand\u00e1s 365","twitter:description":"El Ayuntamiento de Carre\u00f1o ha sido seleccionado para la implantaci\u00f3n de un proyecto singular para facilitar el paso a una econom\u00eda baja en carbono en el \u00e1mbito de las Entidades locales espa\u00f1olas. El proyecto, para el que se acaba de aprobar una subvenci\u00f3n de 798.588 \u20ac (equivalente al 80% de la inversi\u00f3n total prevista), consistir\u00e1","twitter:creator":"@nbasturias","twitter:image":"https:\/\/candas365.es\/noticias\/wp-content\/uploads\/2015\/09\/baraga.jpg","twitter:label1":"Escrito por","twitter:data1":"Cand\u00e1s 365","twitter:label2":"Tiempo de lectura estimado","twitter:data2":"2 minutos"},"aioseo_meta_data":{"post_id":"100025","title":null,"description":null,"keywords":null,"keyphrases":null,"primary_term":null,"canonical_url":null,"og_title":null,"og_description":null,"og_object_type":"default","og_image_type":"default","og_image_url":null,"og_image_width":null,"og_image_height":null,"og_image_custom_url":null,"og_image_custom_fields":null,"og_video":null,"og_custom_url":null,"og_article_section":null,"og_article_tags":null,"twitter_use_og":false,"twitter_card":"default","twitter_image_type":"default","twitter_image_url":null,"twitter_image_custom_url":null,"twitter_image_custom_fields":null,"twitter_title":null,"twitter_description":null,"schema":{"blockGraphs":[],"customGraphs":[],"default":{"data":{"Article":[],"Course":[],"Dataset":[],"FAQPage":[],"Movie":[],"Person":[],"Product":[],"ProductReview":[],"Car":[],"Recipe":[],"Service":[],"SoftwareApplication":[],"WebPage":[]},"graphName":"","isEnabled":true},"graphs":[],"defaultGraph":"","defaultPostTypeGraph":""},"schema_type":null,"schema_type_options":null,"pillar_content":false,"robots_default":true,"robots_noindex":false,"robots_noarchive":false,"robots_nosnippet":false,"robots_nofollow":false,"robots_noimageindex":false,"robots_noodp":false,"robots_notranslate":false,"robots_max_snippet":null,"robots_max_videopreview":null,"robots_max_imagepreview":"large","priority":null,"frequency":null,"location":null,"local_seo":null,"seo_analyzer_scan_date":"2025-08-27 07:42:18","breadcrumb_settings":null,"limit_modified_date":false,"reviewed_by":null,"open_ai":null,"ai":null,"created":"2020-12-21 11:49:03","updated":"2025-08-27 07:42:18"},"aioseo_breadcrumb":"<div class=\"aioseo-breadcrumbs\"><span class=\"aioseo-breadcrumb\">\n\t<a href=\"https:\/\/candas365.es\/noticias\" title=\"Home\">Home<\/a>\n<\/span><span class=\"aioseo-breadcrumb-separator\">&ndash;<\/span><span class=\"aioseo-breadcrumb\">\n\t<a href=\"https:\/\/candas365.es\/noticias\/category\/noticias-carreno\/\" title=\"Noticias Carre\u00f1o\">Noticias Carre\u00f1o<\/a>\n<\/span><span class=\"aioseo-breadcrumb-separator\">&ndash;<\/span><span class=\"aioseo-breadcrumb\">\n\tCand\u00e1s iluminar\u00e1 sus calles con tecnolog\u00eda LED\n<\/span><\/div>","aioseo_breadcrumb_json":[{"label":"Home","link":"https:\/\/candas365.es\/noticias"},{"label":"Noticias Carre\u00f1o","link":"https:\/\/candas365.es\/noticias\/category\/noticias-carreno\/"},{"label":"Cand\u00e1s iluminar\u00e1 sus calles con tecnolog\u00eda LED","link":"https:\/\/candas365.es\/noticias\/candas-iluminara-sus-calles-con-tecnologia-led\/"}],"_links":{"self":[{"href":"https:\/\/candas365.es\/noticias\/wp-json\/wp\/v2\/posts\/100025","targetHints":{"allow":["GET"]}}],"collection":[{"href":"https:\/\/candas365.es\/noticias\/wp-json\/wp\/v2\/posts"}],"about":[{"href":"https:\/\/candas365.es\/noticias\/wp-json\/wp\/v2\/types\/post"}],"author":[{"embeddable":true,"href":"https:\/\/candas365.es\/noticias\/wp-json\/wp\/v2\/users\/1"}],"replies":[{"embeddable":true,"href":"https:\/\/candas365.es\/noticias\/wp-json\/wp\/v2\/comments?post=100025"}],"version-history":[{"count":0,"href":"https:\/\/candas365.es\/noticias\/wp-json\/wp\/v2\/posts\/100025\/revisions"}],"wp:featuredmedia":[{"embeddable":true,"href":"https:\/\/candas365.es\/noticias\/wp-json\/wp\/v2\/media\/15547"}],"wp:attachment":[{"href":"https:\/\/candas365.es\/noticias\/wp-json\/wp\/v2\/media?parent=100025"}],"wp:term":[{"taxonomy":"category","embeddable":true,"href":"https:\/\/candas365.es\/noticias\/wp-json\/wp\/v2\/categories?post=100025"},{"taxonomy":"post_tag","embeddable":true,"href":"https:\/\/candas365.es\/noticias\/wp-json\/wp\/v2\/tags?post=100025"}],"curies":[{"name":"wp","href":"https:\/\/api.w.org\/{rel}","templated":true}]}}