{"id":100006,"date":"2018-07-08T20:33:20","date_gmt":"2018-07-08T20:33:20","guid":{"rendered":"http:\/\/candas365.es\/noticias\/?p=100006"},"modified":"2018-07-08T20:33:20","modified_gmt":"2018-07-08T20:33:20","slug":"donan-32-000-euros-para-la-conservacion-de-la-biblioteca-privada-de-goethe","status":"publish","type":"post","link":"https:\/\/candas365.es\/noticias\/donan-32-000-euros-para-la-conservacion-de-la-biblioteca-privada-de-goethe\/","title":{"rendered":"Donan 32.000 euros para la conservaci\u00f3n de la biblioteca privada de Goethe"},"content":{"rendered":"<p><img fetchpriority=\"high\" decoding=\"async\" class=\"alignleft size-medium wp-image-95175\" src=\"https:\/\/candas365.es\/noticias\/wp-content\/uploads\/2018\/05\/stack-of-books-1001655_960_720-360x240.jpg\" alt=\"\" width=\"360\" height=\"240\" srcset=\"https:\/\/candas365.es\/noticias\/wp-content\/uploads\/2018\/05\/stack-of-books-1001655_960_720-360x240.jpg 360w, https:\/\/candas365.es\/noticias\/wp-content\/uploads\/2018\/05\/stack-of-books-1001655_960_720-768x512.jpg 768w, https:\/\/candas365.es\/noticias\/wp-content\/uploads\/2018\/05\/stack-of-books-1001655_960_720-655x437.jpg 655w, https:\/\/candas365.es\/noticias\/wp-content\/uploads\/2018\/05\/stack-of-books-1001655_960_720-696x464.jpg 696w, https:\/\/candas365.es\/noticias\/wp-content\/uploads\/2018\/05\/stack-of-books-1001655_960_720-630x420.jpg 630w, https:\/\/candas365.es\/noticias\/wp-content\/uploads\/2018\/05\/stack-of-books-1001655_960_720.jpg 960w\" sizes=\"(max-width: 360px) 100vw, 360px\" \/>Weimar (Alemania), 8 jul (dpa) &#8211; Una donaci\u00f3n de 32.000 euros (37.600 d\u00f3lares) permitir\u00e1 dar un nuevo impulso a las labores de conservaci\u00f3n de la biblioteca personal del c\u00e9lebre escritor Johann Wolfgang von Goethe, considerado por muchos la mejor pluma de las letras alemanas.<\/p>\n<p>Los fondos aportados por la Asociaci\u00f3n de Amigos del Museo Goethe est\u00e1n destinados a mantener en buen estado la colecci\u00f3n privada del poeta germano, integrada por 5.424 t\u00edtulos distribuidos en cerca de 7.200 tomos.<\/p>\n<p>Con el dinero se persigue contrarrestar los efectos que el paso del tiempo causa en los ejemplares, despu\u00e9s de que un estudio llevado a cabo hace algunos a\u00f1os revelara que el 67 por ciento de los libros presentaba da\u00f1os derivados de la acidez del papel y casi la mitad ten\u00edan manchas de humedad.<\/p>\n<p>La biblioteca personal de Goethe (1749-1832), situada en la casa en la que viv\u00eda el escritor, incluye obras que abarcan diferentes campos del conocimiento y que datan del siglo XVI en adelante.<\/p>\n<p>La donaci\u00f3n ha sido entregada a la Biblioteca Duquesa Ana Amalia de Weimar, en el este de Alemania. Especialistas de este organismo se encargar\u00e1n de la conservaci\u00f3n del acervo literario.<\/p>\n<p>Goethe, poeta, novelista, dramaturgo y cient\u00edfico escribi\u00f3, entre otros muchos t\u00edtulos, \u00abFausto\u00bb, considerada una de las obras maestras de la literatura universal.<\/p>\n","protected":false},"excerpt":{"rendered":"<p>Weimar (Alemania), 8 jul (dpa) &#8211; Una donaci\u00f3n de 32.000 euros (37.600 d\u00f3lares) permitir\u00e1 dar un nuevo impulso a las labores de conservaci\u00f3n de la biblioteca personal del c\u00e9lebre escritor Johann Wolfgang von Goethe, considerado por muchos la mejor pluma de las letras alemanas. Los fondos aportados por la Asociaci\u00f3n de Amigos del Museo Goethe<\/p>\n","protected":false},"author":1,"featured_media":95175,"comment_status":"closed","ping_status":"closed","sticky":false,"template":"","format":"standard","meta":{"footnotes":""},"categories":[142],"tags":[],"class_list":{"0":"post-100006","1":"post","2":"type-post","3":"status-publish","4":"format-standard","5":"has-post-thumbnail","7":"category-revista"},"aioseo_notices":[],"aioseo_head":"\n\t\t<!-- All in One SEO Pro 4.9.6.2 - aioseo.com -->\n\t<meta name=\"description\" content=\"Weimar (Alemania), 8 jul (dpa) - Una donaci\u00f3n de 32.000 euros (37.600 d\u00f3lares) permitir\u00e1 dar un nuevo impulso a las labores de conservaci\u00f3n de la biblioteca personal del c\u00e9lebre escritor Johann Wolfgang von Goethe, considerado por muchos la mejor pluma de las letras alemanas. Los fondos aportados por la Asociaci\u00f3n de Amigos del Museo Goethe\" \/>\n\t<meta name=\"robots\" content=\"max-image-preview:large\" \/>\n\t<meta name=\"author\" content=\"Cand\u00e1s 365\"\/>\n\t<meta name=\"google-site-verification\" content=\"UA-32230408-1\" \/>\n\t<meta name=\"msvalidate.01\" content=\"354F3CDFB2DA171B47FBE9ABF1F88D5\" \/>\n\t<meta name=\"keywords\" content=\"revista\" \/>\n\t<link rel=\"canonical\" href=\"https:\/\/candas365.es\/noticias\/donan-32-000-euros-para-la-conservacion-de-la-biblioteca-privada-de-goethe\/\" \/>\n\t<meta name=\"generator\" content=\"All in One SEO Pro (AIOSEO) 4.9.6.2\" \/>\n\t\t<meta property=\"og:locale\" content=\"es_ES\" \/>\n\t\t<meta property=\"og:site_name\" content=\"Cand\u00e1s 365\" \/>\n\t\t<meta property=\"og:type\" content=\"article\" \/>\n\t\t<meta property=\"og:title\" content=\"Donan 32.000 euros para la conservaci\u00f3n de la biblioteca privada de Goethe | Cand\u00e1s 365\" \/>\n\t\t<meta property=\"og:description\" content=\"Weimar (Alemania), 8 jul (dpa) - Una donaci\u00f3n de 32.000 euros (37.600 d\u00f3lares) permitir\u00e1 dar un nuevo impulso a las labores de conservaci\u00f3n de la biblioteca personal del c\u00e9lebre escritor Johann Wolfgang von Goethe, considerado por muchos la mejor pluma de las letras alemanas. Los fondos aportados por la Asociaci\u00f3n de Amigos del Museo Goethe\" \/>\n\t\t<meta property=\"og:url\" content=\"https:\/\/candas365.es\/noticias\/donan-32-000-euros-para-la-conservacion-de-la-biblioteca-privada-de-goethe\/\" \/>\n\t\t<meta property=\"og:image\" content=\"https:\/\/candas365.es\/noticias\/wp-content\/uploads\/2018\/05\/stack-of-books-1001655_960_720.jpg\" \/>\n\t\t<meta property=\"og:image:secure_url\" content=\"https:\/\/candas365.es\/noticias\/wp-content\/uploads\/2018\/05\/stack-of-books-1001655_960_720.jpg\" \/>\n\t\t<meta property=\"og:image:width\" content=\"960\" \/>\n\t\t<meta property=\"og:image:height\" content=\"640\" \/>\n\t\t<meta property=\"article:published_time\" content=\"2018-07-08T20:33:20+00:00\" \/>\n\t\t<meta property=\"article:modified_time\" content=\"2018-07-08T20:33:20+00:00\" \/>\n\t\t<meta property=\"article:publisher\" content=\"https:\/\/www.facebook.com\/Nachofdezber\" \/>\n\t\t<meta property=\"article:author\" content=\"https:\/\/www.facebook.com\/carrenoactualidad\" \/>\n\t\t<meta name=\"twitter:card\" content=\"summary_large_image\" \/>\n\t\t<meta name=\"twitter:site\" content=\"@NabercoDigital\" \/>\n\t\t<meta name=\"twitter:title\" content=\"Donan 32.000 euros para la conservaci\u00f3n de la biblioteca privada de Goethe | Cand\u00e1s 365\" \/>\n\t\t<meta name=\"twitter:description\" content=\"Weimar (Alemania), 8 jul (dpa) - Una donaci\u00f3n de 32.000 euros (37.600 d\u00f3lares) permitir\u00e1 dar un nuevo impulso a las labores de conservaci\u00f3n de la biblioteca personal del c\u00e9lebre escritor Johann Wolfgang von Goethe, considerado por muchos la mejor pluma de las letras alemanas. Los fondos aportados por la Asociaci\u00f3n de Amigos del Museo Goethe\" \/>\n\t\t<meta name=\"twitter:creator\" content=\"@nbasturias\" \/>\n\t\t<meta name=\"twitter:image\" content=\"https:\/\/candas365.es\/noticias\/wp-content\/uploads\/2018\/05\/stack-of-books-1001655_960_720.jpg\" \/>\n\t\t<meta name=\"twitter:label1\" content=\"Escrito por\" \/>\n\t\t<meta name=\"twitter:data1\" content=\"Cand\u00e1s 365\" \/>\n\t\t<meta name=\"twitter:label2\" content=\"Tiempo de lectura estimado\" \/>\n\t\t<meta name=\"twitter:data2\" content=\"1 minuto\" \/>\n\t\t<script type=\"application\/ld+json\" class=\"aioseo-schema\">\n\t\t\t{\"@context\":\"https:\\\/\\\/schema.org\",\"@graph\":[{\"@type\":\"BreadcrumbList\",\"@id\":\"https:\\\/\\\/candas365.es\\\/noticias\\\/donan-32-000-euros-para-la-conservacion-de-la-biblioteca-privada-de-goethe\\\/#breadcrumblist\",\"itemListElement\":[{\"@type\":\"ListItem\",\"@id\":\"https:\\\/\\\/candas365.es\\\/noticias#listItem\",\"position\":1,\"name\":\"Home\",\"item\":\"https:\\\/\\\/candas365.es\\\/noticias\",\"nextItem\":{\"@type\":\"ListItem\",\"@id\":\"https:\\\/\\\/candas365.es\\\/noticias\\\/category\\\/revista\\\/#listItem\",\"name\":\"Revista\"}},{\"@type\":\"ListItem\",\"@id\":\"https:\\\/\\\/candas365.es\\\/noticias\\\/category\\\/revista\\\/#listItem\",\"position\":2,\"name\":\"Revista\",\"item\":\"https:\\\/\\\/candas365.es\\\/noticias\\\/category\\\/revista\\\/\",\"nextItem\":{\"@type\":\"ListItem\",\"@id\":\"https:\\\/\\\/candas365.es\\\/noticias\\\/donan-32-000-euros-para-la-conservacion-de-la-biblioteca-privada-de-goethe\\\/#listItem\",\"name\":\"Donan 32.000 euros para la conservaci\\u00f3n de la biblioteca privada de Goethe\"},\"previousItem\":{\"@type\":\"ListItem\",\"@id\":\"https:\\\/\\\/candas365.es\\\/noticias#listItem\",\"name\":\"Home\"}},{\"@type\":\"ListItem\",\"@id\":\"https:\\\/\\\/candas365.es\\\/noticias\\\/donan-32-000-euros-para-la-conservacion-de-la-biblioteca-privada-de-goethe\\\/#listItem\",\"position\":3,\"name\":\"Donan 32.000 euros para la conservaci\\u00f3n de la biblioteca privada de Goethe\",\"previousItem\":{\"@type\":\"ListItem\",\"@id\":\"https:\\\/\\\/candas365.es\\\/noticias\\\/category\\\/revista\\\/#listItem\",\"name\":\"Revista\"}}]},{\"@type\":\"NewsArticle\",\"@id\":\"https:\\\/\\\/candas365.es\\\/noticias\\\/donan-32-000-euros-para-la-conservacion-de-la-biblioteca-privada-de-goethe\\\/#newsarticle\",\"name\":\"Donan 32.000 euros para la conservaci\\u00f3n de la biblioteca privada de Goethe | Cand\\u00e1s 365\",\"headline\":\"Donan 32.000 euros para la conservaci\\u00f3n de la biblioteca privada de Goethe\",\"author\":{\"@id\":\"https:\\\/\\\/candas365.es\\\/noticias\\\/author\\\/admin\\\/#author\"},\"publisher\":{\"@id\":\"https:\\\/\\\/candas365.es\\\/noticias\\\/#organization\"},\"image\":{\"@type\":\"ImageObject\",\"url\":\"https:\\\/\\\/candas365.es\\\/noticias\\\/wp-content\\\/uploads\\\/2018\\\/05\\\/stack-of-books-1001655_960_720.jpg\",\"width\":960,\"height\":640},\"datePublished\":\"2018-07-08T20:33:20+02:00\",\"dateModified\":\"2018-07-08T20:33:20+02:00\",\"inLanguage\":\"es-ES\",\"mainEntityOfPage\":{\"@id\":\"https:\\\/\\\/candas365.es\\\/noticias\\\/donan-32-000-euros-para-la-conservacion-de-la-biblioteca-privada-de-goethe\\\/#webpage\"},\"isPartOf\":{\"@id\":\"https:\\\/\\\/candas365.es\\\/noticias\\\/donan-32-000-euros-para-la-conservacion-de-la-biblioteca-privada-de-goethe\\\/#webpage\"},\"articleSection\":\"Revista\",\"dateline\":\"Publicado el julio 8, 2018.\"},{\"@type\":\"Organization\",\"@id\":\"https:\\\/\\\/candas365.es\\\/noticias\\\/#organization\",\"name\":\"Cand\\u00e1s 365\",\"description\":\"Cand\\u00e1s 365 es un diario digital independiente, fundado en 2012, con base en Asturias. Informamos con rigor sobre actualidad, sociedad, cultura y ocio, con una mirada local y global.\",\"url\":\"https:\\\/\\\/candas365.es\\\/noticias\\\/\",\"email\":\"info@candas365.es\",\"telephone\":\"+34652131393\",\"foundingDate\":\"2012-06-10\",\"logo\":{\"@type\":\"ImageObject\",\"url\":\"https:\\\/\\\/candas365.es\\\/noticias\\\/wp-content\\\/uploads\\\/2024\\\/09\\\/Candas-365-Redes.jpg\",\"@id\":\"https:\\\/\\\/candas365.es\\\/noticias\\\/donan-32-000-euros-para-la-conservacion-de-la-biblioteca-privada-de-goethe\\\/#organizationLogo\",\"width\":1152,\"height\":864,\"caption\":\"Cand\\u00e1s 365 Redes\"},\"image\":{\"@id\":\"https:\\\/\\\/candas365.es\\\/noticias\\\/donan-32-000-euros-para-la-conservacion-de-la-biblioteca-privada-de-goethe\\\/#organizationLogo\"},\"sameAs\":[\"https:\\\/\\\/www.facebook.com\\\/Nachofdezber\",\"https:\\\/\\\/x.com\\\/NabercoDigital\",\"https:\\\/\\\/www.instagram.com\\\/nachofdezber\\\/\",\"https:\\\/\\\/www.youtube.com\\\/channel\\\/UCZP-2wLEB9Rv6erhFmqVnvg\"],\"address\":{\"@id\":\"https:\\\/\\\/candas365.es\\\/noticias\\\/#postaladdress\",\"@type\":\"PostalAddress\",\"streetAddress\":\"san antonio 4, san antonio 4\",\"postalCode\":\"33430\",\"addressLocality\":\"Cand\\u00e1s\",\"addressRegion\":\"Asturias\",\"addressCountry\":\"ES\"}},{\"@type\":\"Person\",\"@id\":\"https:\\\/\\\/candas365.es\\\/noticias\\\/author\\\/admin\\\/#author\",\"url\":\"https:\\\/\\\/candas365.es\\\/noticias\\\/author\\\/admin\\\/\",\"name\":\"Cand\\u00e1s 365\",\"image\":{\"@type\":\"ImageObject\",\"@id\":\"https:\\\/\\\/candas365.es\\\/noticias\\\/donan-32-000-euros-para-la-conservacion-de-la-biblioteca-privada-de-goethe\\\/#authorImage\",\"url\":\"https:\\\/\\\/secure.gravatar.com\\\/avatar\\\/496a8e03d0c493ede1718b7934145dbdf8d89be1036b0eec9544e1094c9de390?s=96&d=mm&r=g\",\"width\":96,\"height\":96,\"caption\":\"Cand\\u00e1s 365\"},\"sameAs\":[\"https:\\\/\\\/www.facebook.com\\\/carrenoactualidad\",\"https:\\\/\\\/twitter.com\\\/nbasturias\",\"https:\\\/\\\/www.instagram.com\\\/nachofdezber\\\/\",\"https:\\\/\\\/www.youtube.com\\\/channel\\\/UCZP-2wLEB9Rv6erhFmqVnvg\"]},{\"@type\":\"WebPage\",\"@id\":\"https:\\\/\\\/candas365.es\\\/noticias\\\/donan-32-000-euros-para-la-conservacion-de-la-biblioteca-privada-de-goethe\\\/#webpage\",\"url\":\"https:\\\/\\\/candas365.es\\\/noticias\\\/donan-32-000-euros-para-la-conservacion-de-la-biblioteca-privada-de-goethe\\\/\",\"name\":\"Donan 32.000 euros para la conservaci\\u00f3n de la biblioteca privada de Goethe | Cand\\u00e1s 365\",\"description\":\"Weimar (Alemania), 8 jul (dpa) - Una donaci\\u00f3n de 32.000 euros (37.600 d\\u00f3lares) permitir\\u00e1 dar un nuevo impulso a las labores de conservaci\\u00f3n de la biblioteca personal del c\\u00e9lebre escritor Johann Wolfgang von Goethe, considerado por muchos la mejor pluma de las letras alemanas. Los fondos aportados por la Asociaci\\u00f3n de Amigos del Museo Goethe\",\"inLanguage\":\"es-ES\",\"isPartOf\":{\"@id\":\"https:\\\/\\\/candas365.es\\\/noticias\\\/#website\"},\"breadcrumb\":{\"@id\":\"https:\\\/\\\/candas365.es\\\/noticias\\\/donan-32-000-euros-para-la-conservacion-de-la-biblioteca-privada-de-goethe\\\/#breadcrumblist\"},\"author\":{\"@id\":\"https:\\\/\\\/candas365.es\\\/noticias\\\/author\\\/admin\\\/#author\"},\"creator\":{\"@id\":\"https:\\\/\\\/candas365.es\\\/noticias\\\/author\\\/admin\\\/#author\"},\"image\":{\"@type\":\"ImageObject\",\"url\":\"https:\\\/\\\/candas365.es\\\/noticias\\\/wp-content\\\/uploads\\\/2018\\\/05\\\/stack-of-books-1001655_960_720.jpg\",\"@id\":\"https:\\\/\\\/candas365.es\\\/noticias\\\/donan-32-000-euros-para-la-conservacion-de-la-biblioteca-privada-de-goethe\\\/#mainImage\",\"width\":960,\"height\":640},\"primaryImageOfPage\":{\"@id\":\"https:\\\/\\\/candas365.es\\\/noticias\\\/donan-32-000-euros-para-la-conservacion-de-la-biblioteca-privada-de-goethe\\\/#mainImage\"},\"datePublished\":\"2018-07-08T20:33:20+02:00\",\"dateModified\":\"2018-07-08T20:33:20+02:00\"},{\"@type\":\"WebSite\",\"@id\":\"https:\\\/\\\/candas365.es\\\/noticias\\\/#website\",\"url\":\"https:\\\/\\\/candas365.es\\\/noticias\\\/\",\"name\":\"Cand\\u00e1s 365\",\"alternateName\":\"Cand\\u00e1s 365 Noticias\",\"description\":\"Actualidad desde Carre\\u00f1o para el mundo\",\"inLanguage\":\"es-ES\",\"publisher\":{\"@id\":\"https:\\\/\\\/candas365.es\\\/noticias\\\/#organization\"}}]}\n\t\t<\/script>\n\t\t<!-- All in One SEO Pro -->\r\n\t\t<title>Donan 32.000 euros para la conservaci\u00f3n de la biblioteca privada de Goethe | Cand\u00e1s 365<\/title>\n\n","aioseo_head_json":{"title":"Donan 32.000 euros para la conservaci\u00f3n de la biblioteca privada de Goethe | Cand\u00e1s 365","description":"Weimar (Alemania), 8 jul (dpa) - Una donaci\u00f3n de 32.000 euros (37.600 d\u00f3lares) permitir\u00e1 dar un nuevo impulso a las labores de conservaci\u00f3n de la biblioteca personal del c\u00e9lebre escritor Johann Wolfgang von Goethe, considerado por muchos la mejor pluma de las letras alemanas. Los fondos aportados por la Asociaci\u00f3n de Amigos del Museo Goethe","canonical_url":"https:\/\/candas365.es\/noticias\/donan-32-000-euros-para-la-conservacion-de-la-biblioteca-privada-de-goethe\/","robots":"max-image-preview:large","keywords":"revista","webmasterTools":{"google-site-verification":"UA-32230408-1","msvalidate.01":"354F3CDFB2DA171B47FBE9ABF1F88D5","miscellaneous":""},"schema":{"@context":"https:\/\/schema.org","@graph":[{"@type":"BreadcrumbList","@id":"https:\/\/candas365.es\/noticias\/donan-32-000-euros-para-la-conservacion-de-la-biblioteca-privada-de-goethe\/#breadcrumblist","itemListElement":[{"@type":"ListItem","@id":"https:\/\/candas365.es\/noticias#listItem","position":1,"name":"Home","item":"https:\/\/candas365.es\/noticias","nextItem":{"@type":"ListItem","@id":"https:\/\/candas365.es\/noticias\/category\/revista\/#listItem","name":"Revista"}},{"@type":"ListItem","@id":"https:\/\/candas365.es\/noticias\/category\/revista\/#listItem","position":2,"name":"Revista","item":"https:\/\/candas365.es\/noticias\/category\/revista\/","nextItem":{"@type":"ListItem","@id":"https:\/\/candas365.es\/noticias\/donan-32-000-euros-para-la-conservacion-de-la-biblioteca-privada-de-goethe\/#listItem","name":"Donan 32.000 euros para la conservaci\u00f3n de la biblioteca privada de Goethe"},"previousItem":{"@type":"ListItem","@id":"https:\/\/candas365.es\/noticias#listItem","name":"Home"}},{"@type":"ListItem","@id":"https:\/\/candas365.es\/noticias\/donan-32-000-euros-para-la-conservacion-de-la-biblioteca-privada-de-goethe\/#listItem","position":3,"name":"Donan 32.000 euros para la conservaci\u00f3n de la biblioteca privada de Goethe","previousItem":{"@type":"ListItem","@id":"https:\/\/candas365.es\/noticias\/category\/revista\/#listItem","name":"Revista"}}]},{"@type":"NewsArticle","@id":"https:\/\/candas365.es\/noticias\/donan-32-000-euros-para-la-conservacion-de-la-biblioteca-privada-de-goethe\/#newsarticle","name":"Donan 32.000 euros para la conservaci\u00f3n de la biblioteca privada de Goethe | Cand\u00e1s 365","headline":"Donan 32.000 euros para la conservaci\u00f3n de la biblioteca privada de Goethe","author":{"@id":"https:\/\/candas365.es\/noticias\/author\/admin\/#author"},"publisher":{"@id":"https:\/\/candas365.es\/noticias\/#organization"},"image":{"@type":"ImageObject","url":"https:\/\/candas365.es\/noticias\/wp-content\/uploads\/2018\/05\/stack-of-books-1001655_960_720.jpg","width":960,"height":640},"datePublished":"2018-07-08T20:33:20+02:00","dateModified":"2018-07-08T20:33:20+02:00","inLanguage":"es-ES","mainEntityOfPage":{"@id":"https:\/\/candas365.es\/noticias\/donan-32-000-euros-para-la-conservacion-de-la-biblioteca-privada-de-goethe\/#webpage"},"isPartOf":{"@id":"https:\/\/candas365.es\/noticias\/donan-32-000-euros-para-la-conservacion-de-la-biblioteca-privada-de-goethe\/#webpage"},"articleSection":"Revista","dateline":"Publicado el julio 8, 2018."},{"@type":"Organization","@id":"https:\/\/candas365.es\/noticias\/#organization","name":"Cand\u00e1s 365","description":"Cand\u00e1s 365 es un diario digital independiente, fundado en 2012, con base en Asturias. Informamos con rigor sobre actualidad, sociedad, cultura y ocio, con una mirada local y global.","url":"https:\/\/candas365.es\/noticias\/","email":"info@candas365.es","telephone":"+34652131393","foundingDate":"2012-06-10","logo":{"@type":"ImageObject","url":"https:\/\/candas365.es\/noticias\/wp-content\/uploads\/2024\/09\/Candas-365-Redes.jpg","@id":"https:\/\/candas365.es\/noticias\/donan-32-000-euros-para-la-conservacion-de-la-biblioteca-privada-de-goethe\/#organizationLogo","width":1152,"height":864,"caption":"Cand\u00e1s 365 Redes"},"image":{"@id":"https:\/\/candas365.es\/noticias\/donan-32-000-euros-para-la-conservacion-de-la-biblioteca-privada-de-goethe\/#organizationLogo"},"sameAs":["https:\/\/www.facebook.com\/Nachofdezber","https:\/\/x.com\/NabercoDigital","https:\/\/www.instagram.com\/nachofdezber\/","https:\/\/www.youtube.com\/channel\/UCZP-2wLEB9Rv6erhFmqVnvg"],"address":{"@id":"https:\/\/candas365.es\/noticias\/#postaladdress","@type":"PostalAddress","streetAddress":"san antonio 4, san antonio 4","postalCode":"33430","addressLocality":"Cand\u00e1s","addressRegion":"Asturias","addressCountry":"ES"}},{"@type":"Person","@id":"https:\/\/candas365.es\/noticias\/author\/admin\/#author","url":"https:\/\/candas365.es\/noticias\/author\/admin\/","name":"Cand\u00e1s 365","image":{"@type":"ImageObject","@id":"https:\/\/candas365.es\/noticias\/donan-32-000-euros-para-la-conservacion-de-la-biblioteca-privada-de-goethe\/#authorImage","url":"https:\/\/secure.gravatar.com\/avatar\/496a8e03d0c493ede1718b7934145dbdf8d89be1036b0eec9544e1094c9de390?s=96&d=mm&r=g","width":96,"height":96,"caption":"Cand\u00e1s 365"},"sameAs":["https:\/\/www.facebook.com\/carrenoactualidad","https:\/\/twitter.com\/nbasturias","https:\/\/www.instagram.com\/nachofdezber\/","https:\/\/www.youtube.com\/channel\/UCZP-2wLEB9Rv6erhFmqVnvg"]},{"@type":"WebPage","@id":"https:\/\/candas365.es\/noticias\/donan-32-000-euros-para-la-conservacion-de-la-biblioteca-privada-de-goethe\/#webpage","url":"https:\/\/candas365.es\/noticias\/donan-32-000-euros-para-la-conservacion-de-la-biblioteca-privada-de-goethe\/","name":"Donan 32.000 euros para la conservaci\u00f3n de la biblioteca privada de Goethe | Cand\u00e1s 365","description":"Weimar (Alemania), 8 jul (dpa) - Una donaci\u00f3n de 32.000 euros (37.600 d\u00f3lares) permitir\u00e1 dar un nuevo impulso a las labores de conservaci\u00f3n de la biblioteca personal del c\u00e9lebre escritor Johann Wolfgang von Goethe, considerado por muchos la mejor pluma de las letras alemanas. Los fondos aportados por la Asociaci\u00f3n de Amigos del Museo Goethe","inLanguage":"es-ES","isPartOf":{"@id":"https:\/\/candas365.es\/noticias\/#website"},"breadcrumb":{"@id":"https:\/\/candas365.es\/noticias\/donan-32-000-euros-para-la-conservacion-de-la-biblioteca-privada-de-goethe\/#breadcrumblist"},"author":{"@id":"https:\/\/candas365.es\/noticias\/author\/admin\/#author"},"creator":{"@id":"https:\/\/candas365.es\/noticias\/author\/admin\/#author"},"image":{"@type":"ImageObject","url":"https:\/\/candas365.es\/noticias\/wp-content\/uploads\/2018\/05\/stack-of-books-1001655_960_720.jpg","@id":"https:\/\/candas365.es\/noticias\/donan-32-000-euros-para-la-conservacion-de-la-biblioteca-privada-de-goethe\/#mainImage","width":960,"height":640},"primaryImageOfPage":{"@id":"https:\/\/candas365.es\/noticias\/donan-32-000-euros-para-la-conservacion-de-la-biblioteca-privada-de-goethe\/#mainImage"},"datePublished":"2018-07-08T20:33:20+02:00","dateModified":"2018-07-08T20:33:20+02:00"},{"@type":"WebSite","@id":"https:\/\/candas365.es\/noticias\/#website","url":"https:\/\/candas365.es\/noticias\/","name":"Cand\u00e1s 365","alternateName":"Cand\u00e1s 365 Noticias","description":"Actualidad desde Carre\u00f1o para el mundo","inLanguage":"es-ES","publisher":{"@id":"https:\/\/candas365.es\/noticias\/#organization"}}]},"og:locale":"es_ES","og:site_name":"Cand\u00e1s 365","og:type":"article","og:title":"Donan 32.000 euros para la conservaci\u00f3n de la biblioteca privada de Goethe | Cand\u00e1s 365","og:description":"Weimar (Alemania), 8 jul (dpa) - Una donaci\u00f3n de 32.000 euros (37.600 d\u00f3lares) permitir\u00e1 dar un nuevo impulso a las labores de conservaci\u00f3n de la biblioteca personal del c\u00e9lebre escritor Johann Wolfgang von Goethe, considerado por muchos la mejor pluma de las letras alemanas. Los fondos aportados por la Asociaci\u00f3n de Amigos del Museo Goethe","og:url":"https:\/\/candas365.es\/noticias\/donan-32-000-euros-para-la-conservacion-de-la-biblioteca-privada-de-goethe\/","og:image":"https:\/\/candas365.es\/noticias\/wp-content\/uploads\/2018\/05\/stack-of-books-1001655_960_720.jpg","og:image:secure_url":"https:\/\/candas365.es\/noticias\/wp-content\/uploads\/2018\/05\/stack-of-books-1001655_960_720.jpg","og:image:width":960,"og:image:height":640,"article:published_time":"2018-07-08T20:33:20+00:00","article:modified_time":"2018-07-08T20:33:20+00:00","article:publisher":"https:\/\/www.facebook.com\/Nachofdezber","article:author":"https:\/\/www.facebook.com\/carrenoactualidad","twitter:card":"summary_large_image","twitter:site":"@NabercoDigital","twitter:title":"Donan 32.000 euros para la conservaci\u00f3n de la biblioteca privada de Goethe | Cand\u00e1s 365","twitter:description":"Weimar (Alemania), 8 jul (dpa) - Una donaci\u00f3n de 32.000 euros (37.600 d\u00f3lares) permitir\u00e1 dar un nuevo impulso a las labores de conservaci\u00f3n de la biblioteca personal del c\u00e9lebre escritor Johann Wolfgang von Goethe, considerado por muchos la mejor pluma de las letras alemanas. Los fondos aportados por la Asociaci\u00f3n de Amigos del Museo Goethe","twitter:creator":"@nbasturias","twitter:image":"https:\/\/candas365.es\/noticias\/wp-content\/uploads\/2018\/05\/stack-of-books-1001655_960_720.jpg","twitter:label1":"Escrito por","twitter:data1":"Cand\u00e1s 365","twitter:label2":"Tiempo de lectura estimado","twitter:data2":"1 minuto"},"aioseo_meta_data":{"post_id":"100006","title":null,"description":null,"keywords":null,"keyphrases":null,"primary_term":null,"canonical_url":null,"og_title":null,"og_description":null,"og_object_type":"default","og_image_type":"default","og_image_url":null,"og_image_width":null,"og_image_height":null,"og_image_custom_url":null,"og_image_custom_fields":null,"og_video":null,"og_custom_url":null,"og_article_section":null,"og_article_tags":null,"twitter_use_og":false,"twitter_card":"default","twitter_image_type":"default","twitter_image_url":null,"twitter_image_custom_url":null,"twitter_image_custom_fields":null,"twitter_title":null,"twitter_description":null,"schema":{"blockGraphs":[],"customGraphs":[],"default":{"data":{"Article":[],"Course":[],"Dataset":[],"FAQPage":[],"Movie":[],"Person":[],"Product":[],"ProductReview":[],"Car":[],"Recipe":[],"Service":[],"SoftwareApplication":[],"WebPage":[]},"graphName":"","isEnabled":true},"graphs":[],"defaultGraph":"","defaultPostTypeGraph":""},"schema_type":null,"schema_type_options":null,"pillar_content":false,"robots_default":true,"robots_noindex":false,"robots_noarchive":false,"robots_nosnippet":false,"robots_nofollow":false,"robots_noimageindex":false,"robots_noodp":false,"robots_notranslate":false,"robots_max_snippet":null,"robots_max_videopreview":null,"robots_max_imagepreview":"large","priority":null,"frequency":null,"location":null,"local_seo":null,"seo_analyzer_scan_date":"2025-08-27 07:40:12","breadcrumb_settings":null,"limit_modified_date":false,"reviewed_by":null,"open_ai":null,"ai":null,"created":"2020-12-21 11:49:03","updated":"2025-08-27 07:40:12"},"aioseo_breadcrumb":"<div class=\"aioseo-breadcrumbs\"><span class=\"aioseo-breadcrumb\">\n\t<a href=\"https:\/\/candas365.es\/noticias\" title=\"Home\">Home<\/a>\n<\/span><span class=\"aioseo-breadcrumb-separator\">&ndash;<\/span><span class=\"aioseo-breadcrumb\">\n\t<a href=\"https:\/\/candas365.es\/noticias\/category\/revista\/\" title=\"Revista\">Revista<\/a>\n<\/span><span class=\"aioseo-breadcrumb-separator\">&ndash;<\/span><span class=\"aioseo-breadcrumb\">\n\tDonan 32.000 euros para la conservaci\u00f3n de la biblioteca privada de Goethe\n<\/span><\/div>","aioseo_breadcrumb_json":[{"label":"Home","link":"https:\/\/candas365.es\/noticias"},{"label":"Revista","link":"https:\/\/candas365.es\/noticias\/category\/revista\/"},{"label":"Donan 32.000 euros para la conservaci\u00f3n de la biblioteca privada de Goethe","link":"https:\/\/candas365.es\/noticias\/donan-32-000-euros-para-la-conservacion-de-la-biblioteca-privada-de-goethe\/"}],"_links":{"self":[{"href":"https:\/\/candas365.es\/noticias\/wp-json\/wp\/v2\/posts\/100006","targetHints":{"allow":["GET"]}}],"collection":[{"href":"https:\/\/candas365.es\/noticias\/wp-json\/wp\/v2\/posts"}],"about":[{"href":"https:\/\/candas365.es\/noticias\/wp-json\/wp\/v2\/types\/post"}],"author":[{"embeddable":true,"href":"https:\/\/candas365.es\/noticias\/wp-json\/wp\/v2\/users\/1"}],"replies":[{"embeddable":true,"href":"https:\/\/candas365.es\/noticias\/wp-json\/wp\/v2\/comments?post=100006"}],"version-history":[{"count":0,"href":"https:\/\/candas365.es\/noticias\/wp-json\/wp\/v2\/posts\/100006\/revisions"}],"wp:featuredmedia":[{"embeddable":true,"href":"https:\/\/candas365.es\/noticias\/wp-json\/wp\/v2\/media\/95175"}],"wp:attachment":[{"href":"https:\/\/candas365.es\/noticias\/wp-json\/wp\/v2\/media?parent=100006"}],"wp:term":[{"taxonomy":"category","embeddable":true,"href":"https:\/\/candas365.es\/noticias\/wp-json\/wp\/v2\/categories?post=100006"},{"taxonomy":"post_tag","embeddable":true,"href":"https:\/\/candas365.es\/noticias\/wp-json\/wp\/v2\/tags?post=100006"}],"curies":[{"name":"wp","href":"https:\/\/api.w.org\/{rel}","templated":true}]}}